{"id":10003,"date":"2013-07-23T17:05:24","date_gmt":"2013-07-23T17:05:24","guid":{"rendered":"http:\/\/turcon.wordpress.com\/?p=10003"},"modified":"2013-07-23T17:05:24","modified_gmt":"2013-07-23T17:05:24","slug":"la-guerra-nuclear-y-la-catastrofe-ambiental","status":"publish","type":"post","link":"https:\/\/turcon.es\/wp\/la-guerra-nuclear-y-la-catastrofe-ambiental\/","title":{"rendered":"La guerra nuclear y la cat\u00e1strofe ambiental"},"content":{"rendered":"<h3 class=\"summary\" style=\"text-align:justify;\"><img decoding=\"async\" class=\"imagen_comillas\" alt=\"\" src=\"http:\/\/www.planetadelibros.com\/img\/open_quote.png\" align=\"absmiddle\" \/>Noam Chomsky, uno de los pensadores m\u00e1s importantes de la actualidad, aborda en este libro dos cuestiones imprescindibles para la supervivencia de la especia: el desarme nuclear y la b\u00fasqueda de energ\u00edas sostenibles.<img decoding=\"async\" class=\"imagen_comillas\" alt=\"\" src=\"http:\/\/www.planetadelibros.com\/img\/close_quote.png\" align=\"absmiddle\" \/><\/h3>\n<h3>Una muy buena opci\u00f3n de lectura para este verano.<\/h3>\n<h2 style=\"text-align:justify;\"><span style=\"color:#0000ff;\">Sinopsis<\/span><\/h2>\n<div class=\"bloque_texto_02 description\">\n<p style=\"text-align:justify;\"><a href=\"http:\/\/turcon.es\/wp\/wp-content\/uploads\/2013\/07\/la-guerra-nuclear-y-la-catastrofe-ambiental.jpg\"><img fetchpriority=\"high\" decoding=\"async\" class=\"alignleft size-full wp-image-10004\" alt=\"la-guerra-nuclear-y-la-catastrofe-ambiental\" src=\"http:\/\/turcon.es\/wp\/wp-content\/uploads\/2013\/07\/la-guerra-nuclear-y-la-catastrofe-ambiental.jpg\" width=\"188\" height=\"282\" \/><\/a>En este nuevo libro Noam Chomsky nos advierte\u00a0de que, desde la Segunda Guerra Mundial, \u201chay dos problemas que amenazan la supervivencia\u00a0de la especie: la guerra nuclear y la cat\u00e1strofe\u00a0medioambiental.\u201d Y es que ambas tienen potencial\u00a0para producir la cat\u00e1strofe: un \u00a0mundo inhabitable\u00a0debido a la escasez de agua, comida y\u00a0tierra habitable.<\/p>\n<p>Mientras que para que se produzca un ataque\u00a0nuclear hace falta la acci\u00f3n, una cat\u00e1strofe\u00a0medioambiental se define, en parte, por la pasividad\u00a0premeditada con la que asistimos al cambio\u00a0clim\u00e1tico inducido por el hombre. Esta breve\u00a0obra, que contiene una serie de entrevistas a\u00a0Noam Chomsky realizadas por Laray Polk, pone\u00a0al descubierto la matriz econ\u00f3mica de los pa\u00edses\u00a0m\u00e1s poderosos y el fracaso de Estados Unidos\u00a0a la hora de actuar ante evidencias totalmente\u00a0concluyentes.<\/p>\n<p>Por otra parte, y en lo que concierne a las actuales\u00a0tensiones nucleares, Chomsky reinterpreta\u00a0la arraigada opci\u00f3n de la zona libre de armas\u00a0nucleares (NWFZ ) en Oriente Medio, una propuesta\u00a0conjunta planteada por la Asamblea General\u00a0egipcio-iran\u00ed en 1974.<\/p>\n<p>En definitiva, esta obra nos advierte de que siseguimos aplazando el desarme nuclear y la\u00a0b\u00fasqueda de energ\u00edas sostenibles la especie\u00a0humana se ver\u00e1 condenada a una situaci\u00f3n sin salida en un futuro muy cercano.<\/p>\n<div id=\"bloque_interior_izq\">\n<blockquote>\n<h2><span style=\"color:#0000ff;\">Noam Chomsky. El autor y su pensamiento<\/span><\/h2>\n<\/blockquote>\n<\/div>\n<blockquote>\n<div id=\"bloque_interior_der\"><\/div>\n<div class=\"x_per_sota\">\n<figure id=\"attachment_5153\" aria-describedby=\"caption-attachment-5153\" style=\"width: 74px\" class=\"wp-caption alignleft\"><a href=\"http:\/\/turcon.es\/wp\/wp-content\/uploads\/2010\/10\/noam_chomsky.jpg\"><img decoding=\"async\" class=\" wp-image-5153  \" alt=\"Noam Chomsky-Ling\u00fcista, fil\u00f3sofo, activista y analista pol\u00edtico, fundador de la gram\u00e1tica generativa.\" src=\"http:\/\/turcon.es\/wp\/wp-content\/uploads\/2010\/10\/noam_chomsky.jpg\" width=\"74\" height=\"99\" \/><\/a><figcaption id=\"caption-attachment-5153\" class=\"wp-caption-text\">Noam Chomsky-Ling\u00fcista, fil\u00f3sofo, activista y analista pol\u00edtico, fundador de la gram\u00e1tica generativa.<\/figcaption><\/figure>\n<\/div>\n<\/blockquote>\n<\/div>\n<div class=\"bloque_texto_02 description\">\n<div class=\"x_per_sota\">\n<blockquote>\n<p style=\"text-align:justify;\">Noam Chomsky (1928) se doctor\u00f3 en ling\u00fc\u00edstica en la Universidad de Pennsylvania en 1955 y en la actualidad es profesor de esta especialidad en el Departamento de Ling\u00fc\u00edstica y Filosof\u00eda del Instituto de Tecnolog\u00eda de Massachusetts. Ha escrito numerosas obras sobre ling\u00fc\u00edstica, filosof\u00eda, historia de las ideas y sobre pol\u00edtica internacional contempor\u00e1nea. De entre sus numerosas obras destacan: Los guardianes de la libertad (2000), Actos de agresi\u00f3n (2000), El beneficio es lo que cuenta (2001) y El miedo a la democracia (2001), todas ellas publicadas por Cr\u00edtica.Noam Chomsky (1928) es profesor del Instituto de Tecnolog\u00eda de Massachussets. Entre sus \u00faltimas obras destacan: <em>Los guardianes de la libertad<\/em> (2000), <em>Actos de agresi\u00f3n<\/em> (2000), <em>El beneficio es lo que cuenta<\/em> (2001) y <em>El miedo a la democracia<\/em> (2001), todas ellas publicadas por Cr\u00edtica.<\/p>\n<\/blockquote>\n<\/div>\n<\/div>\n<blockquote><p>&nbsp;<\/p><\/blockquote>\n","protected":false},"excerpt":{"rendered":"<p>Noam Chomsky, uno de los pensadores m\u00e1s importantes de la actualidad, aborda en este libro dos cuestiones imprescindibles para la supervivencia de la especia: el desarme nuclear y la b\u00fasqueda de energ\u00edas sostenibles. Una muy buena opci\u00f3n de lectura para este verano. Sinopsis En este nuevo libro Noam Chomsky nos advierte\u00a0de que, desde la Segunda [&hellip;]<\/p>\n","protected":false},"author":2,"featured_media":0,"comment_status":"open","ping_status":"open","sticky":false,"template":"","format":"standard","meta":{"footnotes":""},"categories":[17,22,54],"tags":[690,694,1035,1192],"class_list":["post-10003","post","type-post","status-publish","format-standard","hentry","category-cambio-climatico","category-concienciacion","category-recomendamos-para-leer-ver-y-escuchar","tag-energia-nuclear","tag-energias-renovables","tag-libro","tag-noam-chomsky"],"yoast_head":"<!-- This site is optimized with the Yoast SEO plugin v26.3 - https:\/\/yoast.com\/wordpress\/plugins\/seo\/ -->\n<title>La guerra nuclear y la cat\u00e1strofe ambiental - Colectivo Ecologista Turcon<\/title>\n<meta name=\"robots\" content=\"index, follow, max-snippet:-1, max-image-preview:large, max-video-preview:-1\" \/>\n<link rel=\"canonical\" href=\"https:\/\/turcon.es\/wp\/la-guerra-nuclear-y-la-catastrofe-ambiental\/\" \/>\n<meta property=\"og:locale\" content=\"es_ES\" \/>\n<meta property=\"og:type\" content=\"article\" \/>\n<meta property=\"og:title\" content=\"La guerra nuclear y la cat\u00e1strofe ambiental - Colectivo Ecologista Turcon\" \/>\n<meta property=\"og:description\" content=\"Noam Chomsky, uno de los pensadores m\u00e1s importantes de la actualidad, aborda en este libro dos cuestiones imprescindibles para la supervivencia de la especia: el desarme nuclear y la b\u00fasqueda de energ\u00edas sostenibles. Una muy buena opci\u00f3n de lectura para este verano. Sinopsis En este nuevo libro Noam Chomsky nos advierte\u00a0de que, desde la Segunda [&hellip;]\" \/>\n<meta property=\"og:url\" content=\"https:\/\/turcon.es\/wp\/la-guerra-nuclear-y-la-catastrofe-ambiental\/\" \/>\n<meta property=\"og:site_name\" content=\"Colectivo Ecologista Turcon\" \/>\n<meta property=\"article:published_time\" content=\"2013-07-23T17:05:24+00:00\" \/>\n<meta property=\"og:image\" content=\"http:\/\/www.planetadelibros.com\/img\/open_quote.png\" \/>\n<meta name=\"author\" content=\"Laura Fernandez\" \/>\n<meta name=\"twitter:card\" content=\"summary_large_image\" \/>\n<meta name=\"twitter:label1\" content=\"Escrito por\" \/>\n\t<meta name=\"twitter:data1\" content=\"Laura Fernandez\" \/>\n\t<meta name=\"twitter:label2\" content=\"Tiempo de lectura\" \/>\n\t<meta name=\"twitter:data2\" content=\"2 minutos\" \/>\n<script type=\"application\/ld+json\" class=\"yoast-schema-graph\">{\"@context\":\"https:\/\/schema.org\",\"@graph\":[{\"@type\":\"Article\",\"@id\":\"https:\/\/turcon.es\/wp\/la-guerra-nuclear-y-la-catastrofe-ambiental\/#article\",\"isPartOf\":{\"@id\":\"https:\/\/turcon.es\/wp\/la-guerra-nuclear-y-la-catastrofe-ambiental\/\"},\"author\":{\"name\":\"Laura Fernandez\",\"@id\":\"https:\/\/turcon.es\/wp\/#\/schema\/person\/a1f3ba727ce031d9da17684affe85edd\"},\"headline\":\"La guerra nuclear y la cat\u00e1strofe ambiental\",\"datePublished\":\"2013-07-23T17:05:24+00:00\",\"mainEntityOfPage\":{\"@id\":\"https:\/\/turcon.es\/wp\/la-guerra-nuclear-y-la-catastrofe-ambiental\/\"},\"wordCount\":438,\"commentCount\":0,\"publisher\":{\"@id\":\"https:\/\/turcon.es\/wp\/#organization\"},\"image\":{\"@id\":\"https:\/\/turcon.es\/wp\/la-guerra-nuclear-y-la-catastrofe-ambiental\/#primaryimage\"},\"thumbnailUrl\":\"http:\/\/www.planetadelibros.com\/img\/open_quote.png\",\"keywords\":[\"Energ\u00eda nuclear\",\"Energ\u00edas renovables\",\"Libro\",\"Noam Chomsky\"],\"articleSection\":[\"Cambio clim\u00e1tico\",\"Concienciaci\u00f3n\",\"Recomendamos para leer, ver y escuchar...\"],\"inLanguage\":\"es\",\"potentialAction\":[{\"@type\":\"CommentAction\",\"name\":\"Comment\",\"target\":[\"https:\/\/turcon.es\/wp\/la-guerra-nuclear-y-la-catastrofe-ambiental\/#respond\"]}]},{\"@type\":\"WebPage\",\"@id\":\"https:\/\/turcon.es\/wp\/la-guerra-nuclear-y-la-catastrofe-ambiental\/\",\"url\":\"https:\/\/turcon.es\/wp\/la-guerra-nuclear-y-la-catastrofe-ambiental\/\",\"name\":\"La guerra nuclear y la cat\u00e1strofe ambiental - Colectivo Ecologista Turcon\",\"isPartOf\":{\"@id\":\"https:\/\/turcon.es\/wp\/#website\"},\"primaryImageOfPage\":{\"@id\":\"https:\/\/turcon.es\/wp\/la-guerra-nuclear-y-la-catastrofe-ambiental\/#primaryimage\"},\"image\":{\"@id\":\"https:\/\/turcon.es\/wp\/la-guerra-nuclear-y-la-catastrofe-ambiental\/#primaryimage\"},\"thumbnailUrl\":\"http:\/\/www.planetadelibros.com\/img\/open_quote.png\",\"datePublished\":\"2013-07-23T17:05:24+00:00\",\"breadcrumb\":{\"@id\":\"https:\/\/turcon.es\/wp\/la-guerra-nuclear-y-la-catastrofe-ambiental\/#breadcrumb\"},\"inLanguage\":\"es\",\"potentialAction\":[{\"@type\":\"ReadAction\",\"target\":[\"https:\/\/turcon.es\/wp\/la-guerra-nuclear-y-la-catastrofe-ambiental\/\"]}]},{\"@type\":\"ImageObject\",\"inLanguage\":\"es\",\"@id\":\"https:\/\/turcon.es\/wp\/la-guerra-nuclear-y-la-catastrofe-ambiental\/#primaryimage\",\"url\":\"http:\/\/www.planetadelibros.com\/img\/open_quote.png\",\"contentUrl\":\"http:\/\/www.planetadelibros.com\/img\/open_quote.png\"},{\"@type\":\"BreadcrumbList\",\"@id\":\"https:\/\/turcon.es\/wp\/la-guerra-nuclear-y-la-catastrofe-ambiental\/#breadcrumb\",\"itemListElement\":[{\"@type\":\"ListItem\",\"position\":1,\"name\":\"Portada\",\"item\":\"https:\/\/turcon.es\/wp\/\"},{\"@type\":\"ListItem\",\"position\":2,\"name\":\"La guerra nuclear y la cat\u00e1strofe ambiental\"}]},{\"@type\":\"WebSite\",\"@id\":\"https:\/\/turcon.es\/wp\/#website\",\"url\":\"https:\/\/turcon.es\/wp\/\",\"name\":\"Colectivo Ecologista Turcon\",\"description\":\"\",\"publisher\":{\"@id\":\"https:\/\/turcon.es\/wp\/#organization\"},\"potentialAction\":[{\"@type\":\"SearchAction\",\"target\":{\"@type\":\"EntryPoint\",\"urlTemplate\":\"https:\/\/turcon.es\/wp\/?s={search_term_string}\"},\"query-input\":{\"@type\":\"PropertyValueSpecification\",\"valueRequired\":true,\"valueName\":\"search_term_string\"}}],\"inLanguage\":\"es\"},{\"@type\":\"Organization\",\"@id\":\"https:\/\/turcon.es\/wp\/#organization\",\"name\":\"Colectivo Ecologista Turcon\",\"url\":\"https:\/\/turcon.es\/wp\/\",\"logo\":{\"@type\":\"ImageObject\",\"inLanguage\":\"es\",\"@id\":\"https:\/\/turcon.es\/wp\/#\/schema\/logo\/image\/\",\"url\":\"https:\/\/turcon.es\/wp\/wp-content\/uploads\/2025\/03\/logo-verde.svg\",\"contentUrl\":\"https:\/\/turcon.es\/wp\/wp-content\/uploads\/2025\/03\/logo-verde.svg\",\"width\":813,\"height\":813,\"caption\":\"Colectivo Ecologista Turcon\"},\"image\":{\"@id\":\"https:\/\/turcon.es\/wp\/#\/schema\/logo\/image\/\"}},{\"@type\":\"Person\",\"@id\":\"https:\/\/turcon.es\/wp\/#\/schema\/person\/a1f3ba727ce031d9da17684affe85edd\",\"name\":\"Laura Fernandez\",\"image\":{\"@type\":\"ImageObject\",\"inLanguage\":\"es\",\"@id\":\"https:\/\/turcon.es\/wp\/#\/schema\/person\/image\/\",\"url\":\"https:\/\/secure.gravatar.com\/avatar\/360749af9549af22e54582d50231ae56e854210ae2368797ba242f445a9852e8?s=96&d=mm&r=g\",\"contentUrl\":\"https:\/\/secure.gravatar.com\/avatar\/360749af9549af22e54582d50231ae56e854210ae2368797ba242f445a9852e8?s=96&d=mm&r=g\",\"caption\":\"Laura Fernandez\"},\"url\":\"https:\/\/turcon.es\/wp\/author\/admturcon\/\"}]}<\/script>\n<!-- \/ Yoast SEO plugin. -->","yoast_head_json":{"title":"La guerra nuclear y la cat\u00e1strofe ambiental - Colectivo Ecologista Turcon","robots":{"index":"index","follow":"follow","max-snippet":"max-snippet:-1","max-image-preview":"max-image-preview:large","max-video-preview":"max-video-preview:-1"},"canonical":"https:\/\/turcon.es\/wp\/la-guerra-nuclear-y-la-catastrofe-ambiental\/","og_locale":"es_ES","og_type":"article","og_title":"La guerra nuclear y la cat\u00e1strofe ambiental - Colectivo Ecologista Turcon","og_description":"Noam Chomsky, uno de los pensadores m\u00e1s importantes de la actualidad, aborda en este libro dos cuestiones imprescindibles para la supervivencia de la especia: el desarme nuclear y la b\u00fasqueda de energ\u00edas sostenibles. Una muy buena opci\u00f3n de lectura para este verano. Sinopsis En este nuevo libro Noam Chomsky nos advierte\u00a0de que, desde la Segunda [&hellip;]","og_url":"https:\/\/turcon.es\/wp\/la-guerra-nuclear-y-la-catastrofe-ambiental\/","og_site_name":"Colectivo Ecologista Turcon","article_published_time":"2013-07-23T17:05:24+00:00","og_image":[{"url":"http:\/\/www.planetadelibros.com\/img\/open_quote.png","type":"","width":"","height":""}],"author":"Laura Fernandez","twitter_card":"summary_large_image","twitter_misc":{"Escrito por":"Laura Fernandez","Tiempo de lectura":"2 minutos"},"schema":{"@context":"https:\/\/schema.org","@graph":[{"@type":"Article","@id":"https:\/\/turcon.es\/wp\/la-guerra-nuclear-y-la-catastrofe-ambiental\/#article","isPartOf":{"@id":"https:\/\/turcon.es\/wp\/la-guerra-nuclear-y-la-catastrofe-ambiental\/"},"author":{"name":"Laura Fernandez","@id":"https:\/\/turcon.es\/wp\/#\/schema\/person\/a1f3ba727ce031d9da17684affe85edd"},"headline":"La guerra nuclear y la cat\u00e1strofe ambiental","datePublished":"2013-07-23T17:05:24+00:00","mainEntityOfPage":{"@id":"https:\/\/turcon.es\/wp\/la-guerra-nuclear-y-la-catastrofe-ambiental\/"},"wordCount":438,"commentCount":0,"publisher":{"@id":"https:\/\/turcon.es\/wp\/#organization"},"image":{"@id":"https:\/\/turcon.es\/wp\/la-guerra-nuclear-y-la-catastrofe-ambiental\/#primaryimage"},"thumbnailUrl":"http:\/\/www.planetadelibros.com\/img\/open_quote.png","keywords":["Energ\u00eda nuclear","Energ\u00edas renovables","Libro","Noam Chomsky"],"articleSection":["Cambio clim\u00e1tico","Concienciaci\u00f3n","Recomendamos para leer, ver y escuchar..."],"inLanguage":"es","potentialAction":[{"@type":"CommentAction","name":"Comment","target":["https:\/\/turcon.es\/wp\/la-guerra-nuclear-y-la-catastrofe-ambiental\/#respond"]}]},{"@type":"WebPage","@id":"https:\/\/turcon.es\/wp\/la-guerra-nuclear-y-la-catastrofe-ambiental\/","url":"https:\/\/turcon.es\/wp\/la-guerra-nuclear-y-la-catastrofe-ambiental\/","name":"La guerra nuclear y la cat\u00e1strofe ambiental - Colectivo Ecologista Turcon","isPartOf":{"@id":"https:\/\/turcon.es\/wp\/#website"},"primaryImageOfPage":{"@id":"https:\/\/turcon.es\/wp\/la-guerra-nuclear-y-la-catastrofe-ambiental\/#primaryimage"},"image":{"@id":"https:\/\/turcon.es\/wp\/la-guerra-nuclear-y-la-catastrofe-ambiental\/#primaryimage"},"thumbnailUrl":"http:\/\/www.planetadelibros.com\/img\/open_quote.png","datePublished":"2013-07-23T17:05:24+00:00","breadcrumb":{"@id":"https:\/\/turcon.es\/wp\/la-guerra-nuclear-y-la-catastrofe-ambiental\/#breadcrumb"},"inLanguage":"es","potentialAction":[{"@type":"ReadAction","target":["https:\/\/turcon.es\/wp\/la-guerra-nuclear-y-la-catastrofe-ambiental\/"]}]},{"@type":"ImageObject","inLanguage":"es","@id":"https:\/\/turcon.es\/wp\/la-guerra-nuclear-y-la-catastrofe-ambiental\/#primaryimage","url":"http:\/\/www.planetadelibros.com\/img\/open_quote.png","contentUrl":"http:\/\/www.planetadelibros.com\/img\/open_quote.png"},{"@type":"BreadcrumbList","@id":"https:\/\/turcon.es\/wp\/la-guerra-nuclear-y-la-catastrofe-ambiental\/#breadcrumb","itemListElement":[{"@type":"ListItem","position":1,"name":"Portada","item":"https:\/\/turcon.es\/wp\/"},{"@type":"ListItem","position":2,"name":"La guerra nuclear y la cat\u00e1strofe ambiental"}]},{"@type":"WebSite","@id":"https:\/\/turcon.es\/wp\/#website","url":"https:\/\/turcon.es\/wp\/","name":"Colectivo Ecologista Turcon","description":"","publisher":{"@id":"https:\/\/turcon.es\/wp\/#organization"},"potentialAction":[{"@type":"SearchAction","target":{"@type":"EntryPoint","urlTemplate":"https:\/\/turcon.es\/wp\/?s={search_term_string}"},"query-input":{"@type":"PropertyValueSpecification","valueRequired":true,"valueName":"search_term_string"}}],"inLanguage":"es"},{"@type":"Organization","@id":"https:\/\/turcon.es\/wp\/#organization","name":"Colectivo Ecologista Turcon","url":"https:\/\/turcon.es\/wp\/","logo":{"@type":"ImageObject","inLanguage":"es","@id":"https:\/\/turcon.es\/wp\/#\/schema\/logo\/image\/","url":"https:\/\/turcon.es\/wp\/wp-content\/uploads\/2025\/03\/logo-verde.svg","contentUrl":"https:\/\/turcon.es\/wp\/wp-content\/uploads\/2025\/03\/logo-verde.svg","width":813,"height":813,"caption":"Colectivo Ecologista Turcon"},"image":{"@id":"https:\/\/turcon.es\/wp\/#\/schema\/logo\/image\/"}},{"@type":"Person","@id":"https:\/\/turcon.es\/wp\/#\/schema\/person\/a1f3ba727ce031d9da17684affe85edd","name":"Laura Fernandez","image":{"@type":"ImageObject","inLanguage":"es","@id":"https:\/\/turcon.es\/wp\/#\/schema\/person\/image\/","url":"https:\/\/secure.gravatar.com\/avatar\/360749af9549af22e54582d50231ae56e854210ae2368797ba242f445a9852e8?s=96&d=mm&r=g","contentUrl":"https:\/\/secure.gravatar.com\/avatar\/360749af9549af22e54582d50231ae56e854210ae2368797ba242f445a9852e8?s=96&d=mm&r=g","caption":"Laura Fernandez"},"url":"https:\/\/turcon.es\/wp\/author\/admturcon\/"}]}},"_links":{"self":[{"href":"https:\/\/turcon.es\/wp\/wp-json\/wp\/v2\/posts\/10003","targetHints":{"allow":["GET"]}}],"collection":[{"href":"https:\/\/turcon.es\/wp\/wp-json\/wp\/v2\/posts"}],"about":[{"href":"https:\/\/turcon.es\/wp\/wp-json\/wp\/v2\/types\/post"}],"author":[{"embeddable":true,"href":"https:\/\/turcon.es\/wp\/wp-json\/wp\/v2\/users\/2"}],"replies":[{"embeddable":true,"href":"https:\/\/turcon.es\/wp\/wp-json\/wp\/v2\/comments?post=10003"}],"version-history":[{"count":0,"href":"https:\/\/turcon.es\/wp\/wp-json\/wp\/v2\/posts\/10003\/revisions"}],"wp:attachment":[{"href":"https:\/\/turcon.es\/wp\/wp-json\/wp\/v2\/media?parent=10003"}],"wp:term":[{"taxonomy":"category","embeddable":true,"href":"https:\/\/turcon.es\/wp\/wp-json\/wp\/v2\/categories?post=10003"},{"taxonomy":"post_tag","embeddable":true,"href":"https:\/\/turcon.es\/wp\/wp-json\/wp\/v2\/tags?post=10003"}],"curies":[{"name":"wp","href":"https:\/\/api.w.org\/{rel}","templated":true}]}}