{"id":10305,"date":"2014-05-28T23:00:57","date_gmt":"2014-05-28T23:00:57","guid":{"rendered":"http:\/\/turcon.wordpress.com\/?p=10305"},"modified":"2014-05-28T23:00:57","modified_gmt":"2014-05-28T23:00:57","slug":"turcon-campana-de-promocion-navidena-de-venta-de-libros","status":"publish","type":"post","link":"https:\/\/turcon.es\/wp\/turcon-campana-de-promocion-navidena-de-venta-de-libros\/","title":{"rendered":"Estamos en la Feria del Libro en San Telmo"},"content":{"rendered":"<p style=\"text-align:justify;\"><span style=\"color:#0000ff;\"><b>Miembros del Colectivo Turc\u00f3n est\u00e1n presente firmando ejemplares en la Feria del Libro de LPGC que hoy se inaugur\u00f3.<\/b><\/span><\/p>\n<p style=\"text-align:justify;\">Jos\u00e9 Manuel Espi\u00f1o Meil\u00e1n, estuvo esta tarde firmando libros junto a la caseta de la Librer\u00eda Azulia (www.azulialibreriadeviajes.com).<\/p>\n<p style=\"text-align:justify;\">Ma\u00f1ana jueves, a partir de las 19:00 horas estar\u00e1 \u00c1lvaro Monz\u00f3n firmando tambi\u00e9n en el mismo lugar.<\/p>\n<p style=\"text-align:justify;\"><b><span style=\"color:#0000ff;\">Los libros de Turc\u00f3n podr\u00e1n seguir comprandose en el resto de librer\u00edas de los distintos pueblos de la Isla. Ver listado de librer\u00edas.<\/span><\/b><a href=\"http:\/\/turcon.es\/wp\/wp-content\/uploads\/2013\/11\/banner-navidad250.png\"><img decoding=\"async\" class=\"alignright size-full wp-image-10319\" src=\"http:\/\/turcon.es\/wp\/wp-content\/uploads\/2013\/11\/banner-navidad250.png\" alt=\"banner navidad250\" width=\"157\" height=\"250\" \/><\/a><\/p>\n<p style=\"text-align:justify;\"><span style=\"color:#800080;\"><b><em>Descubriendo Gran Canaria: Reserva de la Biosfera, Un centenar de Lagartos, Los Silencios de Punta de Las Arenas, y Aves Costeras de Gran Canaria<\/em> son los libros de Turc\u00f3n, editados en los \u00faltimos a\u00f1os.<\/b><\/span><\/p>\n<p style=\"text-align:justify;\"><b>El libro <em>Descubriendo Gran Canaria<\/em> es una gu\u00eda interactiva de senderismo que contiene 30 rutas por toda Gran Canaria. Es un libro muy popular y aceptado por el p\u00fablico, ya se han vendido las mil unidades editadas el pasado a\u00f1o, quedando pocos ejemplares en las librer\u00edas. Este libro est\u00e1 escrito por el colaborador de Turc\u00f3n, \u00c1lvaro Monz\u00f3n.<\/b><\/p>\n<p style=\"text-align:justify;\"><b><em>Un centenar de Lagartos<\/em> y <em>Los Silencios de Puntas de Las Arenas,<\/em> est\u00e1 escrito por el presidente honorario del colectivo, Jos\u00e9 Manuel Espi\u00f1o Meil\u00e1n, y son novelas que nos invitan a recorrer espacios \u00fanicos de nuestra geograf\u00eda insular: Punta de las Arenas, barranco de los Cern\u00edcalos&#8230; Lecturas sosegadas que nos acercan a personajes entra\u00f1ables que viven, sienten, aman en armon\u00eda con la naturaleza, respetando los seres vivos y\u00a0 y el entorno en el que habitan.<\/b><\/p>\n<p style=\"text-align:justify;\"><b>Finalmente, el libro <em>Aves Costeras de Gran Canaria<\/em> es un estudio de la avifauna del sureste grancanario. Est\u00e1 escrito por el colaborador, Jos\u00e9 Garc\u00eda Monz\u00f3n, es un libro que cont\u00f3 con la colaboraci\u00f3n de varias empresas y quedan pocos ejemplares, teniendo una buena acogida entre los aficionados a la ornitolog\u00eda.<\/b><\/p>\n<p style=\"text-align:justify;\"><b>Los puntos de ventas donde se pueden comprar estos libros son:<\/b><\/p>\n<p><!--more--><\/p>\n<blockquote>\n<p style=\"text-align:center;\"><span style=\"text-decoration:underline;\"><span style=\"color:#3366ff;text-decoration:underline;\">LAS PALMAS DE GRAN CANARIA<\/span><\/span><\/p>\n<p style=\"text-align:center;\"><em><strong><span style=\"color:#000000;\">LIBRER\u00cdA De EL CABILDO <\/span><\/strong><\/em> <span style=\"color:#000000;\">Calle Cano, n\u00ba 24<\/span> Las Palmas de Gran Canaria Tel\u00e9fono 928-381.539 \/\/ 381.594 <a href=\"lalibreria@caam.ne\">lalibreria@caam.ne<\/a>t<\/p>\n<p style=\"text-align:center;\"><em><strong>LIBRER\u00cdA EL LIBRO T\u00c9CNICO-Casa del Libro<\/strong><\/em> Calle Tom\u00e1s Morales, 44-46 Las Palmas de Gran Canaria Tel\u00e9fono 928.36.77.06<\/p>\n<p style=\"text-align:center;\"><em><strong>LIBRER\u00cdA CANAIMA<\/strong><\/em> Calle Senador Castillo Olivares, 7 Las Palmas de Gran Canaria Tel\u00e9fono 928.367.014<\/p>\n<p style=\"text-align:center;\"><em><strong>LIBRER\u00cdA AZULIA<\/strong><\/em> C\/Venegas, Las Palmas de Gran Canaria<\/p>\n<p style=\"text-align:center;\"><em><strong>LIBRER\u00cdA FERRERA<\/strong><\/em><\/p>\n<p style=\"text-align:center;\">Paseo Tom\u00e1s Morales, 9 Las Palmas de Gran Canaria Tel\u00e9fono 928 369 714<\/p>\n<p style=\"text-align:center;\"><em><strong>DEPORTES ARISTA<\/strong><\/em> Calle Lepanto, n\u00ba 47 Guanarteme-Las Palmas de Gran Canaria Tel\u00e9fono 928-270.743 <a href=\"http:\/\/www.aristaeventos.com\">www.aristaeventos.com<\/a><\/p>\n<p style=\"text-align:center;\"><em><strong>DEPORTES PEROJO<\/strong><\/em> Calle Perojo, 27 Las Palmas de Gran Canaria Tel\u00e9fono 928-366.754<\/p>\n<p style=\"text-align:center;\"><em><strong>DEPORTES MANDALA CLIMB<\/strong><\/em> C\/. Concepci\u00f3n Arenal, n\u00ba 5 Las Palmas de Gran Canaria Tel\u00e9fono 928 249 809<\/p>\n<p style=\"text-align:center;\"><span style=\"text-decoration:underline;\"><span style=\"color:#3366ff;text-decoration:underline;\">TELDE<\/span><\/span><\/p>\n<p style=\"text-align:center;\"><em><strong>LIBRER\u00cdA Y PAPELER\u00cdA ESTUPI\u00d1\u00c1N<\/strong><\/em> Calle Congreso, n\u00ba 10 Calle Alf\u00e9rez Jos\u00e9 Ascanio, n\u00ba 10 Telde Tel\u00e9fono 928-680.591 <a href=\"Libreriaestupinan@gmail.com \">Libreriaestupinan@gmail.com <\/a><\/p>\n<p style=\"text-align:center;\"><em><strong>LIBRER\u00cdA TABAIBA<\/strong><\/em> Calle Andr\u00e9s Manj\u00f3n, n\u00ba 10-TELDE <a href=\"pedidos@lptabaiba.es\">pedidos@lptabaiba.es<\/a><\/p>\n<p style=\"text-align:center;\"><em><strong>ARMER\u00cdA MEDINA<\/strong><\/em> Calle Maestro Nacional, n\u00ba 7 EL CALERO-TELDE Tel\u00e9fono 928-68.40.65 &#8211; 69.15.30 <a href=\"info@armeriamedina.com\">info@armeriamedina.com<\/a><\/p>\n<p style=\"text-align:center;\"><span style=\"text-decoration:underline;\"><span style=\"color:#3366ff;text-decoration:underline;\">INGENIO<\/span><\/span><\/p>\n<p style=\"text-align:center;\"><em><strong>LIBRER\u00cdA FELO<\/strong><\/em> c\/. Alemania, n\u00ba 16 Carrizal (INGENIO) Tel\u00e9fono 928-78-00-58<\/p>\n<p style=\"text-align:center;\"><span style=\"text-decoration:underline;\"><span style=\"color:#3366ff;text-decoration:underline;\">AG\u00fcIMES<\/span><\/span><\/p>\n<p style=\"text-align:center;\"><em><strong>LIBRER\u00cdA JIMENEZ<\/strong><\/em> c\/. Princesa Teseida, n\u00ba 17 Cruce Arinaga (AGUIMES) Tel\u00e9fono 928-18-38-35<\/p>\n<p style=\"text-align:center;\"><span style=\"text-decoration:underline;\"><span style=\"color:#3366ff;text-decoration:underline;\">VECINDARIO<\/span><\/span><\/p>\n<p style=\"text-align:center;\"><em><strong>LIBRER\u00cdA LIBRO T\u00c9CNICO Sur<\/strong><\/em> c\/. Cerruda, n\u00ba 34 Vecindario (frente al teatro V\u00edctor Jara) Tel\u00e9fono 928-56-75-70<\/p>\n<p style=\"text-align:center;\"><em><strong>LIBRER\u00cdA VECINDARIO<\/strong><\/em> c\/. Primero de Mayo n\u00ba 151 Vecindario (frente Plaza de San Rafael) Tel\u00e9fono 928-753-492<\/p>\n<p style=\"text-align:center;\"><em><strong>LIBRER\u00cdA B\u00c9CQUER<\/strong><\/em> c\/. Primero de Mayo n\u00ba 123 Vecindario-Frente Colegio Tamar\u00e1n Tel\u00e9fono 928-12-52-91<\/p>\n<p style=\"text-align:center;\"><span style=\"text-decoration:underline;\"><span style=\"color:#3366ff;text-decoration:underline;\">VILLA DE SANTA BR\u00cdGIDA<\/span><\/span><\/p>\n<p style=\"text-align:center;\"><em><strong>LIBRER\u00cdA LA PIZARRA<\/strong><\/em> Calle Tenderete, n\u00ba 4 Villa de Santa Br\u00edgida Tel\u00e9fono 928-64.25.05 <a href=\"librerialapizarra@gmail.com\">librerialapizarra@gmail.com<\/a><\/p>\n<p style=\"text-align:center;\"><span style=\"text-decoration:underline;\"><span style=\"color:#3366ff;text-decoration:underline;\">MASPALOMAS<\/span><\/span><\/p>\n<p style=\"text-align:center;\"><em><strong>LIBRER\u00cdA PRIMICIA<\/strong><\/em> Calle Pl\u00e1cido Domingo, n\u00ba 12-local 3 Maspalomas-San Bartolom\u00e9 de Tirajana Tel\u00e9fono 928- 764.704\u00a0 \/\u00a0 651.008.163 <a href=\"libreriaprimicia@hotmail.com\">libreriaprimicia@hotmail.com<\/a><\/p>\n<p style=\"text-align:center;\"><span style=\"text-decoration:underline;\"><span style=\"color:#3366ff;text-decoration:underline;\">ARUCAS<\/span><\/span><\/p>\n<p style=\"text-align:center;\"><em><strong>LIBRER\u00cdA DORAMAS<\/strong><\/em> Calle Le\u00f3n y Castillo, n\u00ba 17 Tel\u00e9fono 928-60.37.62 <a href=\"libreriadoramas@gmail.com\">libreriadoramas@gmail.com<\/a><\/p>\n<p style=\"text-align:center;\"><span style=\"text-decoration:underline;\"><span style=\"color:#3366ff;text-decoration:underline;\">TEROR<\/span><\/span><\/p>\n<p style=\"text-align:center;\"><em><strong>TIENDA DEPORTIVA \u201cCARESPORT<\/strong><\/em> Calle La Escuela, n\u00ba 21 Teror Tel\u00e9fono 928- 613 875 <a href=\"caresporteror@gmail.com\">caresporteror@gmail.com<\/a><\/p>\n<p style=\"text-align:center;\"><span style=\"text-decoration:underline;\"><span style=\"color:#3366ff;text-decoration:underline;\">LA LAGUNA (TENERIFE)<\/span><\/span><\/p>\n<p style=\"text-align:center;\"><em><strong>LIBRER\u00cdA LEMUS<\/strong><\/em> Heraclio Sanchez 64, Tel\u00e9fono 922 251 145 <a href=\"info@librerialemus.com\">info@librerialemus.com<\/a><\/p>\n<\/blockquote>\n","protected":false},"excerpt":{"rendered":"<p>Miembros del Colectivo Turc\u00f3n est\u00e1n presente firmando ejemplares en la Feria del Libro de LPGC que hoy se inaugur\u00f3. Jos\u00e9 Manuel Espi\u00f1o Meil\u00e1n, estuvo esta tarde firmando libros junto a la caseta de la Librer\u00eda Azulia (www.azulialibreriadeviajes.com). Ma\u00f1ana jueves, a partir de las 19:00 horas estar\u00e1 \u00c1lvaro Monz\u00f3n firmando tambi\u00e9n en el mismo lugar. Los [&hellip;]<\/p>\n","protected":false},"author":2,"featured_media":0,"comment_status":"open","ping_status":"open","sticky":false,"template":"","format":"standard","meta":{"footnotes":""},"categories":[6,31,46,54,57,60],"tags":[327,1665],"class_list":["post-10305","post","type-post","status-publish","format-standard","hentry","category-actividades-turcon","category-educacion-y-cultura","category-notas-de-prensa-de-turcon","category-recomendamos-para-leer-ver-y-escuchar","category-senderismo","category-telde-gran-canaria","tag-campana-de-venta-de-libros","tag-turcon"],"yoast_head":"<!-- This site is optimized with the Yoast SEO plugin v26.3 - https:\/\/yoast.com\/wordpress\/plugins\/seo\/ -->\n<title>Estamos en la Feria del Libro en San Telmo - Colectivo Ecologista Turcon<\/title>\n<meta name=\"robots\" content=\"index, follow, max-snippet:-1, max-image-preview:large, max-video-preview:-1\" \/>\n<link rel=\"canonical\" href=\"https:\/\/turcon.es\/wp\/turcon-campana-de-promocion-navidena-de-venta-de-libros\/\" \/>\n<meta property=\"og:locale\" content=\"es_ES\" \/>\n<meta property=\"og:type\" content=\"article\" \/>\n<meta property=\"og:title\" content=\"Estamos en la Feria del Libro en San Telmo - Colectivo Ecologista Turcon\" \/>\n<meta property=\"og:description\" content=\"Miembros del Colectivo Turc\u00f3n est\u00e1n presente firmando ejemplares en la Feria del Libro de LPGC que hoy se inaugur\u00f3. Jos\u00e9 Manuel Espi\u00f1o Meil\u00e1n, estuvo esta tarde firmando libros junto a la caseta de la Librer\u00eda Azulia (www.azulialibreriadeviajes.com). Ma\u00f1ana jueves, a partir de las 19:00 horas estar\u00e1 \u00c1lvaro Monz\u00f3n firmando tambi\u00e9n en el mismo lugar. Los [&hellip;]\" \/>\n<meta property=\"og:url\" content=\"https:\/\/turcon.es\/wp\/turcon-campana-de-promocion-navidena-de-venta-de-libros\/\" \/>\n<meta property=\"og:site_name\" content=\"Colectivo Ecologista Turcon\" \/>\n<meta property=\"article:published_time\" content=\"2014-05-28T23:00:57+00:00\" \/>\n<meta property=\"og:image\" content=\"https:\/\/turcon.es\/wp\/wp-content\/uploads\/2013\/11\/banner-navidad250.png\" \/>\n\t<meta property=\"og:image:width\" content=\"157\" \/>\n\t<meta property=\"og:image:height\" content=\"250\" \/>\n\t<meta property=\"og:image:type\" content=\"image\/png\" \/>\n<meta name=\"author\" content=\"Laura Fernandez\" \/>\n<meta name=\"twitter:card\" content=\"summary_large_image\" \/>\n<meta name=\"twitter:label1\" content=\"Escrito por\" \/>\n\t<meta name=\"twitter:data1\" content=\"Laura Fernandez\" \/>\n\t<meta name=\"twitter:label2\" content=\"Tiempo de lectura\" \/>\n\t<meta name=\"twitter:data2\" content=\"3 minutos\" \/>\n<script type=\"application\/ld+json\" class=\"yoast-schema-graph\">{\"@context\":\"https:\/\/schema.org\",\"@graph\":[{\"@type\":\"Article\",\"@id\":\"https:\/\/turcon.es\/wp\/turcon-campana-de-promocion-navidena-de-venta-de-libros\/#article\",\"isPartOf\":{\"@id\":\"https:\/\/turcon.es\/wp\/turcon-campana-de-promocion-navidena-de-venta-de-libros\/\"},\"author\":{\"name\":\"Laura Fernandez\",\"@id\":\"https:\/\/turcon.es\/wp\/#\/schema\/person\/a1f3ba727ce031d9da17684affe85edd\"},\"headline\":\"Estamos en la Feria del Libro en San Telmo\",\"datePublished\":\"2014-05-28T23:00:57+00:00\",\"mainEntityOfPage\":{\"@id\":\"https:\/\/turcon.es\/wp\/turcon-campana-de-promocion-navidena-de-venta-de-libros\/\"},\"wordCount\":697,\"commentCount\":0,\"publisher\":{\"@id\":\"https:\/\/turcon.es\/wp\/#organization\"},\"image\":{\"@id\":\"https:\/\/turcon.es\/wp\/turcon-campana-de-promocion-navidena-de-venta-de-libros\/#primaryimage\"},\"thumbnailUrl\":\"http:\/\/turcon.es\/wp\/wp-content\/uploads\/2013\/11\/banner-navidad250.png\",\"keywords\":[\"Campa\u00f1a de venta de libros\",\"Turc\u00f3n\"],\"articleSection\":[\"#Actividades Turc\u00f3n#\",\"Educaci\u00f3n y cultura\",\"Notas de prensa de Turc\u00f3n\",\"Recomendamos para leer, ver y escuchar...\",\"Senderismo\",\"Telde (Gran Canaria)\"],\"inLanguage\":\"es\",\"potentialAction\":[{\"@type\":\"CommentAction\",\"name\":\"Comment\",\"target\":[\"https:\/\/turcon.es\/wp\/turcon-campana-de-promocion-navidena-de-venta-de-libros\/#respond\"]}]},{\"@type\":\"WebPage\",\"@id\":\"https:\/\/turcon.es\/wp\/turcon-campana-de-promocion-navidena-de-venta-de-libros\/\",\"url\":\"https:\/\/turcon.es\/wp\/turcon-campana-de-promocion-navidena-de-venta-de-libros\/\",\"name\":\"Estamos en la Feria del Libro en San Telmo - Colectivo Ecologista Turcon\",\"isPartOf\":{\"@id\":\"https:\/\/turcon.es\/wp\/#website\"},\"primaryImageOfPage\":{\"@id\":\"https:\/\/turcon.es\/wp\/turcon-campana-de-promocion-navidena-de-venta-de-libros\/#primaryimage\"},\"image\":{\"@id\":\"https:\/\/turcon.es\/wp\/turcon-campana-de-promocion-navidena-de-venta-de-libros\/#primaryimage\"},\"thumbnailUrl\":\"http:\/\/turcon.es\/wp\/wp-content\/uploads\/2013\/11\/banner-navidad250.png\",\"datePublished\":\"2014-05-28T23:00:57+00:00\",\"breadcrumb\":{\"@id\":\"https:\/\/turcon.es\/wp\/turcon-campana-de-promocion-navidena-de-venta-de-libros\/#breadcrumb\"},\"inLanguage\":\"es\",\"potentialAction\":[{\"@type\":\"ReadAction\",\"target\":[\"https:\/\/turcon.es\/wp\/turcon-campana-de-promocion-navidena-de-venta-de-libros\/\"]}]},{\"@type\":\"ImageObject\",\"inLanguage\":\"es\",\"@id\":\"https:\/\/turcon.es\/wp\/turcon-campana-de-promocion-navidena-de-venta-de-libros\/#primaryimage\",\"url\":\"http:\/\/turcon.es\/wp\/wp-content\/uploads\/2013\/11\/banner-navidad250.png\",\"contentUrl\":\"http:\/\/turcon.es\/wp\/wp-content\/uploads\/2013\/11\/banner-navidad250.png\"},{\"@type\":\"BreadcrumbList\",\"@id\":\"https:\/\/turcon.es\/wp\/turcon-campana-de-promocion-navidena-de-venta-de-libros\/#breadcrumb\",\"itemListElement\":[{\"@type\":\"ListItem\",\"position\":1,\"name\":\"Portada\",\"item\":\"https:\/\/turcon.es\/wp\/\"},{\"@type\":\"ListItem\",\"position\":2,\"name\":\"Estamos en la Feria del Libro en San Telmo\"}]},{\"@type\":\"WebSite\",\"@id\":\"https:\/\/turcon.es\/wp\/#website\",\"url\":\"https:\/\/turcon.es\/wp\/\",\"name\":\"Colectivo Ecologista Turcon\",\"description\":\"\",\"publisher\":{\"@id\":\"https:\/\/turcon.es\/wp\/#organization\"},\"potentialAction\":[{\"@type\":\"SearchAction\",\"target\":{\"@type\":\"EntryPoint\",\"urlTemplate\":\"https:\/\/turcon.es\/wp\/?s={search_term_string}\"},\"query-input\":{\"@type\":\"PropertyValueSpecification\",\"valueRequired\":true,\"valueName\":\"search_term_string\"}}],\"inLanguage\":\"es\"},{\"@type\":\"Organization\",\"@id\":\"https:\/\/turcon.es\/wp\/#organization\",\"name\":\"Colectivo Ecologista Turcon\",\"url\":\"https:\/\/turcon.es\/wp\/\",\"logo\":{\"@type\":\"ImageObject\",\"inLanguage\":\"es\",\"@id\":\"https:\/\/turcon.es\/wp\/#\/schema\/logo\/image\/\",\"url\":\"https:\/\/turcon.es\/wp\/wp-content\/uploads\/2025\/03\/logo-verde.svg\",\"contentUrl\":\"https:\/\/turcon.es\/wp\/wp-content\/uploads\/2025\/03\/logo-verde.svg\",\"width\":813,\"height\":813,\"caption\":\"Colectivo Ecologista Turcon\"},\"image\":{\"@id\":\"https:\/\/turcon.es\/wp\/#\/schema\/logo\/image\/\"}},{\"@type\":\"Person\",\"@id\":\"https:\/\/turcon.es\/wp\/#\/schema\/person\/a1f3ba727ce031d9da17684affe85edd\",\"name\":\"Laura Fernandez\",\"image\":{\"@type\":\"ImageObject\",\"inLanguage\":\"es\",\"@id\":\"https:\/\/turcon.es\/wp\/#\/schema\/person\/image\/\",\"url\":\"https:\/\/secure.gravatar.com\/avatar\/360749af9549af22e54582d50231ae56e854210ae2368797ba242f445a9852e8?s=96&d=mm&r=g\",\"contentUrl\":\"https:\/\/secure.gravatar.com\/avatar\/360749af9549af22e54582d50231ae56e854210ae2368797ba242f445a9852e8?s=96&d=mm&r=g\",\"caption\":\"Laura Fernandez\"},\"url\":\"https:\/\/turcon.es\/wp\/author\/admturcon\/\"}]}<\/script>\n<!-- \/ Yoast SEO plugin. -->","yoast_head_json":{"title":"Estamos en la Feria del Libro en San Telmo - Colectivo Ecologista Turcon","robots":{"index":"index","follow":"follow","max-snippet":"max-snippet:-1","max-image-preview":"max-image-preview:large","max-video-preview":"max-video-preview:-1"},"canonical":"https:\/\/turcon.es\/wp\/turcon-campana-de-promocion-navidena-de-venta-de-libros\/","og_locale":"es_ES","og_type":"article","og_title":"Estamos en la Feria del Libro en San Telmo - Colectivo Ecologista Turcon","og_description":"Miembros del Colectivo Turc\u00f3n est\u00e1n presente firmando ejemplares en la Feria del Libro de LPGC que hoy se inaugur\u00f3. Jos\u00e9 Manuel Espi\u00f1o Meil\u00e1n, estuvo esta tarde firmando libros junto a la caseta de la Librer\u00eda Azulia (www.azulialibreriadeviajes.com). Ma\u00f1ana jueves, a partir de las 19:00 horas estar\u00e1 \u00c1lvaro Monz\u00f3n firmando tambi\u00e9n en el mismo lugar. Los [&hellip;]","og_url":"https:\/\/turcon.es\/wp\/turcon-campana-de-promocion-navidena-de-venta-de-libros\/","og_site_name":"Colectivo Ecologista Turcon","article_published_time":"2014-05-28T23:00:57+00:00","og_image":[{"width":157,"height":250,"url":"https:\/\/turcon.es\/wp\/wp-content\/uploads\/2013\/11\/banner-navidad250.png","type":"image\/png"}],"author":"Laura Fernandez","twitter_card":"summary_large_image","twitter_misc":{"Escrito por":"Laura Fernandez","Tiempo de lectura":"3 minutos"},"schema":{"@context":"https:\/\/schema.org","@graph":[{"@type":"Article","@id":"https:\/\/turcon.es\/wp\/turcon-campana-de-promocion-navidena-de-venta-de-libros\/#article","isPartOf":{"@id":"https:\/\/turcon.es\/wp\/turcon-campana-de-promocion-navidena-de-venta-de-libros\/"},"author":{"name":"Laura Fernandez","@id":"https:\/\/turcon.es\/wp\/#\/schema\/person\/a1f3ba727ce031d9da17684affe85edd"},"headline":"Estamos en la Feria del Libro en San Telmo","datePublished":"2014-05-28T23:00:57+00:00","mainEntityOfPage":{"@id":"https:\/\/turcon.es\/wp\/turcon-campana-de-promocion-navidena-de-venta-de-libros\/"},"wordCount":697,"commentCount":0,"publisher":{"@id":"https:\/\/turcon.es\/wp\/#organization"},"image":{"@id":"https:\/\/turcon.es\/wp\/turcon-campana-de-promocion-navidena-de-venta-de-libros\/#primaryimage"},"thumbnailUrl":"http:\/\/turcon.es\/wp\/wp-content\/uploads\/2013\/11\/banner-navidad250.png","keywords":["Campa\u00f1a de venta de libros","Turc\u00f3n"],"articleSection":["#Actividades Turc\u00f3n#","Educaci\u00f3n y cultura","Notas de prensa de Turc\u00f3n","Recomendamos para leer, ver y escuchar...","Senderismo","Telde (Gran Canaria)"],"inLanguage":"es","potentialAction":[{"@type":"CommentAction","name":"Comment","target":["https:\/\/turcon.es\/wp\/turcon-campana-de-promocion-navidena-de-venta-de-libros\/#respond"]}]},{"@type":"WebPage","@id":"https:\/\/turcon.es\/wp\/turcon-campana-de-promocion-navidena-de-venta-de-libros\/","url":"https:\/\/turcon.es\/wp\/turcon-campana-de-promocion-navidena-de-venta-de-libros\/","name":"Estamos en la Feria del Libro en San Telmo - Colectivo Ecologista Turcon","isPartOf":{"@id":"https:\/\/turcon.es\/wp\/#website"},"primaryImageOfPage":{"@id":"https:\/\/turcon.es\/wp\/turcon-campana-de-promocion-navidena-de-venta-de-libros\/#primaryimage"},"image":{"@id":"https:\/\/turcon.es\/wp\/turcon-campana-de-promocion-navidena-de-venta-de-libros\/#primaryimage"},"thumbnailUrl":"http:\/\/turcon.es\/wp\/wp-content\/uploads\/2013\/11\/banner-navidad250.png","datePublished":"2014-05-28T23:00:57+00:00","breadcrumb":{"@id":"https:\/\/turcon.es\/wp\/turcon-campana-de-promocion-navidena-de-venta-de-libros\/#breadcrumb"},"inLanguage":"es","potentialAction":[{"@type":"ReadAction","target":["https:\/\/turcon.es\/wp\/turcon-campana-de-promocion-navidena-de-venta-de-libros\/"]}]},{"@type":"ImageObject","inLanguage":"es","@id":"https:\/\/turcon.es\/wp\/turcon-campana-de-promocion-navidena-de-venta-de-libros\/#primaryimage","url":"http:\/\/turcon.es\/wp\/wp-content\/uploads\/2013\/11\/banner-navidad250.png","contentUrl":"http:\/\/turcon.es\/wp\/wp-content\/uploads\/2013\/11\/banner-navidad250.png"},{"@type":"BreadcrumbList","@id":"https:\/\/turcon.es\/wp\/turcon-campana-de-promocion-navidena-de-venta-de-libros\/#breadcrumb","itemListElement":[{"@type":"ListItem","position":1,"name":"Portada","item":"https:\/\/turcon.es\/wp\/"},{"@type":"ListItem","position":2,"name":"Estamos en la Feria del Libro en San Telmo"}]},{"@type":"WebSite","@id":"https:\/\/turcon.es\/wp\/#website","url":"https:\/\/turcon.es\/wp\/","name":"Colectivo Ecologista Turcon","description":"","publisher":{"@id":"https:\/\/turcon.es\/wp\/#organization"},"potentialAction":[{"@type":"SearchAction","target":{"@type":"EntryPoint","urlTemplate":"https:\/\/turcon.es\/wp\/?s={search_term_string}"},"query-input":{"@type":"PropertyValueSpecification","valueRequired":true,"valueName":"search_term_string"}}],"inLanguage":"es"},{"@type":"Organization","@id":"https:\/\/turcon.es\/wp\/#organization","name":"Colectivo Ecologista Turcon","url":"https:\/\/turcon.es\/wp\/","logo":{"@type":"ImageObject","inLanguage":"es","@id":"https:\/\/turcon.es\/wp\/#\/schema\/logo\/image\/","url":"https:\/\/turcon.es\/wp\/wp-content\/uploads\/2025\/03\/logo-verde.svg","contentUrl":"https:\/\/turcon.es\/wp\/wp-content\/uploads\/2025\/03\/logo-verde.svg","width":813,"height":813,"caption":"Colectivo Ecologista Turcon"},"image":{"@id":"https:\/\/turcon.es\/wp\/#\/schema\/logo\/image\/"}},{"@type":"Person","@id":"https:\/\/turcon.es\/wp\/#\/schema\/person\/a1f3ba727ce031d9da17684affe85edd","name":"Laura Fernandez","image":{"@type":"ImageObject","inLanguage":"es","@id":"https:\/\/turcon.es\/wp\/#\/schema\/person\/image\/","url":"https:\/\/secure.gravatar.com\/avatar\/360749af9549af22e54582d50231ae56e854210ae2368797ba242f445a9852e8?s=96&d=mm&r=g","contentUrl":"https:\/\/secure.gravatar.com\/avatar\/360749af9549af22e54582d50231ae56e854210ae2368797ba242f445a9852e8?s=96&d=mm&r=g","caption":"Laura Fernandez"},"url":"https:\/\/turcon.es\/wp\/author\/admturcon\/"}]}},"_links":{"self":[{"href":"https:\/\/turcon.es\/wp\/wp-json\/wp\/v2\/posts\/10305","targetHints":{"allow":["GET"]}}],"collection":[{"href":"https:\/\/turcon.es\/wp\/wp-json\/wp\/v2\/posts"}],"about":[{"href":"https:\/\/turcon.es\/wp\/wp-json\/wp\/v2\/types\/post"}],"author":[{"embeddable":true,"href":"https:\/\/turcon.es\/wp\/wp-json\/wp\/v2\/users\/2"}],"replies":[{"embeddable":true,"href":"https:\/\/turcon.es\/wp\/wp-json\/wp\/v2\/comments?post=10305"}],"version-history":[{"count":0,"href":"https:\/\/turcon.es\/wp\/wp-json\/wp\/v2\/posts\/10305\/revisions"}],"wp:attachment":[{"href":"https:\/\/turcon.es\/wp\/wp-json\/wp\/v2\/media?parent=10305"}],"wp:term":[{"taxonomy":"category","embeddable":true,"href":"https:\/\/turcon.es\/wp\/wp-json\/wp\/v2\/categories?post=10305"},{"taxonomy":"post_tag","embeddable":true,"href":"https:\/\/turcon.es\/wp\/wp-json\/wp\/v2\/tags?post=10305"}],"curies":[{"name":"wp","href":"https:\/\/api.w.org\/{rel}","templated":true}]}}