{"id":10656,"date":"2014-02-21T10:24:00","date_gmt":"2014-02-21T10:24:00","guid":{"rendered":"http:\/\/turcon.wordpress.com\/?p=10656"},"modified":"2014-02-21T10:24:00","modified_gmt":"2014-02-21T10:24:00","slug":"espino-en-arucas","status":"publish","type":"post","link":"https:\/\/turcon.es\/wp\/espino-en-arucas\/","title":{"rendered":"Espi\u00f1o en Arucas"},"content":{"rendered":"<p>Presentado en el Centro Municipal de Cultura el libro \u00abUn centenar de Lagartos\u00bb, de Jos\u00e9 Manuel Espi\u00f1o.<a href=\"http:\/\/turcon.es\/wp\/wp-content\/uploads\/2014\/02\/1969353_271698959654846_1285795156_n.jpg\"><img decoding=\"async\" class=\"alignleft  wp-image-10657\" alt=\"1969353_271698959654846_1285795156_n\" src=\"http:\/\/turcon.es\/wp\/wp-content\/uploads\/2014\/02\/1969353_271698959654846_1285795156_n.jpg?w=300\" width=\"240\" height=\"180\" srcset=\"https:\/\/turcon.es\/wp\/wp-content\/uploads\/2014\/02\/1969353_271698959654846_1285795156_n.jpg 960w, https:\/\/turcon.es\/wp\/wp-content\/uploads\/2014\/02\/1969353_271698959654846_1285795156_n-300x225.jpg 300w, https:\/\/turcon.es\/wp\/wp-content\/uploads\/2014\/02\/1969353_271698959654846_1285795156_n-768x576.jpg 768w\" sizes=\"(max-width: 240px) 100vw, 240px\" \/><\/a> <a href=\"http:\/\/turcon.es\/wp\/wp-content\/uploads\/2014\/02\/1922415_271699359654806_1300992886_n.jpg\"><img decoding=\"async\" class=\"alignleft  wp-image-10658\" alt=\"1922415_271699359654806_1300992886_n\" src=\"http:\/\/turcon.es\/wp\/wp-content\/uploads\/2014\/02\/1922415_271699359654806_1300992886_n.jpg?w=300\" width=\"240\" height=\"180\" srcset=\"https:\/\/turcon.es\/wp\/wp-content\/uploads\/2014\/02\/1922415_271699359654806_1300992886_n.jpg 960w, https:\/\/turcon.es\/wp\/wp-content\/uploads\/2014\/02\/1922415_271699359654806_1300992886_n-300x225.jpg 300w, https:\/\/turcon.es\/wp\/wp-content\/uploads\/2014\/02\/1922415_271699359654806_1300992886_n-768x576.jpg 768w\" sizes=\"(max-width: 240px) 100vw, 240px\" \/><\/a><\/p>\n<p>El acto cont\u00f3 con la participaci\u00f3n del autor del libro, Lidia Monz\u00f3n, que fue la encargada de presentar la obra e Ildefonso Rodr\u00edguez, autor de un sensacional Audiovisual sobre l lagarto de Gran Canaria.<\/p>\n<p>Actividad organizada por: La Vinca Ecologistas En Acci\u00f3n, Turc\u00f3n Ecologistas En Acci\u00f3n y la Concejal\u00eda de Medio Ambiente del Ayuntamiento de Arucas.<\/p>\n","protected":false},"excerpt":{"rendered":"<p>Presentado en el Centro Municipal de Cultura el libro \u00abUn centenar de Lagartos\u00bb, de Jos\u00e9 Manuel Espi\u00f1o. El acto cont\u00f3 con la participaci\u00f3n del autor del libro, Lidia Monz\u00f3n, que fue la encargada de presentar la obra e Ildefonso Rodr\u00edguez, autor de un sensacional Audiovisual sobre l lagarto de Gran Canaria. Actividad organizada por: La [&hellip;]<\/p>\n","protected":false},"author":2,"featured_media":0,"comment_status":"open","ping_status":"open","sticky":false,"template":"","format":"standard","meta":{"footnotes":""},"categories":[6,8,37,38,41,46,54],"tags":[],"class_list":["post-10656","post","type-post","status-publish","format-standard","hentry","category-actividades-turcon","category-administracion-publica","category-espacios-naturales","category-fauna","category-gran-canaria","category-notas-de-prensa-de-turcon","category-recomendamos-para-leer-ver-y-escuchar"],"yoast_head":"<!-- This site is optimized with the Yoast SEO plugin v26.3 - https:\/\/yoast.com\/wordpress\/plugins\/seo\/ -->\n<title>Espi\u00f1o en Arucas - Colectivo Ecologista Turcon<\/title>\n<meta name=\"robots\" content=\"index, follow, max-snippet:-1, max-image-preview:large, max-video-preview:-1\" \/>\n<link rel=\"canonical\" href=\"https:\/\/turcon.es\/wp\/espino-en-arucas\/\" \/>\n<meta property=\"og:locale\" content=\"es_ES\" \/>\n<meta property=\"og:type\" content=\"article\" \/>\n<meta property=\"og:title\" content=\"Espi\u00f1o en Arucas - Colectivo Ecologista Turcon\" \/>\n<meta property=\"og:description\" content=\"Presentado en el Centro Municipal de Cultura el libro \u00abUn centenar de Lagartos\u00bb, de Jos\u00e9 Manuel Espi\u00f1o. El acto cont\u00f3 con la participaci\u00f3n del autor del libro, Lidia Monz\u00f3n, que fue la encargada de presentar la obra e Ildefonso Rodr\u00edguez, autor de un sensacional Audiovisual sobre l lagarto de Gran Canaria. Actividad organizada por: La [&hellip;]\" \/>\n<meta property=\"og:url\" content=\"https:\/\/turcon.es\/wp\/espino-en-arucas\/\" \/>\n<meta property=\"og:site_name\" content=\"Colectivo Ecologista Turcon\" \/>\n<meta property=\"article:published_time\" content=\"2014-02-21T10:24:00+00:00\" \/>\n<meta property=\"og:image\" content=\"https:\/\/turcon.es\/wp\/wp-content\/uploads\/2014\/02\/1969353_271698959654846_1285795156_n.jpg\" \/>\n\t<meta property=\"og:image:width\" content=\"960\" \/>\n\t<meta property=\"og:image:height\" content=\"720\" \/>\n\t<meta property=\"og:image:type\" content=\"image\/jpeg\" \/>\n<meta name=\"author\" content=\"Laura Fernandez\" \/>\n<meta name=\"twitter:card\" content=\"summary_large_image\" \/>\n<meta name=\"twitter:label1\" content=\"Escrito por\" \/>\n\t<meta name=\"twitter:data1\" content=\"Laura Fernandez\" \/>\n<script type=\"application\/ld+json\" class=\"yoast-schema-graph\">{\"@context\":\"https:\/\/schema.org\",\"@graph\":[{\"@type\":\"Article\",\"@id\":\"https:\/\/turcon.es\/wp\/espino-en-arucas\/#article\",\"isPartOf\":{\"@id\":\"https:\/\/turcon.es\/wp\/espino-en-arucas\/\"},\"author\":{\"name\":\"Laura Fernandez\",\"@id\":\"https:\/\/turcon.es\/wp\/#\/schema\/person\/a1f3ba727ce031d9da17684affe85edd\"},\"headline\":\"Espi\u00f1o en Arucas\",\"datePublished\":\"2014-02-21T10:24:00+00:00\",\"mainEntityOfPage\":{\"@id\":\"https:\/\/turcon.es\/wp\/espino-en-arucas\/\"},\"wordCount\":85,\"commentCount\":0,\"publisher\":{\"@id\":\"https:\/\/turcon.es\/wp\/#organization\"},\"image\":{\"@id\":\"https:\/\/turcon.es\/wp\/espino-en-arucas\/#primaryimage\"},\"thumbnailUrl\":\"http:\/\/turcon.es\/wp\/wp-content\/uploads\/2014\/02\/1969353_271698959654846_1285795156_n.jpg?w=300\",\"articleSection\":[\"#Actividades Turc\u00f3n#\",\"Administraci\u00f3n p\u00fablica\",\"Espacios Naturales\",\"Fauna\",\"Gran Canaria\",\"Notas de prensa de Turc\u00f3n\",\"Recomendamos para leer, ver y escuchar...\"],\"inLanguage\":\"es\",\"potentialAction\":[{\"@type\":\"CommentAction\",\"name\":\"Comment\",\"target\":[\"https:\/\/turcon.es\/wp\/espino-en-arucas\/#respond\"]}]},{\"@type\":\"WebPage\",\"@id\":\"https:\/\/turcon.es\/wp\/espino-en-arucas\/\",\"url\":\"https:\/\/turcon.es\/wp\/espino-en-arucas\/\",\"name\":\"Espi\u00f1o en Arucas - Colectivo Ecologista Turcon\",\"isPartOf\":{\"@id\":\"https:\/\/turcon.es\/wp\/#website\"},\"primaryImageOfPage\":{\"@id\":\"https:\/\/turcon.es\/wp\/espino-en-arucas\/#primaryimage\"},\"image\":{\"@id\":\"https:\/\/turcon.es\/wp\/espino-en-arucas\/#primaryimage\"},\"thumbnailUrl\":\"http:\/\/turcon.es\/wp\/wp-content\/uploads\/2014\/02\/1969353_271698959654846_1285795156_n.jpg?w=300\",\"datePublished\":\"2014-02-21T10:24:00+00:00\",\"breadcrumb\":{\"@id\":\"https:\/\/turcon.es\/wp\/espino-en-arucas\/#breadcrumb\"},\"inLanguage\":\"es\",\"potentialAction\":[{\"@type\":\"ReadAction\",\"target\":[\"https:\/\/turcon.es\/wp\/espino-en-arucas\/\"]}]},{\"@type\":\"ImageObject\",\"inLanguage\":\"es\",\"@id\":\"https:\/\/turcon.es\/wp\/espino-en-arucas\/#primaryimage\",\"url\":\"http:\/\/turcon.es\/wp\/wp-content\/uploads\/2014\/02\/1969353_271698959654846_1285795156_n.jpg?w=300\",\"contentUrl\":\"http:\/\/turcon.es\/wp\/wp-content\/uploads\/2014\/02\/1969353_271698959654846_1285795156_n.jpg?w=300\"},{\"@type\":\"BreadcrumbList\",\"@id\":\"https:\/\/turcon.es\/wp\/espino-en-arucas\/#breadcrumb\",\"itemListElement\":[{\"@type\":\"ListItem\",\"position\":1,\"name\":\"Portada\",\"item\":\"https:\/\/turcon.es\/wp\/\"},{\"@type\":\"ListItem\",\"position\":2,\"name\":\"Espi\u00f1o en Arucas\"}]},{\"@type\":\"WebSite\",\"@id\":\"https:\/\/turcon.es\/wp\/#website\",\"url\":\"https:\/\/turcon.es\/wp\/\",\"name\":\"Colectivo Ecologista Turcon\",\"description\":\"\",\"publisher\":{\"@id\":\"https:\/\/turcon.es\/wp\/#organization\"},\"potentialAction\":[{\"@type\":\"SearchAction\",\"target\":{\"@type\":\"EntryPoint\",\"urlTemplate\":\"https:\/\/turcon.es\/wp\/?s={search_term_string}\"},\"query-input\":{\"@type\":\"PropertyValueSpecification\",\"valueRequired\":true,\"valueName\":\"search_term_string\"}}],\"inLanguage\":\"es\"},{\"@type\":\"Organization\",\"@id\":\"https:\/\/turcon.es\/wp\/#organization\",\"name\":\"Colectivo Ecologista Turcon\",\"url\":\"https:\/\/turcon.es\/wp\/\",\"logo\":{\"@type\":\"ImageObject\",\"inLanguage\":\"es\",\"@id\":\"https:\/\/turcon.es\/wp\/#\/schema\/logo\/image\/\",\"url\":\"https:\/\/turcon.es\/wp\/wp-content\/uploads\/2025\/03\/logo-verde.svg\",\"contentUrl\":\"https:\/\/turcon.es\/wp\/wp-content\/uploads\/2025\/03\/logo-verde.svg\",\"width\":813,\"height\":813,\"caption\":\"Colectivo Ecologista Turcon\"},\"image\":{\"@id\":\"https:\/\/turcon.es\/wp\/#\/schema\/logo\/image\/\"}},{\"@type\":\"Person\",\"@id\":\"https:\/\/turcon.es\/wp\/#\/schema\/person\/a1f3ba727ce031d9da17684affe85edd\",\"name\":\"Laura Fernandez\",\"image\":{\"@type\":\"ImageObject\",\"inLanguage\":\"es\",\"@id\":\"https:\/\/turcon.es\/wp\/#\/schema\/person\/image\/\",\"url\":\"https:\/\/secure.gravatar.com\/avatar\/360749af9549af22e54582d50231ae56e854210ae2368797ba242f445a9852e8?s=96&d=mm&r=g\",\"contentUrl\":\"https:\/\/secure.gravatar.com\/avatar\/360749af9549af22e54582d50231ae56e854210ae2368797ba242f445a9852e8?s=96&d=mm&r=g\",\"caption\":\"Laura Fernandez\"},\"url\":\"https:\/\/turcon.es\/wp\/author\/admturcon\/\"}]}<\/script>\n<!-- \/ Yoast SEO plugin. -->","yoast_head_json":{"title":"Espi\u00f1o en Arucas - Colectivo Ecologista Turcon","robots":{"index":"index","follow":"follow","max-snippet":"max-snippet:-1","max-image-preview":"max-image-preview:large","max-video-preview":"max-video-preview:-1"},"canonical":"https:\/\/turcon.es\/wp\/espino-en-arucas\/","og_locale":"es_ES","og_type":"article","og_title":"Espi\u00f1o en Arucas - Colectivo Ecologista Turcon","og_description":"Presentado en el Centro Municipal de Cultura el libro \u00abUn centenar de Lagartos\u00bb, de Jos\u00e9 Manuel Espi\u00f1o. El acto cont\u00f3 con la participaci\u00f3n del autor del libro, Lidia Monz\u00f3n, que fue la encargada de presentar la obra e Ildefonso Rodr\u00edguez, autor de un sensacional Audiovisual sobre l lagarto de Gran Canaria. Actividad organizada por: La [&hellip;]","og_url":"https:\/\/turcon.es\/wp\/espino-en-arucas\/","og_site_name":"Colectivo Ecologista Turcon","article_published_time":"2014-02-21T10:24:00+00:00","og_image":[{"width":960,"height":720,"url":"https:\/\/turcon.es\/wp\/wp-content\/uploads\/2014\/02\/1969353_271698959654846_1285795156_n.jpg","type":"image\/jpeg"}],"author":"Laura Fernandez","twitter_card":"summary_large_image","twitter_misc":{"Escrito por":"Laura Fernandez"},"schema":{"@context":"https:\/\/schema.org","@graph":[{"@type":"Article","@id":"https:\/\/turcon.es\/wp\/espino-en-arucas\/#article","isPartOf":{"@id":"https:\/\/turcon.es\/wp\/espino-en-arucas\/"},"author":{"name":"Laura Fernandez","@id":"https:\/\/turcon.es\/wp\/#\/schema\/person\/a1f3ba727ce031d9da17684affe85edd"},"headline":"Espi\u00f1o en Arucas","datePublished":"2014-02-21T10:24:00+00:00","mainEntityOfPage":{"@id":"https:\/\/turcon.es\/wp\/espino-en-arucas\/"},"wordCount":85,"commentCount":0,"publisher":{"@id":"https:\/\/turcon.es\/wp\/#organization"},"image":{"@id":"https:\/\/turcon.es\/wp\/espino-en-arucas\/#primaryimage"},"thumbnailUrl":"http:\/\/turcon.es\/wp\/wp-content\/uploads\/2014\/02\/1969353_271698959654846_1285795156_n.jpg?w=300","articleSection":["#Actividades Turc\u00f3n#","Administraci\u00f3n p\u00fablica","Espacios Naturales","Fauna","Gran Canaria","Notas de prensa de Turc\u00f3n","Recomendamos para leer, ver y escuchar..."],"inLanguage":"es","potentialAction":[{"@type":"CommentAction","name":"Comment","target":["https:\/\/turcon.es\/wp\/espino-en-arucas\/#respond"]}]},{"@type":"WebPage","@id":"https:\/\/turcon.es\/wp\/espino-en-arucas\/","url":"https:\/\/turcon.es\/wp\/espino-en-arucas\/","name":"Espi\u00f1o en Arucas - Colectivo Ecologista Turcon","isPartOf":{"@id":"https:\/\/turcon.es\/wp\/#website"},"primaryImageOfPage":{"@id":"https:\/\/turcon.es\/wp\/espino-en-arucas\/#primaryimage"},"image":{"@id":"https:\/\/turcon.es\/wp\/espino-en-arucas\/#primaryimage"},"thumbnailUrl":"http:\/\/turcon.es\/wp\/wp-content\/uploads\/2014\/02\/1969353_271698959654846_1285795156_n.jpg?w=300","datePublished":"2014-02-21T10:24:00+00:00","breadcrumb":{"@id":"https:\/\/turcon.es\/wp\/espino-en-arucas\/#breadcrumb"},"inLanguage":"es","potentialAction":[{"@type":"ReadAction","target":["https:\/\/turcon.es\/wp\/espino-en-arucas\/"]}]},{"@type":"ImageObject","inLanguage":"es","@id":"https:\/\/turcon.es\/wp\/espino-en-arucas\/#primaryimage","url":"http:\/\/turcon.es\/wp\/wp-content\/uploads\/2014\/02\/1969353_271698959654846_1285795156_n.jpg?w=300","contentUrl":"http:\/\/turcon.es\/wp\/wp-content\/uploads\/2014\/02\/1969353_271698959654846_1285795156_n.jpg?w=300"},{"@type":"BreadcrumbList","@id":"https:\/\/turcon.es\/wp\/espino-en-arucas\/#breadcrumb","itemListElement":[{"@type":"ListItem","position":1,"name":"Portada","item":"https:\/\/turcon.es\/wp\/"},{"@type":"ListItem","position":2,"name":"Espi\u00f1o en Arucas"}]},{"@type":"WebSite","@id":"https:\/\/turcon.es\/wp\/#website","url":"https:\/\/turcon.es\/wp\/","name":"Colectivo Ecologista Turcon","description":"","publisher":{"@id":"https:\/\/turcon.es\/wp\/#organization"},"potentialAction":[{"@type":"SearchAction","target":{"@type":"EntryPoint","urlTemplate":"https:\/\/turcon.es\/wp\/?s={search_term_string}"},"query-input":{"@type":"PropertyValueSpecification","valueRequired":true,"valueName":"search_term_string"}}],"inLanguage":"es"},{"@type":"Organization","@id":"https:\/\/turcon.es\/wp\/#organization","name":"Colectivo Ecologista Turcon","url":"https:\/\/turcon.es\/wp\/","logo":{"@type":"ImageObject","inLanguage":"es","@id":"https:\/\/turcon.es\/wp\/#\/schema\/logo\/image\/","url":"https:\/\/turcon.es\/wp\/wp-content\/uploads\/2025\/03\/logo-verde.svg","contentUrl":"https:\/\/turcon.es\/wp\/wp-content\/uploads\/2025\/03\/logo-verde.svg","width":813,"height":813,"caption":"Colectivo Ecologista Turcon"},"image":{"@id":"https:\/\/turcon.es\/wp\/#\/schema\/logo\/image\/"}},{"@type":"Person","@id":"https:\/\/turcon.es\/wp\/#\/schema\/person\/a1f3ba727ce031d9da17684affe85edd","name":"Laura Fernandez","image":{"@type":"ImageObject","inLanguage":"es","@id":"https:\/\/turcon.es\/wp\/#\/schema\/person\/image\/","url":"https:\/\/secure.gravatar.com\/avatar\/360749af9549af22e54582d50231ae56e854210ae2368797ba242f445a9852e8?s=96&d=mm&r=g","contentUrl":"https:\/\/secure.gravatar.com\/avatar\/360749af9549af22e54582d50231ae56e854210ae2368797ba242f445a9852e8?s=96&d=mm&r=g","caption":"Laura Fernandez"},"url":"https:\/\/turcon.es\/wp\/author\/admturcon\/"}]}},"_links":{"self":[{"href":"https:\/\/turcon.es\/wp\/wp-json\/wp\/v2\/posts\/10656","targetHints":{"allow":["GET"]}}],"collection":[{"href":"https:\/\/turcon.es\/wp\/wp-json\/wp\/v2\/posts"}],"about":[{"href":"https:\/\/turcon.es\/wp\/wp-json\/wp\/v2\/types\/post"}],"author":[{"embeddable":true,"href":"https:\/\/turcon.es\/wp\/wp-json\/wp\/v2\/users\/2"}],"replies":[{"embeddable":true,"href":"https:\/\/turcon.es\/wp\/wp-json\/wp\/v2\/comments?post=10656"}],"version-history":[{"count":0,"href":"https:\/\/turcon.es\/wp\/wp-json\/wp\/v2\/posts\/10656\/revisions"}],"wp:attachment":[{"href":"https:\/\/turcon.es\/wp\/wp-json\/wp\/v2\/media?parent=10656"}],"wp:term":[{"taxonomy":"category","embeddable":true,"href":"https:\/\/turcon.es\/wp\/wp-json\/wp\/v2\/categories?post=10656"},{"taxonomy":"post_tag","embeddable":true,"href":"https:\/\/turcon.es\/wp\/wp-json\/wp\/v2\/tags?post=10656"}],"curies":[{"name":"wp","href":"https:\/\/api.w.org\/{rel}","templated":true}]}}