{"id":10824,"date":"2014-05-18T09:01:43","date_gmt":"2014-05-18T09:01:43","guid":{"rendered":"http:\/\/turcon.wordpress.com\/?p=10824"},"modified":"2014-05-18T09:01:43","modified_gmt":"2014-05-18T09:01:43","slug":"ruta-por-camaretas-y-hoya-del-gamonal","status":"publish","type":"post","link":"https:\/\/turcon.es\/wp\/ruta-por-camaretas-y-hoya-del-gamonal\/","title":{"rendered":"Ruta por Camaretas y Hoya del Gamonal"},"content":{"rendered":"<p><strong>El Colectivo Turc\u00f3n realiz\u00f3 en el d\u00eda de ayer su ruta programa en las actividades del a\u00f1o 2014.<\/strong><\/p>\n<p><strong>Se trataba del itinerario: Cueva Grande-Camaretas-Degollada del Picacho-Hoya del Gamonal-Lomo Cuevas Altas-Lomo de los Ingleses-Monta\u00f1a de Troya-La Lechucilla.<\/strong><\/p>\n<p>Un numeroso grupo de senderistas, con 11 ni\u00f1os, ya que se trataba de una ruta familiar de nivel bajo, comenzaron a caminar sobre las 11 horas, finalizando la ruta en La Lechucilla sobre las 15 horas. En total 4 horas de ruta por uno de los parajes m\u00e1s bellos de la Vega de San Mateo.<\/p>\n<p><strong><a href=\"http:\/\/turcon.es\/wp\/wp-content\/uploads\/2014\/05\/p1060303.jpg\"><img decoding=\"async\" class=\"alignright size-thumbnail wp-image-10825\" src=\"http:\/\/turcon.es\/wp\/wp-content\/uploads\/2014\/05\/p1060303.jpg?w=150\" alt=\"P1060303\" width=\"150\" height=\"112\" \/><\/a>Un arco iris de flores<\/strong><\/p>\n<p>Las caracter\u00edsticas geomorfol\u00f3gicas de la <strong>Hoya del Gamonal <\/strong>y <strong>Camaretas<\/strong> propician una humedad y condiciones adecuadas para que muchas especies proliferen y convivan en su m\u00e1xima expresi\u00f3n.<\/p>\n<p>Las m\u00e1s abundantes son las morgallanas (<em>Rannunculus cortosifolius<\/em>), la flor de mayo (<em>Pericallis webbii<\/em>), la ca\u00f1aleja, el tajinaste blanco, la gamona (<em>Asphodelus aestivus<\/em>) que da nombre al lugar, pero tambi\u00e9n existen: cresta de gallo (<em>Isoplexis canariensis<\/em>), tajinaste azul (<em>Echium callithyrsum<\/em>), bic\u00e1caro (<em>Canarina canariensis<\/em>), alhel\u00edes de monte, codesos, margaritas, cerrajas, hierbas punteras y bejeques, c\u00f3nganos, pasteles de risco, etc&#8230;y todo ello unido a especies forestales y frutales de porte arb\u00f3reo.<\/p>\n<p><strong>Ruta de las galer\u00edas<\/strong><\/p>\n<p>La especial orograf\u00eda de la <strong>Hoya del Gamonal<\/strong>, con una orientaci\u00f3n de sus monta\u00f1as que materialmente filtran, por sus altas cotas, las nubes y los vientos alisios, propicia que en la zona existan datos pluviom\u00e9tricos sustanciales. Mediciones entre los a\u00f1os 1925 y 1985 arrojan una media de lluvias entorno a 780,96 litros\/m<sup>2.<\/sup><\/p>\n<p>&nbsp;<\/p>\n<p>Es posible que estas caracter\u00edsticas f\u00edsicas y ambientales dieran lugar a una riqueza de\u00a0 biotopos y, por tanto, a unos exclusivos y numerosos endemismos. Pero sin lugar a duda, en la zona existe una incontable cantidad de galer\u00edas y pozos que revelan la explotaci\u00f3n incesante del acu\u00edfero. La lucha por conseguir y conservar tan preciado l\u00edquido ha dejado unas marcas en el territorio que el caminante ir\u00e1 descubriendo a lo largo de esta ruta.<\/p>\n<p>&nbsp;<\/p>\n<p>Gran parte del territorio que atraviesa este <strong>itinerario es de propiedad p\u00fablica, <\/strong>reparti\u00e9ndose la titularidad entre el Ayuntamiento de la Vega de San Mateo y el de Las Palmas de Gran Canaria. Este \u00faltimo recoge parte de las aguas que nacen en la zona de <strong><em>Siete Fuentes. <\/em><\/strong>A principios del siglo XX, una compa\u00f1\u00eda inglesa realizaba extracciones de agua destinadas a cubrir las crecientes necesidades de abastecimiento de la ciudad por entonces. El agua de estos nacientes era conducida por tuber\u00edas de hierro desde la Hoya del Gamonal hasta el Llano de las Brujas, en Las Palmas de Gran Canaria, pasando por debajo de la f\u00e1brica de cerveza.<\/p>\n<p><strong>Nuestras pr\u00f3ximas actividades:<\/strong><\/p>\n<ul>\n<li><span style=\"text-decoration:underline;\"><strong>Domingo, 15 de junio: <\/strong><\/span><\/li>\n<li><strong>RUTA Arteara.\u00a0<\/strong>Homenaje a nuestro compa\u00f1ero Jos\u00e9 Domingo Fern\u00e1ndez Quevedo<\/li>\n<\/ul>\n<ul>\n<li><span style=\"text-decoration:underline;\"><strong>S\u00e1bado, 21 de junio: <\/strong><\/span><\/li>\n<li><strong>Laguna de Valleseco<\/strong><\/li>\n<li><span style=\"text-decoration:underline;\"><strong> S\u00e1bado, 12 de julio: <\/strong><\/span><\/li>\n<li><strong>Barranco de La Mina<\/strong><\/li>\n<\/ul>\n<p>Galer\u00eda fotogr\u00e1fica de Honorio Galindo: pinchar en el siguiente enlace<\/p>\n<p><a style=\"color:#1155cc;\" href=\"https:\/\/plus.google.com\/photos\/100980481131137214670\/albums\/6009261061831490193\" target=\"_blank\">https:\/\/plus.google.com\/photos\/100980481131137214670\/albums\/6009261061831490193<\/a><\/p>\n<p>&nbsp;<\/p>\n","protected":false},"excerpt":{"rendered":"<p>El Colectivo Turc\u00f3n realiz\u00f3 en el d\u00eda de ayer su ruta programa en las actividades del a\u00f1o 2014. Se trataba del itinerario: Cueva Grande-Camaretas-Degollada del Picacho-Hoya del Gamonal-Lomo Cuevas Altas-Lomo de los Ingleses-Monta\u00f1a de Troya-La Lechucilla. Un numeroso grupo de senderistas, con 11 ni\u00f1os, ya que se trataba de una ruta familiar de nivel bajo, [&hellip;]<\/p>\n","protected":false},"author":2,"featured_media":0,"comment_status":"open","ping_status":"open","sticky":false,"template":"","format":"standard","meta":{"footnotes":""},"categories":[6,37,39,41,46,57],"tags":[],"class_list":["post-10824","post","type-post","status-publish","format-standard","hentry","category-actividades-turcon","category-espacios-naturales","category-fauna-y-flora","category-gran-canaria","category-notas-de-prensa-de-turcon","category-senderismo"],"yoast_head":"<!-- This site is optimized with the Yoast SEO plugin v26.3 - https:\/\/yoast.com\/wordpress\/plugins\/seo\/ -->\n<title>Ruta por Camaretas y Hoya del Gamonal - Colectivo Ecologista Turcon<\/title>\n<meta name=\"robots\" content=\"index, follow, max-snippet:-1, max-image-preview:large, max-video-preview:-1\" \/>\n<link rel=\"canonical\" href=\"https:\/\/turcon.es\/wp\/ruta-por-camaretas-y-hoya-del-gamonal\/\" \/>\n<meta property=\"og:locale\" content=\"es_ES\" \/>\n<meta property=\"og:type\" content=\"article\" \/>\n<meta property=\"og:title\" content=\"Ruta por Camaretas y Hoya del Gamonal - Colectivo Ecologista Turcon\" \/>\n<meta property=\"og:description\" content=\"El Colectivo Turc\u00f3n realiz\u00f3 en el d\u00eda de ayer su ruta programa en las actividades del a\u00f1o 2014. Se trataba del itinerario: Cueva Grande-Camaretas-Degollada del Picacho-Hoya del Gamonal-Lomo Cuevas Altas-Lomo de los Ingleses-Monta\u00f1a de Troya-La Lechucilla. Un numeroso grupo de senderistas, con 11 ni\u00f1os, ya que se trataba de una ruta familiar de nivel bajo, [&hellip;]\" \/>\n<meta property=\"og:url\" content=\"https:\/\/turcon.es\/wp\/ruta-por-camaretas-y-hoya-del-gamonal\/\" \/>\n<meta property=\"og:site_name\" content=\"Colectivo Ecologista Turcon\" \/>\n<meta property=\"article:published_time\" content=\"2014-05-18T09:01:43+00:00\" \/>\n<meta property=\"og:image\" content=\"https:\/\/turcon.es\/wp\/wp-content\/uploads\/2014\/05\/p1060303-scaled.jpg\" \/>\n\t<meta property=\"og:image:width\" content=\"2560\" \/>\n\t<meta property=\"og:image:height\" content=\"1920\" \/>\n\t<meta property=\"og:image:type\" content=\"image\/jpeg\" \/>\n<meta name=\"author\" content=\"Laura Fernandez\" \/>\n<meta name=\"twitter:card\" content=\"summary_large_image\" \/>\n<meta name=\"twitter:label1\" content=\"Escrito por\" \/>\n\t<meta name=\"twitter:data1\" content=\"Laura Fernandez\" \/>\n\t<meta name=\"twitter:label2\" content=\"Tiempo de lectura\" \/>\n\t<meta name=\"twitter:data2\" content=\"3 minutos\" \/>\n<script type=\"application\/ld+json\" class=\"yoast-schema-graph\">{\"@context\":\"https:\/\/schema.org\",\"@graph\":[{\"@type\":\"Article\",\"@id\":\"https:\/\/turcon.es\/wp\/ruta-por-camaretas-y-hoya-del-gamonal\/#article\",\"isPartOf\":{\"@id\":\"https:\/\/turcon.es\/wp\/ruta-por-camaretas-y-hoya-del-gamonal\/\"},\"author\":{\"name\":\"Laura Fernandez\",\"@id\":\"https:\/\/turcon.es\/wp\/#\/schema\/person\/a1f3ba727ce031d9da17684affe85edd\"},\"headline\":\"Ruta por Camaretas y Hoya del Gamonal\",\"datePublished\":\"2014-05-18T09:01:43+00:00\",\"mainEntityOfPage\":{\"@id\":\"https:\/\/turcon.es\/wp\/ruta-por-camaretas-y-hoya-del-gamonal\/\"},\"wordCount\":520,\"commentCount\":0,\"publisher\":{\"@id\":\"https:\/\/turcon.es\/wp\/#organization\"},\"image\":{\"@id\":\"https:\/\/turcon.es\/wp\/ruta-por-camaretas-y-hoya-del-gamonal\/#primaryimage\"},\"thumbnailUrl\":\"http:\/\/turcon.es\/wp\/wp-content\/uploads\/2014\/05\/p1060303.jpg?w=150\",\"articleSection\":[\"#Actividades Turc\u00f3n#\",\"Espacios Naturales\",\"Fauna y flora\",\"Gran Canaria\",\"Notas de prensa de Turc\u00f3n\",\"Senderismo\"],\"inLanguage\":\"es\",\"potentialAction\":[{\"@type\":\"CommentAction\",\"name\":\"Comment\",\"target\":[\"https:\/\/turcon.es\/wp\/ruta-por-camaretas-y-hoya-del-gamonal\/#respond\"]}]},{\"@type\":\"WebPage\",\"@id\":\"https:\/\/turcon.es\/wp\/ruta-por-camaretas-y-hoya-del-gamonal\/\",\"url\":\"https:\/\/turcon.es\/wp\/ruta-por-camaretas-y-hoya-del-gamonal\/\",\"name\":\"Ruta por Camaretas y Hoya del Gamonal - Colectivo Ecologista Turcon\",\"isPartOf\":{\"@id\":\"https:\/\/turcon.es\/wp\/#website\"},\"primaryImageOfPage\":{\"@id\":\"https:\/\/turcon.es\/wp\/ruta-por-camaretas-y-hoya-del-gamonal\/#primaryimage\"},\"image\":{\"@id\":\"https:\/\/turcon.es\/wp\/ruta-por-camaretas-y-hoya-del-gamonal\/#primaryimage\"},\"thumbnailUrl\":\"http:\/\/turcon.es\/wp\/wp-content\/uploads\/2014\/05\/p1060303.jpg?w=150\",\"datePublished\":\"2014-05-18T09:01:43+00:00\",\"breadcrumb\":{\"@id\":\"https:\/\/turcon.es\/wp\/ruta-por-camaretas-y-hoya-del-gamonal\/#breadcrumb\"},\"inLanguage\":\"es\",\"potentialAction\":[{\"@type\":\"ReadAction\",\"target\":[\"https:\/\/turcon.es\/wp\/ruta-por-camaretas-y-hoya-del-gamonal\/\"]}]},{\"@type\":\"ImageObject\",\"inLanguage\":\"es\",\"@id\":\"https:\/\/turcon.es\/wp\/ruta-por-camaretas-y-hoya-del-gamonal\/#primaryimage\",\"url\":\"http:\/\/turcon.es\/wp\/wp-content\/uploads\/2014\/05\/p1060303.jpg?w=150\",\"contentUrl\":\"http:\/\/turcon.es\/wp\/wp-content\/uploads\/2014\/05\/p1060303.jpg?w=150\"},{\"@type\":\"BreadcrumbList\",\"@id\":\"https:\/\/turcon.es\/wp\/ruta-por-camaretas-y-hoya-del-gamonal\/#breadcrumb\",\"itemListElement\":[{\"@type\":\"ListItem\",\"position\":1,\"name\":\"Portada\",\"item\":\"https:\/\/turcon.es\/wp\/\"},{\"@type\":\"ListItem\",\"position\":2,\"name\":\"Ruta por Camaretas y Hoya del Gamonal\"}]},{\"@type\":\"WebSite\",\"@id\":\"https:\/\/turcon.es\/wp\/#website\",\"url\":\"https:\/\/turcon.es\/wp\/\",\"name\":\"Colectivo Ecologista Turcon\",\"description\":\"\",\"publisher\":{\"@id\":\"https:\/\/turcon.es\/wp\/#organization\"},\"potentialAction\":[{\"@type\":\"SearchAction\",\"target\":{\"@type\":\"EntryPoint\",\"urlTemplate\":\"https:\/\/turcon.es\/wp\/?s={search_term_string}\"},\"query-input\":{\"@type\":\"PropertyValueSpecification\",\"valueRequired\":true,\"valueName\":\"search_term_string\"}}],\"inLanguage\":\"es\"},{\"@type\":\"Organization\",\"@id\":\"https:\/\/turcon.es\/wp\/#organization\",\"name\":\"Colectivo Ecologista Turcon\",\"url\":\"https:\/\/turcon.es\/wp\/\",\"logo\":{\"@type\":\"ImageObject\",\"inLanguage\":\"es\",\"@id\":\"https:\/\/turcon.es\/wp\/#\/schema\/logo\/image\/\",\"url\":\"https:\/\/turcon.es\/wp\/wp-content\/uploads\/2025\/03\/logo-verde.svg\",\"contentUrl\":\"https:\/\/turcon.es\/wp\/wp-content\/uploads\/2025\/03\/logo-verde.svg\",\"width\":813,\"height\":813,\"caption\":\"Colectivo Ecologista Turcon\"},\"image\":{\"@id\":\"https:\/\/turcon.es\/wp\/#\/schema\/logo\/image\/\"}},{\"@type\":\"Person\",\"@id\":\"https:\/\/turcon.es\/wp\/#\/schema\/person\/a1f3ba727ce031d9da17684affe85edd\",\"name\":\"Laura Fernandez\",\"image\":{\"@type\":\"ImageObject\",\"inLanguage\":\"es\",\"@id\":\"https:\/\/turcon.es\/wp\/#\/schema\/person\/image\/\",\"url\":\"https:\/\/secure.gravatar.com\/avatar\/360749af9549af22e54582d50231ae56e854210ae2368797ba242f445a9852e8?s=96&d=mm&r=g\",\"contentUrl\":\"https:\/\/secure.gravatar.com\/avatar\/360749af9549af22e54582d50231ae56e854210ae2368797ba242f445a9852e8?s=96&d=mm&r=g\",\"caption\":\"Laura Fernandez\"},\"url\":\"https:\/\/turcon.es\/wp\/author\/admturcon\/\"}]}<\/script>\n<!-- \/ Yoast SEO plugin. -->","yoast_head_json":{"title":"Ruta por Camaretas y Hoya del Gamonal - Colectivo Ecologista Turcon","robots":{"index":"index","follow":"follow","max-snippet":"max-snippet:-1","max-image-preview":"max-image-preview:large","max-video-preview":"max-video-preview:-1"},"canonical":"https:\/\/turcon.es\/wp\/ruta-por-camaretas-y-hoya-del-gamonal\/","og_locale":"es_ES","og_type":"article","og_title":"Ruta por Camaretas y Hoya del Gamonal - Colectivo Ecologista Turcon","og_description":"El Colectivo Turc\u00f3n realiz\u00f3 en el d\u00eda de ayer su ruta programa en las actividades del a\u00f1o 2014. Se trataba del itinerario: Cueva Grande-Camaretas-Degollada del Picacho-Hoya del Gamonal-Lomo Cuevas Altas-Lomo de los Ingleses-Monta\u00f1a de Troya-La Lechucilla. Un numeroso grupo de senderistas, con 11 ni\u00f1os, ya que se trataba de una ruta familiar de nivel bajo, [&hellip;]","og_url":"https:\/\/turcon.es\/wp\/ruta-por-camaretas-y-hoya-del-gamonal\/","og_site_name":"Colectivo Ecologista Turcon","article_published_time":"2014-05-18T09:01:43+00:00","og_image":[{"width":2560,"height":1920,"url":"https:\/\/turcon.es\/wp\/wp-content\/uploads\/2014\/05\/p1060303-scaled.jpg","type":"image\/jpeg"}],"author":"Laura Fernandez","twitter_card":"summary_large_image","twitter_misc":{"Escrito por":"Laura Fernandez","Tiempo de lectura":"3 minutos"},"schema":{"@context":"https:\/\/schema.org","@graph":[{"@type":"Article","@id":"https:\/\/turcon.es\/wp\/ruta-por-camaretas-y-hoya-del-gamonal\/#article","isPartOf":{"@id":"https:\/\/turcon.es\/wp\/ruta-por-camaretas-y-hoya-del-gamonal\/"},"author":{"name":"Laura Fernandez","@id":"https:\/\/turcon.es\/wp\/#\/schema\/person\/a1f3ba727ce031d9da17684affe85edd"},"headline":"Ruta por Camaretas y Hoya del Gamonal","datePublished":"2014-05-18T09:01:43+00:00","mainEntityOfPage":{"@id":"https:\/\/turcon.es\/wp\/ruta-por-camaretas-y-hoya-del-gamonal\/"},"wordCount":520,"commentCount":0,"publisher":{"@id":"https:\/\/turcon.es\/wp\/#organization"},"image":{"@id":"https:\/\/turcon.es\/wp\/ruta-por-camaretas-y-hoya-del-gamonal\/#primaryimage"},"thumbnailUrl":"http:\/\/turcon.es\/wp\/wp-content\/uploads\/2014\/05\/p1060303.jpg?w=150","articleSection":["#Actividades Turc\u00f3n#","Espacios Naturales","Fauna y flora","Gran Canaria","Notas de prensa de Turc\u00f3n","Senderismo"],"inLanguage":"es","potentialAction":[{"@type":"CommentAction","name":"Comment","target":["https:\/\/turcon.es\/wp\/ruta-por-camaretas-y-hoya-del-gamonal\/#respond"]}]},{"@type":"WebPage","@id":"https:\/\/turcon.es\/wp\/ruta-por-camaretas-y-hoya-del-gamonal\/","url":"https:\/\/turcon.es\/wp\/ruta-por-camaretas-y-hoya-del-gamonal\/","name":"Ruta por Camaretas y Hoya del Gamonal - Colectivo Ecologista Turcon","isPartOf":{"@id":"https:\/\/turcon.es\/wp\/#website"},"primaryImageOfPage":{"@id":"https:\/\/turcon.es\/wp\/ruta-por-camaretas-y-hoya-del-gamonal\/#primaryimage"},"image":{"@id":"https:\/\/turcon.es\/wp\/ruta-por-camaretas-y-hoya-del-gamonal\/#primaryimage"},"thumbnailUrl":"http:\/\/turcon.es\/wp\/wp-content\/uploads\/2014\/05\/p1060303.jpg?w=150","datePublished":"2014-05-18T09:01:43+00:00","breadcrumb":{"@id":"https:\/\/turcon.es\/wp\/ruta-por-camaretas-y-hoya-del-gamonal\/#breadcrumb"},"inLanguage":"es","potentialAction":[{"@type":"ReadAction","target":["https:\/\/turcon.es\/wp\/ruta-por-camaretas-y-hoya-del-gamonal\/"]}]},{"@type":"ImageObject","inLanguage":"es","@id":"https:\/\/turcon.es\/wp\/ruta-por-camaretas-y-hoya-del-gamonal\/#primaryimage","url":"http:\/\/turcon.es\/wp\/wp-content\/uploads\/2014\/05\/p1060303.jpg?w=150","contentUrl":"http:\/\/turcon.es\/wp\/wp-content\/uploads\/2014\/05\/p1060303.jpg?w=150"},{"@type":"BreadcrumbList","@id":"https:\/\/turcon.es\/wp\/ruta-por-camaretas-y-hoya-del-gamonal\/#breadcrumb","itemListElement":[{"@type":"ListItem","position":1,"name":"Portada","item":"https:\/\/turcon.es\/wp\/"},{"@type":"ListItem","position":2,"name":"Ruta por Camaretas y Hoya del Gamonal"}]},{"@type":"WebSite","@id":"https:\/\/turcon.es\/wp\/#website","url":"https:\/\/turcon.es\/wp\/","name":"Colectivo Ecologista Turcon","description":"","publisher":{"@id":"https:\/\/turcon.es\/wp\/#organization"},"potentialAction":[{"@type":"SearchAction","target":{"@type":"EntryPoint","urlTemplate":"https:\/\/turcon.es\/wp\/?s={search_term_string}"},"query-input":{"@type":"PropertyValueSpecification","valueRequired":true,"valueName":"search_term_string"}}],"inLanguage":"es"},{"@type":"Organization","@id":"https:\/\/turcon.es\/wp\/#organization","name":"Colectivo Ecologista Turcon","url":"https:\/\/turcon.es\/wp\/","logo":{"@type":"ImageObject","inLanguage":"es","@id":"https:\/\/turcon.es\/wp\/#\/schema\/logo\/image\/","url":"https:\/\/turcon.es\/wp\/wp-content\/uploads\/2025\/03\/logo-verde.svg","contentUrl":"https:\/\/turcon.es\/wp\/wp-content\/uploads\/2025\/03\/logo-verde.svg","width":813,"height":813,"caption":"Colectivo Ecologista Turcon"},"image":{"@id":"https:\/\/turcon.es\/wp\/#\/schema\/logo\/image\/"}},{"@type":"Person","@id":"https:\/\/turcon.es\/wp\/#\/schema\/person\/a1f3ba727ce031d9da17684affe85edd","name":"Laura Fernandez","image":{"@type":"ImageObject","inLanguage":"es","@id":"https:\/\/turcon.es\/wp\/#\/schema\/person\/image\/","url":"https:\/\/secure.gravatar.com\/avatar\/360749af9549af22e54582d50231ae56e854210ae2368797ba242f445a9852e8?s=96&d=mm&r=g","contentUrl":"https:\/\/secure.gravatar.com\/avatar\/360749af9549af22e54582d50231ae56e854210ae2368797ba242f445a9852e8?s=96&d=mm&r=g","caption":"Laura Fernandez"},"url":"https:\/\/turcon.es\/wp\/author\/admturcon\/"}]}},"_links":{"self":[{"href":"https:\/\/turcon.es\/wp\/wp-json\/wp\/v2\/posts\/10824","targetHints":{"allow":["GET"]}}],"collection":[{"href":"https:\/\/turcon.es\/wp\/wp-json\/wp\/v2\/posts"}],"about":[{"href":"https:\/\/turcon.es\/wp\/wp-json\/wp\/v2\/types\/post"}],"author":[{"embeddable":true,"href":"https:\/\/turcon.es\/wp\/wp-json\/wp\/v2\/users\/2"}],"replies":[{"embeddable":true,"href":"https:\/\/turcon.es\/wp\/wp-json\/wp\/v2\/comments?post=10824"}],"version-history":[{"count":0,"href":"https:\/\/turcon.es\/wp\/wp-json\/wp\/v2\/posts\/10824\/revisions"}],"wp:attachment":[{"href":"https:\/\/turcon.es\/wp\/wp-json\/wp\/v2\/media?parent=10824"}],"wp:term":[{"taxonomy":"category","embeddable":true,"href":"https:\/\/turcon.es\/wp\/wp-json\/wp\/v2\/categories?post=10824"},{"taxonomy":"post_tag","embeddable":true,"href":"https:\/\/turcon.es\/wp\/wp-json\/wp\/v2\/tags?post=10824"}],"curies":[{"name":"wp","href":"https:\/\/api.w.org\/{rel}","templated":true}]}}