{"id":10837,"date":"2014-05-28T21:46:44","date_gmt":"2014-05-28T21:46:44","guid":{"rendered":"http:\/\/turcon.wordpress.com\/?p=10837"},"modified":"2014-05-28T21:46:44","modified_gmt":"2014-05-28T21:46:44","slug":"turcon-presenta-alegaciones-al-anteproyecto-de-ley-de-inversiones-estrategicas-para-canarias","status":"publish","type":"post","link":"https:\/\/turcon.es\/wp\/turcon-presenta-alegaciones-al-anteproyecto-de-ley-de-inversiones-estrategicas-para-canarias\/","title":{"rendered":"Turc\u00f3n presenta alegaciones al Anteproyecto de Ley de inversiones estrat\u00e9gicas para Canarias"},"content":{"rendered":"<h3 style=\"text-align:justify;\"><a href=\"https:\/\/turcon.es\/wp\/wp-content\/uploads\/2013\/01\/cropped-cabecera.jpg\"><img decoding=\"async\" class=\"aligncenter size-full wp-image-9345\" src=\"https:\/\/turcon.es\/wp\/wp-content\/uploads\/2013\/01\/cropped-cabecera.jpg\" alt=\"cropped-cabecera.jpg\" width=\"468\" height=\"82\" srcset=\"https:\/\/turcon.es\/wp\/wp-content\/uploads\/2013\/01\/cropped-cabecera.jpg 904w, https:\/\/turcon.es\/wp\/wp-content\/uploads\/2013\/01\/cropped-cabecera-300x53.jpg 300w, https:\/\/turcon.es\/wp\/wp-content\/uploads\/2013\/01\/cropped-cabecera-768x136.jpg 768w\" sizes=\"(max-width: 468px) 100vw, 468px\" \/><\/a><\/h3>\n<h3 style=\"text-align:justify;\"><strong>El Bolet\u00edn Oficial de Canarias n\u00fam. 89, de fecha Viernes 9 de mayo de 2014, public\u00f3 el Anuncio por el que se somete a informaci\u00f3n p\u00fablica <em>el Anteproyecto de Ley sobre tramitaci\u00f3n preferente de inversiones estrat\u00e9gicas para Canarias,<\/em> acompa\u00f1ado de lista de evaluaci\u00f3n, del Gobierno de Canarias.<\/strong><\/h3>\n<h3 style=\"text-align:justify;\"><strong>El Colectivo Turc\u00f3n-Ecologistas en Acci\u00f3n solicita su retirada porque el Gobierno confunde el inter\u00e9s general con los proyectos estrat\u00e9gicos.<\/strong><\/h3>\n<p>&nbsp;<\/p>\n<p style=\"text-align:justify;\">Para los ecologistas \u201cla mala gesti\u00f3n de su Gobierno lleva en muchas ocasiones a retrasos y alargamiento de los plazos y procedimientos, que ahora se quieren acortar. Con los proyectos de leyes presentados por el Gobierno de Canarias no simplifican en absoluto el actual marco normativo canario. Todo lo contrario, a la entrada en vigor de ambas normas, existir\u00e1n OCHO (8) leyes para regular dos materias: turismo y ordenaci\u00f3n territorial y urban\u00edstica\u201d.<\/p>\n<p style=\"text-align:justify;\">En su alegaci\u00f3n Turc\u00f3n declara que \u201cla incompetencia y la mala gesti\u00f3n de nuestros recursos naturales vienen dada por la cantidad de sentencias condenatorias que llegan al Gabinete Jur\u00eddico de Canarias; gestiones, aprobaciones y malas pr\u00e1cticas de las distintas administraciones canarias. As\u00ed, existen ejemplos, del retraso acumulado en la aprobaci\u00f3n de determinados planes municipales por falta de agilizaci\u00f3n en los tr\u00e1mites. Cuesti\u00f3n bien distintas (la agilizaci\u00f3n) en lugar de simplificar y cambiar las normas (que supuestamente son un obst\u00e1culo en este Gobierno) para favorecer los \u201cproyectos\u201d estrat\u00e9gicos (que no de inter\u00e9s general)\u201d.<\/p>\n<p style=\"text-align:justify;\">En su alegaci\u00f3n, el Colectivo Turc\u00f3n \u201cmanifiesta la oposici\u00f3n a este A.L. que solo busca puentear y sortear tramites b\u00e1sicos y normas que se han aprobado y desarrollado con la UNANIMIDAD del Parlamento de Canarias (a\u00f1o 2003) cuando se aprob\u00f3 la Moratoria tur\u00edstica y urban\u00edstica\u201d.<!--more--><\/p>\n<p style=\"text-align:justify;\">En otro punto de su alegaci\u00f3n los ecologistas de Turc\u00f3n indican que \u201cla participaci\u00f3n ciudadana y el derecho de los canarios-as a participar de la cosa p\u00fablica tambi\u00e9n ha sido largamente legislado, incluso con la trasposici\u00f3n de Directivas Europeas, que indican (y obligan) a cumplir con la exigencia de participaci\u00f3n ciudadana, transparencia y complicidad con la poblaci\u00f3n en general, no solo con un determinado grupo de personas.<\/p>\n<p style=\"text-align:justify;\">Acortar los plazos de los procedimientos con este A.L. va coartando la posibilidad de informaci\u00f3n, conocimiento y presentaci\u00f3n de alegaciones en esos proyectos estrat\u00e9gicos que, seg\u00fan ustedes, van a salvar a Canarias.<\/p>\n<p style=\"text-align:justify;\">La pregunta que nos hacemos es la siguiente, si el Gobierno de Espa\u00f1a hubiese regulado una \u201csimplificaci\u00f3n y recorte de plazos\u201d en la tramitaci\u00f3n del expediente de las perforaciones petrol\u00edferas en los mares de Canarias, \u00bfc\u00f3mo hubiesen reaccionado ustedes? (refiri\u00e9ndose al Gabinete de Paulino Rivero).<\/p>\n<p style=\"text-align:justify;\">En muchas ocasiones, la agilizaci\u00f3n que se da a los proyectos va en detrimento de la seguridad jur\u00eddica del expediente, de los valores naturales y patrimoniales, o en la misma seguridad de la poblaci\u00f3n, como el caso actual del levante espa\u00f1ol con el proyecto de almacenamiento de gas, denunciado por la Fiscal\u00eda en la actualidad, cuando hab\u00eda sido largamente denunciado por la Plataforma en Defensa de les Terres del S\u00e9nia -ante la Comisi\u00f3n Europea- por la vulneraci\u00f3n de la legislaci\u00f3n comunitaria que en su opini\u00f3n estaba cometiendo la empresa ejecutora del proyecto Castor para evadir los procedimientos de evaluaci\u00f3n de impacto ambiental. Era un dep\u00f3sito estrat\u00e9gico artificial de gas natural situado frente a las costas de Castell\u00f3n y Tarragona con imprevisibles consecuencias que, adem\u00e1s de los temblores de tierras y el consiguiente da\u00f1o para la poblaci\u00f3n, va a terminar en los tribunales de justicia\u201d, finalizan los ecologistas de Turc\u00f3n que piden la retirada del Anteproyecto de Ley.<\/p>\n","protected":false},"excerpt":{"rendered":"<p>El Bolet\u00edn Oficial de Canarias n\u00fam. 89, de fecha Viernes 9 de mayo de 2014, public\u00f3 el Anuncio por el que se somete a informaci\u00f3n p\u00fablica el Anteproyecto de Ley sobre tramitaci\u00f3n preferente de inversiones estrat\u00e9gicas para Canarias, acompa\u00f1ado de lista de evaluaci\u00f3n, del Gobierno de Canarias. El Colectivo Turc\u00f3n-Ecologistas en Acci\u00f3n solicita su retirada [&hellip;]<\/p>\n","protected":false},"author":2,"featured_media":0,"comment_status":"open","ping_status":"open","sticky":false,"template":"","format":"standard","meta":{"footnotes":""},"categories":[8,18,40,46],"tags":[145,917],"class_list":["post-10837","post","type-post","status-publish","format-standard","hentry","category-administracion-publica","category-canarias","category-gobierno","category-notas-de-prensa-de-turcon","tag-alegacion","tag-infraestructuras"],"yoast_head":"<!-- This site is optimized with the Yoast SEO plugin v26.3 - https:\/\/yoast.com\/wordpress\/plugins\/seo\/ -->\n<title>Turc\u00f3n presenta alegaciones al Anteproyecto de Ley de inversiones estrat\u00e9gicas para Canarias - Colectivo Ecologista Turcon<\/title>\n<meta name=\"robots\" content=\"index, follow, max-snippet:-1, max-image-preview:large, max-video-preview:-1\" \/>\n<link rel=\"canonical\" href=\"https:\/\/turcon.es\/wp\/turcon-presenta-alegaciones-al-anteproyecto-de-ley-de-inversiones-estrategicas-para-canarias\/\" \/>\n<meta property=\"og:locale\" content=\"es_ES\" \/>\n<meta property=\"og:type\" content=\"article\" \/>\n<meta property=\"og:title\" content=\"Turc\u00f3n presenta alegaciones al Anteproyecto de Ley de inversiones estrat\u00e9gicas para Canarias - Colectivo Ecologista Turcon\" \/>\n<meta property=\"og:description\" content=\"El Bolet\u00edn Oficial de Canarias n\u00fam. 89, de fecha Viernes 9 de mayo de 2014, public\u00f3 el Anuncio por el que se somete a informaci\u00f3n p\u00fablica el Anteproyecto de Ley sobre tramitaci\u00f3n preferente de inversiones estrat\u00e9gicas para Canarias, acompa\u00f1ado de lista de evaluaci\u00f3n, del Gobierno de Canarias. El Colectivo Turc\u00f3n-Ecologistas en Acci\u00f3n solicita su retirada [&hellip;]\" \/>\n<meta property=\"og:url\" content=\"https:\/\/turcon.es\/wp\/turcon-presenta-alegaciones-al-anteproyecto-de-ley-de-inversiones-estrategicas-para-canarias\/\" \/>\n<meta property=\"og:site_name\" content=\"Colectivo Ecologista Turcon\" \/>\n<meta property=\"article:published_time\" content=\"2014-05-28T21:46:44+00:00\" \/>\n<meta property=\"og:image\" content=\"https:\/\/turcon.es\/wp\/wp-content\/uploads\/2013\/01\/cropped-cabecera.jpg\" \/>\n\t<meta property=\"og:image:width\" content=\"904\" \/>\n\t<meta property=\"og:image:height\" content=\"160\" \/>\n\t<meta property=\"og:image:type\" content=\"image\/jpeg\" \/>\n<meta name=\"author\" content=\"Laura Fernandez\" \/>\n<meta name=\"twitter:card\" content=\"summary_large_image\" \/>\n<meta name=\"twitter:label1\" content=\"Escrito por\" \/>\n\t<meta name=\"twitter:data1\" content=\"Laura Fernandez\" \/>\n\t<meta name=\"twitter:label2\" content=\"Tiempo de lectura\" \/>\n\t<meta name=\"twitter:data2\" content=\"3 minutos\" \/>\n<script type=\"application\/ld+json\" class=\"yoast-schema-graph\">{\"@context\":\"https:\/\/schema.org\",\"@graph\":[{\"@type\":\"Article\",\"@id\":\"https:\/\/turcon.es\/wp\/turcon-presenta-alegaciones-al-anteproyecto-de-ley-de-inversiones-estrategicas-para-canarias\/#article\",\"isPartOf\":{\"@id\":\"https:\/\/turcon.es\/wp\/turcon-presenta-alegaciones-al-anteproyecto-de-ley-de-inversiones-estrategicas-para-canarias\/\"},\"author\":{\"name\":\"Laura Fernandez\",\"@id\":\"https:\/\/turcon.es\/wp\/#\/schema\/person\/a1f3ba727ce031d9da17684affe85edd\"},\"headline\":\"Turc\u00f3n presenta alegaciones al Anteproyecto de Ley de inversiones estrat\u00e9gicas para Canarias\",\"datePublished\":\"2014-05-28T21:46:44+00:00\",\"mainEntityOfPage\":{\"@id\":\"https:\/\/turcon.es\/wp\/turcon-presenta-alegaciones-al-anteproyecto-de-ley-de-inversiones-estrategicas-para-canarias\/\"},\"wordCount\":661,\"commentCount\":0,\"publisher\":{\"@id\":\"https:\/\/turcon.es\/wp\/#organization\"},\"image\":{\"@id\":\"https:\/\/turcon.es\/wp\/turcon-presenta-alegaciones-al-anteproyecto-de-ley-de-inversiones-estrategicas-para-canarias\/#primaryimage\"},\"thumbnailUrl\":\"https:\/\/turcon.es\/wp\/wp-content\/uploads\/2013\/01\/cropped-cabecera.jpg\",\"keywords\":[\"Alegaci\u00f3n\",\"Infraestructuras\"],\"articleSection\":[\"Administraci\u00f3n p\u00fablica\",\"Canarias\",\"Gobierno\",\"Notas de prensa de Turc\u00f3n\"],\"inLanguage\":\"es\",\"potentialAction\":[{\"@type\":\"CommentAction\",\"name\":\"Comment\",\"target\":[\"https:\/\/turcon.es\/wp\/turcon-presenta-alegaciones-al-anteproyecto-de-ley-de-inversiones-estrategicas-para-canarias\/#respond\"]}]},{\"@type\":\"WebPage\",\"@id\":\"https:\/\/turcon.es\/wp\/turcon-presenta-alegaciones-al-anteproyecto-de-ley-de-inversiones-estrategicas-para-canarias\/\",\"url\":\"https:\/\/turcon.es\/wp\/turcon-presenta-alegaciones-al-anteproyecto-de-ley-de-inversiones-estrategicas-para-canarias\/\",\"name\":\"Turc\u00f3n presenta alegaciones al Anteproyecto de Ley de inversiones estrat\u00e9gicas para Canarias - Colectivo Ecologista Turcon\",\"isPartOf\":{\"@id\":\"https:\/\/turcon.es\/wp\/#website\"},\"primaryImageOfPage\":{\"@id\":\"https:\/\/turcon.es\/wp\/turcon-presenta-alegaciones-al-anteproyecto-de-ley-de-inversiones-estrategicas-para-canarias\/#primaryimage\"},\"image\":{\"@id\":\"https:\/\/turcon.es\/wp\/turcon-presenta-alegaciones-al-anteproyecto-de-ley-de-inversiones-estrategicas-para-canarias\/#primaryimage\"},\"thumbnailUrl\":\"https:\/\/turcon.es\/wp\/wp-content\/uploads\/2013\/01\/cropped-cabecera.jpg\",\"datePublished\":\"2014-05-28T21:46:44+00:00\",\"breadcrumb\":{\"@id\":\"https:\/\/turcon.es\/wp\/turcon-presenta-alegaciones-al-anteproyecto-de-ley-de-inversiones-estrategicas-para-canarias\/#breadcrumb\"},\"inLanguage\":\"es\",\"potentialAction\":[{\"@type\":\"ReadAction\",\"target\":[\"https:\/\/turcon.es\/wp\/turcon-presenta-alegaciones-al-anteproyecto-de-ley-de-inversiones-estrategicas-para-canarias\/\"]}]},{\"@type\":\"ImageObject\",\"inLanguage\":\"es\",\"@id\":\"https:\/\/turcon.es\/wp\/turcon-presenta-alegaciones-al-anteproyecto-de-ley-de-inversiones-estrategicas-para-canarias\/#primaryimage\",\"url\":\"https:\/\/turcon.es\/wp\/wp-content\/uploads\/2013\/01\/cropped-cabecera.jpg\",\"contentUrl\":\"https:\/\/turcon.es\/wp\/wp-content\/uploads\/2013\/01\/cropped-cabecera.jpg\"},{\"@type\":\"BreadcrumbList\",\"@id\":\"https:\/\/turcon.es\/wp\/turcon-presenta-alegaciones-al-anteproyecto-de-ley-de-inversiones-estrategicas-para-canarias\/#breadcrumb\",\"itemListElement\":[{\"@type\":\"ListItem\",\"position\":1,\"name\":\"Portada\",\"item\":\"https:\/\/turcon.es\/wp\/\"},{\"@type\":\"ListItem\",\"position\":2,\"name\":\"Turc\u00f3n presenta alegaciones al Anteproyecto de Ley de inversiones estrat\u00e9gicas para Canarias\"}]},{\"@type\":\"WebSite\",\"@id\":\"https:\/\/turcon.es\/wp\/#website\",\"url\":\"https:\/\/turcon.es\/wp\/\",\"name\":\"Colectivo Ecologista Turcon\",\"description\":\"\",\"publisher\":{\"@id\":\"https:\/\/turcon.es\/wp\/#organization\"},\"potentialAction\":[{\"@type\":\"SearchAction\",\"target\":{\"@type\":\"EntryPoint\",\"urlTemplate\":\"https:\/\/turcon.es\/wp\/?s={search_term_string}\"},\"query-input\":{\"@type\":\"PropertyValueSpecification\",\"valueRequired\":true,\"valueName\":\"search_term_string\"}}],\"inLanguage\":\"es\"},{\"@type\":\"Organization\",\"@id\":\"https:\/\/turcon.es\/wp\/#organization\",\"name\":\"Colectivo Ecologista Turcon\",\"url\":\"https:\/\/turcon.es\/wp\/\",\"logo\":{\"@type\":\"ImageObject\",\"inLanguage\":\"es\",\"@id\":\"https:\/\/turcon.es\/wp\/#\/schema\/logo\/image\/\",\"url\":\"https:\/\/turcon.es\/wp\/wp-content\/uploads\/2025\/03\/logo-verde.svg\",\"contentUrl\":\"https:\/\/turcon.es\/wp\/wp-content\/uploads\/2025\/03\/logo-verde.svg\",\"width\":813,\"height\":813,\"caption\":\"Colectivo Ecologista Turcon\"},\"image\":{\"@id\":\"https:\/\/turcon.es\/wp\/#\/schema\/logo\/image\/\"}},{\"@type\":\"Person\",\"@id\":\"https:\/\/turcon.es\/wp\/#\/schema\/person\/a1f3ba727ce031d9da17684affe85edd\",\"name\":\"Laura Fernandez\",\"image\":{\"@type\":\"ImageObject\",\"inLanguage\":\"es\",\"@id\":\"https:\/\/turcon.es\/wp\/#\/schema\/person\/image\/\",\"url\":\"https:\/\/secure.gravatar.com\/avatar\/360749af9549af22e54582d50231ae56e854210ae2368797ba242f445a9852e8?s=96&d=mm&r=g\",\"contentUrl\":\"https:\/\/secure.gravatar.com\/avatar\/360749af9549af22e54582d50231ae56e854210ae2368797ba242f445a9852e8?s=96&d=mm&r=g\",\"caption\":\"Laura Fernandez\"},\"url\":\"https:\/\/turcon.es\/wp\/author\/admturcon\/\"}]}<\/script>\n<!-- \/ Yoast SEO plugin. -->","yoast_head_json":{"title":"Turc\u00f3n presenta alegaciones al Anteproyecto de Ley de inversiones estrat\u00e9gicas para Canarias - Colectivo Ecologista Turcon","robots":{"index":"index","follow":"follow","max-snippet":"max-snippet:-1","max-image-preview":"max-image-preview:large","max-video-preview":"max-video-preview:-1"},"canonical":"https:\/\/turcon.es\/wp\/turcon-presenta-alegaciones-al-anteproyecto-de-ley-de-inversiones-estrategicas-para-canarias\/","og_locale":"es_ES","og_type":"article","og_title":"Turc\u00f3n presenta alegaciones al Anteproyecto de Ley de inversiones estrat\u00e9gicas para Canarias - Colectivo Ecologista Turcon","og_description":"El Bolet\u00edn Oficial de Canarias n\u00fam. 89, de fecha Viernes 9 de mayo de 2014, public\u00f3 el Anuncio por el que se somete a informaci\u00f3n p\u00fablica el Anteproyecto de Ley sobre tramitaci\u00f3n preferente de inversiones estrat\u00e9gicas para Canarias, acompa\u00f1ado de lista de evaluaci\u00f3n, del Gobierno de Canarias. El Colectivo Turc\u00f3n-Ecologistas en Acci\u00f3n solicita su retirada [&hellip;]","og_url":"https:\/\/turcon.es\/wp\/turcon-presenta-alegaciones-al-anteproyecto-de-ley-de-inversiones-estrategicas-para-canarias\/","og_site_name":"Colectivo Ecologista Turcon","article_published_time":"2014-05-28T21:46:44+00:00","og_image":[{"width":904,"height":160,"url":"https:\/\/turcon.es\/wp\/wp-content\/uploads\/2013\/01\/cropped-cabecera.jpg","type":"image\/jpeg"}],"author":"Laura Fernandez","twitter_card":"summary_large_image","twitter_misc":{"Escrito por":"Laura Fernandez","Tiempo de lectura":"3 minutos"},"schema":{"@context":"https:\/\/schema.org","@graph":[{"@type":"Article","@id":"https:\/\/turcon.es\/wp\/turcon-presenta-alegaciones-al-anteproyecto-de-ley-de-inversiones-estrategicas-para-canarias\/#article","isPartOf":{"@id":"https:\/\/turcon.es\/wp\/turcon-presenta-alegaciones-al-anteproyecto-de-ley-de-inversiones-estrategicas-para-canarias\/"},"author":{"name":"Laura Fernandez","@id":"https:\/\/turcon.es\/wp\/#\/schema\/person\/a1f3ba727ce031d9da17684affe85edd"},"headline":"Turc\u00f3n presenta alegaciones al Anteproyecto de Ley de inversiones estrat\u00e9gicas para Canarias","datePublished":"2014-05-28T21:46:44+00:00","mainEntityOfPage":{"@id":"https:\/\/turcon.es\/wp\/turcon-presenta-alegaciones-al-anteproyecto-de-ley-de-inversiones-estrategicas-para-canarias\/"},"wordCount":661,"commentCount":0,"publisher":{"@id":"https:\/\/turcon.es\/wp\/#organization"},"image":{"@id":"https:\/\/turcon.es\/wp\/turcon-presenta-alegaciones-al-anteproyecto-de-ley-de-inversiones-estrategicas-para-canarias\/#primaryimage"},"thumbnailUrl":"https:\/\/turcon.es\/wp\/wp-content\/uploads\/2013\/01\/cropped-cabecera.jpg","keywords":["Alegaci\u00f3n","Infraestructuras"],"articleSection":["Administraci\u00f3n p\u00fablica","Canarias","Gobierno","Notas de prensa de Turc\u00f3n"],"inLanguage":"es","potentialAction":[{"@type":"CommentAction","name":"Comment","target":["https:\/\/turcon.es\/wp\/turcon-presenta-alegaciones-al-anteproyecto-de-ley-de-inversiones-estrategicas-para-canarias\/#respond"]}]},{"@type":"WebPage","@id":"https:\/\/turcon.es\/wp\/turcon-presenta-alegaciones-al-anteproyecto-de-ley-de-inversiones-estrategicas-para-canarias\/","url":"https:\/\/turcon.es\/wp\/turcon-presenta-alegaciones-al-anteproyecto-de-ley-de-inversiones-estrategicas-para-canarias\/","name":"Turc\u00f3n presenta alegaciones al Anteproyecto de Ley de inversiones estrat\u00e9gicas para Canarias - Colectivo Ecologista Turcon","isPartOf":{"@id":"https:\/\/turcon.es\/wp\/#website"},"primaryImageOfPage":{"@id":"https:\/\/turcon.es\/wp\/turcon-presenta-alegaciones-al-anteproyecto-de-ley-de-inversiones-estrategicas-para-canarias\/#primaryimage"},"image":{"@id":"https:\/\/turcon.es\/wp\/turcon-presenta-alegaciones-al-anteproyecto-de-ley-de-inversiones-estrategicas-para-canarias\/#primaryimage"},"thumbnailUrl":"https:\/\/turcon.es\/wp\/wp-content\/uploads\/2013\/01\/cropped-cabecera.jpg","datePublished":"2014-05-28T21:46:44+00:00","breadcrumb":{"@id":"https:\/\/turcon.es\/wp\/turcon-presenta-alegaciones-al-anteproyecto-de-ley-de-inversiones-estrategicas-para-canarias\/#breadcrumb"},"inLanguage":"es","potentialAction":[{"@type":"ReadAction","target":["https:\/\/turcon.es\/wp\/turcon-presenta-alegaciones-al-anteproyecto-de-ley-de-inversiones-estrategicas-para-canarias\/"]}]},{"@type":"ImageObject","inLanguage":"es","@id":"https:\/\/turcon.es\/wp\/turcon-presenta-alegaciones-al-anteproyecto-de-ley-de-inversiones-estrategicas-para-canarias\/#primaryimage","url":"https:\/\/turcon.es\/wp\/wp-content\/uploads\/2013\/01\/cropped-cabecera.jpg","contentUrl":"https:\/\/turcon.es\/wp\/wp-content\/uploads\/2013\/01\/cropped-cabecera.jpg"},{"@type":"BreadcrumbList","@id":"https:\/\/turcon.es\/wp\/turcon-presenta-alegaciones-al-anteproyecto-de-ley-de-inversiones-estrategicas-para-canarias\/#breadcrumb","itemListElement":[{"@type":"ListItem","position":1,"name":"Portada","item":"https:\/\/turcon.es\/wp\/"},{"@type":"ListItem","position":2,"name":"Turc\u00f3n presenta alegaciones al Anteproyecto de Ley de inversiones estrat\u00e9gicas para Canarias"}]},{"@type":"WebSite","@id":"https:\/\/turcon.es\/wp\/#website","url":"https:\/\/turcon.es\/wp\/","name":"Colectivo Ecologista Turcon","description":"","publisher":{"@id":"https:\/\/turcon.es\/wp\/#organization"},"potentialAction":[{"@type":"SearchAction","target":{"@type":"EntryPoint","urlTemplate":"https:\/\/turcon.es\/wp\/?s={search_term_string}"},"query-input":{"@type":"PropertyValueSpecification","valueRequired":true,"valueName":"search_term_string"}}],"inLanguage":"es"},{"@type":"Organization","@id":"https:\/\/turcon.es\/wp\/#organization","name":"Colectivo Ecologista Turcon","url":"https:\/\/turcon.es\/wp\/","logo":{"@type":"ImageObject","inLanguage":"es","@id":"https:\/\/turcon.es\/wp\/#\/schema\/logo\/image\/","url":"https:\/\/turcon.es\/wp\/wp-content\/uploads\/2025\/03\/logo-verde.svg","contentUrl":"https:\/\/turcon.es\/wp\/wp-content\/uploads\/2025\/03\/logo-verde.svg","width":813,"height":813,"caption":"Colectivo Ecologista Turcon"},"image":{"@id":"https:\/\/turcon.es\/wp\/#\/schema\/logo\/image\/"}},{"@type":"Person","@id":"https:\/\/turcon.es\/wp\/#\/schema\/person\/a1f3ba727ce031d9da17684affe85edd","name":"Laura Fernandez","image":{"@type":"ImageObject","inLanguage":"es","@id":"https:\/\/turcon.es\/wp\/#\/schema\/person\/image\/","url":"https:\/\/secure.gravatar.com\/avatar\/360749af9549af22e54582d50231ae56e854210ae2368797ba242f445a9852e8?s=96&d=mm&r=g","contentUrl":"https:\/\/secure.gravatar.com\/avatar\/360749af9549af22e54582d50231ae56e854210ae2368797ba242f445a9852e8?s=96&d=mm&r=g","caption":"Laura Fernandez"},"url":"https:\/\/turcon.es\/wp\/author\/admturcon\/"}]}},"_links":{"self":[{"href":"https:\/\/turcon.es\/wp\/wp-json\/wp\/v2\/posts\/10837","targetHints":{"allow":["GET"]}}],"collection":[{"href":"https:\/\/turcon.es\/wp\/wp-json\/wp\/v2\/posts"}],"about":[{"href":"https:\/\/turcon.es\/wp\/wp-json\/wp\/v2\/types\/post"}],"author":[{"embeddable":true,"href":"https:\/\/turcon.es\/wp\/wp-json\/wp\/v2\/users\/2"}],"replies":[{"embeddable":true,"href":"https:\/\/turcon.es\/wp\/wp-json\/wp\/v2\/comments?post=10837"}],"version-history":[{"count":0,"href":"https:\/\/turcon.es\/wp\/wp-json\/wp\/v2\/posts\/10837\/revisions"}],"wp:attachment":[{"href":"https:\/\/turcon.es\/wp\/wp-json\/wp\/v2\/media?parent=10837"}],"wp:term":[{"taxonomy":"category","embeddable":true,"href":"https:\/\/turcon.es\/wp\/wp-json\/wp\/v2\/categories?post=10837"},{"taxonomy":"post_tag","embeddable":true,"href":"https:\/\/turcon.es\/wp\/wp-json\/wp\/v2\/tags?post=10837"}],"curies":[{"name":"wp","href":"https:\/\/api.w.org\/{rel}","templated":true}]}}