{"id":11009,"date":"2014-10-01T12:11:41","date_gmt":"2014-10-01T12:11:41","guid":{"rendered":"http:\/\/turcon.wordpress.com\/?p=11009"},"modified":"2014-10-01T12:11:41","modified_gmt":"2014-10-01T12:11:41","slug":"nuestro-viaje-a-los-alpes-julianos-abre-en-arucas","status":"publish","type":"post","link":"https:\/\/turcon.es\/wp\/nuestro-viaje-a-los-alpes-julianos-abre-en-arucas\/","title":{"rendered":"Nuestro viaje a LOS ALPES JULIANOS abre en Arucas"},"content":{"rendered":"<p><strong>El lunes 6 de octubre comienza en el Centro Municipal de Cultura de Arucas la tercera edici\u00f3n del Ciclo \u201cDeportistas Viajeros\u201d.<\/strong><\/p>\n<p>La Biblioteca Municipal de Arucas y el Colectivo La Vinca Ecologistas en Acci\u00f3n organizan la tercera edici\u00f3n del ciclo \u201cDeportistas viajeros. El mundo en una mochila\u201d.<a href=\"https:\/\/turcon.es\/wp\/wp-content\/uploads\/2014\/10\/dpv2014-portada.jpg\"><img fetchpriority=\"high\" decoding=\"async\" class=\"alignright size-medium wp-image-11010\" src=\"http:\/\/turcon.es\/wp\/wp-content\/uploads\/2014\/10\/dpv2014-portada.jpg?w=300\" alt=\"DPV2014-Portada\" width=\"300\" height=\"216\" srcset=\"https:\/\/turcon.es\/wp\/wp-content\/uploads\/2014\/10\/dpv2014-portada.jpg 2098w, https:\/\/turcon.es\/wp\/wp-content\/uploads\/2014\/10\/dpv2014-portada-300x217.jpg 300w, https:\/\/turcon.es\/wp\/wp-content\/uploads\/2014\/10\/dpv2014-portada-1024x740.jpg 1024w, https:\/\/turcon.es\/wp\/wp-content\/uploads\/2014\/10\/dpv2014-portada-768x555.jpg 768w, https:\/\/turcon.es\/wp\/wp-content\/uploads\/2014\/10\/dpv2014-portada-1536x1110.jpg 1536w, https:\/\/turcon.es\/wp\/wp-content\/uploads\/2014\/10\/dpv2014-portada-2048x1480.jpg 2048w\" sizes=\"(max-width: 300px) 100vw, 300px\" \/><\/a><\/p>\n<p>Desde Eslovenia hasta Cuba, pasando por el Camino del Santiago, el Kilimanjaro y Per\u00fa, con diferentes modalidades deportivas, las sesiones del ciclo suman deportes y viajes de aventura en contacto directo con la naturaleza.<\/p>\n<p>Desde las entidades organizadoras, la idea surgi\u00f3 porque consideran que \u201cViajar es siempre una aventura. Cuando, adem\u00e1s, se emprende un viaje con esp\u00edritu deportivo, cambia el enfoque. Un deportista arriesga cuerpo y alma en cada ruta.\u201d<\/p>\n<p>El principal objetivo del ciclo es rescatar y compartir esa mirada, con el \u00e1nimo de invitar a m\u00e1s personas a iniciar viajes en esta l\u00ednea.<\/p>\n<p>La primera sesi\u00f3n, que tendr\u00e1 lugar el lunes 6 de octubre, a las 19.30 h., en el Sal\u00f3n de Actos del Centro Municipal de Cultura de Arucas es una propuesta sobre un viaje de senderismo a los Alpes Julianos, en Eslovenia, la perla verde de Europa. El viaje a este interesante destino natural europeo fue realizado el pasado mes de agosto por un grupo de 43 personas, bajo la organizaci\u00f3n del<strong> Colectivo Turc\u00f3n Ecologistas en Acci\u00f3n. La persona encargada de explicarnos esta experiencia es el ecologista y miembro de Turc\u00f3n EeA \u00c1lvaro Monz\u00f3n.<\/strong><\/p>\n<p>La rep\u00fablica de Eslovenia limita con Italia al oeste, con el mar Adri\u00e1tico al suroeste, con Croacia al sur y al este, con Hungr\u00eda al noreste y con Austria al norte. Tiene una poblaci\u00f3n de 2.047.000 habitantes. La capital y ciudad m\u00e1s poblada es Liubliana.<\/p>\n<p>El mejor adjetivo para calificar a Eslovenia es \u201cverde\u201c, ya que m\u00e1s de la mitad de su territorio est\u00e1 copado de bosques, cascadas y parques naturales, la mayor\u00eda de ellos protegidos. El principal y m\u00e1s reconocido protagonista natural de Eslovenia es, por excelencia, el Parque Nacional Triglav, al que se suman otros 44 parques paisaj\u00edsticos y 3 parques regionales.<\/p>\n<p>Eslovenia es un pa\u00eds que enamora, siendo sus mayores seguidores los amantes de la naturaleza y aquellas personas que gustan de realizar deportes como senderismo, ciclismo,\u00a0 espeleolog\u00eda, escalada o kayak, ya est\u00e1n presentes en casi todos los espacios del pa\u00eds.<\/p>\n<p>Tras esta primera sesi\u00f3n, est\u00e1n previstas otras cuatro seg\u00fan este programa:<\/p>\n<ul>\n<li>Lunes 20de octubre<\/li>\n<\/ul>\n<p><strong><em>Cami\u00f1o de Santiago: Ep\u00edlogo a Mux\u00eda y Fisterra<\/em><\/strong>, por el fot\u00f3grafo y viajero Marcos Mart\u00edn<\/p>\n<ul>\n<li>Lunes 3 de noviembre<\/li>\n<\/ul>\n<p><strong><em>Ascenso al Kilimanjaro<\/em><\/strong>, por Javier Cruz, T\u00e9cnico Deportivo de Alta Monta\u00f1a<\/p>\n<ul>\n<li>Viernes 21 de noviembre<\/li>\n<\/ul>\n<p><strong><em>Mochileros en Per\u00fa<\/em><\/strong>, a cargo de los viajeros Jos\u00e9 Luis Gonz\u00e1lez y Loreta Ceballos.<\/p>\n<ul>\n<li>Viernes 28 de noviembre<\/li>\n<\/ul>\n<p><strong><em>Mar\u00eda la Gorda (Cuba): Una experiencia de buceo<\/em><\/strong>, por la Licenciada en Ciencias del Mar y Buceadora de Rescate, Lola Santana Medina<\/p>\n<p>&nbsp;<\/p>\n<p>En esta tercera edici\u00f3n, las personas asistentes como p\u00fablico podr\u00e1n sellar una especie de pasaporte del ciclo, con el que podr\u00e1n optar, asistiendo al menos a cuatro de las sesiones, a participar en el sorteo de un viaje a Tenerife para dos personas que patrocina Barcel\u00f3 Viajes.<\/p>\n<p>&nbsp;<\/p>\n","protected":false},"excerpt":{"rendered":"<p>El lunes 6 de octubre comienza en el Centro Municipal de Cultura de Arucas la tercera edici\u00f3n del Ciclo \u201cDeportistas Viajeros\u201d. La Biblioteca Municipal de Arucas y el Colectivo La Vinca Ecologistas en Acci\u00f3n organizan la tercera edici\u00f3n del ciclo \u201cDeportistas viajeros. El mundo en una mochila\u201d. Desde Eslovenia hasta Cuba, pasando por el Camino [&hellip;]<\/p>\n","protected":false},"author":2,"featured_media":0,"comment_status":"open","ping_status":"open","sticky":false,"template":"","format":"standard","meta":{"footnotes":""},"categories":[6,37,46,54,55,57,58],"tags":[],"class_list":["post-11009","post","type-post","status-publish","format-standard","hentry","category-actividades-turcon","category-espacios-naturales","category-notas-de-prensa-de-turcon","category-recomendamos-para-leer-ver-y-escuchar","category-recursos-naturales","category-senderismo","category-sociedad-y-derechos"],"yoast_head":"<!-- This site is optimized with the Yoast SEO plugin v26.3 - https:\/\/yoast.com\/wordpress\/plugins\/seo\/ -->\n<title>Nuestro viaje a LOS ALPES JULIANOS abre en Arucas - Colectivo Ecologista Turcon<\/title>\n<meta name=\"robots\" content=\"index, follow, max-snippet:-1, max-image-preview:large, max-video-preview:-1\" \/>\n<link rel=\"canonical\" href=\"https:\/\/turcon.es\/wp\/nuestro-viaje-a-los-alpes-julianos-abre-en-arucas\/\" \/>\n<meta property=\"og:locale\" content=\"es_ES\" \/>\n<meta property=\"og:type\" content=\"article\" \/>\n<meta property=\"og:title\" content=\"Nuestro viaje a LOS ALPES JULIANOS abre en Arucas - Colectivo Ecologista Turcon\" \/>\n<meta property=\"og:description\" content=\"El lunes 6 de octubre comienza en el Centro Municipal de Cultura de Arucas la tercera edici\u00f3n del Ciclo \u201cDeportistas Viajeros\u201d. La Biblioteca Municipal de Arucas y el Colectivo La Vinca Ecologistas en Acci\u00f3n organizan la tercera edici\u00f3n del ciclo \u201cDeportistas viajeros. El mundo en una mochila\u201d. Desde Eslovenia hasta Cuba, pasando por el Camino [&hellip;]\" \/>\n<meta property=\"og:url\" content=\"https:\/\/turcon.es\/wp\/nuestro-viaje-a-los-alpes-julianos-abre-en-arucas\/\" \/>\n<meta property=\"og:site_name\" content=\"Colectivo Ecologista Turcon\" \/>\n<meta property=\"article:published_time\" content=\"2014-10-01T12:11:41+00:00\" \/>\n<meta property=\"og:image\" content=\"https:\/\/turcon.es\/wp\/wp-content\/uploads\/2014\/10\/dpv2014-portada.jpg\" \/>\n\t<meta property=\"og:image:width\" content=\"2098\" \/>\n\t<meta property=\"og:image:height\" content=\"1516\" \/>\n\t<meta property=\"og:image:type\" content=\"image\/jpeg\" \/>\n<meta name=\"author\" content=\"Laura Fernandez\" \/>\n<meta name=\"twitter:card\" content=\"summary_large_image\" \/>\n<meta name=\"twitter:label1\" content=\"Escrito por\" \/>\n\t<meta name=\"twitter:data1\" content=\"Laura Fernandez\" \/>\n\t<meta name=\"twitter:label2\" content=\"Tiempo de lectura\" \/>\n\t<meta name=\"twitter:data2\" content=\"3 minutos\" \/>\n<script type=\"application\/ld+json\" class=\"yoast-schema-graph\">{\"@context\":\"https:\/\/schema.org\",\"@graph\":[{\"@type\":\"Article\",\"@id\":\"https:\/\/turcon.es\/wp\/nuestro-viaje-a-los-alpes-julianos-abre-en-arucas\/#article\",\"isPartOf\":{\"@id\":\"https:\/\/turcon.es\/wp\/nuestro-viaje-a-los-alpes-julianos-abre-en-arucas\/\"},\"author\":{\"name\":\"Laura Fernandez\",\"@id\":\"https:\/\/turcon.es\/wp\/#\/schema\/person\/a1f3ba727ce031d9da17684affe85edd\"},\"headline\":\"Nuestro viaje a LOS ALPES JULIANOS abre en Arucas\",\"datePublished\":\"2014-10-01T12:11:41+00:00\",\"mainEntityOfPage\":{\"@id\":\"https:\/\/turcon.es\/wp\/nuestro-viaje-a-los-alpes-julianos-abre-en-arucas\/\"},\"wordCount\":558,\"commentCount\":0,\"publisher\":{\"@id\":\"https:\/\/turcon.es\/wp\/#organization\"},\"image\":{\"@id\":\"https:\/\/turcon.es\/wp\/nuestro-viaje-a-los-alpes-julianos-abre-en-arucas\/#primaryimage\"},\"thumbnailUrl\":\"http:\/\/turcon.es\/wp\/wp-content\/uploads\/2014\/10\/dpv2014-portada.jpg?w=300\",\"articleSection\":[\"#Actividades Turc\u00f3n#\",\"Espacios Naturales\",\"Notas de prensa de Turc\u00f3n\",\"Recomendamos para leer, ver y escuchar...\",\"Recursos naturales\",\"Senderismo\",\"Sociedad y derechos\"],\"inLanguage\":\"es\",\"potentialAction\":[{\"@type\":\"CommentAction\",\"name\":\"Comment\",\"target\":[\"https:\/\/turcon.es\/wp\/nuestro-viaje-a-los-alpes-julianos-abre-en-arucas\/#respond\"]}]},{\"@type\":\"WebPage\",\"@id\":\"https:\/\/turcon.es\/wp\/nuestro-viaje-a-los-alpes-julianos-abre-en-arucas\/\",\"url\":\"https:\/\/turcon.es\/wp\/nuestro-viaje-a-los-alpes-julianos-abre-en-arucas\/\",\"name\":\"Nuestro viaje a LOS ALPES JULIANOS abre en Arucas - Colectivo Ecologista Turcon\",\"isPartOf\":{\"@id\":\"https:\/\/turcon.es\/wp\/#website\"},\"primaryImageOfPage\":{\"@id\":\"https:\/\/turcon.es\/wp\/nuestro-viaje-a-los-alpes-julianos-abre-en-arucas\/#primaryimage\"},\"image\":{\"@id\":\"https:\/\/turcon.es\/wp\/nuestro-viaje-a-los-alpes-julianos-abre-en-arucas\/#primaryimage\"},\"thumbnailUrl\":\"http:\/\/turcon.es\/wp\/wp-content\/uploads\/2014\/10\/dpv2014-portada.jpg?w=300\",\"datePublished\":\"2014-10-01T12:11:41+00:00\",\"breadcrumb\":{\"@id\":\"https:\/\/turcon.es\/wp\/nuestro-viaje-a-los-alpes-julianos-abre-en-arucas\/#breadcrumb\"},\"inLanguage\":\"es\",\"potentialAction\":[{\"@type\":\"ReadAction\",\"target\":[\"https:\/\/turcon.es\/wp\/nuestro-viaje-a-los-alpes-julianos-abre-en-arucas\/\"]}]},{\"@type\":\"ImageObject\",\"inLanguage\":\"es\",\"@id\":\"https:\/\/turcon.es\/wp\/nuestro-viaje-a-los-alpes-julianos-abre-en-arucas\/#primaryimage\",\"url\":\"http:\/\/turcon.es\/wp\/wp-content\/uploads\/2014\/10\/dpv2014-portada.jpg?w=300\",\"contentUrl\":\"http:\/\/turcon.es\/wp\/wp-content\/uploads\/2014\/10\/dpv2014-portada.jpg?w=300\"},{\"@type\":\"BreadcrumbList\",\"@id\":\"https:\/\/turcon.es\/wp\/nuestro-viaje-a-los-alpes-julianos-abre-en-arucas\/#breadcrumb\",\"itemListElement\":[{\"@type\":\"ListItem\",\"position\":1,\"name\":\"Portada\",\"item\":\"https:\/\/turcon.es\/wp\/\"},{\"@type\":\"ListItem\",\"position\":2,\"name\":\"Nuestro viaje a LOS ALPES JULIANOS abre en Arucas\"}]},{\"@type\":\"WebSite\",\"@id\":\"https:\/\/turcon.es\/wp\/#website\",\"url\":\"https:\/\/turcon.es\/wp\/\",\"name\":\"Colectivo Ecologista Turcon\",\"description\":\"\",\"publisher\":{\"@id\":\"https:\/\/turcon.es\/wp\/#organization\"},\"potentialAction\":[{\"@type\":\"SearchAction\",\"target\":{\"@type\":\"EntryPoint\",\"urlTemplate\":\"https:\/\/turcon.es\/wp\/?s={search_term_string}\"},\"query-input\":{\"@type\":\"PropertyValueSpecification\",\"valueRequired\":true,\"valueName\":\"search_term_string\"}}],\"inLanguage\":\"es\"},{\"@type\":\"Organization\",\"@id\":\"https:\/\/turcon.es\/wp\/#organization\",\"name\":\"Colectivo Ecologista Turcon\",\"url\":\"https:\/\/turcon.es\/wp\/\",\"logo\":{\"@type\":\"ImageObject\",\"inLanguage\":\"es\",\"@id\":\"https:\/\/turcon.es\/wp\/#\/schema\/logo\/image\/\",\"url\":\"https:\/\/turcon.es\/wp\/wp-content\/uploads\/2025\/03\/logo-verde.svg\",\"contentUrl\":\"https:\/\/turcon.es\/wp\/wp-content\/uploads\/2025\/03\/logo-verde.svg\",\"width\":813,\"height\":813,\"caption\":\"Colectivo Ecologista Turcon\"},\"image\":{\"@id\":\"https:\/\/turcon.es\/wp\/#\/schema\/logo\/image\/\"}},{\"@type\":\"Person\",\"@id\":\"https:\/\/turcon.es\/wp\/#\/schema\/person\/a1f3ba727ce031d9da17684affe85edd\",\"name\":\"Laura Fernandez\",\"image\":{\"@type\":\"ImageObject\",\"inLanguage\":\"es\",\"@id\":\"https:\/\/turcon.es\/wp\/#\/schema\/person\/image\/\",\"url\":\"https:\/\/secure.gravatar.com\/avatar\/360749af9549af22e54582d50231ae56e854210ae2368797ba242f445a9852e8?s=96&d=mm&r=g\",\"contentUrl\":\"https:\/\/secure.gravatar.com\/avatar\/360749af9549af22e54582d50231ae56e854210ae2368797ba242f445a9852e8?s=96&d=mm&r=g\",\"caption\":\"Laura Fernandez\"},\"url\":\"https:\/\/turcon.es\/wp\/author\/admturcon\/\"}]}<\/script>\n<!-- \/ Yoast SEO plugin. -->","yoast_head_json":{"title":"Nuestro viaje a LOS ALPES JULIANOS abre en Arucas - Colectivo Ecologista Turcon","robots":{"index":"index","follow":"follow","max-snippet":"max-snippet:-1","max-image-preview":"max-image-preview:large","max-video-preview":"max-video-preview:-1"},"canonical":"https:\/\/turcon.es\/wp\/nuestro-viaje-a-los-alpes-julianos-abre-en-arucas\/","og_locale":"es_ES","og_type":"article","og_title":"Nuestro viaje a LOS ALPES JULIANOS abre en Arucas - Colectivo Ecologista Turcon","og_description":"El lunes 6 de octubre comienza en el Centro Municipal de Cultura de Arucas la tercera edici\u00f3n del Ciclo \u201cDeportistas Viajeros\u201d. La Biblioteca Municipal de Arucas y el Colectivo La Vinca Ecologistas en Acci\u00f3n organizan la tercera edici\u00f3n del ciclo \u201cDeportistas viajeros. El mundo en una mochila\u201d. Desde Eslovenia hasta Cuba, pasando por el Camino [&hellip;]","og_url":"https:\/\/turcon.es\/wp\/nuestro-viaje-a-los-alpes-julianos-abre-en-arucas\/","og_site_name":"Colectivo Ecologista Turcon","article_published_time":"2014-10-01T12:11:41+00:00","og_image":[{"width":2098,"height":1516,"url":"https:\/\/turcon.es\/wp\/wp-content\/uploads\/2014\/10\/dpv2014-portada.jpg","type":"image\/jpeg"}],"author":"Laura Fernandez","twitter_card":"summary_large_image","twitter_misc":{"Escrito por":"Laura Fernandez","Tiempo de lectura":"3 minutos"},"schema":{"@context":"https:\/\/schema.org","@graph":[{"@type":"Article","@id":"https:\/\/turcon.es\/wp\/nuestro-viaje-a-los-alpes-julianos-abre-en-arucas\/#article","isPartOf":{"@id":"https:\/\/turcon.es\/wp\/nuestro-viaje-a-los-alpes-julianos-abre-en-arucas\/"},"author":{"name":"Laura Fernandez","@id":"https:\/\/turcon.es\/wp\/#\/schema\/person\/a1f3ba727ce031d9da17684affe85edd"},"headline":"Nuestro viaje a LOS ALPES JULIANOS abre en Arucas","datePublished":"2014-10-01T12:11:41+00:00","mainEntityOfPage":{"@id":"https:\/\/turcon.es\/wp\/nuestro-viaje-a-los-alpes-julianos-abre-en-arucas\/"},"wordCount":558,"commentCount":0,"publisher":{"@id":"https:\/\/turcon.es\/wp\/#organization"},"image":{"@id":"https:\/\/turcon.es\/wp\/nuestro-viaje-a-los-alpes-julianos-abre-en-arucas\/#primaryimage"},"thumbnailUrl":"http:\/\/turcon.es\/wp\/wp-content\/uploads\/2014\/10\/dpv2014-portada.jpg?w=300","articleSection":["#Actividades Turc\u00f3n#","Espacios Naturales","Notas de prensa de Turc\u00f3n","Recomendamos para leer, ver y escuchar...","Recursos naturales","Senderismo","Sociedad y derechos"],"inLanguage":"es","potentialAction":[{"@type":"CommentAction","name":"Comment","target":["https:\/\/turcon.es\/wp\/nuestro-viaje-a-los-alpes-julianos-abre-en-arucas\/#respond"]}]},{"@type":"WebPage","@id":"https:\/\/turcon.es\/wp\/nuestro-viaje-a-los-alpes-julianos-abre-en-arucas\/","url":"https:\/\/turcon.es\/wp\/nuestro-viaje-a-los-alpes-julianos-abre-en-arucas\/","name":"Nuestro viaje a LOS ALPES JULIANOS abre en Arucas - Colectivo Ecologista Turcon","isPartOf":{"@id":"https:\/\/turcon.es\/wp\/#website"},"primaryImageOfPage":{"@id":"https:\/\/turcon.es\/wp\/nuestro-viaje-a-los-alpes-julianos-abre-en-arucas\/#primaryimage"},"image":{"@id":"https:\/\/turcon.es\/wp\/nuestro-viaje-a-los-alpes-julianos-abre-en-arucas\/#primaryimage"},"thumbnailUrl":"http:\/\/turcon.es\/wp\/wp-content\/uploads\/2014\/10\/dpv2014-portada.jpg?w=300","datePublished":"2014-10-01T12:11:41+00:00","breadcrumb":{"@id":"https:\/\/turcon.es\/wp\/nuestro-viaje-a-los-alpes-julianos-abre-en-arucas\/#breadcrumb"},"inLanguage":"es","potentialAction":[{"@type":"ReadAction","target":["https:\/\/turcon.es\/wp\/nuestro-viaje-a-los-alpes-julianos-abre-en-arucas\/"]}]},{"@type":"ImageObject","inLanguage":"es","@id":"https:\/\/turcon.es\/wp\/nuestro-viaje-a-los-alpes-julianos-abre-en-arucas\/#primaryimage","url":"http:\/\/turcon.es\/wp\/wp-content\/uploads\/2014\/10\/dpv2014-portada.jpg?w=300","contentUrl":"http:\/\/turcon.es\/wp\/wp-content\/uploads\/2014\/10\/dpv2014-portada.jpg?w=300"},{"@type":"BreadcrumbList","@id":"https:\/\/turcon.es\/wp\/nuestro-viaje-a-los-alpes-julianos-abre-en-arucas\/#breadcrumb","itemListElement":[{"@type":"ListItem","position":1,"name":"Portada","item":"https:\/\/turcon.es\/wp\/"},{"@type":"ListItem","position":2,"name":"Nuestro viaje a LOS ALPES JULIANOS abre en Arucas"}]},{"@type":"WebSite","@id":"https:\/\/turcon.es\/wp\/#website","url":"https:\/\/turcon.es\/wp\/","name":"Colectivo Ecologista Turcon","description":"","publisher":{"@id":"https:\/\/turcon.es\/wp\/#organization"},"potentialAction":[{"@type":"SearchAction","target":{"@type":"EntryPoint","urlTemplate":"https:\/\/turcon.es\/wp\/?s={search_term_string}"},"query-input":{"@type":"PropertyValueSpecification","valueRequired":true,"valueName":"search_term_string"}}],"inLanguage":"es"},{"@type":"Organization","@id":"https:\/\/turcon.es\/wp\/#organization","name":"Colectivo Ecologista Turcon","url":"https:\/\/turcon.es\/wp\/","logo":{"@type":"ImageObject","inLanguage":"es","@id":"https:\/\/turcon.es\/wp\/#\/schema\/logo\/image\/","url":"https:\/\/turcon.es\/wp\/wp-content\/uploads\/2025\/03\/logo-verde.svg","contentUrl":"https:\/\/turcon.es\/wp\/wp-content\/uploads\/2025\/03\/logo-verde.svg","width":813,"height":813,"caption":"Colectivo Ecologista Turcon"},"image":{"@id":"https:\/\/turcon.es\/wp\/#\/schema\/logo\/image\/"}},{"@type":"Person","@id":"https:\/\/turcon.es\/wp\/#\/schema\/person\/a1f3ba727ce031d9da17684affe85edd","name":"Laura Fernandez","image":{"@type":"ImageObject","inLanguage":"es","@id":"https:\/\/turcon.es\/wp\/#\/schema\/person\/image\/","url":"https:\/\/secure.gravatar.com\/avatar\/360749af9549af22e54582d50231ae56e854210ae2368797ba242f445a9852e8?s=96&d=mm&r=g","contentUrl":"https:\/\/secure.gravatar.com\/avatar\/360749af9549af22e54582d50231ae56e854210ae2368797ba242f445a9852e8?s=96&d=mm&r=g","caption":"Laura Fernandez"},"url":"https:\/\/turcon.es\/wp\/author\/admturcon\/"}]}},"_links":{"self":[{"href":"https:\/\/turcon.es\/wp\/wp-json\/wp\/v2\/posts\/11009","targetHints":{"allow":["GET"]}}],"collection":[{"href":"https:\/\/turcon.es\/wp\/wp-json\/wp\/v2\/posts"}],"about":[{"href":"https:\/\/turcon.es\/wp\/wp-json\/wp\/v2\/types\/post"}],"author":[{"embeddable":true,"href":"https:\/\/turcon.es\/wp\/wp-json\/wp\/v2\/users\/2"}],"replies":[{"embeddable":true,"href":"https:\/\/turcon.es\/wp\/wp-json\/wp\/v2\/comments?post=11009"}],"version-history":[{"count":0,"href":"https:\/\/turcon.es\/wp\/wp-json\/wp\/v2\/posts\/11009\/revisions"}],"wp:attachment":[{"href":"https:\/\/turcon.es\/wp\/wp-json\/wp\/v2\/media?parent=11009"}],"wp:term":[{"taxonomy":"category","embeddable":true,"href":"https:\/\/turcon.es\/wp\/wp-json\/wp\/v2\/categories?post=11009"},{"taxonomy":"post_tag","embeddable":true,"href":"https:\/\/turcon.es\/wp\/wp-json\/wp\/v2\/tags?post=11009"}],"curies":[{"name":"wp","href":"https:\/\/api.w.org\/{rel}","templated":true}]}}