{"id":11063,"date":"2014-11-12T13:06:34","date_gmt":"2014-11-12T13:06:34","guid":{"rendered":"http:\/\/turcon.wordpress.com\/?p=11063"},"modified":"2014-11-12T13:06:34","modified_gmt":"2014-11-12T13:06:34","slug":"la-ruta-del-barranco-del-guiniguada-en-su-primera-parte","status":"publish","type":"post","link":"https:\/\/turcon.es\/wp\/la-ruta-del-barranco-del-guiniguada-en-su-primera-parte\/","title":{"rendered":"La ruta del barranco del Guiniguada, en su primera parte"},"content":{"rendered":"<p>Realizada el pasado domingo. Sin novedad y con muchas flores.<\/p>\n<p>Las lluvias oto\u00f1ales est\u00e1n poniendo barrancos y laderas muy verde.<\/p>\n<p>Las primeras flores comienza a salir, y en cualquier excursi\u00f3n, se disfruta de otra manera.<\/p>\n<p>&nbsp;<\/p>\n<p><a href=\"https:\/\/turcon.es\/wp\/wp-content\/uploads\/2014\/11\/espic3b1o-en-ruta-turcon.jpg\"><img fetchpriority=\"high\" decoding=\"async\" class=\"size-medium wp-image-11064 aligncenter\" src=\"https:\/\/turcon.es\/wp\/wp-content\/uploads\/2014\/11\/espic3b1o-en-ruta-turcon.jpg?w=300\" alt=\"espi\u00f1o en ruta turcon\" width=\"300\" height=\"199\" srcset=\"https:\/\/turcon.es\/wp\/wp-content\/uploads\/2014\/11\/espic3b1o-en-ruta-turcon.jpg 2048w, https:\/\/turcon.es\/wp\/wp-content\/uploads\/2014\/11\/espic3b1o-en-ruta-turcon-300x200.jpg 300w, https:\/\/turcon.es\/wp\/wp-content\/uploads\/2014\/11\/espic3b1o-en-ruta-turcon-1024x683.jpg 1024w, https:\/\/turcon.es\/wp\/wp-content\/uploads\/2014\/11\/espic3b1o-en-ruta-turcon-768x512.jpg 768w, https:\/\/turcon.es\/wp\/wp-content\/uploads\/2014\/11\/espic3b1o-en-ruta-turcon-1536x1024.jpg 1536w\" sizes=\"(max-width: 300px) 100vw, 300px\" \/><\/a><\/p>\n","protected":false},"excerpt":{"rendered":"<p>Realizada el pasado domingo. Sin novedad y con muchas flores. Las lluvias oto\u00f1ales est\u00e1n poniendo barrancos y laderas muy verde. Las primeras flores comienza a salir, y en cualquier excursi\u00f3n, se disfruta de otra manera. &nbsp;<\/p>\n","protected":false},"author":2,"featured_media":0,"comment_status":"open","ping_status":"open","sticky":false,"template":"","format":"standard","meta":{"footnotes":""},"categories":[6,37,41,46,57],"tags":[],"class_list":["post-11063","post","type-post","status-publish","format-standard","hentry","category-actividades-turcon","category-espacios-naturales","category-gran-canaria","category-notas-de-prensa-de-turcon","category-senderismo"],"yoast_head":"<!-- This site is optimized with the Yoast SEO plugin v26.3 - https:\/\/yoast.com\/wordpress\/plugins\/seo\/ -->\n<title>La ruta del barranco del Guiniguada, en su primera parte - Colectivo Ecologista Turcon<\/title>\n<meta name=\"robots\" content=\"index, follow, max-snippet:-1, max-image-preview:large, max-video-preview:-1\" \/>\n<link rel=\"canonical\" href=\"https:\/\/turcon.es\/wp\/la-ruta-del-barranco-del-guiniguada-en-su-primera-parte\/\" \/>\n<meta property=\"og:locale\" content=\"es_ES\" \/>\n<meta property=\"og:type\" content=\"article\" \/>\n<meta property=\"og:title\" content=\"La ruta del barranco del Guiniguada, en su primera parte - Colectivo Ecologista Turcon\" \/>\n<meta property=\"og:description\" content=\"Realizada el pasado domingo. Sin novedad y con muchas flores. Las lluvias oto\u00f1ales est\u00e1n poniendo barrancos y laderas muy verde. Las primeras flores comienza a salir, y en cualquier excursi\u00f3n, se disfruta de otra manera. &nbsp;\" \/>\n<meta property=\"og:url\" content=\"https:\/\/turcon.es\/wp\/la-ruta-del-barranco-del-guiniguada-en-su-primera-parte\/\" \/>\n<meta property=\"og:site_name\" content=\"Colectivo Ecologista Turcon\" \/>\n<meta property=\"article:published_time\" content=\"2014-11-12T13:06:34+00:00\" \/>\n<meta property=\"og:image\" content=\"https:\/\/turcon.es\/wp\/wp-content\/uploads\/2014\/11\/espic3b1o-en-ruta-turcon.jpg\" \/>\n\t<meta property=\"og:image:width\" content=\"2048\" \/>\n\t<meta property=\"og:image:height\" content=\"1365\" \/>\n\t<meta property=\"og:image:type\" content=\"image\/jpeg\" \/>\n<meta name=\"author\" content=\"Laura Fernandez\" \/>\n<meta name=\"twitter:card\" content=\"summary_large_image\" \/>\n<meta name=\"twitter:label1\" content=\"Escrito por\" \/>\n\t<meta name=\"twitter:data1\" content=\"Laura Fernandez\" \/>\n<script type=\"application\/ld+json\" class=\"yoast-schema-graph\">{\"@context\":\"https:\/\/schema.org\",\"@graph\":[{\"@type\":\"Article\",\"@id\":\"https:\/\/turcon.es\/wp\/la-ruta-del-barranco-del-guiniguada-en-su-primera-parte\/#article\",\"isPartOf\":{\"@id\":\"https:\/\/turcon.es\/wp\/la-ruta-del-barranco-del-guiniguada-en-su-primera-parte\/\"},\"author\":{\"name\":\"Laura Fernandez\",\"@id\":\"https:\/\/turcon.es\/wp\/#\/schema\/person\/a1f3ba727ce031d9da17684affe85edd\"},\"headline\":\"La ruta del barranco del Guiniguada, en su primera parte\",\"datePublished\":\"2014-11-12T13:06:34+00:00\",\"mainEntityOfPage\":{\"@id\":\"https:\/\/turcon.es\/wp\/la-ruta-del-barranco-del-guiniguada-en-su-primera-parte\/\"},\"wordCount\":49,\"commentCount\":0,\"publisher\":{\"@id\":\"https:\/\/turcon.es\/wp\/#organization\"},\"image\":{\"@id\":\"https:\/\/turcon.es\/wp\/la-ruta-del-barranco-del-guiniguada-en-su-primera-parte\/#primaryimage\"},\"thumbnailUrl\":\"https:\/\/turcon.es\/wp\/wp-content\/uploads\/2014\/11\/espic3b1o-en-ruta-turcon.jpg?w=300\",\"articleSection\":[\"#Actividades Turc\u00f3n#\",\"Espacios Naturales\",\"Gran Canaria\",\"Notas de prensa de Turc\u00f3n\",\"Senderismo\"],\"inLanguage\":\"es\",\"potentialAction\":[{\"@type\":\"CommentAction\",\"name\":\"Comment\",\"target\":[\"https:\/\/turcon.es\/wp\/la-ruta-del-barranco-del-guiniguada-en-su-primera-parte\/#respond\"]}]},{\"@type\":\"WebPage\",\"@id\":\"https:\/\/turcon.es\/wp\/la-ruta-del-barranco-del-guiniguada-en-su-primera-parte\/\",\"url\":\"https:\/\/turcon.es\/wp\/la-ruta-del-barranco-del-guiniguada-en-su-primera-parte\/\",\"name\":\"La ruta del barranco del Guiniguada, en su primera parte - Colectivo Ecologista Turcon\",\"isPartOf\":{\"@id\":\"https:\/\/turcon.es\/wp\/#website\"},\"primaryImageOfPage\":{\"@id\":\"https:\/\/turcon.es\/wp\/la-ruta-del-barranco-del-guiniguada-en-su-primera-parte\/#primaryimage\"},\"image\":{\"@id\":\"https:\/\/turcon.es\/wp\/la-ruta-del-barranco-del-guiniguada-en-su-primera-parte\/#primaryimage\"},\"thumbnailUrl\":\"https:\/\/turcon.es\/wp\/wp-content\/uploads\/2014\/11\/espic3b1o-en-ruta-turcon.jpg?w=300\",\"datePublished\":\"2014-11-12T13:06:34+00:00\",\"breadcrumb\":{\"@id\":\"https:\/\/turcon.es\/wp\/la-ruta-del-barranco-del-guiniguada-en-su-primera-parte\/#breadcrumb\"},\"inLanguage\":\"es\",\"potentialAction\":[{\"@type\":\"ReadAction\",\"target\":[\"https:\/\/turcon.es\/wp\/la-ruta-del-barranco-del-guiniguada-en-su-primera-parte\/\"]}]},{\"@type\":\"ImageObject\",\"inLanguage\":\"es\",\"@id\":\"https:\/\/turcon.es\/wp\/la-ruta-del-barranco-del-guiniguada-en-su-primera-parte\/#primaryimage\",\"url\":\"https:\/\/turcon.es\/wp\/wp-content\/uploads\/2014\/11\/espic3b1o-en-ruta-turcon.jpg?w=300\",\"contentUrl\":\"https:\/\/turcon.es\/wp\/wp-content\/uploads\/2014\/11\/espic3b1o-en-ruta-turcon.jpg?w=300\"},{\"@type\":\"BreadcrumbList\",\"@id\":\"https:\/\/turcon.es\/wp\/la-ruta-del-barranco-del-guiniguada-en-su-primera-parte\/#breadcrumb\",\"itemListElement\":[{\"@type\":\"ListItem\",\"position\":1,\"name\":\"Portada\",\"item\":\"https:\/\/turcon.es\/wp\/\"},{\"@type\":\"ListItem\",\"position\":2,\"name\":\"La ruta del barranco del Guiniguada, en su primera parte\"}]},{\"@type\":\"WebSite\",\"@id\":\"https:\/\/turcon.es\/wp\/#website\",\"url\":\"https:\/\/turcon.es\/wp\/\",\"name\":\"Colectivo Ecologista Turcon\",\"description\":\"\",\"publisher\":{\"@id\":\"https:\/\/turcon.es\/wp\/#organization\"},\"potentialAction\":[{\"@type\":\"SearchAction\",\"target\":{\"@type\":\"EntryPoint\",\"urlTemplate\":\"https:\/\/turcon.es\/wp\/?s={search_term_string}\"},\"query-input\":{\"@type\":\"PropertyValueSpecification\",\"valueRequired\":true,\"valueName\":\"search_term_string\"}}],\"inLanguage\":\"es\"},{\"@type\":\"Organization\",\"@id\":\"https:\/\/turcon.es\/wp\/#organization\",\"name\":\"Colectivo Ecologista Turcon\",\"url\":\"https:\/\/turcon.es\/wp\/\",\"logo\":{\"@type\":\"ImageObject\",\"inLanguage\":\"es\",\"@id\":\"https:\/\/turcon.es\/wp\/#\/schema\/logo\/image\/\",\"url\":\"https:\/\/turcon.es\/wp\/wp-content\/uploads\/2025\/03\/logo-verde.svg\",\"contentUrl\":\"https:\/\/turcon.es\/wp\/wp-content\/uploads\/2025\/03\/logo-verde.svg\",\"width\":813,\"height\":813,\"caption\":\"Colectivo Ecologista Turcon\"},\"image\":{\"@id\":\"https:\/\/turcon.es\/wp\/#\/schema\/logo\/image\/\"}},{\"@type\":\"Person\",\"@id\":\"https:\/\/turcon.es\/wp\/#\/schema\/person\/a1f3ba727ce031d9da17684affe85edd\",\"name\":\"Laura Fernandez\",\"image\":{\"@type\":\"ImageObject\",\"inLanguage\":\"es\",\"@id\":\"https:\/\/turcon.es\/wp\/#\/schema\/person\/image\/\",\"url\":\"https:\/\/secure.gravatar.com\/avatar\/360749af9549af22e54582d50231ae56e854210ae2368797ba242f445a9852e8?s=96&d=mm&r=g\",\"contentUrl\":\"https:\/\/secure.gravatar.com\/avatar\/360749af9549af22e54582d50231ae56e854210ae2368797ba242f445a9852e8?s=96&d=mm&r=g\",\"caption\":\"Laura Fernandez\"},\"url\":\"https:\/\/turcon.es\/wp\/author\/admturcon\/\"}]}<\/script>\n<!-- \/ Yoast SEO plugin. -->","yoast_head_json":{"title":"La ruta del barranco del Guiniguada, en su primera parte - Colectivo Ecologista Turcon","robots":{"index":"index","follow":"follow","max-snippet":"max-snippet:-1","max-image-preview":"max-image-preview:large","max-video-preview":"max-video-preview:-1"},"canonical":"https:\/\/turcon.es\/wp\/la-ruta-del-barranco-del-guiniguada-en-su-primera-parte\/","og_locale":"es_ES","og_type":"article","og_title":"La ruta del barranco del Guiniguada, en su primera parte - Colectivo Ecologista Turcon","og_description":"Realizada el pasado domingo. Sin novedad y con muchas flores. Las lluvias oto\u00f1ales est\u00e1n poniendo barrancos y laderas muy verde. Las primeras flores comienza a salir, y en cualquier excursi\u00f3n, se disfruta de otra manera. &nbsp;","og_url":"https:\/\/turcon.es\/wp\/la-ruta-del-barranco-del-guiniguada-en-su-primera-parte\/","og_site_name":"Colectivo Ecologista Turcon","article_published_time":"2014-11-12T13:06:34+00:00","og_image":[{"width":2048,"height":1365,"url":"https:\/\/turcon.es\/wp\/wp-content\/uploads\/2014\/11\/espic3b1o-en-ruta-turcon.jpg","type":"image\/jpeg"}],"author":"Laura Fernandez","twitter_card":"summary_large_image","twitter_misc":{"Escrito por":"Laura Fernandez"},"schema":{"@context":"https:\/\/schema.org","@graph":[{"@type":"Article","@id":"https:\/\/turcon.es\/wp\/la-ruta-del-barranco-del-guiniguada-en-su-primera-parte\/#article","isPartOf":{"@id":"https:\/\/turcon.es\/wp\/la-ruta-del-barranco-del-guiniguada-en-su-primera-parte\/"},"author":{"name":"Laura Fernandez","@id":"https:\/\/turcon.es\/wp\/#\/schema\/person\/a1f3ba727ce031d9da17684affe85edd"},"headline":"La ruta del barranco del Guiniguada, en su primera parte","datePublished":"2014-11-12T13:06:34+00:00","mainEntityOfPage":{"@id":"https:\/\/turcon.es\/wp\/la-ruta-del-barranco-del-guiniguada-en-su-primera-parte\/"},"wordCount":49,"commentCount":0,"publisher":{"@id":"https:\/\/turcon.es\/wp\/#organization"},"image":{"@id":"https:\/\/turcon.es\/wp\/la-ruta-del-barranco-del-guiniguada-en-su-primera-parte\/#primaryimage"},"thumbnailUrl":"https:\/\/turcon.es\/wp\/wp-content\/uploads\/2014\/11\/espic3b1o-en-ruta-turcon.jpg?w=300","articleSection":["#Actividades Turc\u00f3n#","Espacios Naturales","Gran Canaria","Notas de prensa de Turc\u00f3n","Senderismo"],"inLanguage":"es","potentialAction":[{"@type":"CommentAction","name":"Comment","target":["https:\/\/turcon.es\/wp\/la-ruta-del-barranco-del-guiniguada-en-su-primera-parte\/#respond"]}]},{"@type":"WebPage","@id":"https:\/\/turcon.es\/wp\/la-ruta-del-barranco-del-guiniguada-en-su-primera-parte\/","url":"https:\/\/turcon.es\/wp\/la-ruta-del-barranco-del-guiniguada-en-su-primera-parte\/","name":"La ruta del barranco del Guiniguada, en su primera parte - Colectivo Ecologista Turcon","isPartOf":{"@id":"https:\/\/turcon.es\/wp\/#website"},"primaryImageOfPage":{"@id":"https:\/\/turcon.es\/wp\/la-ruta-del-barranco-del-guiniguada-en-su-primera-parte\/#primaryimage"},"image":{"@id":"https:\/\/turcon.es\/wp\/la-ruta-del-barranco-del-guiniguada-en-su-primera-parte\/#primaryimage"},"thumbnailUrl":"https:\/\/turcon.es\/wp\/wp-content\/uploads\/2014\/11\/espic3b1o-en-ruta-turcon.jpg?w=300","datePublished":"2014-11-12T13:06:34+00:00","breadcrumb":{"@id":"https:\/\/turcon.es\/wp\/la-ruta-del-barranco-del-guiniguada-en-su-primera-parte\/#breadcrumb"},"inLanguage":"es","potentialAction":[{"@type":"ReadAction","target":["https:\/\/turcon.es\/wp\/la-ruta-del-barranco-del-guiniguada-en-su-primera-parte\/"]}]},{"@type":"ImageObject","inLanguage":"es","@id":"https:\/\/turcon.es\/wp\/la-ruta-del-barranco-del-guiniguada-en-su-primera-parte\/#primaryimage","url":"https:\/\/turcon.es\/wp\/wp-content\/uploads\/2014\/11\/espic3b1o-en-ruta-turcon.jpg?w=300","contentUrl":"https:\/\/turcon.es\/wp\/wp-content\/uploads\/2014\/11\/espic3b1o-en-ruta-turcon.jpg?w=300"},{"@type":"BreadcrumbList","@id":"https:\/\/turcon.es\/wp\/la-ruta-del-barranco-del-guiniguada-en-su-primera-parte\/#breadcrumb","itemListElement":[{"@type":"ListItem","position":1,"name":"Portada","item":"https:\/\/turcon.es\/wp\/"},{"@type":"ListItem","position":2,"name":"La ruta del barranco del Guiniguada, en su primera parte"}]},{"@type":"WebSite","@id":"https:\/\/turcon.es\/wp\/#website","url":"https:\/\/turcon.es\/wp\/","name":"Colectivo Ecologista Turcon","description":"","publisher":{"@id":"https:\/\/turcon.es\/wp\/#organization"},"potentialAction":[{"@type":"SearchAction","target":{"@type":"EntryPoint","urlTemplate":"https:\/\/turcon.es\/wp\/?s={search_term_string}"},"query-input":{"@type":"PropertyValueSpecification","valueRequired":true,"valueName":"search_term_string"}}],"inLanguage":"es"},{"@type":"Organization","@id":"https:\/\/turcon.es\/wp\/#organization","name":"Colectivo Ecologista Turcon","url":"https:\/\/turcon.es\/wp\/","logo":{"@type":"ImageObject","inLanguage":"es","@id":"https:\/\/turcon.es\/wp\/#\/schema\/logo\/image\/","url":"https:\/\/turcon.es\/wp\/wp-content\/uploads\/2025\/03\/logo-verde.svg","contentUrl":"https:\/\/turcon.es\/wp\/wp-content\/uploads\/2025\/03\/logo-verde.svg","width":813,"height":813,"caption":"Colectivo Ecologista Turcon"},"image":{"@id":"https:\/\/turcon.es\/wp\/#\/schema\/logo\/image\/"}},{"@type":"Person","@id":"https:\/\/turcon.es\/wp\/#\/schema\/person\/a1f3ba727ce031d9da17684affe85edd","name":"Laura Fernandez","image":{"@type":"ImageObject","inLanguage":"es","@id":"https:\/\/turcon.es\/wp\/#\/schema\/person\/image\/","url":"https:\/\/secure.gravatar.com\/avatar\/360749af9549af22e54582d50231ae56e854210ae2368797ba242f445a9852e8?s=96&d=mm&r=g","contentUrl":"https:\/\/secure.gravatar.com\/avatar\/360749af9549af22e54582d50231ae56e854210ae2368797ba242f445a9852e8?s=96&d=mm&r=g","caption":"Laura Fernandez"},"url":"https:\/\/turcon.es\/wp\/author\/admturcon\/"}]}},"_links":{"self":[{"href":"https:\/\/turcon.es\/wp\/wp-json\/wp\/v2\/posts\/11063","targetHints":{"allow":["GET"]}}],"collection":[{"href":"https:\/\/turcon.es\/wp\/wp-json\/wp\/v2\/posts"}],"about":[{"href":"https:\/\/turcon.es\/wp\/wp-json\/wp\/v2\/types\/post"}],"author":[{"embeddable":true,"href":"https:\/\/turcon.es\/wp\/wp-json\/wp\/v2\/users\/2"}],"replies":[{"embeddable":true,"href":"https:\/\/turcon.es\/wp\/wp-json\/wp\/v2\/comments?post=11063"}],"version-history":[{"count":0,"href":"https:\/\/turcon.es\/wp\/wp-json\/wp\/v2\/posts\/11063\/revisions"}],"wp:attachment":[{"href":"https:\/\/turcon.es\/wp\/wp-json\/wp\/v2\/media?parent=11063"}],"wp:term":[{"taxonomy":"category","embeddable":true,"href":"https:\/\/turcon.es\/wp\/wp-json\/wp\/v2\/categories?post=11063"},{"taxonomy":"post_tag","embeddable":true,"href":"https:\/\/turcon.es\/wp\/wp-json\/wp\/v2\/tags?post=11063"}],"curies":[{"name":"wp","href":"https:\/\/api.w.org\/{rel}","templated":true}]}}