{"id":11067,"date":"2014-11-13T13:06:48","date_gmt":"2014-11-13T13:06:48","guid":{"rendered":"http:\/\/turcon.wordpress.com\/?p=11067"},"modified":"2014-11-13T13:06:48","modified_gmt":"2014-11-13T13:06:48","slug":"visita-a-centros-de-gestion-de-residuos-de-gran-canaria","status":"publish","type":"post","link":"https:\/\/turcon.es\/wp\/visita-a-centros-de-gestion-de-residuos-de-gran-canaria\/","title":{"rendered":"VISITA A CENTROS DE GESTI\u00d3N DE RESIDUOS DE GRAN CANARIA"},"content":{"rendered":"<h3><span style=\"color:#800000;\"><strong>Dentro de nuestra campa\u00f1a de Residuos, organizamos una visita al Centro de Residuos del Salto del Negro. Es nuestro trabajo ECOTECA, que desde hace ya varios a\u00f1os, practicamos para una concienciaci\u00f3n de los residuos dom\u00e9sticos.<\/strong><\/span><\/h3>\n<p>&nbsp;<\/p>\n<p><strong>Categor\u00eda<\/strong><\/p>\n<p>Jornadas de puertas abiertas y visitas guiadas<\/p>\n<p><strong>Pr\u00f3xima fecha<a href=\"https:\/\/turcon.es\/wp\/wp-content\/uploads\/2014\/11\/250205-1p.jpg\"><img fetchpriority=\"high\" decoding=\"async\" class=\"alignright size-full wp-image-11069\" src=\"https:\/\/turcon.es\/wp\/wp-content\/uploads\/2014\/11\/250205-1p.jpg\" alt=\"PC229070711.jpg\" width=\"280\" height=\"189\" \/><\/a><\/strong><\/p>\n<p>18\/11\/2014\u00a008:30 &#8211; 13:30<\/p>\n<p><strong>Lugar<\/strong><\/p>\n<p>Venegas (Fuente Luminosa), 35004 Las Palmas de Gran Canaria, Las Palmas, Espa\u00f1a<\/p>\n<p><strong>Tel\u00e9fono<\/strong><\/p>\n<p>828 600 070<\/p>\n<p><strong>E-mail<\/strong><\/p>\n<p><a href=\"mailto:sciencia.aciisi@gobiernodecanarias.org\">sciencia.aciisi@gobiernodecanarias.org<\/a><\/p>\n<p><strong>Sitio web<\/strong><\/p>\n<p><a href=\"http:\/\/www.turcon.org\/\">www.turcon.org<\/a><\/p>\n<p>Visita guiada a la finca de lombricompostaje (proceso de gesti\u00f3n de residuos de materia org\u00e1nica para producir abono) y al Complejo Ambiental del Salto del Negro, en la cual se analizar\u00e1n las caracter\u00edsticas de los procesos para el reciclaje de distintos tipos de residuos urbanos con el objetivo de divulgar la informaci\u00f3n y sensibilizar sobre la minimizaci\u00f3n y separaci\u00f3n teniendo en cuenta sus beneficios sociales y ambientales.<\/p>\n<p>Finca LOMBRICAMPO. Calle de los Llanetes, 3 \u2013 Valsequillo<\/p>\n<p>Complejo Ambiental Salto del Negro \u2013 Las Palmas de Gran Canaria<\/p>\n<p><strong>Informaci\u00f3n<\/strong><\/p>\n<p>Secretar\u00eda T\u00e9cnica de la ACIISI para las Semanas de la Ciencia<\/p>\n<p>Requiere inscripci\u00f3n (para el transporte en guagua).<\/p>\n<p>Salida de la guagua: Fuente Luminosa<\/p>\n<p>Plazas limitadas<\/p>\n<p><a href=\"http:\/\/www.ecotecaplus.org\/\">www.ecotecaplus.org<\/a><\/p>\n<p><strong>Organiza<\/strong><\/p>\n<p>Proyecto ECOTECAPLUS &#8211; Turc\u00f3n Ecologistas en Acci\u00f3n.<\/p>\n<p>&nbsp;<\/p>\n","protected":false},"excerpt":{"rendered":"<p>Dentro de nuestra campa\u00f1a de Residuos, organizamos una visita al Centro de Residuos del Salto del Negro. Es nuestro trabajo ECOTECA, que desde hace ya varios a\u00f1os, practicamos para una concienciaci\u00f3n de los residuos dom\u00e9sticos. &nbsp; Categor\u00eda Jornadas de puertas abiertas y visitas guiadas Pr\u00f3xima fecha 18\/11\/2014\u00a008:30 &#8211; 13:30 Lugar Venegas (Fuente Luminosa), 35004 Las [&hellip;]<\/p>\n","protected":false},"author":2,"featured_media":0,"comment_status":"open","ping_status":"open","sticky":false,"template":"","format":"standard","meta":{"footnotes":""},"categories":[6,8,22,24,25,41,43,69,52,54,58,60],"tags":[],"class_list":["post-11067","post","type-post","status-publish","format-standard","hentry","category-actividades-turcon","category-administracion-publica","category-concienciacion","category-consumismo","category-contaminacion-y-toxicos","category-gran-canaria","category-infraestructuras","category-movimiento-ciudadano","category-reciclaje","category-recomendamos-para-leer-ver-y-escuchar","category-sociedad-y-derechos","category-telde-gran-canaria"],"yoast_head":"<!-- This site is optimized with the Yoast SEO plugin v26.3 - https:\/\/yoast.com\/wordpress\/plugins\/seo\/ -->\n<title>VISITA A CENTROS DE GESTI\u00d3N DE RESIDUOS DE GRAN CANARIA - Colectivo Ecologista Turcon<\/title>\n<meta name=\"robots\" content=\"index, follow, max-snippet:-1, max-image-preview:large, max-video-preview:-1\" \/>\n<link rel=\"canonical\" href=\"https:\/\/turcon.es\/wp\/visita-a-centros-de-gestion-de-residuos-de-gran-canaria\/\" \/>\n<meta property=\"og:locale\" content=\"es_ES\" \/>\n<meta property=\"og:type\" content=\"article\" \/>\n<meta property=\"og:title\" content=\"VISITA A CENTROS DE GESTI\u00d3N DE RESIDUOS DE GRAN CANARIA - Colectivo Ecologista Turcon\" \/>\n<meta property=\"og:description\" content=\"Dentro de nuestra campa\u00f1a de Residuos, organizamos una visita al Centro de Residuos del Salto del Negro. Es nuestro trabajo ECOTECA, que desde hace ya varios a\u00f1os, practicamos para una concienciaci\u00f3n de los residuos dom\u00e9sticos. &nbsp; Categor\u00eda Jornadas de puertas abiertas y visitas guiadas Pr\u00f3xima fecha 18\/11\/2014\u00a008:30 &#8211; 13:30 Lugar Venegas (Fuente Luminosa), 35004 Las [&hellip;]\" \/>\n<meta property=\"og:url\" content=\"https:\/\/turcon.es\/wp\/visita-a-centros-de-gestion-de-residuos-de-gran-canaria\/\" \/>\n<meta property=\"og:site_name\" content=\"Colectivo Ecologista Turcon\" \/>\n<meta property=\"article:published_time\" content=\"2014-11-13T13:06:48+00:00\" \/>\n<meta property=\"og:image\" content=\"https:\/\/turcon.es\/wp\/wp-content\/uploads\/2014\/11\/250205-1p.jpg\" \/>\n\t<meta property=\"og:image:width\" content=\"280\" \/>\n\t<meta property=\"og:image:height\" content=\"189\" \/>\n\t<meta property=\"og:image:type\" content=\"image\/jpeg\" \/>\n<meta name=\"author\" content=\"Laura Fernandez\" \/>\n<meta name=\"twitter:card\" content=\"summary_large_image\" \/>\n<meta name=\"twitter:label1\" content=\"Escrito por\" \/>\n\t<meta name=\"twitter:data1\" content=\"Laura Fernandez\" \/>\n\t<meta name=\"twitter:label2\" content=\"Tiempo de lectura\" \/>\n\t<meta name=\"twitter:data2\" content=\"1 minuto\" \/>\n<script type=\"application\/ld+json\" class=\"yoast-schema-graph\">{\"@context\":\"https:\/\/schema.org\",\"@graph\":[{\"@type\":\"Article\",\"@id\":\"https:\/\/turcon.es\/wp\/visita-a-centros-de-gestion-de-residuos-de-gran-canaria\/#article\",\"isPartOf\":{\"@id\":\"https:\/\/turcon.es\/wp\/visita-a-centros-de-gestion-de-residuos-de-gran-canaria\/\"},\"author\":{\"name\":\"Laura Fernandez\",\"@id\":\"https:\/\/turcon.es\/wp\/#\/schema\/person\/a1f3ba727ce031d9da17684affe85edd\"},\"headline\":\"VISITA A CENTROS DE GESTI\u00d3N DE RESIDUOS DE GRAN CANARIA\",\"datePublished\":\"2014-11-13T13:06:48+00:00\",\"mainEntityOfPage\":{\"@id\":\"https:\/\/turcon.es\/wp\/visita-a-centros-de-gestion-de-residuos-de-gran-canaria\/\"},\"wordCount\":225,\"commentCount\":0,\"publisher\":{\"@id\":\"https:\/\/turcon.es\/wp\/#organization\"},\"image\":{\"@id\":\"https:\/\/turcon.es\/wp\/visita-a-centros-de-gestion-de-residuos-de-gran-canaria\/#primaryimage\"},\"thumbnailUrl\":\"https:\/\/turcon.es\/wp\/wp-content\/uploads\/2014\/11\/250205-1p.jpg\",\"articleSection\":[\"#Actividades Turc\u00f3n#\",\"Administraci\u00f3n p\u00fablica\",\"Concienciaci\u00f3n\",\"Consumismo\",\"Contaminaci\u00f3n y t\u00f3xicos\",\"Gran Canaria\",\"Infraestructuras\",\"Movimiento ciudadano\",\"Reciclaje\",\"Recomendamos para leer, ver y escuchar...\",\"Sociedad y derechos\",\"Telde (Gran Canaria)\"],\"inLanguage\":\"es\",\"potentialAction\":[{\"@type\":\"CommentAction\",\"name\":\"Comment\",\"target\":[\"https:\/\/turcon.es\/wp\/visita-a-centros-de-gestion-de-residuos-de-gran-canaria\/#respond\"]}]},{\"@type\":\"WebPage\",\"@id\":\"https:\/\/turcon.es\/wp\/visita-a-centros-de-gestion-de-residuos-de-gran-canaria\/\",\"url\":\"https:\/\/turcon.es\/wp\/visita-a-centros-de-gestion-de-residuos-de-gran-canaria\/\",\"name\":\"VISITA A CENTROS DE GESTI\u00d3N DE RESIDUOS DE GRAN CANARIA - Colectivo Ecologista Turcon\",\"isPartOf\":{\"@id\":\"https:\/\/turcon.es\/wp\/#website\"},\"primaryImageOfPage\":{\"@id\":\"https:\/\/turcon.es\/wp\/visita-a-centros-de-gestion-de-residuos-de-gran-canaria\/#primaryimage\"},\"image\":{\"@id\":\"https:\/\/turcon.es\/wp\/visita-a-centros-de-gestion-de-residuos-de-gran-canaria\/#primaryimage\"},\"thumbnailUrl\":\"https:\/\/turcon.es\/wp\/wp-content\/uploads\/2014\/11\/250205-1p.jpg\",\"datePublished\":\"2014-11-13T13:06:48+00:00\",\"breadcrumb\":{\"@id\":\"https:\/\/turcon.es\/wp\/visita-a-centros-de-gestion-de-residuos-de-gran-canaria\/#breadcrumb\"},\"inLanguage\":\"es\",\"potentialAction\":[{\"@type\":\"ReadAction\",\"target\":[\"https:\/\/turcon.es\/wp\/visita-a-centros-de-gestion-de-residuos-de-gran-canaria\/\"]}]},{\"@type\":\"ImageObject\",\"inLanguage\":\"es\",\"@id\":\"https:\/\/turcon.es\/wp\/visita-a-centros-de-gestion-de-residuos-de-gran-canaria\/#primaryimage\",\"url\":\"https:\/\/turcon.es\/wp\/wp-content\/uploads\/2014\/11\/250205-1p.jpg\",\"contentUrl\":\"https:\/\/turcon.es\/wp\/wp-content\/uploads\/2014\/11\/250205-1p.jpg\"},{\"@type\":\"BreadcrumbList\",\"@id\":\"https:\/\/turcon.es\/wp\/visita-a-centros-de-gestion-de-residuos-de-gran-canaria\/#breadcrumb\",\"itemListElement\":[{\"@type\":\"ListItem\",\"position\":1,\"name\":\"Portada\",\"item\":\"https:\/\/turcon.es\/wp\/\"},{\"@type\":\"ListItem\",\"position\":2,\"name\":\"VISITA A CENTROS DE GESTI\u00d3N DE RESIDUOS DE GRAN CANARIA\"}]},{\"@type\":\"WebSite\",\"@id\":\"https:\/\/turcon.es\/wp\/#website\",\"url\":\"https:\/\/turcon.es\/wp\/\",\"name\":\"Colectivo Ecologista Turcon\",\"description\":\"\",\"publisher\":{\"@id\":\"https:\/\/turcon.es\/wp\/#organization\"},\"potentialAction\":[{\"@type\":\"SearchAction\",\"target\":{\"@type\":\"EntryPoint\",\"urlTemplate\":\"https:\/\/turcon.es\/wp\/?s={search_term_string}\"},\"query-input\":{\"@type\":\"PropertyValueSpecification\",\"valueRequired\":true,\"valueName\":\"search_term_string\"}}],\"inLanguage\":\"es\"},{\"@type\":\"Organization\",\"@id\":\"https:\/\/turcon.es\/wp\/#organization\",\"name\":\"Colectivo Ecologista Turcon\",\"url\":\"https:\/\/turcon.es\/wp\/\",\"logo\":{\"@type\":\"ImageObject\",\"inLanguage\":\"es\",\"@id\":\"https:\/\/turcon.es\/wp\/#\/schema\/logo\/image\/\",\"url\":\"https:\/\/turcon.es\/wp\/wp-content\/uploads\/2025\/03\/logo-verde.svg\",\"contentUrl\":\"https:\/\/turcon.es\/wp\/wp-content\/uploads\/2025\/03\/logo-verde.svg\",\"width\":813,\"height\":813,\"caption\":\"Colectivo Ecologista Turcon\"},\"image\":{\"@id\":\"https:\/\/turcon.es\/wp\/#\/schema\/logo\/image\/\"}},{\"@type\":\"Person\",\"@id\":\"https:\/\/turcon.es\/wp\/#\/schema\/person\/a1f3ba727ce031d9da17684affe85edd\",\"name\":\"Laura Fernandez\",\"image\":{\"@type\":\"ImageObject\",\"inLanguage\":\"es\",\"@id\":\"https:\/\/turcon.es\/wp\/#\/schema\/person\/image\/\",\"url\":\"https:\/\/secure.gravatar.com\/avatar\/360749af9549af22e54582d50231ae56e854210ae2368797ba242f445a9852e8?s=96&d=mm&r=g\",\"contentUrl\":\"https:\/\/secure.gravatar.com\/avatar\/360749af9549af22e54582d50231ae56e854210ae2368797ba242f445a9852e8?s=96&d=mm&r=g\",\"caption\":\"Laura Fernandez\"},\"url\":\"https:\/\/turcon.es\/wp\/author\/admturcon\/\"}]}<\/script>\n<!-- \/ Yoast SEO plugin. -->","yoast_head_json":{"title":"VISITA A CENTROS DE GESTI\u00d3N DE RESIDUOS DE GRAN CANARIA - Colectivo Ecologista Turcon","robots":{"index":"index","follow":"follow","max-snippet":"max-snippet:-1","max-image-preview":"max-image-preview:large","max-video-preview":"max-video-preview:-1"},"canonical":"https:\/\/turcon.es\/wp\/visita-a-centros-de-gestion-de-residuos-de-gran-canaria\/","og_locale":"es_ES","og_type":"article","og_title":"VISITA A CENTROS DE GESTI\u00d3N DE RESIDUOS DE GRAN CANARIA - Colectivo Ecologista Turcon","og_description":"Dentro de nuestra campa\u00f1a de Residuos, organizamos una visita al Centro de Residuos del Salto del Negro. Es nuestro trabajo ECOTECA, que desde hace ya varios a\u00f1os, practicamos para una concienciaci\u00f3n de los residuos dom\u00e9sticos. &nbsp; Categor\u00eda Jornadas de puertas abiertas y visitas guiadas Pr\u00f3xima fecha 18\/11\/2014\u00a008:30 &#8211; 13:30 Lugar Venegas (Fuente Luminosa), 35004 Las [&hellip;]","og_url":"https:\/\/turcon.es\/wp\/visita-a-centros-de-gestion-de-residuos-de-gran-canaria\/","og_site_name":"Colectivo Ecologista Turcon","article_published_time":"2014-11-13T13:06:48+00:00","og_image":[{"width":280,"height":189,"url":"https:\/\/turcon.es\/wp\/wp-content\/uploads\/2014\/11\/250205-1p.jpg","type":"image\/jpeg"}],"author":"Laura Fernandez","twitter_card":"summary_large_image","twitter_misc":{"Escrito por":"Laura Fernandez","Tiempo de lectura":"1 minuto"},"schema":{"@context":"https:\/\/schema.org","@graph":[{"@type":"Article","@id":"https:\/\/turcon.es\/wp\/visita-a-centros-de-gestion-de-residuos-de-gran-canaria\/#article","isPartOf":{"@id":"https:\/\/turcon.es\/wp\/visita-a-centros-de-gestion-de-residuos-de-gran-canaria\/"},"author":{"name":"Laura Fernandez","@id":"https:\/\/turcon.es\/wp\/#\/schema\/person\/a1f3ba727ce031d9da17684affe85edd"},"headline":"VISITA A CENTROS DE GESTI\u00d3N DE RESIDUOS DE GRAN CANARIA","datePublished":"2014-11-13T13:06:48+00:00","mainEntityOfPage":{"@id":"https:\/\/turcon.es\/wp\/visita-a-centros-de-gestion-de-residuos-de-gran-canaria\/"},"wordCount":225,"commentCount":0,"publisher":{"@id":"https:\/\/turcon.es\/wp\/#organization"},"image":{"@id":"https:\/\/turcon.es\/wp\/visita-a-centros-de-gestion-de-residuos-de-gran-canaria\/#primaryimage"},"thumbnailUrl":"https:\/\/turcon.es\/wp\/wp-content\/uploads\/2014\/11\/250205-1p.jpg","articleSection":["#Actividades Turc\u00f3n#","Administraci\u00f3n p\u00fablica","Concienciaci\u00f3n","Consumismo","Contaminaci\u00f3n y t\u00f3xicos","Gran Canaria","Infraestructuras","Movimiento ciudadano","Reciclaje","Recomendamos para leer, ver y escuchar...","Sociedad y derechos","Telde (Gran Canaria)"],"inLanguage":"es","potentialAction":[{"@type":"CommentAction","name":"Comment","target":["https:\/\/turcon.es\/wp\/visita-a-centros-de-gestion-de-residuos-de-gran-canaria\/#respond"]}]},{"@type":"WebPage","@id":"https:\/\/turcon.es\/wp\/visita-a-centros-de-gestion-de-residuos-de-gran-canaria\/","url":"https:\/\/turcon.es\/wp\/visita-a-centros-de-gestion-de-residuos-de-gran-canaria\/","name":"VISITA A CENTROS DE GESTI\u00d3N DE RESIDUOS DE GRAN CANARIA - Colectivo Ecologista Turcon","isPartOf":{"@id":"https:\/\/turcon.es\/wp\/#website"},"primaryImageOfPage":{"@id":"https:\/\/turcon.es\/wp\/visita-a-centros-de-gestion-de-residuos-de-gran-canaria\/#primaryimage"},"image":{"@id":"https:\/\/turcon.es\/wp\/visita-a-centros-de-gestion-de-residuos-de-gran-canaria\/#primaryimage"},"thumbnailUrl":"https:\/\/turcon.es\/wp\/wp-content\/uploads\/2014\/11\/250205-1p.jpg","datePublished":"2014-11-13T13:06:48+00:00","breadcrumb":{"@id":"https:\/\/turcon.es\/wp\/visita-a-centros-de-gestion-de-residuos-de-gran-canaria\/#breadcrumb"},"inLanguage":"es","potentialAction":[{"@type":"ReadAction","target":["https:\/\/turcon.es\/wp\/visita-a-centros-de-gestion-de-residuos-de-gran-canaria\/"]}]},{"@type":"ImageObject","inLanguage":"es","@id":"https:\/\/turcon.es\/wp\/visita-a-centros-de-gestion-de-residuos-de-gran-canaria\/#primaryimage","url":"https:\/\/turcon.es\/wp\/wp-content\/uploads\/2014\/11\/250205-1p.jpg","contentUrl":"https:\/\/turcon.es\/wp\/wp-content\/uploads\/2014\/11\/250205-1p.jpg"},{"@type":"BreadcrumbList","@id":"https:\/\/turcon.es\/wp\/visita-a-centros-de-gestion-de-residuos-de-gran-canaria\/#breadcrumb","itemListElement":[{"@type":"ListItem","position":1,"name":"Portada","item":"https:\/\/turcon.es\/wp\/"},{"@type":"ListItem","position":2,"name":"VISITA A CENTROS DE GESTI\u00d3N DE RESIDUOS DE GRAN CANARIA"}]},{"@type":"WebSite","@id":"https:\/\/turcon.es\/wp\/#website","url":"https:\/\/turcon.es\/wp\/","name":"Colectivo Ecologista Turcon","description":"","publisher":{"@id":"https:\/\/turcon.es\/wp\/#organization"},"potentialAction":[{"@type":"SearchAction","target":{"@type":"EntryPoint","urlTemplate":"https:\/\/turcon.es\/wp\/?s={search_term_string}"},"query-input":{"@type":"PropertyValueSpecification","valueRequired":true,"valueName":"search_term_string"}}],"inLanguage":"es"},{"@type":"Organization","@id":"https:\/\/turcon.es\/wp\/#organization","name":"Colectivo Ecologista Turcon","url":"https:\/\/turcon.es\/wp\/","logo":{"@type":"ImageObject","inLanguage":"es","@id":"https:\/\/turcon.es\/wp\/#\/schema\/logo\/image\/","url":"https:\/\/turcon.es\/wp\/wp-content\/uploads\/2025\/03\/logo-verde.svg","contentUrl":"https:\/\/turcon.es\/wp\/wp-content\/uploads\/2025\/03\/logo-verde.svg","width":813,"height":813,"caption":"Colectivo Ecologista Turcon"},"image":{"@id":"https:\/\/turcon.es\/wp\/#\/schema\/logo\/image\/"}},{"@type":"Person","@id":"https:\/\/turcon.es\/wp\/#\/schema\/person\/a1f3ba727ce031d9da17684affe85edd","name":"Laura Fernandez","image":{"@type":"ImageObject","inLanguage":"es","@id":"https:\/\/turcon.es\/wp\/#\/schema\/person\/image\/","url":"https:\/\/secure.gravatar.com\/avatar\/360749af9549af22e54582d50231ae56e854210ae2368797ba242f445a9852e8?s=96&d=mm&r=g","contentUrl":"https:\/\/secure.gravatar.com\/avatar\/360749af9549af22e54582d50231ae56e854210ae2368797ba242f445a9852e8?s=96&d=mm&r=g","caption":"Laura Fernandez"},"url":"https:\/\/turcon.es\/wp\/author\/admturcon\/"}]}},"_links":{"self":[{"href":"https:\/\/turcon.es\/wp\/wp-json\/wp\/v2\/posts\/11067","targetHints":{"allow":["GET"]}}],"collection":[{"href":"https:\/\/turcon.es\/wp\/wp-json\/wp\/v2\/posts"}],"about":[{"href":"https:\/\/turcon.es\/wp\/wp-json\/wp\/v2\/types\/post"}],"author":[{"embeddable":true,"href":"https:\/\/turcon.es\/wp\/wp-json\/wp\/v2\/users\/2"}],"replies":[{"embeddable":true,"href":"https:\/\/turcon.es\/wp\/wp-json\/wp\/v2\/comments?post=11067"}],"version-history":[{"count":0,"href":"https:\/\/turcon.es\/wp\/wp-json\/wp\/v2\/posts\/11067\/revisions"}],"wp:attachment":[{"href":"https:\/\/turcon.es\/wp\/wp-json\/wp\/v2\/media?parent=11067"}],"wp:term":[{"taxonomy":"category","embeddable":true,"href":"https:\/\/turcon.es\/wp\/wp-json\/wp\/v2\/categories?post=11067"},{"taxonomy":"post_tag","embeddable":true,"href":"https:\/\/turcon.es\/wp\/wp-json\/wp\/v2\/tags?post=11067"}],"curies":[{"name":"wp","href":"https:\/\/api.w.org\/{rel}","templated":true}]}}