{"id":11267,"date":"2015-03-16T19:04:00","date_gmt":"2015-03-16T19:04:00","guid":{"rendered":"https:\/\/turcon.wordpress.com\/?p=11267"},"modified":"2015-03-16T19:04:00","modified_gmt":"2015-03-16T19:04:00","slug":"presentacion-de-la-novela-ka-i-ak-una-isla-una-piragua-y-unas-botas-de-montana","status":"publish","type":"post","link":"https:\/\/turcon.es\/wp\/presentacion-de-la-novela-ka-i-ak-una-isla-una-piragua-y-unas-botas-de-montana\/","title":{"rendered":"Presentaci\u00f3n de la novela \u00abKA I AK: una isla, una piragua y unas botas de monta\u00f1a\u00bb"},"content":{"rendered":"<h3 style=\"text-align:center;\">LUGAR: Casa-Museo Le\u00f3n y Castillo. Telde. Gran Canaria<br \/>\nFECHA: Jueves, 19 de marzo de 2015<br \/>\nHORA: 20.oo horas<br \/>\nPRESENTA al autor: D. Antonio Mar\u00eda Gonz\u00e1lez Padr\u00f3n<br \/>\nDirector del Museo, cronista de la ciudad.<\/h3>\n<figure id=\"attachment_11268\" aria-describedby=\"caption-attachment-11268\" style=\"width: 285px\" class=\"wp-caption aligncenter\"><a href=\"https:\/\/turcon.es\/wp\/wp-content\/uploads\/2015\/03\/libro-espic3b1o.jpg\"><img fetchpriority=\"high\" decoding=\"async\" class=\" wp-image-11268\" src=\"https:\/\/turcon.es\/wp\/wp-content\/uploads\/2015\/03\/libro-espic3b1o.jpg?w=468\" alt=\"Portada del libro a presentar\" width=\"285\" height=\"410\" srcset=\"https:\/\/turcon.es\/wp\/wp-content\/uploads\/2015\/03\/libro-espic3b1o.jpg 735w, https:\/\/turcon.es\/wp\/wp-content\/uploads\/2015\/03\/libro-espic3b1o-208x300.jpg 208w, https:\/\/turcon.es\/wp\/wp-content\/uploads\/2015\/03\/libro-espic3b1o-711x1024.jpg 711w\" sizes=\"(max-width: 285px) 100vw, 285px\" \/><\/a><figcaption id=\"caption-attachment-11268\" class=\"wp-caption-text\">Portada del libro a presentar<\/figcaption><\/figure>\n<h4 style=\"text-align:justify;\">La novela: KA I AK: una isla, una piragua y unas botas de monta\u00f1a es una sincera invitaci\u00f3n al descubrimiento de la cara oculta de la isla.<\/h4>\n<p style=\"text-align:justify;\">Aquella que, bella e impresionante, a gran parte de la poblaci\u00f3n nunca le coge de camino, pues vive en un mundo tan antropizado que necesita de la orientaci\u00f3n y planeamiento espacial de su especie para sentirse c\u00f3moda y segura, relajada y satisfecha. No es casual el hecho de que los centros comerciales atraigan m\u00e1s personas en su tiempo de ocio que un paseo por el campo, una ruta en bicicleta o una vuelta por la monta\u00f1a.<br \/>\nEl escenario donde transcurre la novela goza de un carisma especial para los amantes de ambos deportes: senderismo y pirag\u00fcismo. Se trata del litoral grancanario. El periplo que inician los personajes, lleva a Albenes a circunvalar la isla y a Eva a encontrar la paz y sosiego que pretende, caminando. Espacios carism\u00e1ticos son sus lugares de pernocta. La playa de San Crist\u00f3bal, la playa de Monta\u00f1a Arena, las playas de Guguy, las cuevas f\u00f3siles de Punta de las Arenas o la desembocadura del barranco de El R\u00edo, son lugares de encuentro y de partida. Encuentro con personajes que dibujan nuevos trazos en sus vidas, diferentes, arriesgados tal vez, siempre optimistas. Partida porque siempre est\u00e1 presente el objetivo trazado, la finalidad del periplo que no es otro que continuar la senda, proseguir la navegaci\u00f3n, reencontrarse.<br \/>\nLa novela recupera el poder de la decisi\u00f3n, el inconformismo como bandera y el esfuerzo como valor. Las necesidades materiales de Eva no van mucho m\u00e1s all\u00e1 de unas botas y una mochila. En el caso de Albenes, una piragua y una pala. Tras la firmeza en la decisi\u00f3n, surge el camino.<br \/>\n\u00bfY las suyas? Si es de los que a\u00fan creen que la isla es algo m\u00e1s que una sucesi\u00f3n inacabable de hoteles y apartamentos. Si a\u00fan cree que hay espacios v\u00edrgenes donde la naturaleza se nos presenta salvaje y se puede escuchar el silencio, entonces, KA I AK, una isla, una piragua y unas botas de monta\u00f1a, es su novela, o al menos, la disculpa perfecta para acompa\u00f1arnos en una presentaci\u00f3n que ser\u00e1 una senda, un camino definido por espacios incre\u00edbles, una ruta navegable entre tortugas, mantas, tiburones y delfines.<\/p>\n<figure id=\"attachment_11269\" aria-describedby=\"caption-attachment-11269\" style=\"width: 379px\" class=\"wp-caption aligncenter\"><a href=\"https:\/\/turcon.es\/wp\/wp-content\/uploads\/2015\/03\/libro-espic3b1o1.jpg\"><img decoding=\"async\" class=\" wp-image-11269\" src=\"https:\/\/turcon.es\/wp\/wp-content\/uploads\/2015\/03\/libro-espic3b1o1.jpg?w=468\" alt=\"\u00a1V\u00edvelo con nosotros, el jueves 19,  en la casa Museo Le\u00f3n y Castillo de Telde! \" width=\"379\" height=\"369\" srcset=\"https:\/\/turcon.es\/wp\/wp-content\/uploads\/2015\/03\/libro-espic3b1o1.jpg 830w, https:\/\/turcon.es\/wp\/wp-content\/uploads\/2015\/03\/libro-espic3b1o1-300x292.jpg 300w, https:\/\/turcon.es\/wp\/wp-content\/uploads\/2015\/03\/libro-espic3b1o1-768x748.jpg 768w\" sizes=\"(max-width: 379px) 100vw, 379px\" \/><\/a><figcaption id=\"caption-attachment-11269\" class=\"wp-caption-text\">\u00a1V\u00edvelo con nosotros, el jueves 19,<br \/>en la casa Museo Le\u00f3n y Castillo de Telde!<\/figcaption><\/figure>\n<blockquote>\n<h4 style=\"text-align:center;\">Agua marina, limpia y renovada, miradas c\u00f3mplices, ansias satisfechas, ardores saciados. Espuma del mar, esencias de la tierra y olores de hombre y mujer, compartiendo el misterio de la vida.<br \/>\nCuerpos en reposo, imp\u00fadicos, sobre rocas volc\u00e1nicas de basaltos moldeados por el agua que cincela en ellos, labios de roca, senos de arenisca.<\/h4>\n<\/blockquote>\n","protected":false},"excerpt":{"rendered":"<p>LUGAR: Casa-Museo Le\u00f3n y Castillo. Telde. Gran Canaria FECHA: Jueves, 19 de marzo de 2015 HORA: 20.oo horas PRESENTA al autor: D. Antonio Mar\u00eda Gonz\u00e1lez Padr\u00f3n Director del Museo, cronista de la ciudad. La novela: KA I AK: una isla, una piragua y unas botas de monta\u00f1a es una sincera invitaci\u00f3n al descubrimiento de la [&hellip;]<\/p>\n","protected":false},"author":2,"featured_media":0,"comment_status":"open","ping_status":"open","sticky":false,"template":"","format":"standard","meta":{"footnotes":""},"categories":[6,31,46,47,54,60],"tags":[972,1200,1363],"class_list":["post-11267","post","type-post","status-publish","format-standard","hentry","category-actividades-turcon","category-educacion-y-cultura","category-notas-de-prensa-de-turcon","category-oceanos","category-recomendamos-para-leer-ver-y-escuchar","category-telde-gran-canaria","tag-jose-manuel-espino","tag-novela","tag-presentacion-libro"],"yoast_head":"<!-- This site is optimized with the Yoast SEO plugin v26.3 - https:\/\/yoast.com\/wordpress\/plugins\/seo\/ -->\n<title>Presentaci\u00f3n de la novela &quot;KA I AK: una isla, una piragua y unas botas de monta\u00f1a&quot; - Colectivo Ecologista Turcon<\/title>\n<meta name=\"robots\" content=\"index, follow, max-snippet:-1, max-image-preview:large, max-video-preview:-1\" \/>\n<link rel=\"canonical\" href=\"https:\/\/turcon.es\/wp\/presentacion-de-la-novela-ka-i-ak-una-isla-una-piragua-y-unas-botas-de-montana\/\" \/>\n<meta property=\"og:locale\" content=\"es_ES\" \/>\n<meta property=\"og:type\" content=\"article\" \/>\n<meta property=\"og:title\" content=\"Presentaci\u00f3n de la novela &quot;KA I AK: una isla, una piragua y unas botas de monta\u00f1a&quot; - Colectivo Ecologista Turcon\" \/>\n<meta property=\"og:description\" content=\"LUGAR: Casa-Museo Le\u00f3n y Castillo. Telde. Gran Canaria FECHA: Jueves, 19 de marzo de 2015 HORA: 20.oo horas PRESENTA al autor: D. Antonio Mar\u00eda Gonz\u00e1lez Padr\u00f3n Director del Museo, cronista de la ciudad. La novela: KA I AK: una isla, una piragua y unas botas de monta\u00f1a es una sincera invitaci\u00f3n al descubrimiento de la [&hellip;]\" \/>\n<meta property=\"og:url\" content=\"https:\/\/turcon.es\/wp\/presentacion-de-la-novela-ka-i-ak-una-isla-una-piragua-y-unas-botas-de-montana\/\" \/>\n<meta property=\"og:site_name\" content=\"Colectivo Ecologista Turcon\" \/>\n<meta property=\"article:published_time\" content=\"2015-03-16T19:04:00+00:00\" \/>\n<meta property=\"og:image\" content=\"https:\/\/turcon.es\/wp\/wp-content\/uploads\/2015\/03\/libro-espic3b1o.jpg\" \/>\n\t<meta property=\"og:image:width\" content=\"735\" \/>\n\t<meta property=\"og:image:height\" content=\"1058\" \/>\n\t<meta property=\"og:image:type\" content=\"image\/jpeg\" \/>\n<meta name=\"author\" content=\"Laura Fernandez\" \/>\n<meta name=\"twitter:card\" content=\"summary_large_image\" \/>\n<meta name=\"twitter:label1\" content=\"Escrito por\" \/>\n\t<meta name=\"twitter:data1\" content=\"Laura Fernandez\" \/>\n\t<meta name=\"twitter:label2\" content=\"Tiempo de lectura\" \/>\n\t<meta name=\"twitter:data2\" content=\"3 minutos\" \/>\n<script type=\"application\/ld+json\" class=\"yoast-schema-graph\">{\"@context\":\"https:\/\/schema.org\",\"@graph\":[{\"@type\":\"Article\",\"@id\":\"https:\/\/turcon.es\/wp\/presentacion-de-la-novela-ka-i-ak-una-isla-una-piragua-y-unas-botas-de-montana\/#article\",\"isPartOf\":{\"@id\":\"https:\/\/turcon.es\/wp\/presentacion-de-la-novela-ka-i-ak-una-isla-una-piragua-y-unas-botas-de-montana\/\"},\"author\":{\"name\":\"Laura Fernandez\",\"@id\":\"https:\/\/turcon.es\/wp\/#\/schema\/person\/a1f3ba727ce031d9da17684affe85edd\"},\"headline\":\"Presentaci\u00f3n de la novela \u00abKA I AK: una isla, una piragua y unas botas de monta\u00f1a\u00bb\",\"datePublished\":\"2015-03-16T19:04:00+00:00\",\"mainEntityOfPage\":{\"@id\":\"https:\/\/turcon.es\/wp\/presentacion-de-la-novela-ka-i-ak-una-isla-una-piragua-y-unas-botas-de-montana\/\"},\"wordCount\":549,\"commentCount\":0,\"publisher\":{\"@id\":\"https:\/\/turcon.es\/wp\/#organization\"},\"image\":{\"@id\":\"https:\/\/turcon.es\/wp\/presentacion-de-la-novela-ka-i-ak-una-isla-una-piragua-y-unas-botas-de-montana\/#primaryimage\"},\"thumbnailUrl\":\"https:\/\/turcon.es\/wp\/wp-content\/uploads\/2015\/03\/libro-espic3b1o.jpg?w=468\",\"keywords\":[\"Jos\u00e9 Manuel Espi\u00f1o\",\"Novela\",\"Presentaci\u00f3n libro\"],\"articleSection\":[\"#Actividades Turc\u00f3n#\",\"Educaci\u00f3n y cultura\",\"Notas de prensa de Turc\u00f3n\",\"Oc\u00e9anos\",\"Recomendamos para leer, ver y escuchar...\",\"Telde (Gran Canaria)\"],\"inLanguage\":\"es\",\"potentialAction\":[{\"@type\":\"CommentAction\",\"name\":\"Comment\",\"target\":[\"https:\/\/turcon.es\/wp\/presentacion-de-la-novela-ka-i-ak-una-isla-una-piragua-y-unas-botas-de-montana\/#respond\"]}]},{\"@type\":\"WebPage\",\"@id\":\"https:\/\/turcon.es\/wp\/presentacion-de-la-novela-ka-i-ak-una-isla-una-piragua-y-unas-botas-de-montana\/\",\"url\":\"https:\/\/turcon.es\/wp\/presentacion-de-la-novela-ka-i-ak-una-isla-una-piragua-y-unas-botas-de-montana\/\",\"name\":\"Presentaci\u00f3n de la novela \\\"KA I AK: una isla, una piragua y unas botas de monta\u00f1a\\\" - Colectivo Ecologista Turcon\",\"isPartOf\":{\"@id\":\"https:\/\/turcon.es\/wp\/#website\"},\"primaryImageOfPage\":{\"@id\":\"https:\/\/turcon.es\/wp\/presentacion-de-la-novela-ka-i-ak-una-isla-una-piragua-y-unas-botas-de-montana\/#primaryimage\"},\"image\":{\"@id\":\"https:\/\/turcon.es\/wp\/presentacion-de-la-novela-ka-i-ak-una-isla-una-piragua-y-unas-botas-de-montana\/#primaryimage\"},\"thumbnailUrl\":\"https:\/\/turcon.es\/wp\/wp-content\/uploads\/2015\/03\/libro-espic3b1o.jpg?w=468\",\"datePublished\":\"2015-03-16T19:04:00+00:00\",\"breadcrumb\":{\"@id\":\"https:\/\/turcon.es\/wp\/presentacion-de-la-novela-ka-i-ak-una-isla-una-piragua-y-unas-botas-de-montana\/#breadcrumb\"},\"inLanguage\":\"es\",\"potentialAction\":[{\"@type\":\"ReadAction\",\"target\":[\"https:\/\/turcon.es\/wp\/presentacion-de-la-novela-ka-i-ak-una-isla-una-piragua-y-unas-botas-de-montana\/\"]}]},{\"@type\":\"ImageObject\",\"inLanguage\":\"es\",\"@id\":\"https:\/\/turcon.es\/wp\/presentacion-de-la-novela-ka-i-ak-una-isla-una-piragua-y-unas-botas-de-montana\/#primaryimage\",\"url\":\"https:\/\/turcon.es\/wp\/wp-content\/uploads\/2015\/03\/libro-espic3b1o.jpg?w=468\",\"contentUrl\":\"https:\/\/turcon.es\/wp\/wp-content\/uploads\/2015\/03\/libro-espic3b1o.jpg?w=468\"},{\"@type\":\"BreadcrumbList\",\"@id\":\"https:\/\/turcon.es\/wp\/presentacion-de-la-novela-ka-i-ak-una-isla-una-piragua-y-unas-botas-de-montana\/#breadcrumb\",\"itemListElement\":[{\"@type\":\"ListItem\",\"position\":1,\"name\":\"Portada\",\"item\":\"https:\/\/turcon.es\/wp\/\"},{\"@type\":\"ListItem\",\"position\":2,\"name\":\"Presentaci\u00f3n de la novela \u00abKA I AK: una isla, una piragua y unas botas de monta\u00f1a\u00bb\"}]},{\"@type\":\"WebSite\",\"@id\":\"https:\/\/turcon.es\/wp\/#website\",\"url\":\"https:\/\/turcon.es\/wp\/\",\"name\":\"Colectivo Ecologista Turcon\",\"description\":\"\",\"publisher\":{\"@id\":\"https:\/\/turcon.es\/wp\/#organization\"},\"potentialAction\":[{\"@type\":\"SearchAction\",\"target\":{\"@type\":\"EntryPoint\",\"urlTemplate\":\"https:\/\/turcon.es\/wp\/?s={search_term_string}\"},\"query-input\":{\"@type\":\"PropertyValueSpecification\",\"valueRequired\":true,\"valueName\":\"search_term_string\"}}],\"inLanguage\":\"es\"},{\"@type\":\"Organization\",\"@id\":\"https:\/\/turcon.es\/wp\/#organization\",\"name\":\"Colectivo Ecologista Turcon\",\"url\":\"https:\/\/turcon.es\/wp\/\",\"logo\":{\"@type\":\"ImageObject\",\"inLanguage\":\"es\",\"@id\":\"https:\/\/turcon.es\/wp\/#\/schema\/logo\/image\/\",\"url\":\"https:\/\/turcon.es\/wp\/wp-content\/uploads\/2025\/03\/logo-verde.svg\",\"contentUrl\":\"https:\/\/turcon.es\/wp\/wp-content\/uploads\/2025\/03\/logo-verde.svg\",\"width\":813,\"height\":813,\"caption\":\"Colectivo Ecologista Turcon\"},\"image\":{\"@id\":\"https:\/\/turcon.es\/wp\/#\/schema\/logo\/image\/\"}},{\"@type\":\"Person\",\"@id\":\"https:\/\/turcon.es\/wp\/#\/schema\/person\/a1f3ba727ce031d9da17684affe85edd\",\"name\":\"Laura Fernandez\",\"image\":{\"@type\":\"ImageObject\",\"inLanguage\":\"es\",\"@id\":\"https:\/\/turcon.es\/wp\/#\/schema\/person\/image\/\",\"url\":\"https:\/\/secure.gravatar.com\/avatar\/360749af9549af22e54582d50231ae56e854210ae2368797ba242f445a9852e8?s=96&d=mm&r=g\",\"contentUrl\":\"https:\/\/secure.gravatar.com\/avatar\/360749af9549af22e54582d50231ae56e854210ae2368797ba242f445a9852e8?s=96&d=mm&r=g\",\"caption\":\"Laura Fernandez\"},\"url\":\"https:\/\/turcon.es\/wp\/author\/admturcon\/\"}]}<\/script>\n<!-- \/ Yoast SEO plugin. -->","yoast_head_json":{"title":"Presentaci\u00f3n de la novela \"KA I AK: una isla, una piragua y unas botas de monta\u00f1a\" - Colectivo Ecologista Turcon","robots":{"index":"index","follow":"follow","max-snippet":"max-snippet:-1","max-image-preview":"max-image-preview:large","max-video-preview":"max-video-preview:-1"},"canonical":"https:\/\/turcon.es\/wp\/presentacion-de-la-novela-ka-i-ak-una-isla-una-piragua-y-unas-botas-de-montana\/","og_locale":"es_ES","og_type":"article","og_title":"Presentaci\u00f3n de la novela \"KA I AK: una isla, una piragua y unas botas de monta\u00f1a\" - Colectivo Ecologista Turcon","og_description":"LUGAR: Casa-Museo Le\u00f3n y Castillo. Telde. Gran Canaria FECHA: Jueves, 19 de marzo de 2015 HORA: 20.oo horas PRESENTA al autor: D. Antonio Mar\u00eda Gonz\u00e1lez Padr\u00f3n Director del Museo, cronista de la ciudad. La novela: KA I AK: una isla, una piragua y unas botas de monta\u00f1a es una sincera invitaci\u00f3n al descubrimiento de la [&hellip;]","og_url":"https:\/\/turcon.es\/wp\/presentacion-de-la-novela-ka-i-ak-una-isla-una-piragua-y-unas-botas-de-montana\/","og_site_name":"Colectivo Ecologista Turcon","article_published_time":"2015-03-16T19:04:00+00:00","og_image":[{"width":735,"height":1058,"url":"https:\/\/turcon.es\/wp\/wp-content\/uploads\/2015\/03\/libro-espic3b1o.jpg","type":"image\/jpeg"}],"author":"Laura Fernandez","twitter_card":"summary_large_image","twitter_misc":{"Escrito por":"Laura Fernandez","Tiempo de lectura":"3 minutos"},"schema":{"@context":"https:\/\/schema.org","@graph":[{"@type":"Article","@id":"https:\/\/turcon.es\/wp\/presentacion-de-la-novela-ka-i-ak-una-isla-una-piragua-y-unas-botas-de-montana\/#article","isPartOf":{"@id":"https:\/\/turcon.es\/wp\/presentacion-de-la-novela-ka-i-ak-una-isla-una-piragua-y-unas-botas-de-montana\/"},"author":{"name":"Laura Fernandez","@id":"https:\/\/turcon.es\/wp\/#\/schema\/person\/a1f3ba727ce031d9da17684affe85edd"},"headline":"Presentaci\u00f3n de la novela \u00abKA I AK: una isla, una piragua y unas botas de monta\u00f1a\u00bb","datePublished":"2015-03-16T19:04:00+00:00","mainEntityOfPage":{"@id":"https:\/\/turcon.es\/wp\/presentacion-de-la-novela-ka-i-ak-una-isla-una-piragua-y-unas-botas-de-montana\/"},"wordCount":549,"commentCount":0,"publisher":{"@id":"https:\/\/turcon.es\/wp\/#organization"},"image":{"@id":"https:\/\/turcon.es\/wp\/presentacion-de-la-novela-ka-i-ak-una-isla-una-piragua-y-unas-botas-de-montana\/#primaryimage"},"thumbnailUrl":"https:\/\/turcon.es\/wp\/wp-content\/uploads\/2015\/03\/libro-espic3b1o.jpg?w=468","keywords":["Jos\u00e9 Manuel Espi\u00f1o","Novela","Presentaci\u00f3n libro"],"articleSection":["#Actividades Turc\u00f3n#","Educaci\u00f3n y cultura","Notas de prensa de Turc\u00f3n","Oc\u00e9anos","Recomendamos para leer, ver y escuchar...","Telde (Gran Canaria)"],"inLanguage":"es","potentialAction":[{"@type":"CommentAction","name":"Comment","target":["https:\/\/turcon.es\/wp\/presentacion-de-la-novela-ka-i-ak-una-isla-una-piragua-y-unas-botas-de-montana\/#respond"]}]},{"@type":"WebPage","@id":"https:\/\/turcon.es\/wp\/presentacion-de-la-novela-ka-i-ak-una-isla-una-piragua-y-unas-botas-de-montana\/","url":"https:\/\/turcon.es\/wp\/presentacion-de-la-novela-ka-i-ak-una-isla-una-piragua-y-unas-botas-de-montana\/","name":"Presentaci\u00f3n de la novela \"KA I AK: una isla, una piragua y unas botas de monta\u00f1a\" - Colectivo Ecologista Turcon","isPartOf":{"@id":"https:\/\/turcon.es\/wp\/#website"},"primaryImageOfPage":{"@id":"https:\/\/turcon.es\/wp\/presentacion-de-la-novela-ka-i-ak-una-isla-una-piragua-y-unas-botas-de-montana\/#primaryimage"},"image":{"@id":"https:\/\/turcon.es\/wp\/presentacion-de-la-novela-ka-i-ak-una-isla-una-piragua-y-unas-botas-de-montana\/#primaryimage"},"thumbnailUrl":"https:\/\/turcon.es\/wp\/wp-content\/uploads\/2015\/03\/libro-espic3b1o.jpg?w=468","datePublished":"2015-03-16T19:04:00+00:00","breadcrumb":{"@id":"https:\/\/turcon.es\/wp\/presentacion-de-la-novela-ka-i-ak-una-isla-una-piragua-y-unas-botas-de-montana\/#breadcrumb"},"inLanguage":"es","potentialAction":[{"@type":"ReadAction","target":["https:\/\/turcon.es\/wp\/presentacion-de-la-novela-ka-i-ak-una-isla-una-piragua-y-unas-botas-de-montana\/"]}]},{"@type":"ImageObject","inLanguage":"es","@id":"https:\/\/turcon.es\/wp\/presentacion-de-la-novela-ka-i-ak-una-isla-una-piragua-y-unas-botas-de-montana\/#primaryimage","url":"https:\/\/turcon.es\/wp\/wp-content\/uploads\/2015\/03\/libro-espic3b1o.jpg?w=468","contentUrl":"https:\/\/turcon.es\/wp\/wp-content\/uploads\/2015\/03\/libro-espic3b1o.jpg?w=468"},{"@type":"BreadcrumbList","@id":"https:\/\/turcon.es\/wp\/presentacion-de-la-novela-ka-i-ak-una-isla-una-piragua-y-unas-botas-de-montana\/#breadcrumb","itemListElement":[{"@type":"ListItem","position":1,"name":"Portada","item":"https:\/\/turcon.es\/wp\/"},{"@type":"ListItem","position":2,"name":"Presentaci\u00f3n de la novela \u00abKA I AK: una isla, una piragua y unas botas de monta\u00f1a\u00bb"}]},{"@type":"WebSite","@id":"https:\/\/turcon.es\/wp\/#website","url":"https:\/\/turcon.es\/wp\/","name":"Colectivo Ecologista Turcon","description":"","publisher":{"@id":"https:\/\/turcon.es\/wp\/#organization"},"potentialAction":[{"@type":"SearchAction","target":{"@type":"EntryPoint","urlTemplate":"https:\/\/turcon.es\/wp\/?s={search_term_string}"},"query-input":{"@type":"PropertyValueSpecification","valueRequired":true,"valueName":"search_term_string"}}],"inLanguage":"es"},{"@type":"Organization","@id":"https:\/\/turcon.es\/wp\/#organization","name":"Colectivo Ecologista Turcon","url":"https:\/\/turcon.es\/wp\/","logo":{"@type":"ImageObject","inLanguage":"es","@id":"https:\/\/turcon.es\/wp\/#\/schema\/logo\/image\/","url":"https:\/\/turcon.es\/wp\/wp-content\/uploads\/2025\/03\/logo-verde.svg","contentUrl":"https:\/\/turcon.es\/wp\/wp-content\/uploads\/2025\/03\/logo-verde.svg","width":813,"height":813,"caption":"Colectivo Ecologista Turcon"},"image":{"@id":"https:\/\/turcon.es\/wp\/#\/schema\/logo\/image\/"}},{"@type":"Person","@id":"https:\/\/turcon.es\/wp\/#\/schema\/person\/a1f3ba727ce031d9da17684affe85edd","name":"Laura Fernandez","image":{"@type":"ImageObject","inLanguage":"es","@id":"https:\/\/turcon.es\/wp\/#\/schema\/person\/image\/","url":"https:\/\/secure.gravatar.com\/avatar\/360749af9549af22e54582d50231ae56e854210ae2368797ba242f445a9852e8?s=96&d=mm&r=g","contentUrl":"https:\/\/secure.gravatar.com\/avatar\/360749af9549af22e54582d50231ae56e854210ae2368797ba242f445a9852e8?s=96&d=mm&r=g","caption":"Laura Fernandez"},"url":"https:\/\/turcon.es\/wp\/author\/admturcon\/"}]}},"_links":{"self":[{"href":"https:\/\/turcon.es\/wp\/wp-json\/wp\/v2\/posts\/11267","targetHints":{"allow":["GET"]}}],"collection":[{"href":"https:\/\/turcon.es\/wp\/wp-json\/wp\/v2\/posts"}],"about":[{"href":"https:\/\/turcon.es\/wp\/wp-json\/wp\/v2\/types\/post"}],"author":[{"embeddable":true,"href":"https:\/\/turcon.es\/wp\/wp-json\/wp\/v2\/users\/2"}],"replies":[{"embeddable":true,"href":"https:\/\/turcon.es\/wp\/wp-json\/wp\/v2\/comments?post=11267"}],"version-history":[{"count":0,"href":"https:\/\/turcon.es\/wp\/wp-json\/wp\/v2\/posts\/11267\/revisions"}],"wp:attachment":[{"href":"https:\/\/turcon.es\/wp\/wp-json\/wp\/v2\/media?parent=11267"}],"wp:term":[{"taxonomy":"category","embeddable":true,"href":"https:\/\/turcon.es\/wp\/wp-json\/wp\/v2\/categories?post=11267"},{"taxonomy":"post_tag","embeddable":true,"href":"https:\/\/turcon.es\/wp\/wp-json\/wp\/v2\/tags?post=11267"}],"curies":[{"name":"wp","href":"https:\/\/api.w.org\/{rel}","templated":true}]}}