{"id":11330,"date":"2015-04-16T22:59:15","date_gmt":"2015-04-16T22:59:15","guid":{"rendered":"https:\/\/turcon.wordpress.com\/?p=11330"},"modified":"2015-04-16T22:59:15","modified_gmt":"2015-04-16T22:59:15","slug":"turcon-solicita-informacion-sobre-el-hundimiento-y-vertidos-del-buque-pesquero-oleg-naydenov","status":"publish","type":"post","link":"https:\/\/turcon.es\/wp\/turcon-solicita-informacion-sobre-el-hundimiento-y-vertidos-del-buque-pesquero-oleg-naydenov\/","title":{"rendered":"Turc\u00f3n solicita informaci\u00f3n sobre el  hundimiento y vertidos del buque pesquero Oleg Naydenov"},"content":{"rendered":"<h4 style=\"text-align:justify;\"><a href=\"https:\/\/turcon.es\/wp\/wp-content\/uploads\/2013\/01\/cropped-cabecera.jpg\"><img decoding=\"async\" class=\"aligncenter size-large wp-image-9345\" src=\"https:\/\/turcon.es\/wp\/wp-content\/uploads\/2013\/01\/cropped-cabecera.jpg?w=468\" alt=\"cropped-cabecera.jpg\" width=\"468\" height=\"83\" srcset=\"https:\/\/turcon.es\/wp\/wp-content\/uploads\/2013\/01\/cropped-cabecera.jpg 904w, https:\/\/turcon.es\/wp\/wp-content\/uploads\/2013\/01\/cropped-cabecera-300x53.jpg 300w, https:\/\/turcon.es\/wp\/wp-content\/uploads\/2013\/01\/cropped-cabecera-768x136.jpg 768w\" sizes=\"(max-width: 468px) 100vw, 468px\" \/><\/a><\/h4>\n<h4 style=\"text-align:justify;\"><\/h4>\n<h4 style=\"text-align:justify;\">Los ecologistas de Turc\u00f3n presentar\u00e1n ma\u00f1ana en el registro del Gobierno Civil sendos escritos dirigidos a la Capitan\u00eda Mar\u00edtima de Canarias, Autoridad Portuaria y al propio Gobierno Civil interrogando sobre las diversas situaciones que han rodeado la salida de puerto del pesquero ruso incendiado, el pase\u00edllo al que fue sometido, su hundimiento y que labores se piensan realizar para evitar da\u00f1os medioambientales y econ\u00f3micos a Canarias.<\/h4>\n<p style=\"text-align:justify;\">En vista de la problem\u00e1tica surgida en el incendio ocurrido en el puerto de la Luz, en Las Palmas de Gran Canaria, donde se intent\u00f3 sofocar el mismo con resultado negativo y posterior desalojo del buque pesquero siniestrado de bandera rusa Oleg Naydenov y remolcado hacia aguas oce\u00e1nicas del sur de las islas, en concreto por la zona de Fuerteventura, para terminar hundi\u00e9ndose a 15 millas al sur de la Punta de Maspalomas y a una profundidad de 2.400 m.<\/p>\n<p>Ante toda esta casu\u00edstica los ecologistas piden informaci\u00f3n clara y fidedigna sobre las operaciones e intervenci\u00f3n con el buque siniestrado. Asimismo deseamos tambi\u00e9n conocer como se ha producido el hundimiento o zozobra del barco y el vertido del fuel contenido en las sentinas del mismo.<\/p>\n<p style=\"text-align:justify;\">Por todo ello preguntamos c\u00f3mo se lleg\u00f3 a la decisi\u00f3n de sacar el buque del muelle y llevarlo a alta mar, porque no se culmin\u00f3 la extinci\u00f3n del incendio en el muelle, procediendo a crear una zona de exclusi\u00f3n y estableciendo las barreras de seguridad y anticontaminaci\u00f3n adecuadas.<\/p>\n<p style=\"text-align:justify;\">\u00bfQui\u00e9n dio la orden de \u201csacar a paseo\u201d, al pesquero? a sabiendas de la baja maniobrabilidad del barco pues se hallaba con una sobrecarga por el agua utilizada en la extinci\u00f3n. \u00bfEl mandato fue dado con informe t\u00e9cnico preceptivo?<\/p>\n<p style=\"text-align:justify;\">Despu\u00e9s de lo expuesto los ecologistas vienen a solicitar que se le d\u00e9 contestaci\u00f3n a las siguientes cuestiones:<\/p>\n<p style=\"text-align:justify;\">1\u00ba.- \u00bfC\u00f3mo y porque se ha producido el hundimiento despu\u00e9s de estar tantas horas siendo arrastrado por remolcador?<\/p>\n<p style=\"text-align:justify;\">2\u00ba.- \u00bfPor qu\u00e9 no se culmin\u00f3 la extinci\u00f3n del buque en puerto?<\/p>\n<p style=\"text-align:justify;\">3\u00ba.- \u00bfPor qu\u00e9 no se cre\u00f3 una zona de exclusi\u00f3n y seguridad que permitiera culminar con los trabajos de contraincendios?<\/p>\n<p style=\"text-align:justify;\">4\u00ba.- \u00bfSe tomaron las medidas oportunas para evitar el vertido accidental de las 1.400 tm. de combustible que conten\u00eda en su interior el barco en esos primeros momentos?<\/p>\n<p style=\"text-align:justify;\">5\u00ba.- Pedimos los informes t\u00e9cnicos que avalan la decisi\u00f3n tomada de evacuar el barco hacia aguas oce\u00e1nicas.<\/p>\n<p style=\"text-align:justify;\">6\u00ba.- \u00bfQu\u00e9 intencionalidad tiene el trasladar el buque hacia zonas cercanas a Fuerteventura para posteriormente devolverlo a aguas de Gran Canaria?<\/p>\n<p style=\"text-align:justify;\">7\u00ba.- \u00bfEn qu\u00e9 momento es consciente la cadena de mando de este operativo que el buque se pod\u00eda hundir, o no valoraban esta posibilidad?<\/p>\n<p style=\"text-align:justify;\">8\u00ba.- \u00bfQu\u00e9 labor de vigilancia y control del vertido contaminante se est\u00e1n realizando y que tareas se piensan hacer para la extracci\u00f3n del fuel a la profundidad de 2.400 m.?<\/p>\n<p style=\"text-align:justify;\">Para finalizar el documento que presentaran ante las instituciones referenciados el grupo acude al marco normativo que sostiene la obligatoriedad de la administraci\u00f3n de dar cumplida respuesta a las consultas realizadas.<br \/>\nComo quiera que nos surge la duda es por lo que al amparo de la <strong>Ley Ley 27\/2006 de 18 de julio, por la que se regulan los derechos de acceso a la informaci\u00f3n, de participaci\u00f3n p\u00fablica y de acceso a la justicia en materia de medioambiente (incorpora las Directivas 2003\/4\/CEY 2003\/35\/CE)<\/strong><\/p>\n<blockquote>\n<p style=\"text-align:justify;\">Les informamos que en el cuerpo legal que nos sustentamos, de la obligatoriedad de responder fehacientemente a lo solicitado pues de no hacerlo en un plazo de un mes, excepcionalmente de dos meses* si el volumen de lo solicitado fuera materialmente en el tiempo imposible de recabarla y de hacerla llegar. Le informamos que se producir\u00e1 el Silencio Administrativo Positivo, de no recibir la informaci\u00f3n o sea un derecho reconocido pero no materializado que podr\u00edamos por tanto acudir a solicitarlo a trav\u00e9s del Contencioso Administrativo y pedir responsabilidades administrativas graves por no atender a un derecho b\u00e1sico del ciudadano, adquirido.<\/p>\n<p style=\"text-align:justify;\">* TITULO II<br \/>\nDerecho de acceso a la informaci\u00f3n ambiental<br \/>\nCAPITULO I<br \/>\nObligaciones de las autoridades p\u00fablicas en materia de informaci\u00f3n ambiental<br \/>\nArt\u00edculo 10. Solicitudes de informaci\u00f3n ambiental.<br \/>\nc) La autoridad p\u00fablica competente para resolver facilitar\u00e1 la informaci\u00f3n ambiental solicitada o comunicar\u00e1 al solicitante los motivos de la negativa a facilitarla, teniendo en cuenta el calendario especificado por el solicitante, lo antes posible y, a m\u00e1s tardar, en los plazos que se indican a continuaci\u00f3n:<br \/>\n11. En el plazo m\u00e1ximo de un mes desde la recepci\u00f3n de la solicitud en el registro de la autoridad p\u00fablica competente para resolverla, con car\u00e1cter general.<br \/>\n21. En el plazo de dos meses desde la recepci\u00f3n de la solicitud en el registro de la autoridad p\u00fablica competente para resolverla, si el volumen y la complejidad de la informaci\u00f3n son tales que resulta imposible cumplir el plazo antes indicado.<br \/>\nEn este supuesto deber\u00e1 informarse al solicitante, en el plazo m\u00e1ximo de un mes, de toda ampliaci\u00f3n de aqu\u00e9l, as\u00ed como de las razones que lo justifican.<\/p>\n<\/blockquote>\n","protected":false},"excerpt":{"rendered":"<p>Los ecologistas de Turc\u00f3n presentar\u00e1n ma\u00f1ana en el registro del Gobierno Civil sendos escritos dirigidos a la Capitan\u00eda Mar\u00edtima de Canarias, Autoridad Portuaria y al propio Gobierno Civil interrogando sobre las diversas situaciones que han rodeado la salida de puerto del pesquero ruso incendiado, el pase\u00edllo al que fue sometido, su hundimiento y que labores [&hellip;]<\/p>\n","protected":false},"author":2,"featured_media":0,"comment_status":"open","ping_status":"open","sticky":false,"template":"","format":"standard","meta":{"footnotes":""},"categories":[8,25,41,46,47],"tags":[874,1705],"class_list":["post-11330","post","type-post","status-publish","format-standard","hentry","category-administracion-publica","category-contaminacion-y-toxicos","category-gran-canaria","category-notas-de-prensa-de-turcon","category-oceanos","tag-hundimiento-buque","tag-vertido"],"yoast_head":"<!-- This site is optimized with the Yoast SEO plugin v26.3 - https:\/\/yoast.com\/wordpress\/plugins\/seo\/ -->\n<title>Turc\u00f3n solicita informaci\u00f3n sobre el hundimiento y vertidos del buque pesquero Oleg Naydenov - Colectivo Ecologista Turcon<\/title>\n<meta name=\"robots\" content=\"index, follow, max-snippet:-1, max-image-preview:large, max-video-preview:-1\" \/>\n<link rel=\"canonical\" href=\"https:\/\/turcon.es\/wp\/turcon-solicita-informacion-sobre-el-hundimiento-y-vertidos-del-buque-pesquero-oleg-naydenov\/\" \/>\n<meta property=\"og:locale\" content=\"es_ES\" \/>\n<meta property=\"og:type\" content=\"article\" \/>\n<meta property=\"og:title\" content=\"Turc\u00f3n solicita informaci\u00f3n sobre el hundimiento y vertidos del buque pesquero Oleg Naydenov - Colectivo Ecologista Turcon\" \/>\n<meta property=\"og:description\" content=\"Los ecologistas de Turc\u00f3n presentar\u00e1n ma\u00f1ana en el registro del Gobierno Civil sendos escritos dirigidos a la Capitan\u00eda Mar\u00edtima de Canarias, Autoridad Portuaria y al propio Gobierno Civil interrogando sobre las diversas situaciones que han rodeado la salida de puerto del pesquero ruso incendiado, el pase\u00edllo al que fue sometido, su hundimiento y que labores [&hellip;]\" \/>\n<meta property=\"og:url\" content=\"https:\/\/turcon.es\/wp\/turcon-solicita-informacion-sobre-el-hundimiento-y-vertidos-del-buque-pesquero-oleg-naydenov\/\" \/>\n<meta property=\"og:site_name\" content=\"Colectivo Ecologista Turcon\" \/>\n<meta property=\"article:published_time\" content=\"2015-04-16T22:59:15+00:00\" \/>\n<meta property=\"og:image\" content=\"https:\/\/turcon.es\/wp\/wp-content\/uploads\/2013\/01\/cropped-cabecera.jpg\" \/>\n\t<meta property=\"og:image:width\" content=\"904\" \/>\n\t<meta property=\"og:image:height\" content=\"160\" \/>\n\t<meta property=\"og:image:type\" content=\"image\/jpeg\" \/>\n<meta name=\"author\" content=\"Laura Fernandez\" \/>\n<meta name=\"twitter:card\" content=\"summary_large_image\" \/>\n<meta name=\"twitter:label1\" content=\"Escrito por\" \/>\n\t<meta name=\"twitter:data1\" content=\"Laura Fernandez\" \/>\n\t<meta name=\"twitter:label2\" content=\"Tiempo de lectura\" \/>\n\t<meta name=\"twitter:data2\" content=\"4 minutos\" \/>\n<script type=\"application\/ld+json\" class=\"yoast-schema-graph\">{\"@context\":\"https:\/\/schema.org\",\"@graph\":[{\"@type\":\"Article\",\"@id\":\"https:\/\/turcon.es\/wp\/turcon-solicita-informacion-sobre-el-hundimiento-y-vertidos-del-buque-pesquero-oleg-naydenov\/#article\",\"isPartOf\":{\"@id\":\"https:\/\/turcon.es\/wp\/turcon-solicita-informacion-sobre-el-hundimiento-y-vertidos-del-buque-pesquero-oleg-naydenov\/\"},\"author\":{\"name\":\"Laura Fernandez\",\"@id\":\"https:\/\/turcon.es\/wp\/#\/schema\/person\/a1f3ba727ce031d9da17684affe85edd\"},\"headline\":\"Turc\u00f3n solicita informaci\u00f3n sobre el hundimiento y vertidos del buque pesquero Oleg Naydenov\",\"datePublished\":\"2015-04-16T22:59:15+00:00\",\"mainEntityOfPage\":{\"@id\":\"https:\/\/turcon.es\/wp\/turcon-solicita-informacion-sobre-el-hundimiento-y-vertidos-del-buque-pesquero-oleg-naydenov\/\"},\"wordCount\":888,\"commentCount\":0,\"publisher\":{\"@id\":\"https:\/\/turcon.es\/wp\/#organization\"},\"image\":{\"@id\":\"https:\/\/turcon.es\/wp\/turcon-solicita-informacion-sobre-el-hundimiento-y-vertidos-del-buque-pesquero-oleg-naydenov\/#primaryimage\"},\"thumbnailUrl\":\"https:\/\/turcon.es\/wp\/wp-content\/uploads\/2013\/01\/cropped-cabecera.jpg?w=468\",\"keywords\":[\"Hundimiento buque\",\"Vertido\"],\"articleSection\":[\"Administraci\u00f3n p\u00fablica\",\"Contaminaci\u00f3n y t\u00f3xicos\",\"Gran Canaria\",\"Notas de prensa de Turc\u00f3n\",\"Oc\u00e9anos\"],\"inLanguage\":\"es\",\"potentialAction\":[{\"@type\":\"CommentAction\",\"name\":\"Comment\",\"target\":[\"https:\/\/turcon.es\/wp\/turcon-solicita-informacion-sobre-el-hundimiento-y-vertidos-del-buque-pesquero-oleg-naydenov\/#respond\"]}]},{\"@type\":\"WebPage\",\"@id\":\"https:\/\/turcon.es\/wp\/turcon-solicita-informacion-sobre-el-hundimiento-y-vertidos-del-buque-pesquero-oleg-naydenov\/\",\"url\":\"https:\/\/turcon.es\/wp\/turcon-solicita-informacion-sobre-el-hundimiento-y-vertidos-del-buque-pesquero-oleg-naydenov\/\",\"name\":\"Turc\u00f3n solicita informaci\u00f3n sobre el hundimiento y vertidos del buque pesquero Oleg Naydenov - Colectivo Ecologista Turcon\",\"isPartOf\":{\"@id\":\"https:\/\/turcon.es\/wp\/#website\"},\"primaryImageOfPage\":{\"@id\":\"https:\/\/turcon.es\/wp\/turcon-solicita-informacion-sobre-el-hundimiento-y-vertidos-del-buque-pesquero-oleg-naydenov\/#primaryimage\"},\"image\":{\"@id\":\"https:\/\/turcon.es\/wp\/turcon-solicita-informacion-sobre-el-hundimiento-y-vertidos-del-buque-pesquero-oleg-naydenov\/#primaryimage\"},\"thumbnailUrl\":\"https:\/\/turcon.es\/wp\/wp-content\/uploads\/2013\/01\/cropped-cabecera.jpg?w=468\",\"datePublished\":\"2015-04-16T22:59:15+00:00\",\"breadcrumb\":{\"@id\":\"https:\/\/turcon.es\/wp\/turcon-solicita-informacion-sobre-el-hundimiento-y-vertidos-del-buque-pesquero-oleg-naydenov\/#breadcrumb\"},\"inLanguage\":\"es\",\"potentialAction\":[{\"@type\":\"ReadAction\",\"target\":[\"https:\/\/turcon.es\/wp\/turcon-solicita-informacion-sobre-el-hundimiento-y-vertidos-del-buque-pesquero-oleg-naydenov\/\"]}]},{\"@type\":\"ImageObject\",\"inLanguage\":\"es\",\"@id\":\"https:\/\/turcon.es\/wp\/turcon-solicita-informacion-sobre-el-hundimiento-y-vertidos-del-buque-pesquero-oleg-naydenov\/#primaryimage\",\"url\":\"https:\/\/turcon.es\/wp\/wp-content\/uploads\/2013\/01\/cropped-cabecera.jpg?w=468\",\"contentUrl\":\"https:\/\/turcon.es\/wp\/wp-content\/uploads\/2013\/01\/cropped-cabecera.jpg?w=468\"},{\"@type\":\"BreadcrumbList\",\"@id\":\"https:\/\/turcon.es\/wp\/turcon-solicita-informacion-sobre-el-hundimiento-y-vertidos-del-buque-pesquero-oleg-naydenov\/#breadcrumb\",\"itemListElement\":[{\"@type\":\"ListItem\",\"position\":1,\"name\":\"Portada\",\"item\":\"https:\/\/turcon.es\/wp\/\"},{\"@type\":\"ListItem\",\"position\":2,\"name\":\"Turc\u00f3n solicita informaci\u00f3n sobre el hundimiento y vertidos del buque pesquero Oleg Naydenov\"}]},{\"@type\":\"WebSite\",\"@id\":\"https:\/\/turcon.es\/wp\/#website\",\"url\":\"https:\/\/turcon.es\/wp\/\",\"name\":\"Colectivo Ecologista Turcon\",\"description\":\"\",\"publisher\":{\"@id\":\"https:\/\/turcon.es\/wp\/#organization\"},\"potentialAction\":[{\"@type\":\"SearchAction\",\"target\":{\"@type\":\"EntryPoint\",\"urlTemplate\":\"https:\/\/turcon.es\/wp\/?s={search_term_string}\"},\"query-input\":{\"@type\":\"PropertyValueSpecification\",\"valueRequired\":true,\"valueName\":\"search_term_string\"}}],\"inLanguage\":\"es\"},{\"@type\":\"Organization\",\"@id\":\"https:\/\/turcon.es\/wp\/#organization\",\"name\":\"Colectivo Ecologista Turcon\",\"url\":\"https:\/\/turcon.es\/wp\/\",\"logo\":{\"@type\":\"ImageObject\",\"inLanguage\":\"es\",\"@id\":\"https:\/\/turcon.es\/wp\/#\/schema\/logo\/image\/\",\"url\":\"https:\/\/turcon.es\/wp\/wp-content\/uploads\/2025\/03\/logo-verde.svg\",\"contentUrl\":\"https:\/\/turcon.es\/wp\/wp-content\/uploads\/2025\/03\/logo-verde.svg\",\"width\":813,\"height\":813,\"caption\":\"Colectivo Ecologista Turcon\"},\"image\":{\"@id\":\"https:\/\/turcon.es\/wp\/#\/schema\/logo\/image\/\"}},{\"@type\":\"Person\",\"@id\":\"https:\/\/turcon.es\/wp\/#\/schema\/person\/a1f3ba727ce031d9da17684affe85edd\",\"name\":\"Laura Fernandez\",\"image\":{\"@type\":\"ImageObject\",\"inLanguage\":\"es\",\"@id\":\"https:\/\/turcon.es\/wp\/#\/schema\/person\/image\/\",\"url\":\"https:\/\/secure.gravatar.com\/avatar\/360749af9549af22e54582d50231ae56e854210ae2368797ba242f445a9852e8?s=96&d=mm&r=g\",\"contentUrl\":\"https:\/\/secure.gravatar.com\/avatar\/360749af9549af22e54582d50231ae56e854210ae2368797ba242f445a9852e8?s=96&d=mm&r=g\",\"caption\":\"Laura Fernandez\"},\"url\":\"https:\/\/turcon.es\/wp\/author\/admturcon\/\"}]}<\/script>\n<!-- \/ Yoast SEO plugin. -->","yoast_head_json":{"title":"Turc\u00f3n solicita informaci\u00f3n sobre el hundimiento y vertidos del buque pesquero Oleg Naydenov - Colectivo Ecologista Turcon","robots":{"index":"index","follow":"follow","max-snippet":"max-snippet:-1","max-image-preview":"max-image-preview:large","max-video-preview":"max-video-preview:-1"},"canonical":"https:\/\/turcon.es\/wp\/turcon-solicita-informacion-sobre-el-hundimiento-y-vertidos-del-buque-pesquero-oleg-naydenov\/","og_locale":"es_ES","og_type":"article","og_title":"Turc\u00f3n solicita informaci\u00f3n sobre el hundimiento y vertidos del buque pesquero Oleg Naydenov - Colectivo Ecologista Turcon","og_description":"Los ecologistas de Turc\u00f3n presentar\u00e1n ma\u00f1ana en el registro del Gobierno Civil sendos escritos dirigidos a la Capitan\u00eda Mar\u00edtima de Canarias, Autoridad Portuaria y al propio Gobierno Civil interrogando sobre las diversas situaciones que han rodeado la salida de puerto del pesquero ruso incendiado, el pase\u00edllo al que fue sometido, su hundimiento y que labores [&hellip;]","og_url":"https:\/\/turcon.es\/wp\/turcon-solicita-informacion-sobre-el-hundimiento-y-vertidos-del-buque-pesquero-oleg-naydenov\/","og_site_name":"Colectivo Ecologista Turcon","article_published_time":"2015-04-16T22:59:15+00:00","og_image":[{"width":904,"height":160,"url":"https:\/\/turcon.es\/wp\/wp-content\/uploads\/2013\/01\/cropped-cabecera.jpg","type":"image\/jpeg"}],"author":"Laura Fernandez","twitter_card":"summary_large_image","twitter_misc":{"Escrito por":"Laura Fernandez","Tiempo de lectura":"4 minutos"},"schema":{"@context":"https:\/\/schema.org","@graph":[{"@type":"Article","@id":"https:\/\/turcon.es\/wp\/turcon-solicita-informacion-sobre-el-hundimiento-y-vertidos-del-buque-pesquero-oleg-naydenov\/#article","isPartOf":{"@id":"https:\/\/turcon.es\/wp\/turcon-solicita-informacion-sobre-el-hundimiento-y-vertidos-del-buque-pesquero-oleg-naydenov\/"},"author":{"name":"Laura Fernandez","@id":"https:\/\/turcon.es\/wp\/#\/schema\/person\/a1f3ba727ce031d9da17684affe85edd"},"headline":"Turc\u00f3n solicita informaci\u00f3n sobre el hundimiento y vertidos del buque pesquero Oleg Naydenov","datePublished":"2015-04-16T22:59:15+00:00","mainEntityOfPage":{"@id":"https:\/\/turcon.es\/wp\/turcon-solicita-informacion-sobre-el-hundimiento-y-vertidos-del-buque-pesquero-oleg-naydenov\/"},"wordCount":888,"commentCount":0,"publisher":{"@id":"https:\/\/turcon.es\/wp\/#organization"},"image":{"@id":"https:\/\/turcon.es\/wp\/turcon-solicita-informacion-sobre-el-hundimiento-y-vertidos-del-buque-pesquero-oleg-naydenov\/#primaryimage"},"thumbnailUrl":"https:\/\/turcon.es\/wp\/wp-content\/uploads\/2013\/01\/cropped-cabecera.jpg?w=468","keywords":["Hundimiento buque","Vertido"],"articleSection":["Administraci\u00f3n p\u00fablica","Contaminaci\u00f3n y t\u00f3xicos","Gran Canaria","Notas de prensa de Turc\u00f3n","Oc\u00e9anos"],"inLanguage":"es","potentialAction":[{"@type":"CommentAction","name":"Comment","target":["https:\/\/turcon.es\/wp\/turcon-solicita-informacion-sobre-el-hundimiento-y-vertidos-del-buque-pesquero-oleg-naydenov\/#respond"]}]},{"@type":"WebPage","@id":"https:\/\/turcon.es\/wp\/turcon-solicita-informacion-sobre-el-hundimiento-y-vertidos-del-buque-pesquero-oleg-naydenov\/","url":"https:\/\/turcon.es\/wp\/turcon-solicita-informacion-sobre-el-hundimiento-y-vertidos-del-buque-pesquero-oleg-naydenov\/","name":"Turc\u00f3n solicita informaci\u00f3n sobre el hundimiento y vertidos del buque pesquero Oleg Naydenov - Colectivo Ecologista Turcon","isPartOf":{"@id":"https:\/\/turcon.es\/wp\/#website"},"primaryImageOfPage":{"@id":"https:\/\/turcon.es\/wp\/turcon-solicita-informacion-sobre-el-hundimiento-y-vertidos-del-buque-pesquero-oleg-naydenov\/#primaryimage"},"image":{"@id":"https:\/\/turcon.es\/wp\/turcon-solicita-informacion-sobre-el-hundimiento-y-vertidos-del-buque-pesquero-oleg-naydenov\/#primaryimage"},"thumbnailUrl":"https:\/\/turcon.es\/wp\/wp-content\/uploads\/2013\/01\/cropped-cabecera.jpg?w=468","datePublished":"2015-04-16T22:59:15+00:00","breadcrumb":{"@id":"https:\/\/turcon.es\/wp\/turcon-solicita-informacion-sobre-el-hundimiento-y-vertidos-del-buque-pesquero-oleg-naydenov\/#breadcrumb"},"inLanguage":"es","potentialAction":[{"@type":"ReadAction","target":["https:\/\/turcon.es\/wp\/turcon-solicita-informacion-sobre-el-hundimiento-y-vertidos-del-buque-pesquero-oleg-naydenov\/"]}]},{"@type":"ImageObject","inLanguage":"es","@id":"https:\/\/turcon.es\/wp\/turcon-solicita-informacion-sobre-el-hundimiento-y-vertidos-del-buque-pesquero-oleg-naydenov\/#primaryimage","url":"https:\/\/turcon.es\/wp\/wp-content\/uploads\/2013\/01\/cropped-cabecera.jpg?w=468","contentUrl":"https:\/\/turcon.es\/wp\/wp-content\/uploads\/2013\/01\/cropped-cabecera.jpg?w=468"},{"@type":"BreadcrumbList","@id":"https:\/\/turcon.es\/wp\/turcon-solicita-informacion-sobre-el-hundimiento-y-vertidos-del-buque-pesquero-oleg-naydenov\/#breadcrumb","itemListElement":[{"@type":"ListItem","position":1,"name":"Portada","item":"https:\/\/turcon.es\/wp\/"},{"@type":"ListItem","position":2,"name":"Turc\u00f3n solicita informaci\u00f3n sobre el hundimiento y vertidos del buque pesquero Oleg Naydenov"}]},{"@type":"WebSite","@id":"https:\/\/turcon.es\/wp\/#website","url":"https:\/\/turcon.es\/wp\/","name":"Colectivo Ecologista Turcon","description":"","publisher":{"@id":"https:\/\/turcon.es\/wp\/#organization"},"potentialAction":[{"@type":"SearchAction","target":{"@type":"EntryPoint","urlTemplate":"https:\/\/turcon.es\/wp\/?s={search_term_string}"},"query-input":{"@type":"PropertyValueSpecification","valueRequired":true,"valueName":"search_term_string"}}],"inLanguage":"es"},{"@type":"Organization","@id":"https:\/\/turcon.es\/wp\/#organization","name":"Colectivo Ecologista Turcon","url":"https:\/\/turcon.es\/wp\/","logo":{"@type":"ImageObject","inLanguage":"es","@id":"https:\/\/turcon.es\/wp\/#\/schema\/logo\/image\/","url":"https:\/\/turcon.es\/wp\/wp-content\/uploads\/2025\/03\/logo-verde.svg","contentUrl":"https:\/\/turcon.es\/wp\/wp-content\/uploads\/2025\/03\/logo-verde.svg","width":813,"height":813,"caption":"Colectivo Ecologista Turcon"},"image":{"@id":"https:\/\/turcon.es\/wp\/#\/schema\/logo\/image\/"}},{"@type":"Person","@id":"https:\/\/turcon.es\/wp\/#\/schema\/person\/a1f3ba727ce031d9da17684affe85edd","name":"Laura Fernandez","image":{"@type":"ImageObject","inLanguage":"es","@id":"https:\/\/turcon.es\/wp\/#\/schema\/person\/image\/","url":"https:\/\/secure.gravatar.com\/avatar\/360749af9549af22e54582d50231ae56e854210ae2368797ba242f445a9852e8?s=96&d=mm&r=g","contentUrl":"https:\/\/secure.gravatar.com\/avatar\/360749af9549af22e54582d50231ae56e854210ae2368797ba242f445a9852e8?s=96&d=mm&r=g","caption":"Laura Fernandez"},"url":"https:\/\/turcon.es\/wp\/author\/admturcon\/"}]}},"_links":{"self":[{"href":"https:\/\/turcon.es\/wp\/wp-json\/wp\/v2\/posts\/11330","targetHints":{"allow":["GET"]}}],"collection":[{"href":"https:\/\/turcon.es\/wp\/wp-json\/wp\/v2\/posts"}],"about":[{"href":"https:\/\/turcon.es\/wp\/wp-json\/wp\/v2\/types\/post"}],"author":[{"embeddable":true,"href":"https:\/\/turcon.es\/wp\/wp-json\/wp\/v2\/users\/2"}],"replies":[{"embeddable":true,"href":"https:\/\/turcon.es\/wp\/wp-json\/wp\/v2\/comments?post=11330"}],"version-history":[{"count":0,"href":"https:\/\/turcon.es\/wp\/wp-json\/wp\/v2\/posts\/11330\/revisions"}],"wp:attachment":[{"href":"https:\/\/turcon.es\/wp\/wp-json\/wp\/v2\/media?parent=11330"}],"wp:term":[{"taxonomy":"category","embeddable":true,"href":"https:\/\/turcon.es\/wp\/wp-json\/wp\/v2\/categories?post=11330"},{"taxonomy":"post_tag","embeddable":true,"href":"https:\/\/turcon.es\/wp\/wp-json\/wp\/v2\/tags?post=11330"}],"curies":[{"name":"wp","href":"https:\/\/api.w.org\/{rel}","templated":true}]}}