{"id":11341,"date":"2015-04-24T21:56:06","date_gmt":"2015-04-24T21:56:06","guid":{"rendered":"https:\/\/turcon.wordpress.com\/?p=11341"},"modified":"2015-04-24T21:56:06","modified_gmt":"2015-04-24T21:56:06","slug":"gestion-de-residuos-aparatos-electricos-y-electronicos","status":"publish","type":"post","link":"https:\/\/turcon.es\/wp\/gestion-de-residuos-aparatos-electricos-y-electronicos\/","title":{"rendered":"Gesti\u00f3n de residuos: aparatos el\u00e9ctricos y electr\u00f3nicos."},"content":{"rendered":"<p><strong>Real Decreto 110\/2015, de 20 de febrero, sobre residuos de aparatos el\u00e9ctricos y electr\u00f3nicos. (BOE n\u00fam. 45, de 21 de febrero de 2015)<\/strong><\/p>\n<p><strong>Autora<\/strong>: Eva Blasco Hedo. Responsable del \u00c1rea de Formaci\u00f3n e Investigaci\u00f3n del Centro Internacional de Estudios de Derecho Ambiental (CIEDA-CIEMAT)<\/p>\n<p><strong>Temas Clave:<\/strong><strong>\u00a0<\/strong>Residuos; Aparatos el\u00e9ctricos y electr\u00f3nicos.<a href=\"https:\/\/turcon.es\/wp\/wp-content\/uploads\/2013\/10\/noticias_ambientales20wince.png\"><img decoding=\"async\" class=\" size-full wp-image-10257 alignright\" src=\"https:\/\/turcon.es\/wp\/wp-content\/uploads\/2013\/10\/noticias_ambientales20wince.png\" alt=\"noticias_ambientales%20wince\" width=\"240\" height=\"200\" \/><\/a><\/p>\n<p><strong>Resumen:<\/strong><\/p>\n<p>En la Exposici\u00f3n de Motivos de esta norma se hace hincapi\u00e9 en la peligrosidad de los componentes de los aparatos el\u00e9ctricos y electr\u00f3nicos (AEE) y en la problem\u00e1tica que acarrean durante la fase de gesti\u00f3n de los residuos as\u00ed como en la insuficiencia, en determinados casos, del grado de reciclado. A este problema se une la salida de residuos de aparatos el\u00e9ctricos y electr\u00f3nicos (RAEE) fuera de la Uni\u00f3n de manera no controlada, lo que provoca que se desconozca c\u00f3mo se gestionan finalmente estos residuos.<!--more--><\/p>\n<p>El presente real decreto incorpora al ordenamiento jur\u00eddico espa\u00f1ol la Directiva 2012\/19\/UE, del Parlamento Europeo y del Consejo, de 4 de julio; incluye las novedades de la Ley 22\/2011, de 28 de julio, de residuos y suelos contaminados; y deroga el anterior real decreto en materia de RAEE para superar los problemas detectados en su aplicaci\u00f3n.<\/p>\n<p>El legislador toma en consideraci\u00f3n la complejidad y la diversidad de los sectores afectados por la gesti\u00f3n de RAEE: fabricantes de productos, distintos tipos de operadores que llevan a cabo la recogida de estos residuos y m\u00faltiples gestores que intervienen en el almacenamiento y tratamiento de RAEE. Por otra parte, sopesa las dificultades de las administraciones competentes para obtener y controlar los datos completos sobre este tipo de residuos, debidos, en parte, a la ausencia de un instrumento de contabilizaci\u00f3n y trazabilidad \u00fanico y homog\u00e9neo en el \u00e1mbito estatal sobre los residuos recogidos, reciclados, valorizados y eliminados.<\/p>\n<p>Dentro de los objetivos del real decreto pueden destacarse: Establecer una regulaci\u00f3n m\u00e1s clara que aumente el nivel de seguridad jur\u00eddica y establezca una descripci\u00f3n detallada de las obligaciones de los usuarios, fabricantes, representantes autorizados, importadores, distribuidores y gestores. Integrar un \u00fanico instrumento de control de datos de RAEE de \u00e1mbito auton\u00f3mico y estatal que permita conocer el cumplimiento de los objetivos en esta materia y garantice la trazabilidad del residuo y su adecuada gesti\u00f3n. Promover la reutilizaci\u00f3n y la preparaci\u00f3n para la reutilizaci\u00f3n, estimulando la creaci\u00f3n de centros de reutilizaci\u00f3n. Aportar fiabilidad y sistematizar las obligaciones de informaci\u00f3n de los productores de AEE y gestores de RAEE sobre la recogida y valorizaci\u00f3n de los RAEE en todo el territorio, garantizando la homogeneidad de los criterios de gesti\u00f3n de los RAEE as\u00ed como la unidad de mercado. Y optimizar econ\u00f3micamente y hacer eficiente la gesti\u00f3n de los RAEE bajo la responsabilidad ampliada del productor en un marco que garantice la competitividad del sector de los fabricantes de AEE y de los gestores de RAEE.<\/p>\n<p>Entre las innovaciones sustantivas se destaca la incorporaci\u00f3n de los distribuidores como elemento clave de la recogida de RAEE, la regulaci\u00f3n de los requisitos t\u00e9cnicos homog\u00e9neos a exigir a las instalaciones de tratamiento de residuos en todo el territorio nacional, la unificaci\u00f3n de criterios para la autorizaci\u00f3n de los sistemas colectivos de responsabilidad ampliada del productor, la modificaci\u00f3n de las categor\u00edas de los AEE (que pasan a agruparse en 7 categor\u00edas frente a las 10 existentes en la actualidad), la imposici\u00f3n a los grandes distribuidores con zona de ventas superior a 400 m2 de la obligaci\u00f3n de recoger RAEE muy peque\u00f1os, la incorporaci\u00f3n de la distinci\u00f3n entre AEE usado y RAEE y la previsi\u00f3n de entrega de los aparatos usados por los usuarios a los comercios de segunda mano. Finalmente, cabe destacar el desarrollo y concreci\u00f3n de muchas de las obligaciones derivadas de la responsabilidad ampliada del productor.<\/p>\n<p>Esta norma se estructura en once cap\u00edtulos que quedan ordenados siguiendo las etapas que van desde la aparici\u00f3n de los aparatos el\u00e9ctricos y electr\u00f3nicos en el mercado a la recogida y gesti\u00f3n de los residuos de estos aparatos.<\/p>\n<p>Al efecto, los cap\u00edtulos segundo y tercero est\u00e1n dedicados a regular las obligaciones de los distintos agentes en las primeras etapas del AEE y del RAEE: la puesta en el mercado de AEE, su reutilizaci\u00f3n como AEE usado y la prevenci\u00f3n de RAEE. El cap\u00edtulo cuarto se centra en los aspectos de la recogida de RAEE, a trav\u00e9s de todos los canales previstos y la consecuci\u00f3n de los objetivos de recogida de estos residuos. El cap\u00edtulo quinto versa sobre la preparaci\u00f3n para la reutilizaci\u00f3n y el tratamiento espec\u00edfico de los residuos y los objetivos de valorizaci\u00f3n, incluyendo la contabilizaci\u00f3n de los RAEE trasladados fuera de Espa\u00f1a para su valorizaci\u00f3n. Y el cap\u00edtulo sexto est\u00e1 dedicado al traslado de RAEE en el interior del territorio del Estado y los requisitos m\u00ednimos para evitar que un traslado de RAEE quede enmascarado como un traslado de AEE usado.<\/p>\n<p>Los siguientes cap\u00edtulos del s\u00e9ptimo al und\u00e9cimo, est\u00e1n dedicados a los aspectos relativos a las autorizaciones y comunicaciones, a la responsabilidad ampliada del productor de AEE, incluidas sus obligaciones, condiciones de autorizaci\u00f3n, financiaci\u00f3n y garant\u00edas financieras; a continuaci\u00f3n se recogen las obligaciones de informaci\u00f3n de las administraciones p\u00fablicas, la coordinaci\u00f3n en materia de RAEE a trav\u00e9s del grupo de trabajo de RAEE y de sus dos instrumentos: la plataforma electr\u00f3nica y la oficina de asignaci\u00f3n. El \u00faltimo cap\u00edtulo est\u00e1 dedicado al r\u00e9gimen de inspecci\u00f3n, vigilancia, control y sanci\u00f3n.<\/p>\n<p>Si nos detenemos m\u00e1s en concreto en cada uno de los Cap\u00edtulos, en el primero destacamos que su \u00e1mbito de aplicaci\u00f3n resultar\u00e1 aplicable a partir del 15 de agosto del a\u00f1o 2018. Se ha considerado adecuado separar los paneles fotovoltaicos en una nueva categor\u00eda dada la singularidad de este tipo de aparatos. Por otra parte, la normativa sobre veh\u00edculos fuera de uso no se ve afectada por lo dispuesto en este real decreto. En las definiciones, se destaca la inclusi\u00f3n expl\u00edcita en el concepto de productor de aquellos que realizan ventas a distancia a trav\u00e9s de cauces como la venta por Internet y la definici\u00f3n de representante autorizado en el caso de que el productor est\u00e9 establecido en otro Estado miembro.<\/p>\n<p>En el cap\u00edtulo segundo y dentro de las obligaciones de productores de AEE, destaca el marcado del equipo para que se informe al consumidor sobre la necesidad de no depositar los RAEE con la basura dom\u00e9stica, sino de manera separada, as\u00ed como las pautas que hay que seguir en el caso de que el RAEE contenga pilas extra\u00edbles. Tambi\u00e9n se regula el funcionamiento del Registro Integrado Industrial, donde los productores deber\u00e1n de declarar el tipo y cantidad de aparatos que ponen en el mercado.<\/p>\n<p>En el cap\u00edtulo tercero se regula la prevenci\u00f3n de RAEE y la reutilizaci\u00f3n de AEE usados. Se incorpora la distinci\u00f3n entre AEE usado y RAEE y se prev\u00e9 la entrega de los aparatos usados por parte de los usuarios a los comercios de segunda mano.<\/p>\n<p>El cuarto cap\u00edtulo contiene seis secciones dedicadas a la recogida de RAEE a trav\u00e9s de los distintos canales as\u00ed como a las obligaciones de informaci\u00f3n y los objetivos de recogida separada de RAEE. La primera secci\u00f3n prev\u00e9 unos requisitos generales de la recogida a trav\u00e9s de los cuatro canales previstos: la recogida municipal, por los distribuidores, por los productores de AEE y directamente por los gestores de residuos. Las secciones siguientes desarrollan la recogida por cada una de estas v\u00edas. En la secci\u00f3n sexta se contemplan los objetivos de recogida separada que, en todo caso, se establecen como objetivos m\u00ednimos. Se calcular\u00e1n por categor\u00edas de aparatos, y ser\u00e1n exigibles de forma diferenciada para RAEE dom\u00e9sticos y para RAEE profesionales.<\/p>\n<p>El cap\u00edtulo quinto, regula el tratamiento de RAEE. Dedica un art\u00edculo espec\u00edfico a la preparaci\u00f3n para la reutilizaci\u00f3n. En esta l\u00ednea, el anexo XIV fija unos m\u00ednimos porcentajes de preparaci\u00f3n para la reutilizaci\u00f3n basados en las experiencias y logros conseguidos en este tipo de tratamiento por pa\u00edses con un desarrollo similar al espa\u00f1ol. De especial importancia es la unificaci\u00f3n de los requisitos de las instalaciones de tratamiento que se detallan en los anexos y que abarcan tanto a las instalaciones de preparaci\u00f3n a la reutilizaci\u00f3n como a los tratamientos espec\u00edficos por tipolog\u00eda de RAEE. Finalmente, se dedica un art\u00edculo espec\u00edfico al cumplimiento de las obligaciones de informaci\u00f3n.<\/p>\n<p>Los traslados de RAEE regulados en el cap\u00edtulo sexto, se completan con el r\u00e9gimen de traslados de RAEE dentro de Espa\u00f1a, en coherencia con el Real Decreto de traslados, y con el r\u00e9gimen de traslados fuera del territorio nacional y fuera de la UE dada la especial problem\u00e1tica generada por el traslado ilegal de este tipo de residuos a pa\u00edses en desarrollo que ponen en riesgo tanto la salud como el medio ambiente.<\/p>\n<p>El cap\u00edtulo s\u00e9ptimo detalla los requisitos de las autorizaciones, comunicaciones y de otras obligaciones de los gestores de RAEE.<\/p>\n<p>Una parte esencial de este real decreto, es la dedicada a la responsabilidad ampliada del productor de AEE, desarrollada en el cap\u00edtulo octavo, a lo largo de cuatro secciones. Estas obligaciones son, fundamentalmente, relativas a la prevenci\u00f3n y puesta en el mercado, a la recogida de RAEE a trav\u00e9s de sus propias redes cuando proceda y al cumplimiento, como m\u00ednimo, de determinados objetivos de recogida, asumiendo, en cualquier caso, que se trata de objetivos m\u00ednimos.<\/p>\n<p>El cap\u00edtulo noveno contiene las obligaciones de informaci\u00f3n de las administraciones p\u00fablicas a los usuarios, a otras administraciones y a la Comisi\u00f3n. Europea. La informaci\u00f3n al consumidor es un elemento fundamental para el \u00e9xito de la gesti\u00f3n del residuo, por ello el consumidor debe conocer c\u00f3mo prevenir la generaci\u00f3n del residuo y c\u00f3mo, en el caso de generarse, debe de realizar su entrega.<\/p>\n<p>Otro cap\u00edtulo de gran relevancia en este real decreto es el d\u00e9cimo, dedicado a la coordinaci\u00f3n en materia de RAEE y al grupo de trabajo de RAEE como herramienta de las autoridades competentes para asegurar el control, la informaci\u00f3n y el conocimiento del sector de la gesti\u00f3n de los RAEE y de los datos de situaci\u00f3n respecto del cumplimiento de los objetivos en materia de la recogida separada y gesti\u00f3n adecuada de RAEE.<\/p>\n<p>Finalmente, el cap\u00edtulo und\u00e9cimo regula la supervisi\u00f3n, control, vigilancia y r\u00e9gimen sancionador aplicable a la gesti\u00f3n de RAEE. Este cap\u00edtulo regula las actuaciones destinadas a controlar e inspeccionar la correcta aplicaci\u00f3n de este real decreto por parte de las autoridades competentes y se prev\u00e9 que las administraciones p\u00fablicas establezcan mecanismos para que los ciudadanos comuniquen a las autoridades posibles incumplimientos de lo dispuesto en este real decreto, estimulando f\u00f3rmulas de participaci\u00f3n ciudadana.<\/p>\n<p>El articulado se complementa con tres disposiciones adicionales, once disposiciones transitorias, una derogatoria \u00fanica, cuatro finales y dieciocho anexos.<\/p>\n<p><strong>Entrada en vigor:<\/strong><strong>\u00a0<\/strong>22 de febrero de 2015<\/p>\n<p><strong>Normas afectadas:<\/strong><\/p>\n<p>Queda derogado el Real Decreto 208\/2005, de 25 de febrero, sobre aparatos el\u00e9ctricos y electr\u00f3nicos y la gesti\u00f3n de sus residuos.<\/p>\n<p>&nbsp;<\/p>\n","protected":false},"excerpt":{"rendered":"<p>Real Decreto 110\/2015, de 20 de febrero, sobre residuos de aparatos el\u00e9ctricos y electr\u00f3nicos. (BOE n\u00fam. 45, de 21 de febrero de 2015) Autora: Eva Blasco Hedo. Responsable del \u00c1rea de Formaci\u00f3n e Investigaci\u00f3n del Centro Internacional de Estudios de Derecho Ambiental (CIEDA-CIEMAT) Temas Clave:\u00a0Residuos; Aparatos el\u00e9ctricos y electr\u00f3nicos. Resumen: En la Exposici\u00f3n de Motivos [&hellip;]<\/p>\n","protected":false},"author":2,"featured_media":0,"comment_status":"open","ping_status":"open","sticky":false,"template":"","format":"standard","meta":{"footnotes":""},"categories":[8,11,22,24,25],"tags":[],"class_list":["post-11341","post","type-post","status-publish","format-standard","hentry","category-administracion-publica","category-alimentacion","category-concienciacion","category-consumismo","category-contaminacion-y-toxicos"],"yoast_head":"<!-- This site is optimized with the Yoast SEO plugin v26.3 - https:\/\/yoast.com\/wordpress\/plugins\/seo\/ -->\n<title>Gesti\u00f3n de residuos: aparatos el\u00e9ctricos y electr\u00f3nicos. - Colectivo Ecologista Turcon<\/title>\n<meta name=\"robots\" content=\"index, follow, max-snippet:-1, max-image-preview:large, max-video-preview:-1\" \/>\n<link rel=\"canonical\" href=\"https:\/\/turcon.es\/wp\/gestion-de-residuos-aparatos-electricos-y-electronicos\/\" \/>\n<meta property=\"og:locale\" content=\"es_ES\" \/>\n<meta property=\"og:type\" content=\"article\" \/>\n<meta property=\"og:title\" content=\"Gesti\u00f3n de residuos: aparatos el\u00e9ctricos y electr\u00f3nicos. - Colectivo Ecologista Turcon\" \/>\n<meta property=\"og:description\" content=\"Real Decreto 110\/2015, de 20 de febrero, sobre residuos de aparatos el\u00e9ctricos y electr\u00f3nicos. (BOE n\u00fam. 45, de 21 de febrero de 2015) Autora: Eva Blasco Hedo. Responsable del \u00c1rea de Formaci\u00f3n e Investigaci\u00f3n del Centro Internacional de Estudios de Derecho Ambiental (CIEDA-CIEMAT) Temas Clave:\u00a0Residuos; Aparatos el\u00e9ctricos y electr\u00f3nicos. Resumen: En la Exposici\u00f3n de Motivos [&hellip;]\" \/>\n<meta property=\"og:url\" content=\"https:\/\/turcon.es\/wp\/gestion-de-residuos-aparatos-electricos-y-electronicos\/\" \/>\n<meta property=\"og:site_name\" content=\"Colectivo Ecologista Turcon\" \/>\n<meta property=\"article:published_time\" content=\"2015-04-24T21:56:06+00:00\" \/>\n<meta property=\"og:image\" content=\"https:\/\/turcon.es\/wp\/wp-content\/uploads\/2013\/10\/noticias_ambientales20wince.png\" \/>\n\t<meta property=\"og:image:width\" content=\"240\" \/>\n\t<meta property=\"og:image:height\" content=\"200\" \/>\n\t<meta property=\"og:image:type\" content=\"image\/png\" \/>\n<meta name=\"author\" content=\"Laura Fernandez\" \/>\n<meta name=\"twitter:card\" content=\"summary_large_image\" \/>\n<meta name=\"twitter:label1\" content=\"Escrito por\" \/>\n\t<meta name=\"twitter:data1\" content=\"Laura Fernandez\" \/>\n\t<meta name=\"twitter:label2\" content=\"Tiempo de lectura\" \/>\n\t<meta name=\"twitter:data2\" content=\"10 minutos\" \/>\n<script type=\"application\/ld+json\" class=\"yoast-schema-graph\">{\"@context\":\"https:\/\/schema.org\",\"@graph\":[{\"@type\":\"Article\",\"@id\":\"https:\/\/turcon.es\/wp\/gestion-de-residuos-aparatos-electricos-y-electronicos\/#article\",\"isPartOf\":{\"@id\":\"https:\/\/turcon.es\/wp\/gestion-de-residuos-aparatos-electricos-y-electronicos\/\"},\"author\":{\"name\":\"Laura Fernandez\",\"@id\":\"https:\/\/turcon.es\/wp\/#\/schema\/person\/a1f3ba727ce031d9da17684affe85edd\"},\"headline\":\"Gesti\u00f3n de residuos: aparatos el\u00e9ctricos y electr\u00f3nicos.\",\"datePublished\":\"2015-04-24T21:56:06+00:00\",\"mainEntityOfPage\":{\"@id\":\"https:\/\/turcon.es\/wp\/gestion-de-residuos-aparatos-electricos-y-electronicos\/\"},\"wordCount\":1965,\"commentCount\":0,\"publisher\":{\"@id\":\"https:\/\/turcon.es\/wp\/#organization\"},\"image\":{\"@id\":\"https:\/\/turcon.es\/wp\/gestion-de-residuos-aparatos-electricos-y-electronicos\/#primaryimage\"},\"thumbnailUrl\":\"https:\/\/turcon.es\/wp\/wp-content\/uploads\/2013\/10\/noticias_ambientales20wince.png\",\"articleSection\":[\"Administraci\u00f3n p\u00fablica\",\"Alimentaci\u00f3n\",\"Concienciaci\u00f3n\",\"Consumismo\",\"Contaminaci\u00f3n y t\u00f3xicos\"],\"inLanguage\":\"es\",\"potentialAction\":[{\"@type\":\"CommentAction\",\"name\":\"Comment\",\"target\":[\"https:\/\/turcon.es\/wp\/gestion-de-residuos-aparatos-electricos-y-electronicos\/#respond\"]}]},{\"@type\":\"WebPage\",\"@id\":\"https:\/\/turcon.es\/wp\/gestion-de-residuos-aparatos-electricos-y-electronicos\/\",\"url\":\"https:\/\/turcon.es\/wp\/gestion-de-residuos-aparatos-electricos-y-electronicos\/\",\"name\":\"Gesti\u00f3n de residuos: aparatos el\u00e9ctricos y electr\u00f3nicos. - Colectivo Ecologista Turcon\",\"isPartOf\":{\"@id\":\"https:\/\/turcon.es\/wp\/#website\"},\"primaryImageOfPage\":{\"@id\":\"https:\/\/turcon.es\/wp\/gestion-de-residuos-aparatos-electricos-y-electronicos\/#primaryimage\"},\"image\":{\"@id\":\"https:\/\/turcon.es\/wp\/gestion-de-residuos-aparatos-electricos-y-electronicos\/#primaryimage\"},\"thumbnailUrl\":\"https:\/\/turcon.es\/wp\/wp-content\/uploads\/2013\/10\/noticias_ambientales20wince.png\",\"datePublished\":\"2015-04-24T21:56:06+00:00\",\"breadcrumb\":{\"@id\":\"https:\/\/turcon.es\/wp\/gestion-de-residuos-aparatos-electricos-y-electronicos\/#breadcrumb\"},\"inLanguage\":\"es\",\"potentialAction\":[{\"@type\":\"ReadAction\",\"target\":[\"https:\/\/turcon.es\/wp\/gestion-de-residuos-aparatos-electricos-y-electronicos\/\"]}]},{\"@type\":\"ImageObject\",\"inLanguage\":\"es\",\"@id\":\"https:\/\/turcon.es\/wp\/gestion-de-residuos-aparatos-electricos-y-electronicos\/#primaryimage\",\"url\":\"https:\/\/turcon.es\/wp\/wp-content\/uploads\/2013\/10\/noticias_ambientales20wince.png\",\"contentUrl\":\"https:\/\/turcon.es\/wp\/wp-content\/uploads\/2013\/10\/noticias_ambientales20wince.png\"},{\"@type\":\"BreadcrumbList\",\"@id\":\"https:\/\/turcon.es\/wp\/gestion-de-residuos-aparatos-electricos-y-electronicos\/#breadcrumb\",\"itemListElement\":[{\"@type\":\"ListItem\",\"position\":1,\"name\":\"Portada\",\"item\":\"https:\/\/turcon.es\/wp\/\"},{\"@type\":\"ListItem\",\"position\":2,\"name\":\"Gesti\u00f3n de residuos: aparatos el\u00e9ctricos y electr\u00f3nicos.\"}]},{\"@type\":\"WebSite\",\"@id\":\"https:\/\/turcon.es\/wp\/#website\",\"url\":\"https:\/\/turcon.es\/wp\/\",\"name\":\"Colectivo Ecologista Turcon\",\"description\":\"\",\"publisher\":{\"@id\":\"https:\/\/turcon.es\/wp\/#organization\"},\"potentialAction\":[{\"@type\":\"SearchAction\",\"target\":{\"@type\":\"EntryPoint\",\"urlTemplate\":\"https:\/\/turcon.es\/wp\/?s={search_term_string}\"},\"query-input\":{\"@type\":\"PropertyValueSpecification\",\"valueRequired\":true,\"valueName\":\"search_term_string\"}}],\"inLanguage\":\"es\"},{\"@type\":\"Organization\",\"@id\":\"https:\/\/turcon.es\/wp\/#organization\",\"name\":\"Colectivo Ecologista Turcon\",\"url\":\"https:\/\/turcon.es\/wp\/\",\"logo\":{\"@type\":\"ImageObject\",\"inLanguage\":\"es\",\"@id\":\"https:\/\/turcon.es\/wp\/#\/schema\/logo\/image\/\",\"url\":\"https:\/\/turcon.es\/wp\/wp-content\/uploads\/2025\/03\/logo-verde.svg\",\"contentUrl\":\"https:\/\/turcon.es\/wp\/wp-content\/uploads\/2025\/03\/logo-verde.svg\",\"width\":813,\"height\":813,\"caption\":\"Colectivo Ecologista Turcon\"},\"image\":{\"@id\":\"https:\/\/turcon.es\/wp\/#\/schema\/logo\/image\/\"}},{\"@type\":\"Person\",\"@id\":\"https:\/\/turcon.es\/wp\/#\/schema\/person\/a1f3ba727ce031d9da17684affe85edd\",\"name\":\"Laura Fernandez\",\"image\":{\"@type\":\"ImageObject\",\"inLanguage\":\"es\",\"@id\":\"https:\/\/turcon.es\/wp\/#\/schema\/person\/image\/\",\"url\":\"https:\/\/secure.gravatar.com\/avatar\/360749af9549af22e54582d50231ae56e854210ae2368797ba242f445a9852e8?s=96&d=mm&r=g\",\"contentUrl\":\"https:\/\/secure.gravatar.com\/avatar\/360749af9549af22e54582d50231ae56e854210ae2368797ba242f445a9852e8?s=96&d=mm&r=g\",\"caption\":\"Laura Fernandez\"},\"url\":\"https:\/\/turcon.es\/wp\/author\/admturcon\/\"}]}<\/script>\n<!-- \/ Yoast SEO plugin. -->","yoast_head_json":{"title":"Gesti\u00f3n de residuos: aparatos el\u00e9ctricos y electr\u00f3nicos. - Colectivo Ecologista Turcon","robots":{"index":"index","follow":"follow","max-snippet":"max-snippet:-1","max-image-preview":"max-image-preview:large","max-video-preview":"max-video-preview:-1"},"canonical":"https:\/\/turcon.es\/wp\/gestion-de-residuos-aparatos-electricos-y-electronicos\/","og_locale":"es_ES","og_type":"article","og_title":"Gesti\u00f3n de residuos: aparatos el\u00e9ctricos y electr\u00f3nicos. - Colectivo Ecologista Turcon","og_description":"Real Decreto 110\/2015, de 20 de febrero, sobre residuos de aparatos el\u00e9ctricos y electr\u00f3nicos. (BOE n\u00fam. 45, de 21 de febrero de 2015) Autora: Eva Blasco Hedo. Responsable del \u00c1rea de Formaci\u00f3n e Investigaci\u00f3n del Centro Internacional de Estudios de Derecho Ambiental (CIEDA-CIEMAT) Temas Clave:\u00a0Residuos; Aparatos el\u00e9ctricos y electr\u00f3nicos. Resumen: En la Exposici\u00f3n de Motivos [&hellip;]","og_url":"https:\/\/turcon.es\/wp\/gestion-de-residuos-aparatos-electricos-y-electronicos\/","og_site_name":"Colectivo Ecologista Turcon","article_published_time":"2015-04-24T21:56:06+00:00","og_image":[{"width":240,"height":200,"url":"https:\/\/turcon.es\/wp\/wp-content\/uploads\/2013\/10\/noticias_ambientales20wince.png","type":"image\/png"}],"author":"Laura Fernandez","twitter_card":"summary_large_image","twitter_misc":{"Escrito por":"Laura Fernandez","Tiempo de lectura":"10 minutos"},"schema":{"@context":"https:\/\/schema.org","@graph":[{"@type":"Article","@id":"https:\/\/turcon.es\/wp\/gestion-de-residuos-aparatos-electricos-y-electronicos\/#article","isPartOf":{"@id":"https:\/\/turcon.es\/wp\/gestion-de-residuos-aparatos-electricos-y-electronicos\/"},"author":{"name":"Laura Fernandez","@id":"https:\/\/turcon.es\/wp\/#\/schema\/person\/a1f3ba727ce031d9da17684affe85edd"},"headline":"Gesti\u00f3n de residuos: aparatos el\u00e9ctricos y electr\u00f3nicos.","datePublished":"2015-04-24T21:56:06+00:00","mainEntityOfPage":{"@id":"https:\/\/turcon.es\/wp\/gestion-de-residuos-aparatos-electricos-y-electronicos\/"},"wordCount":1965,"commentCount":0,"publisher":{"@id":"https:\/\/turcon.es\/wp\/#organization"},"image":{"@id":"https:\/\/turcon.es\/wp\/gestion-de-residuos-aparatos-electricos-y-electronicos\/#primaryimage"},"thumbnailUrl":"https:\/\/turcon.es\/wp\/wp-content\/uploads\/2013\/10\/noticias_ambientales20wince.png","articleSection":["Administraci\u00f3n p\u00fablica","Alimentaci\u00f3n","Concienciaci\u00f3n","Consumismo","Contaminaci\u00f3n y t\u00f3xicos"],"inLanguage":"es","potentialAction":[{"@type":"CommentAction","name":"Comment","target":["https:\/\/turcon.es\/wp\/gestion-de-residuos-aparatos-electricos-y-electronicos\/#respond"]}]},{"@type":"WebPage","@id":"https:\/\/turcon.es\/wp\/gestion-de-residuos-aparatos-electricos-y-electronicos\/","url":"https:\/\/turcon.es\/wp\/gestion-de-residuos-aparatos-electricos-y-electronicos\/","name":"Gesti\u00f3n de residuos: aparatos el\u00e9ctricos y electr\u00f3nicos. - Colectivo Ecologista Turcon","isPartOf":{"@id":"https:\/\/turcon.es\/wp\/#website"},"primaryImageOfPage":{"@id":"https:\/\/turcon.es\/wp\/gestion-de-residuos-aparatos-electricos-y-electronicos\/#primaryimage"},"image":{"@id":"https:\/\/turcon.es\/wp\/gestion-de-residuos-aparatos-electricos-y-electronicos\/#primaryimage"},"thumbnailUrl":"https:\/\/turcon.es\/wp\/wp-content\/uploads\/2013\/10\/noticias_ambientales20wince.png","datePublished":"2015-04-24T21:56:06+00:00","breadcrumb":{"@id":"https:\/\/turcon.es\/wp\/gestion-de-residuos-aparatos-electricos-y-electronicos\/#breadcrumb"},"inLanguage":"es","potentialAction":[{"@type":"ReadAction","target":["https:\/\/turcon.es\/wp\/gestion-de-residuos-aparatos-electricos-y-electronicos\/"]}]},{"@type":"ImageObject","inLanguage":"es","@id":"https:\/\/turcon.es\/wp\/gestion-de-residuos-aparatos-electricos-y-electronicos\/#primaryimage","url":"https:\/\/turcon.es\/wp\/wp-content\/uploads\/2013\/10\/noticias_ambientales20wince.png","contentUrl":"https:\/\/turcon.es\/wp\/wp-content\/uploads\/2013\/10\/noticias_ambientales20wince.png"},{"@type":"BreadcrumbList","@id":"https:\/\/turcon.es\/wp\/gestion-de-residuos-aparatos-electricos-y-electronicos\/#breadcrumb","itemListElement":[{"@type":"ListItem","position":1,"name":"Portada","item":"https:\/\/turcon.es\/wp\/"},{"@type":"ListItem","position":2,"name":"Gesti\u00f3n de residuos: aparatos el\u00e9ctricos y electr\u00f3nicos."}]},{"@type":"WebSite","@id":"https:\/\/turcon.es\/wp\/#website","url":"https:\/\/turcon.es\/wp\/","name":"Colectivo Ecologista Turcon","description":"","publisher":{"@id":"https:\/\/turcon.es\/wp\/#organization"},"potentialAction":[{"@type":"SearchAction","target":{"@type":"EntryPoint","urlTemplate":"https:\/\/turcon.es\/wp\/?s={search_term_string}"},"query-input":{"@type":"PropertyValueSpecification","valueRequired":true,"valueName":"search_term_string"}}],"inLanguage":"es"},{"@type":"Organization","@id":"https:\/\/turcon.es\/wp\/#organization","name":"Colectivo Ecologista Turcon","url":"https:\/\/turcon.es\/wp\/","logo":{"@type":"ImageObject","inLanguage":"es","@id":"https:\/\/turcon.es\/wp\/#\/schema\/logo\/image\/","url":"https:\/\/turcon.es\/wp\/wp-content\/uploads\/2025\/03\/logo-verde.svg","contentUrl":"https:\/\/turcon.es\/wp\/wp-content\/uploads\/2025\/03\/logo-verde.svg","width":813,"height":813,"caption":"Colectivo Ecologista Turcon"},"image":{"@id":"https:\/\/turcon.es\/wp\/#\/schema\/logo\/image\/"}},{"@type":"Person","@id":"https:\/\/turcon.es\/wp\/#\/schema\/person\/a1f3ba727ce031d9da17684affe85edd","name":"Laura Fernandez","image":{"@type":"ImageObject","inLanguage":"es","@id":"https:\/\/turcon.es\/wp\/#\/schema\/person\/image\/","url":"https:\/\/secure.gravatar.com\/avatar\/360749af9549af22e54582d50231ae56e854210ae2368797ba242f445a9852e8?s=96&d=mm&r=g","contentUrl":"https:\/\/secure.gravatar.com\/avatar\/360749af9549af22e54582d50231ae56e854210ae2368797ba242f445a9852e8?s=96&d=mm&r=g","caption":"Laura Fernandez"},"url":"https:\/\/turcon.es\/wp\/author\/admturcon\/"}]}},"_links":{"self":[{"href":"https:\/\/turcon.es\/wp\/wp-json\/wp\/v2\/posts\/11341","targetHints":{"allow":["GET"]}}],"collection":[{"href":"https:\/\/turcon.es\/wp\/wp-json\/wp\/v2\/posts"}],"about":[{"href":"https:\/\/turcon.es\/wp\/wp-json\/wp\/v2\/types\/post"}],"author":[{"embeddable":true,"href":"https:\/\/turcon.es\/wp\/wp-json\/wp\/v2\/users\/2"}],"replies":[{"embeddable":true,"href":"https:\/\/turcon.es\/wp\/wp-json\/wp\/v2\/comments?post=11341"}],"version-history":[{"count":0,"href":"https:\/\/turcon.es\/wp\/wp-json\/wp\/v2\/posts\/11341\/revisions"}],"wp:attachment":[{"href":"https:\/\/turcon.es\/wp\/wp-json\/wp\/v2\/media?parent=11341"}],"wp:term":[{"taxonomy":"category","embeddable":true,"href":"https:\/\/turcon.es\/wp\/wp-json\/wp\/v2\/categories?post=11341"},{"taxonomy":"post_tag","embeddable":true,"href":"https:\/\/turcon.es\/wp\/wp-json\/wp\/v2\/tags?post=11341"}],"curies":[{"name":"wp","href":"https:\/\/api.w.org\/{rel}","templated":true}]}}