{"id":11353,"date":"2015-04-30T08:19:43","date_gmt":"2015-04-30T08:19:43","guid":{"rendered":"https:\/\/turcon.wordpress.com\/?p=11353"},"modified":"2015-04-30T08:19:43","modified_gmt":"2015-04-30T08:19:43","slug":"animado-debate-anoche-en-el-salon-parroquial-de-la-pardilla","status":"publish","type":"post","link":"https:\/\/turcon.es\/wp\/animado-debate-anoche-en-el-salon-parroquial-de-la-pardilla\/","title":{"rendered":"Animado debate anoche en el Sal\u00f3n Parroquial\u00a0de\u00a0La Pardilla."},"content":{"rendered":"<p><strong>El Colectivo Turc\u00f3n y la Plataforma ciudadana contra la\u00a0Tangencial dieron una\u00a0charla\u00a0informativa sobre el PGO y la\u00a0Tangencial.<\/strong><\/p>\n<p><strong>Expusieron con im\u00e1genes y datos sus posiciones frente a estas planificaciones sobre el territorio de Telde.<\/strong><\/p>\n<p>Esther L\u00f3pez, presidenta de la Plataforma Ciudadana contra la Tangencial de Telde inform\u00f3 que aunque el Plan Territorial est\u00e1 aprobado, ahora la lucha se traslada a los tribunales de justicia y vamos a seguir recogiendo firmas ya que hay muchos vecinos y vecinas que a\u00fan no se han enterado que van a ser expropiados.<a href=\"https:\/\/turcon.es\/wp\/wp-content\/uploads\/2015\/04\/p1190150.jpg\"><img fetchpriority=\"high\" decoding=\"async\" class=\"alignright size-medium wp-image-11355\" src=\"https:\/\/turcon.es\/wp\/wp-content\/uploads\/2015\/04\/p1190150.jpg?w=300\" alt=\"P1190150\" width=\"300\" height=\"225\" \/><\/a><\/p>\n<p>Por su lado, \u00c1lvaro Monz\u00f3n expuso el crecimiento desorbitado del Plan General de Ordenaci\u00f3n, destacando aquellos \u201cpelotazos urban\u00edsticos\u201d e informando de las planificaciones urban\u00edsticas de la zona de La Pardilla. Varios vecinos y vecinas mostraron sus preocupaciones a la forma de c\u00f3mo se gestionan los desarrollados de los \u00e1mbitos de Ponce, San Antonio, La Estrella, etc.<\/p>\n<p>Mediante im\u00e1genes, mapas y documentos \u00a0oficiales los participantes vieron los puntos m\u00e1s conflictivos\u00a0de\u00a0esta mega infraestructura que se quiere construir en\u00a0Telde y aquellos impactos medioambientales m\u00e1s importantes.<\/p>\n<p>Entre el p\u00fablico asistente se encontraban miembros de la formaci\u00f3n pol\u00edtica M\u00e1s por Telde y su concejal Juan Francisco Artiles; as\u00ed como, miembros de Izquierda Canaria Unida, alguno de ellos candidatos en las listas del Cabildo y del Ayuntamiento de Telde.<\/p>\n<p><strong><span style=\"text-decoration:underline;\">Qu\u00e9 es la\u00a0Tangencial.<\/span><\/strong><br \/>\n<!--more--><\/p>\n<p>El Gobierno\u00a0de\u00a0Canarias le cambi\u00f3 el nombre, porque los ecologistas se la tumbaron en los tribunales. Ahora le llaman \u00abNuevo Acceso a\u00a0Telde\u00bb y seg\u00fan pone\u00a0de\u00a0manifiesto el Plan Territorial Aprobado es \u201cnecesario contar con una alternativa a la carretera GC-1, es decir, una v\u00eda\u00a0de\u00a0alta capacidad, que constituya otro eje\u00a0de\u00a0comunicaci\u00f3n norte-sur potente, que sea capaz\u00a0de\u00a0poder descargar\u00a0de\u00a0tr\u00e1fico a la GC-1 en los tramos m\u00e1s conflictivos, as\u00ed como contribuir a resolver y mejorar la accesibilidad\u00a0de\u00a0los n\u00facleos poblacionales como Telde, Valsequillo, y la zona\u00a0de\u00a0Carrizal-Ingenio\u201d.<\/p>\n<p>Una nueva autopista\u00a0de\u00a0seis carriles que va a tener seg\u00fan los ecologistas \u201cun impacto negativo\u00a0de\u00a0gran incidencia sobre el territorio, el patrimonio natural y cultural y sobre las actividades econ\u00f3micas\u00a0de\u00a0base agraria, adem\u00e1s\u00a0de\u00a0la calidad\u00a0de\u00a0vida\u00a0de\u00a0los ciudadanos directamente afectados por la colisi\u00f3n\u00a0de\u00a0dichas infraestructuras, en algunos casos autopistas, con su entorno vital\u201d.<\/p>\n","protected":false},"excerpt":{"rendered":"<p>El Colectivo Turc\u00f3n y la Plataforma ciudadana contra la\u00a0Tangencial dieron una\u00a0charla\u00a0informativa sobre el PGO y la\u00a0Tangencial. Expusieron con im\u00e1genes y datos sus posiciones frente a estas planificaciones sobre el territorio de Telde. Esther L\u00f3pez, presidenta de la Plataforma Ciudadana contra la Tangencial de Telde inform\u00f3 que aunque el Plan Territorial est\u00e1 aprobado, ahora la lucha [&hellip;]<\/p>\n","protected":false},"author":2,"featured_media":0,"comment_status":"open","ping_status":"open","sticky":false,"template":"","format":"standard","meta":{"footnotes":""},"categories":[6,8,22,37,40,41,43,46,54,60,63,65],"tags":[],"class_list":["post-11353","post","type-post","status-publish","format-standard","hentry","category-actividades-turcon","category-administracion-publica","category-concienciacion","category-espacios-naturales","category-gobierno","category-gran-canaria","category-infraestructuras","category-notas-de-prensa-de-turcon","category-recomendamos-para-leer-ver-y-escuchar","category-telde-gran-canaria","category-transporte","category-urbanismo"],"yoast_head":"<!-- This site is optimized with the Yoast SEO plugin v26.3 - https:\/\/yoast.com\/wordpress\/plugins\/seo\/ -->\n<title>Animado debate anoche en el Sal\u00f3n Parroquial\u00a0de\u00a0La Pardilla. - Colectivo Ecologista Turcon<\/title>\n<meta name=\"robots\" content=\"index, follow, max-snippet:-1, max-image-preview:large, max-video-preview:-1\" \/>\n<link rel=\"canonical\" href=\"https:\/\/turcon.es\/wp\/animado-debate-anoche-en-el-salon-parroquial-de-la-pardilla\/\" \/>\n<meta property=\"og:locale\" content=\"es_ES\" \/>\n<meta property=\"og:type\" content=\"article\" \/>\n<meta property=\"og:title\" content=\"Animado debate anoche en el Sal\u00f3n Parroquial\u00a0de\u00a0La Pardilla. - Colectivo Ecologista Turcon\" \/>\n<meta property=\"og:description\" content=\"El Colectivo Turc\u00f3n y la Plataforma ciudadana contra la\u00a0Tangencial dieron una\u00a0charla\u00a0informativa sobre el PGO y la\u00a0Tangencial. Expusieron con im\u00e1genes y datos sus posiciones frente a estas planificaciones sobre el territorio de Telde. Esther L\u00f3pez, presidenta de la Plataforma Ciudadana contra la Tangencial de Telde inform\u00f3 que aunque el Plan Territorial est\u00e1 aprobado, ahora la lucha [&hellip;]\" \/>\n<meta property=\"og:url\" content=\"https:\/\/turcon.es\/wp\/animado-debate-anoche-en-el-salon-parroquial-de-la-pardilla\/\" \/>\n<meta property=\"og:site_name\" content=\"Colectivo Ecologista Turcon\" \/>\n<meta property=\"article:published_time\" content=\"2015-04-30T08:19:43+00:00\" \/>\n<meta property=\"og:image\" content=\"https:\/\/turcon.es\/wp\/wp-content\/uploads\/2015\/04\/p1190150-scaled.jpg\" \/>\n\t<meta property=\"og:image:width\" content=\"2560\" \/>\n\t<meta property=\"og:image:height\" content=\"1920\" \/>\n\t<meta property=\"og:image:type\" content=\"image\/jpeg\" \/>\n<meta name=\"author\" content=\"Laura Fernandez\" \/>\n<meta name=\"twitter:card\" content=\"summary_large_image\" \/>\n<meta name=\"twitter:label1\" content=\"Escrito por\" \/>\n\t<meta name=\"twitter:data1\" content=\"Laura Fernandez\" \/>\n\t<meta name=\"twitter:label2\" content=\"Tiempo de lectura\" \/>\n\t<meta name=\"twitter:data2\" content=\"2 minutos\" \/>\n<script type=\"application\/ld+json\" class=\"yoast-schema-graph\">{\"@context\":\"https:\/\/schema.org\",\"@graph\":[{\"@type\":\"Article\",\"@id\":\"https:\/\/turcon.es\/wp\/animado-debate-anoche-en-el-salon-parroquial-de-la-pardilla\/#article\",\"isPartOf\":{\"@id\":\"https:\/\/turcon.es\/wp\/animado-debate-anoche-en-el-salon-parroquial-de-la-pardilla\/\"},\"author\":{\"name\":\"Laura Fernandez\",\"@id\":\"https:\/\/turcon.es\/wp\/#\/schema\/person\/a1f3ba727ce031d9da17684affe85edd\"},\"headline\":\"Animado debate anoche en el Sal\u00f3n Parroquial\u00a0de\u00a0La Pardilla.\",\"datePublished\":\"2015-04-30T08:19:43+00:00\",\"mainEntityOfPage\":{\"@id\":\"https:\/\/turcon.es\/wp\/animado-debate-anoche-en-el-salon-parroquial-de-la-pardilla\/\"},\"wordCount\":412,\"commentCount\":0,\"publisher\":{\"@id\":\"https:\/\/turcon.es\/wp\/#organization\"},\"image\":{\"@id\":\"https:\/\/turcon.es\/wp\/animado-debate-anoche-en-el-salon-parroquial-de-la-pardilla\/#primaryimage\"},\"thumbnailUrl\":\"https:\/\/turcon.es\/wp\/wp-content\/uploads\/2015\/04\/p1190150.jpg?w=300\",\"articleSection\":[\"#Actividades Turc\u00f3n#\",\"Administraci\u00f3n p\u00fablica\",\"Concienciaci\u00f3n\",\"Espacios Naturales\",\"Gobierno\",\"Gran Canaria\",\"Infraestructuras\",\"Notas de prensa de Turc\u00f3n\",\"Recomendamos para leer, ver y escuchar...\",\"Telde (Gran Canaria)\",\"Transporte\",\"Urbanismo\"],\"inLanguage\":\"es\",\"potentialAction\":[{\"@type\":\"CommentAction\",\"name\":\"Comment\",\"target\":[\"https:\/\/turcon.es\/wp\/animado-debate-anoche-en-el-salon-parroquial-de-la-pardilla\/#respond\"]}]},{\"@type\":\"WebPage\",\"@id\":\"https:\/\/turcon.es\/wp\/animado-debate-anoche-en-el-salon-parroquial-de-la-pardilla\/\",\"url\":\"https:\/\/turcon.es\/wp\/animado-debate-anoche-en-el-salon-parroquial-de-la-pardilla\/\",\"name\":\"Animado debate anoche en el Sal\u00f3n Parroquial\u00a0de\u00a0La Pardilla. - Colectivo Ecologista Turcon\",\"isPartOf\":{\"@id\":\"https:\/\/turcon.es\/wp\/#website\"},\"primaryImageOfPage\":{\"@id\":\"https:\/\/turcon.es\/wp\/animado-debate-anoche-en-el-salon-parroquial-de-la-pardilla\/#primaryimage\"},\"image\":{\"@id\":\"https:\/\/turcon.es\/wp\/animado-debate-anoche-en-el-salon-parroquial-de-la-pardilla\/#primaryimage\"},\"thumbnailUrl\":\"https:\/\/turcon.es\/wp\/wp-content\/uploads\/2015\/04\/p1190150.jpg?w=300\",\"datePublished\":\"2015-04-30T08:19:43+00:00\",\"breadcrumb\":{\"@id\":\"https:\/\/turcon.es\/wp\/animado-debate-anoche-en-el-salon-parroquial-de-la-pardilla\/#breadcrumb\"},\"inLanguage\":\"es\",\"potentialAction\":[{\"@type\":\"ReadAction\",\"target\":[\"https:\/\/turcon.es\/wp\/animado-debate-anoche-en-el-salon-parroquial-de-la-pardilla\/\"]}]},{\"@type\":\"ImageObject\",\"inLanguage\":\"es\",\"@id\":\"https:\/\/turcon.es\/wp\/animado-debate-anoche-en-el-salon-parroquial-de-la-pardilla\/#primaryimage\",\"url\":\"https:\/\/turcon.es\/wp\/wp-content\/uploads\/2015\/04\/p1190150.jpg?w=300\",\"contentUrl\":\"https:\/\/turcon.es\/wp\/wp-content\/uploads\/2015\/04\/p1190150.jpg?w=300\"},{\"@type\":\"BreadcrumbList\",\"@id\":\"https:\/\/turcon.es\/wp\/animado-debate-anoche-en-el-salon-parroquial-de-la-pardilla\/#breadcrumb\",\"itemListElement\":[{\"@type\":\"ListItem\",\"position\":1,\"name\":\"Portada\",\"item\":\"https:\/\/turcon.es\/wp\/\"},{\"@type\":\"ListItem\",\"position\":2,\"name\":\"Animado debate anoche en el Sal\u00f3n Parroquial\u00a0de\u00a0La Pardilla.\"}]},{\"@type\":\"WebSite\",\"@id\":\"https:\/\/turcon.es\/wp\/#website\",\"url\":\"https:\/\/turcon.es\/wp\/\",\"name\":\"Colectivo Ecologista Turcon\",\"description\":\"\",\"publisher\":{\"@id\":\"https:\/\/turcon.es\/wp\/#organization\"},\"potentialAction\":[{\"@type\":\"SearchAction\",\"target\":{\"@type\":\"EntryPoint\",\"urlTemplate\":\"https:\/\/turcon.es\/wp\/?s={search_term_string}\"},\"query-input\":{\"@type\":\"PropertyValueSpecification\",\"valueRequired\":true,\"valueName\":\"search_term_string\"}}],\"inLanguage\":\"es\"},{\"@type\":\"Organization\",\"@id\":\"https:\/\/turcon.es\/wp\/#organization\",\"name\":\"Colectivo Ecologista Turcon\",\"url\":\"https:\/\/turcon.es\/wp\/\",\"logo\":{\"@type\":\"ImageObject\",\"inLanguage\":\"es\",\"@id\":\"https:\/\/turcon.es\/wp\/#\/schema\/logo\/image\/\",\"url\":\"https:\/\/turcon.es\/wp\/wp-content\/uploads\/2025\/03\/logo-verde.svg\",\"contentUrl\":\"https:\/\/turcon.es\/wp\/wp-content\/uploads\/2025\/03\/logo-verde.svg\",\"width\":813,\"height\":813,\"caption\":\"Colectivo Ecologista Turcon\"},\"image\":{\"@id\":\"https:\/\/turcon.es\/wp\/#\/schema\/logo\/image\/\"}},{\"@type\":\"Person\",\"@id\":\"https:\/\/turcon.es\/wp\/#\/schema\/person\/a1f3ba727ce031d9da17684affe85edd\",\"name\":\"Laura Fernandez\",\"image\":{\"@type\":\"ImageObject\",\"inLanguage\":\"es\",\"@id\":\"https:\/\/turcon.es\/wp\/#\/schema\/person\/image\/\",\"url\":\"https:\/\/secure.gravatar.com\/avatar\/360749af9549af22e54582d50231ae56e854210ae2368797ba242f445a9852e8?s=96&d=mm&r=g\",\"contentUrl\":\"https:\/\/secure.gravatar.com\/avatar\/360749af9549af22e54582d50231ae56e854210ae2368797ba242f445a9852e8?s=96&d=mm&r=g\",\"caption\":\"Laura Fernandez\"},\"url\":\"https:\/\/turcon.es\/wp\/author\/admturcon\/\"}]}<\/script>\n<!-- \/ Yoast SEO plugin. -->","yoast_head_json":{"title":"Animado debate anoche en el Sal\u00f3n Parroquial\u00a0de\u00a0La Pardilla. - Colectivo Ecologista Turcon","robots":{"index":"index","follow":"follow","max-snippet":"max-snippet:-1","max-image-preview":"max-image-preview:large","max-video-preview":"max-video-preview:-1"},"canonical":"https:\/\/turcon.es\/wp\/animado-debate-anoche-en-el-salon-parroquial-de-la-pardilla\/","og_locale":"es_ES","og_type":"article","og_title":"Animado debate anoche en el Sal\u00f3n Parroquial\u00a0de\u00a0La Pardilla. - Colectivo Ecologista Turcon","og_description":"El Colectivo Turc\u00f3n y la Plataforma ciudadana contra la\u00a0Tangencial dieron una\u00a0charla\u00a0informativa sobre el PGO y la\u00a0Tangencial. Expusieron con im\u00e1genes y datos sus posiciones frente a estas planificaciones sobre el territorio de Telde. Esther L\u00f3pez, presidenta de la Plataforma Ciudadana contra la Tangencial de Telde inform\u00f3 que aunque el Plan Territorial est\u00e1 aprobado, ahora la lucha [&hellip;]","og_url":"https:\/\/turcon.es\/wp\/animado-debate-anoche-en-el-salon-parroquial-de-la-pardilla\/","og_site_name":"Colectivo Ecologista Turcon","article_published_time":"2015-04-30T08:19:43+00:00","og_image":[{"width":2560,"height":1920,"url":"https:\/\/turcon.es\/wp\/wp-content\/uploads\/2015\/04\/p1190150-scaled.jpg","type":"image\/jpeg"}],"author":"Laura Fernandez","twitter_card":"summary_large_image","twitter_misc":{"Escrito por":"Laura Fernandez","Tiempo de lectura":"2 minutos"},"schema":{"@context":"https:\/\/schema.org","@graph":[{"@type":"Article","@id":"https:\/\/turcon.es\/wp\/animado-debate-anoche-en-el-salon-parroquial-de-la-pardilla\/#article","isPartOf":{"@id":"https:\/\/turcon.es\/wp\/animado-debate-anoche-en-el-salon-parroquial-de-la-pardilla\/"},"author":{"name":"Laura Fernandez","@id":"https:\/\/turcon.es\/wp\/#\/schema\/person\/a1f3ba727ce031d9da17684affe85edd"},"headline":"Animado debate anoche en el Sal\u00f3n Parroquial\u00a0de\u00a0La Pardilla.","datePublished":"2015-04-30T08:19:43+00:00","mainEntityOfPage":{"@id":"https:\/\/turcon.es\/wp\/animado-debate-anoche-en-el-salon-parroquial-de-la-pardilla\/"},"wordCount":412,"commentCount":0,"publisher":{"@id":"https:\/\/turcon.es\/wp\/#organization"},"image":{"@id":"https:\/\/turcon.es\/wp\/animado-debate-anoche-en-el-salon-parroquial-de-la-pardilla\/#primaryimage"},"thumbnailUrl":"https:\/\/turcon.es\/wp\/wp-content\/uploads\/2015\/04\/p1190150.jpg?w=300","articleSection":["#Actividades Turc\u00f3n#","Administraci\u00f3n p\u00fablica","Concienciaci\u00f3n","Espacios Naturales","Gobierno","Gran Canaria","Infraestructuras","Notas de prensa de Turc\u00f3n","Recomendamos para leer, ver y escuchar...","Telde (Gran Canaria)","Transporte","Urbanismo"],"inLanguage":"es","potentialAction":[{"@type":"CommentAction","name":"Comment","target":["https:\/\/turcon.es\/wp\/animado-debate-anoche-en-el-salon-parroquial-de-la-pardilla\/#respond"]}]},{"@type":"WebPage","@id":"https:\/\/turcon.es\/wp\/animado-debate-anoche-en-el-salon-parroquial-de-la-pardilla\/","url":"https:\/\/turcon.es\/wp\/animado-debate-anoche-en-el-salon-parroquial-de-la-pardilla\/","name":"Animado debate anoche en el Sal\u00f3n Parroquial\u00a0de\u00a0La Pardilla. - Colectivo Ecologista Turcon","isPartOf":{"@id":"https:\/\/turcon.es\/wp\/#website"},"primaryImageOfPage":{"@id":"https:\/\/turcon.es\/wp\/animado-debate-anoche-en-el-salon-parroquial-de-la-pardilla\/#primaryimage"},"image":{"@id":"https:\/\/turcon.es\/wp\/animado-debate-anoche-en-el-salon-parroquial-de-la-pardilla\/#primaryimage"},"thumbnailUrl":"https:\/\/turcon.es\/wp\/wp-content\/uploads\/2015\/04\/p1190150.jpg?w=300","datePublished":"2015-04-30T08:19:43+00:00","breadcrumb":{"@id":"https:\/\/turcon.es\/wp\/animado-debate-anoche-en-el-salon-parroquial-de-la-pardilla\/#breadcrumb"},"inLanguage":"es","potentialAction":[{"@type":"ReadAction","target":["https:\/\/turcon.es\/wp\/animado-debate-anoche-en-el-salon-parroquial-de-la-pardilla\/"]}]},{"@type":"ImageObject","inLanguage":"es","@id":"https:\/\/turcon.es\/wp\/animado-debate-anoche-en-el-salon-parroquial-de-la-pardilla\/#primaryimage","url":"https:\/\/turcon.es\/wp\/wp-content\/uploads\/2015\/04\/p1190150.jpg?w=300","contentUrl":"https:\/\/turcon.es\/wp\/wp-content\/uploads\/2015\/04\/p1190150.jpg?w=300"},{"@type":"BreadcrumbList","@id":"https:\/\/turcon.es\/wp\/animado-debate-anoche-en-el-salon-parroquial-de-la-pardilla\/#breadcrumb","itemListElement":[{"@type":"ListItem","position":1,"name":"Portada","item":"https:\/\/turcon.es\/wp\/"},{"@type":"ListItem","position":2,"name":"Animado debate anoche en el Sal\u00f3n Parroquial\u00a0de\u00a0La Pardilla."}]},{"@type":"WebSite","@id":"https:\/\/turcon.es\/wp\/#website","url":"https:\/\/turcon.es\/wp\/","name":"Colectivo Ecologista Turcon","description":"","publisher":{"@id":"https:\/\/turcon.es\/wp\/#organization"},"potentialAction":[{"@type":"SearchAction","target":{"@type":"EntryPoint","urlTemplate":"https:\/\/turcon.es\/wp\/?s={search_term_string}"},"query-input":{"@type":"PropertyValueSpecification","valueRequired":true,"valueName":"search_term_string"}}],"inLanguage":"es"},{"@type":"Organization","@id":"https:\/\/turcon.es\/wp\/#organization","name":"Colectivo Ecologista Turcon","url":"https:\/\/turcon.es\/wp\/","logo":{"@type":"ImageObject","inLanguage":"es","@id":"https:\/\/turcon.es\/wp\/#\/schema\/logo\/image\/","url":"https:\/\/turcon.es\/wp\/wp-content\/uploads\/2025\/03\/logo-verde.svg","contentUrl":"https:\/\/turcon.es\/wp\/wp-content\/uploads\/2025\/03\/logo-verde.svg","width":813,"height":813,"caption":"Colectivo Ecologista Turcon"},"image":{"@id":"https:\/\/turcon.es\/wp\/#\/schema\/logo\/image\/"}},{"@type":"Person","@id":"https:\/\/turcon.es\/wp\/#\/schema\/person\/a1f3ba727ce031d9da17684affe85edd","name":"Laura Fernandez","image":{"@type":"ImageObject","inLanguage":"es","@id":"https:\/\/turcon.es\/wp\/#\/schema\/person\/image\/","url":"https:\/\/secure.gravatar.com\/avatar\/360749af9549af22e54582d50231ae56e854210ae2368797ba242f445a9852e8?s=96&d=mm&r=g","contentUrl":"https:\/\/secure.gravatar.com\/avatar\/360749af9549af22e54582d50231ae56e854210ae2368797ba242f445a9852e8?s=96&d=mm&r=g","caption":"Laura Fernandez"},"url":"https:\/\/turcon.es\/wp\/author\/admturcon\/"}]}},"_links":{"self":[{"href":"https:\/\/turcon.es\/wp\/wp-json\/wp\/v2\/posts\/11353","targetHints":{"allow":["GET"]}}],"collection":[{"href":"https:\/\/turcon.es\/wp\/wp-json\/wp\/v2\/posts"}],"about":[{"href":"https:\/\/turcon.es\/wp\/wp-json\/wp\/v2\/types\/post"}],"author":[{"embeddable":true,"href":"https:\/\/turcon.es\/wp\/wp-json\/wp\/v2\/users\/2"}],"replies":[{"embeddable":true,"href":"https:\/\/turcon.es\/wp\/wp-json\/wp\/v2\/comments?post=11353"}],"version-history":[{"count":0,"href":"https:\/\/turcon.es\/wp\/wp-json\/wp\/v2\/posts\/11353\/revisions"}],"wp:attachment":[{"href":"https:\/\/turcon.es\/wp\/wp-json\/wp\/v2\/media?parent=11353"}],"wp:term":[{"taxonomy":"category","embeddable":true,"href":"https:\/\/turcon.es\/wp\/wp-json\/wp\/v2\/categories?post=11353"},{"taxonomy":"post_tag","embeddable":true,"href":"https:\/\/turcon.es\/wp\/wp-json\/wp\/v2\/tags?post=11353"}],"curies":[{"name":"wp","href":"https:\/\/api.w.org\/{rel}","templated":true}]}}