{"id":11370,"date":"2015-05-06T21:23:49","date_gmt":"2015-05-06T21:23:49","guid":{"rendered":"https:\/\/turcon.wordpress.com\/?p=11370"},"modified":"2015-05-06T21:23:49","modified_gmt":"2015-05-06T21:23:49","slug":"httpsplus-google-comphotos107859672236874954726albums6145354049356448513","status":"publish","type":"post","link":"https:\/\/turcon.es\/wp\/httpsplus-google-comphotos107859672236874954726albums6145354049356448513\/","title":{"rendered":"BEN MAGEC DENUNCIA LA LLEGADA DE FUEL A GUI-GUI Y OTRAS PLAYAS DE GRAN CANARIA Y ADVIERTE DE LOS RIESGOS DE LA CONTAMINACI\u00d3N QUE NO SE VE"},"content":{"rendered":"<p style=\"text-align:justify;\">La Federaci\u00f3n ecologista Ben Magec-Ecologistas en Acci\u00f3n Las Palmas, tras realizar este domingo 3 de mayo, un recorrido desde el \u00a0Puerto de Mog\u00e1n hasta GuiGui, desembarcando en las playas de El Perchel, Los Secos \u00a0y GuiGui, han podido comprobar como la mancha del barco ruso, ha llegado en forma de galletas de distinto tama\u00f1o al paraje natural protegido de Guguy, donde no se observaron operarios del \u00a0dispositivo de limpieza. Asimismo, comprobaron como la playa del Perchel presenta contaminaci\u00f3n con gran concentraci\u00f3n de pinche en zonas puntuales, situaci\u00f3n a\u00fan m\u00e1s preocupante que la que se hab\u00edan encontrado el domingo anterior. Tambi\u00e9n constataron que \u00a0contin\u00faan las labores de limpieza en la playa de Los Secos, donde se encontraban cinco operarios realizando los trabajos.<\/p>\n<p><a href=\"https:\/\/turcon.es\/wp\/wp-content\/uploads\/2015\/05\/6fb428c63962f6b1865700a4fb49d8d7.jpg\"><img fetchpriority=\"high\" decoding=\"async\" class=\"aligncenter size-large wp-image-11371\" src=\"https:\/\/turcon.es\/wp\/wp-content\/uploads\/2015\/05\/6fb428c63962f6b1865700a4fb49d8d7.jpg?w=468\" alt=\"Playa contaminada\" width=\"468\" height=\"309\" srcset=\"https:\/\/turcon.es\/wp\/wp-content\/uploads\/2015\/05\/6fb428c63962f6b1865700a4fb49d8d7.jpg 640w, https:\/\/turcon.es\/wp\/wp-content\/uploads\/2015\/05\/6fb428c63962f6b1865700a4fb49d8d7-300x198.jpg 300w\" sizes=\"(max-width: 468px) 100vw, 468px\" \/><\/a><\/p>\n<h3 style=\"text-align:justify;\"><\/h3>\n<p style=\"text-align:justify;\"><span style=\"line-height:1.5;\">Ante las declaraciones del alcalde de San Bartolom\u00e9 de Tirajana restando importancia a la llegada de fuel a las costas del municipio tur\u00edstico, recuerdan que el problema de la mancha en la zona del hundimiento a\u00fan no est\u00e1 resuelto y el fuel sigue saliendo. Asimismo advierten que la dispersi\u00f3n mec\u00e1nica del fuel hace desaparecer las manchas pero no la contaminaci\u00f3n asociada. <\/span><\/p>\n<p style=\"text-align:justify;\"><span style=\"line-height:1.5;\">De acuerdo con los datos revelados hasta ahora, el vertido de Oleg Naydenov es del tipo de fuel marino conocido como Bunker C o Fuel Oil No. 6. A falta de conocer los detalles de la composici\u00f3n concreta de \u00e9ste, de manera general en este tipo de fuel los compuestos que m\u00e1s preocupan en t\u00e9rminos de riesgo para la salud por su elevado porcentaje en el vertido total, son los Hidrocarburos Arom\u00e1ticos Polic\u00edclicos, HAPs (PAHs en sus siglas en ingl\u00e9s). Los HAPs y sus derivados representan uno de los grupos de contaminantes ambientales m\u00e1s importantes por su persistencia, bioacumulaci\u00f3n y efectos, ya que, adem\u00e1s de ser t\u00f3xicos, muchos de ellos est\u00e1n clasificados como cancer\u00edgenos. <\/span><!--more--><\/p>\n<p style=\"text-align:justify;\"><span style=\"line-height:1.5;\">Ben Magec-Ecologistas en Acci\u00f3n advierten pues de que existen dos tipos de riesgos y efectos producidos por la toxicidad de los compuestos presentes en el vertido: La afecci\u00f3n que pueda producir en los ecosistemas marinos, incluyendo sus consecuencias a largo plazo, y el riesgo alimentario por el consumo de productos marinos contaminados. Resaltan que la contaminaci\u00f3n por HAPs del medio marino y por tanto el riesgo medioambiental y alimentario asociado a ella no se produce s\u00f3lo en el caso de grandes vertidos. <\/span><\/p>\n<p style=\"text-align:justify;\"><span style=\"line-height:1.5;\">Ben Magec-Ecologistas en Acci\u00f3n considera muy urgente que el Gobierno de Canarias active un plan de vigilancia integral contra la contaminaci\u00f3n, en el que se analicen las concentraciones[1] y los vectores de penetraci\u00f3n de estos t\u00f3xicos en el medio, y de las afecciones reales y \u00a0potenciales, tanto a corto como a largo plazo, para la salud humana, la salud alimentaria y los ecosistemas. <\/span><\/p>\n<p style=\"text-align:justify;\"><span style=\"line-height:1.5;\">Ben Magec-Ecologistas en Acci\u00f3n critica los intentos, por parte de la Administraciones P\u00fablicas, de minimizar el vertido y las consecuencias del mismo, e insiste en se\u00f1alar evidencias del agente contaminante \u00a0en once playas de la costa sur y oeste de Gran Canaria (Playa del Cura, Maspalomas, Meloneras, El Perchel, Veneguera, La Cantera, Los Secos, Tasarte, Tasartico, Guigui y La Aldea). <\/span><\/p>\n<p style=\"text-align:justify;\"><span style=\"line-height:1.5;\"><strong>Finalmente se hace una llamada a la ciudadan\u00eda canaria a participar activamente en la denuncia y exigencia de responsabilidades a los representantes p\u00fablicos por este incidente evitable, as\u00ed como a reclamar mayor transparencia.<\/strong>\u00a0<\/span><\/p>\n<blockquote>\n<p style=\"text-align:justify;\">[1] Para el caso del Prestige la Agencia Espa\u00f1ola de Seguridad Alimentaria utiliz\u00f3 los valores gu\u00eda establecidos por la Agencia Francesa de Seguridad Sanitaria para el vertido del Erika, por la similitud de la composici\u00f3n del vertido, por lo que podr\u00eda ser de aplicaci\u00f3n en el caso del vertido del Oleg Naydenov tambi\u00e9n. Estos valores son de 0,5 mg\/Kg para moluscos y 50 \u00b5g\/Kg para peces cuando analicen los 16 HAPs considerados como contaminantes prioritarios por la EPA (Agencia de Protecci\u00f3n del Medioambiente, EEUU) o 0,2 mg\/Kg para moluscos y 20 \u00b5g\/Kg para peces cuando se estudien s\u00f3lo 6 de estos HAPs (concretamente Benzo(a)pireno, Benzo(b)fluoranteno, Benzo(k)fluoranteno, Benzo(a)antraceno, Dibenzo(a,h)antraceno e Indeno (1,2,3-c,d) pireno).<\/p>\n<\/blockquote>\n","protected":false},"excerpt":{"rendered":"<p>La Federaci\u00f3n ecologista Ben Magec-Ecologistas en Acci\u00f3n Las Palmas, tras realizar este domingo 3 de mayo, un recorrido desde el \u00a0Puerto de Mog\u00e1n hasta GuiGui, desembarcando en las playas de El Perchel, Los Secos \u00a0y GuiGui, han podido comprobar como la mancha del barco ruso, ha llegado en forma de galletas de distinto tama\u00f1o al [&hellip;]<\/p>\n","protected":false},"author":2,"featured_media":0,"comment_status":"open","ping_status":"open","sticky":false,"template":"","format":"standard","meta":{"footnotes":""},"categories":[25,41],"tags":[254,481,1215],"class_list":["post-11370","post","type-post","status-publish","format-standard","hentry","category-contaminacion-y-toxicos","category-gran-canaria","tag-barco-hundido","tag-contaminacion-marina","tag-oleg-naydenov"],"yoast_head":"<!-- This site is optimized with the Yoast SEO plugin v26.3 - https:\/\/yoast.com\/wordpress\/plugins\/seo\/ -->\n<title>BEN MAGEC DENUNCIA LA LLEGADA DE FUEL A GUI-GUI Y OTRAS PLAYAS DE GRAN CANARIA Y ADVIERTE DE LOS RIESGOS DE LA CONTAMINACI\u00d3N QUE NO SE VE - Colectivo Ecologista Turcon<\/title>\n<meta name=\"robots\" content=\"index, follow, max-snippet:-1, max-image-preview:large, max-video-preview:-1\" \/>\n<link rel=\"canonical\" href=\"https:\/\/turcon.es\/wp\/httpsplus-google-comphotos107859672236874954726albums6145354049356448513\/\" \/>\n<meta property=\"og:locale\" content=\"es_ES\" \/>\n<meta property=\"og:type\" content=\"article\" \/>\n<meta property=\"og:title\" content=\"BEN MAGEC DENUNCIA LA LLEGADA DE FUEL A GUI-GUI Y OTRAS PLAYAS DE GRAN CANARIA Y ADVIERTE DE LOS RIESGOS DE LA CONTAMINACI\u00d3N QUE NO SE VE - Colectivo Ecologista Turcon\" \/>\n<meta property=\"og:description\" content=\"La Federaci\u00f3n ecologista Ben Magec-Ecologistas en Acci\u00f3n Las Palmas, tras realizar este domingo 3 de mayo, un recorrido desde el \u00a0Puerto de Mog\u00e1n hasta GuiGui, desembarcando en las playas de El Perchel, Los Secos \u00a0y GuiGui, han podido comprobar como la mancha del barco ruso, ha llegado en forma de galletas de distinto tama\u00f1o al [&hellip;]\" \/>\n<meta property=\"og:url\" content=\"https:\/\/turcon.es\/wp\/httpsplus-google-comphotos107859672236874954726albums6145354049356448513\/\" \/>\n<meta property=\"og:site_name\" content=\"Colectivo Ecologista Turcon\" \/>\n<meta property=\"article:published_time\" content=\"2015-05-06T21:23:49+00:00\" \/>\n<meta property=\"og:image\" content=\"https:\/\/turcon.es\/wp\/wp-content\/uploads\/2015\/05\/6fb428c63962f6b1865700a4fb49d8d7.jpg\" \/>\n\t<meta property=\"og:image:width\" content=\"640\" \/>\n\t<meta property=\"og:image:height\" content=\"422\" \/>\n\t<meta property=\"og:image:type\" content=\"image\/jpeg\" \/>\n<meta name=\"author\" content=\"Laura Fernandez\" \/>\n<meta name=\"twitter:card\" content=\"summary_large_image\" \/>\n<meta name=\"twitter:label1\" content=\"Escrito por\" \/>\n\t<meta name=\"twitter:data1\" content=\"Laura Fernandez\" \/>\n\t<meta name=\"twitter:label2\" content=\"Tiempo de lectura\" \/>\n\t<meta name=\"twitter:data2\" content=\"4 minutos\" \/>\n<script type=\"application\/ld+json\" class=\"yoast-schema-graph\">{\"@context\":\"https:\/\/schema.org\",\"@graph\":[{\"@type\":\"Article\",\"@id\":\"https:\/\/turcon.es\/wp\/httpsplus-google-comphotos107859672236874954726albums6145354049356448513\/#article\",\"isPartOf\":{\"@id\":\"https:\/\/turcon.es\/wp\/httpsplus-google-comphotos107859672236874954726albums6145354049356448513\/\"},\"author\":{\"name\":\"Laura Fernandez\",\"@id\":\"https:\/\/turcon.es\/wp\/#\/schema\/person\/a1f3ba727ce031d9da17684affe85edd\"},\"headline\":\"BEN MAGEC DENUNCIA LA LLEGADA DE FUEL A GUI-GUI Y OTRAS PLAYAS DE GRAN CANARIA Y ADVIERTE DE LOS RIESGOS DE LA CONTAMINACI\u00d3N QUE NO SE VE\",\"datePublished\":\"2015-05-06T21:23:49+00:00\",\"mainEntityOfPage\":{\"@id\":\"https:\/\/turcon.es\/wp\/httpsplus-google-comphotos107859672236874954726albums6145354049356448513\/\"},\"wordCount\":731,\"commentCount\":0,\"publisher\":{\"@id\":\"https:\/\/turcon.es\/wp\/#organization\"},\"image\":{\"@id\":\"https:\/\/turcon.es\/wp\/httpsplus-google-comphotos107859672236874954726albums6145354049356448513\/#primaryimage\"},\"thumbnailUrl\":\"https:\/\/turcon.es\/wp\/wp-content\/uploads\/2015\/05\/6fb428c63962f6b1865700a4fb49d8d7.jpg?w=468\",\"keywords\":[\"Barco hundido\",\"contaminaci\u00f3n marina\",\"Oleg Naydenov\"],\"articleSection\":[\"Contaminaci\u00f3n y t\u00f3xicos\",\"Gran Canaria\"],\"inLanguage\":\"es\",\"potentialAction\":[{\"@type\":\"CommentAction\",\"name\":\"Comment\",\"target\":[\"https:\/\/turcon.es\/wp\/httpsplus-google-comphotos107859672236874954726albums6145354049356448513\/#respond\"]}]},{\"@type\":\"WebPage\",\"@id\":\"https:\/\/turcon.es\/wp\/httpsplus-google-comphotos107859672236874954726albums6145354049356448513\/\",\"url\":\"https:\/\/turcon.es\/wp\/httpsplus-google-comphotos107859672236874954726albums6145354049356448513\/\",\"name\":\"BEN MAGEC DENUNCIA LA LLEGADA DE FUEL A GUI-GUI Y OTRAS PLAYAS DE GRAN CANARIA Y ADVIERTE DE LOS RIESGOS DE LA CONTAMINACI\u00d3N QUE NO SE VE - Colectivo Ecologista Turcon\",\"isPartOf\":{\"@id\":\"https:\/\/turcon.es\/wp\/#website\"},\"primaryImageOfPage\":{\"@id\":\"https:\/\/turcon.es\/wp\/httpsplus-google-comphotos107859672236874954726albums6145354049356448513\/#primaryimage\"},\"image\":{\"@id\":\"https:\/\/turcon.es\/wp\/httpsplus-google-comphotos107859672236874954726albums6145354049356448513\/#primaryimage\"},\"thumbnailUrl\":\"https:\/\/turcon.es\/wp\/wp-content\/uploads\/2015\/05\/6fb428c63962f6b1865700a4fb49d8d7.jpg?w=468\",\"datePublished\":\"2015-05-06T21:23:49+00:00\",\"breadcrumb\":{\"@id\":\"https:\/\/turcon.es\/wp\/httpsplus-google-comphotos107859672236874954726albums6145354049356448513\/#breadcrumb\"},\"inLanguage\":\"es\",\"potentialAction\":[{\"@type\":\"ReadAction\",\"target\":[\"https:\/\/turcon.es\/wp\/httpsplus-google-comphotos107859672236874954726albums6145354049356448513\/\"]}]},{\"@type\":\"ImageObject\",\"inLanguage\":\"es\",\"@id\":\"https:\/\/turcon.es\/wp\/httpsplus-google-comphotos107859672236874954726albums6145354049356448513\/#primaryimage\",\"url\":\"https:\/\/turcon.es\/wp\/wp-content\/uploads\/2015\/05\/6fb428c63962f6b1865700a4fb49d8d7.jpg?w=468\",\"contentUrl\":\"https:\/\/turcon.es\/wp\/wp-content\/uploads\/2015\/05\/6fb428c63962f6b1865700a4fb49d8d7.jpg?w=468\"},{\"@type\":\"BreadcrumbList\",\"@id\":\"https:\/\/turcon.es\/wp\/httpsplus-google-comphotos107859672236874954726albums6145354049356448513\/#breadcrumb\",\"itemListElement\":[{\"@type\":\"ListItem\",\"position\":1,\"name\":\"Portada\",\"item\":\"https:\/\/turcon.es\/wp\/\"},{\"@type\":\"ListItem\",\"position\":2,\"name\":\"BEN MAGEC DENUNCIA LA LLEGADA DE FUEL A GUI-GUI Y OTRAS PLAYAS DE GRAN CANARIA Y ADVIERTE DE LOS RIESGOS DE LA CONTAMINACI\u00d3N QUE NO SE VE\"}]},{\"@type\":\"WebSite\",\"@id\":\"https:\/\/turcon.es\/wp\/#website\",\"url\":\"https:\/\/turcon.es\/wp\/\",\"name\":\"Colectivo Ecologista Turcon\",\"description\":\"\",\"publisher\":{\"@id\":\"https:\/\/turcon.es\/wp\/#organization\"},\"potentialAction\":[{\"@type\":\"SearchAction\",\"target\":{\"@type\":\"EntryPoint\",\"urlTemplate\":\"https:\/\/turcon.es\/wp\/?s={search_term_string}\"},\"query-input\":{\"@type\":\"PropertyValueSpecification\",\"valueRequired\":true,\"valueName\":\"search_term_string\"}}],\"inLanguage\":\"es\"},{\"@type\":\"Organization\",\"@id\":\"https:\/\/turcon.es\/wp\/#organization\",\"name\":\"Colectivo Ecologista Turcon\",\"url\":\"https:\/\/turcon.es\/wp\/\",\"logo\":{\"@type\":\"ImageObject\",\"inLanguage\":\"es\",\"@id\":\"https:\/\/turcon.es\/wp\/#\/schema\/logo\/image\/\",\"url\":\"https:\/\/turcon.es\/wp\/wp-content\/uploads\/2025\/03\/logo-verde.svg\",\"contentUrl\":\"https:\/\/turcon.es\/wp\/wp-content\/uploads\/2025\/03\/logo-verde.svg\",\"width\":813,\"height\":813,\"caption\":\"Colectivo Ecologista Turcon\"},\"image\":{\"@id\":\"https:\/\/turcon.es\/wp\/#\/schema\/logo\/image\/\"}},{\"@type\":\"Person\",\"@id\":\"https:\/\/turcon.es\/wp\/#\/schema\/person\/a1f3ba727ce031d9da17684affe85edd\",\"name\":\"Laura Fernandez\",\"image\":{\"@type\":\"ImageObject\",\"inLanguage\":\"es\",\"@id\":\"https:\/\/turcon.es\/wp\/#\/schema\/person\/image\/\",\"url\":\"https:\/\/secure.gravatar.com\/avatar\/360749af9549af22e54582d50231ae56e854210ae2368797ba242f445a9852e8?s=96&d=mm&r=g\",\"contentUrl\":\"https:\/\/secure.gravatar.com\/avatar\/360749af9549af22e54582d50231ae56e854210ae2368797ba242f445a9852e8?s=96&d=mm&r=g\",\"caption\":\"Laura Fernandez\"},\"url\":\"https:\/\/turcon.es\/wp\/author\/admturcon\/\"}]}<\/script>\n<!-- \/ Yoast SEO plugin. -->","yoast_head_json":{"title":"BEN MAGEC DENUNCIA LA LLEGADA DE FUEL A GUI-GUI Y OTRAS PLAYAS DE GRAN CANARIA Y ADVIERTE DE LOS RIESGOS DE LA CONTAMINACI\u00d3N QUE NO SE VE - Colectivo Ecologista Turcon","robots":{"index":"index","follow":"follow","max-snippet":"max-snippet:-1","max-image-preview":"max-image-preview:large","max-video-preview":"max-video-preview:-1"},"canonical":"https:\/\/turcon.es\/wp\/httpsplus-google-comphotos107859672236874954726albums6145354049356448513\/","og_locale":"es_ES","og_type":"article","og_title":"BEN MAGEC DENUNCIA LA LLEGADA DE FUEL A GUI-GUI Y OTRAS PLAYAS DE GRAN CANARIA Y ADVIERTE DE LOS RIESGOS DE LA CONTAMINACI\u00d3N QUE NO SE VE - Colectivo Ecologista Turcon","og_description":"La Federaci\u00f3n ecologista Ben Magec-Ecologistas en Acci\u00f3n Las Palmas, tras realizar este domingo 3 de mayo, un recorrido desde el \u00a0Puerto de Mog\u00e1n hasta GuiGui, desembarcando en las playas de El Perchel, Los Secos \u00a0y GuiGui, han podido comprobar como la mancha del barco ruso, ha llegado en forma de galletas de distinto tama\u00f1o al [&hellip;]","og_url":"https:\/\/turcon.es\/wp\/httpsplus-google-comphotos107859672236874954726albums6145354049356448513\/","og_site_name":"Colectivo Ecologista Turcon","article_published_time":"2015-05-06T21:23:49+00:00","og_image":[{"width":640,"height":422,"url":"https:\/\/turcon.es\/wp\/wp-content\/uploads\/2015\/05\/6fb428c63962f6b1865700a4fb49d8d7.jpg","type":"image\/jpeg"}],"author":"Laura Fernandez","twitter_card":"summary_large_image","twitter_misc":{"Escrito por":"Laura Fernandez","Tiempo de lectura":"4 minutos"},"schema":{"@context":"https:\/\/schema.org","@graph":[{"@type":"Article","@id":"https:\/\/turcon.es\/wp\/httpsplus-google-comphotos107859672236874954726albums6145354049356448513\/#article","isPartOf":{"@id":"https:\/\/turcon.es\/wp\/httpsplus-google-comphotos107859672236874954726albums6145354049356448513\/"},"author":{"name":"Laura Fernandez","@id":"https:\/\/turcon.es\/wp\/#\/schema\/person\/a1f3ba727ce031d9da17684affe85edd"},"headline":"BEN MAGEC DENUNCIA LA LLEGADA DE FUEL A GUI-GUI Y OTRAS PLAYAS DE GRAN CANARIA Y ADVIERTE DE LOS RIESGOS DE LA CONTAMINACI\u00d3N QUE NO SE VE","datePublished":"2015-05-06T21:23:49+00:00","mainEntityOfPage":{"@id":"https:\/\/turcon.es\/wp\/httpsplus-google-comphotos107859672236874954726albums6145354049356448513\/"},"wordCount":731,"commentCount":0,"publisher":{"@id":"https:\/\/turcon.es\/wp\/#organization"},"image":{"@id":"https:\/\/turcon.es\/wp\/httpsplus-google-comphotos107859672236874954726albums6145354049356448513\/#primaryimage"},"thumbnailUrl":"https:\/\/turcon.es\/wp\/wp-content\/uploads\/2015\/05\/6fb428c63962f6b1865700a4fb49d8d7.jpg?w=468","keywords":["Barco hundido","contaminaci\u00f3n marina","Oleg Naydenov"],"articleSection":["Contaminaci\u00f3n y t\u00f3xicos","Gran Canaria"],"inLanguage":"es","potentialAction":[{"@type":"CommentAction","name":"Comment","target":["https:\/\/turcon.es\/wp\/httpsplus-google-comphotos107859672236874954726albums6145354049356448513\/#respond"]}]},{"@type":"WebPage","@id":"https:\/\/turcon.es\/wp\/httpsplus-google-comphotos107859672236874954726albums6145354049356448513\/","url":"https:\/\/turcon.es\/wp\/httpsplus-google-comphotos107859672236874954726albums6145354049356448513\/","name":"BEN MAGEC DENUNCIA LA LLEGADA DE FUEL A GUI-GUI Y OTRAS PLAYAS DE GRAN CANARIA Y ADVIERTE DE LOS RIESGOS DE LA CONTAMINACI\u00d3N QUE NO SE VE - Colectivo Ecologista Turcon","isPartOf":{"@id":"https:\/\/turcon.es\/wp\/#website"},"primaryImageOfPage":{"@id":"https:\/\/turcon.es\/wp\/httpsplus-google-comphotos107859672236874954726albums6145354049356448513\/#primaryimage"},"image":{"@id":"https:\/\/turcon.es\/wp\/httpsplus-google-comphotos107859672236874954726albums6145354049356448513\/#primaryimage"},"thumbnailUrl":"https:\/\/turcon.es\/wp\/wp-content\/uploads\/2015\/05\/6fb428c63962f6b1865700a4fb49d8d7.jpg?w=468","datePublished":"2015-05-06T21:23:49+00:00","breadcrumb":{"@id":"https:\/\/turcon.es\/wp\/httpsplus-google-comphotos107859672236874954726albums6145354049356448513\/#breadcrumb"},"inLanguage":"es","potentialAction":[{"@type":"ReadAction","target":["https:\/\/turcon.es\/wp\/httpsplus-google-comphotos107859672236874954726albums6145354049356448513\/"]}]},{"@type":"ImageObject","inLanguage":"es","@id":"https:\/\/turcon.es\/wp\/httpsplus-google-comphotos107859672236874954726albums6145354049356448513\/#primaryimage","url":"https:\/\/turcon.es\/wp\/wp-content\/uploads\/2015\/05\/6fb428c63962f6b1865700a4fb49d8d7.jpg?w=468","contentUrl":"https:\/\/turcon.es\/wp\/wp-content\/uploads\/2015\/05\/6fb428c63962f6b1865700a4fb49d8d7.jpg?w=468"},{"@type":"BreadcrumbList","@id":"https:\/\/turcon.es\/wp\/httpsplus-google-comphotos107859672236874954726albums6145354049356448513\/#breadcrumb","itemListElement":[{"@type":"ListItem","position":1,"name":"Portada","item":"https:\/\/turcon.es\/wp\/"},{"@type":"ListItem","position":2,"name":"BEN MAGEC DENUNCIA LA LLEGADA DE FUEL A GUI-GUI Y OTRAS PLAYAS DE GRAN CANARIA Y ADVIERTE DE LOS RIESGOS DE LA CONTAMINACI\u00d3N QUE NO SE VE"}]},{"@type":"WebSite","@id":"https:\/\/turcon.es\/wp\/#website","url":"https:\/\/turcon.es\/wp\/","name":"Colectivo Ecologista Turcon","description":"","publisher":{"@id":"https:\/\/turcon.es\/wp\/#organization"},"potentialAction":[{"@type":"SearchAction","target":{"@type":"EntryPoint","urlTemplate":"https:\/\/turcon.es\/wp\/?s={search_term_string}"},"query-input":{"@type":"PropertyValueSpecification","valueRequired":true,"valueName":"search_term_string"}}],"inLanguage":"es"},{"@type":"Organization","@id":"https:\/\/turcon.es\/wp\/#organization","name":"Colectivo Ecologista Turcon","url":"https:\/\/turcon.es\/wp\/","logo":{"@type":"ImageObject","inLanguage":"es","@id":"https:\/\/turcon.es\/wp\/#\/schema\/logo\/image\/","url":"https:\/\/turcon.es\/wp\/wp-content\/uploads\/2025\/03\/logo-verde.svg","contentUrl":"https:\/\/turcon.es\/wp\/wp-content\/uploads\/2025\/03\/logo-verde.svg","width":813,"height":813,"caption":"Colectivo Ecologista Turcon"},"image":{"@id":"https:\/\/turcon.es\/wp\/#\/schema\/logo\/image\/"}},{"@type":"Person","@id":"https:\/\/turcon.es\/wp\/#\/schema\/person\/a1f3ba727ce031d9da17684affe85edd","name":"Laura Fernandez","image":{"@type":"ImageObject","inLanguage":"es","@id":"https:\/\/turcon.es\/wp\/#\/schema\/person\/image\/","url":"https:\/\/secure.gravatar.com\/avatar\/360749af9549af22e54582d50231ae56e854210ae2368797ba242f445a9852e8?s=96&d=mm&r=g","contentUrl":"https:\/\/secure.gravatar.com\/avatar\/360749af9549af22e54582d50231ae56e854210ae2368797ba242f445a9852e8?s=96&d=mm&r=g","caption":"Laura Fernandez"},"url":"https:\/\/turcon.es\/wp\/author\/admturcon\/"}]}},"_links":{"self":[{"href":"https:\/\/turcon.es\/wp\/wp-json\/wp\/v2\/posts\/11370","targetHints":{"allow":["GET"]}}],"collection":[{"href":"https:\/\/turcon.es\/wp\/wp-json\/wp\/v2\/posts"}],"about":[{"href":"https:\/\/turcon.es\/wp\/wp-json\/wp\/v2\/types\/post"}],"author":[{"embeddable":true,"href":"https:\/\/turcon.es\/wp\/wp-json\/wp\/v2\/users\/2"}],"replies":[{"embeddable":true,"href":"https:\/\/turcon.es\/wp\/wp-json\/wp\/v2\/comments?post=11370"}],"version-history":[{"count":0,"href":"https:\/\/turcon.es\/wp\/wp-json\/wp\/v2\/posts\/11370\/revisions"}],"wp:attachment":[{"href":"https:\/\/turcon.es\/wp\/wp-json\/wp\/v2\/media?parent=11370"}],"wp:term":[{"taxonomy":"category","embeddable":true,"href":"https:\/\/turcon.es\/wp\/wp-json\/wp\/v2\/categories?post=11370"},{"taxonomy":"post_tag","embeddable":true,"href":"https:\/\/turcon.es\/wp\/wp-json\/wp\/v2\/tags?post=11370"}],"curies":[{"name":"wp","href":"https:\/\/api.w.org\/{rel}","templated":true}]}}