{"id":11504,"date":"2015-06-16T23:18:26","date_gmt":"2015-06-16T23:18:26","guid":{"rendered":"https:\/\/turcon.wordpress.com\/?p=11504"},"modified":"2015-06-16T23:18:26","modified_gmt":"2015-06-16T23:18:26","slug":"ls-vecins-muestran-su-indignacion-por-la-tala-de-una-palmera-en-el-centro-historico-de-arucas","status":"publish","type":"post","link":"https:\/\/turcon.es\/wp\/ls-vecins-muestran-su-indignacion-por-la-tala-de-una-palmera-en-el-centro-historico-de-arucas\/","title":{"rendered":"L@s vecin@s muestran su indignaci\u00f3n por la tala de una Palmera en el Centro Hist\u00f3rico de Arucas"},"content":{"rendered":"<header style=\"margin-bottom:15px;color:#404d59;font-family:OpenSansRegular;font-size:14px;line-height:20px;\">\n<h1 class=\"title\" style=\"margin:0;font-family:OpenSansLight;font-weight:normal;line-height:30px;color:#161214;text-rendering:optimizeLegibility;font-size:25px;\"><\/h1>\n<\/header>\n<div class=\"content clearfix\" style=\"color:#404d59;font-family:OpenSansRegular;font-size:14px;line-height:20px;\">\n<h4 style=\"margin:0 0 15px;\"><img fetchpriority=\"high\" decoding=\"async\" class=\" alignnone\" style=\"max-width:100%;height:auto;vertical-align:baseline;min-width:0;float:right;margin-right:10px;margin-left:10px;\" title=\"Tala de palmera en Arucas\" src=\"http:\/\/www.lavinca.org\/images\/2014\/febrero_14\/2.TalaPALMERA.jpg\" alt=\"\" width=\"319\" height=\"262\" \/>Desde el colectivo LA VINCA Ecologistas en Acci\u00f3n se han hecho eco de la indignaci\u00f3n vecinal tras la tala de un hermoso y alto ejemplar de Phoenix sp. (palmera), producido en la jornada del lunes 15 de junio.<\/h4>\n<p style=\"margin:15px 0;\">La tala se ha producido en la uni\u00f3n de las calles Profesor Manuel Navarro e Ingeniero Orencio Hern\u00e1ndez, y l@s vecin@s se han puesto en contacto con los ecologistas norte\u00f1os \u201c para manifestarnos su malestar por la tala de un ejemplar de palmera que l@s vecinos y vecinas conoc\u00edan de toda su vida, ya que hab\u00eda ido creciendo junto a ell@s. Est@s vecin@s manifiestan desconocer los motivos por los que se ha eliminado este bello ejemplar de palmera. S\u00edmbolo identificador de sus calles\u201d.<\/p>\n<p style=\"margin:15px 0;\">Tras ser alertados, los integrantes de La Vinca EeA realizaron sus primeras pesquisas, y \u201chemos recibido informaci\u00f3n desde el Ayuntamiento de Arucas en la que se nos informaba del conocimiento de dicha tala, y de la existencia de informe t\u00e9cnico que aconsejaba dicha acci\u00f3n\u201d.<\/p>\n<p style=\"margin:15px 0;\">Para quienes integramos La Vinca EeA \u201cen el primer d\u00eda h\u00e1bil de una nueva Corporaci\u00f3n municipal que se lleven a cabo acciones de este tipo nos llena de des\u00e1nimo y nos hacen perder la ilusi\u00f3n en un futuro m\u00e1s verde y sostenible para la ciudadan\u00eda aruquense. Como no entendemos este tipo de actuaciones en una ciudad que lleva tiempo presumiendo de ser amiga de los \u00e1rboles, es por lo que solicitamos que de manera urgente se nos facilite toda la informaci\u00f3n sobre la motivaci\u00f3n de dicha tala, informes t\u00e9cnicos, etc\u2026; as\u00ed como que se adopten de manera inmediata las medidas encaminadas a volver a colocar en ese lugar un ejemplar de Phoenix canariensis (Palmera Canaria), que devuelva a los vecinos y vecinas de la zona el \u201csabor\u201d de su calle\u201d.<\/p>\n<p style=\"margin:15px 0 0;\">Finalmente, desde el movimiento ecologista \u201cconsideramos que se deben adoptar protocolos para evitar que hechos como este se vuelvan a producir, y que en caso de no haber otra soluci\u00f3n que adoptar se informe previamente a vecinos y colectivos de las acciones a llevar a cabo\u201d.<\/p>\n<\/div>\n","protected":false},"excerpt":{"rendered":"<p>Desde el colectivo LA VINCA Ecologistas en Acci\u00f3n se han hecho eco de la indignaci\u00f3n vecinal tras la tala de un hermoso y alto ejemplar de Phoenix sp. (palmera), producido en la jornada del lunes 15 de junio. La tala se ha producido en la uni\u00f3n de las calles Profesor Manuel Navarro e Ingeniero Orencio [&hellip;]<\/p>\n","protected":false},"author":2,"featured_media":0,"comment_status":"open","ping_status":"open","sticky":false,"template":"","format":"standard","meta":{"footnotes":""},"categories":[41,55],"tags":[194,1007,1240,1599],"class_list":["post-11504","post","type-post","status-publish","format-standard","hentry","category-gran-canaria","category-recursos-naturales","tag-arucas","tag-la-vinca-eea","tag-palmeras","tag-tala"],"yoast_head":"<!-- This site is optimized with the Yoast SEO plugin v26.3 - https:\/\/yoast.com\/wordpress\/plugins\/seo\/ -->\n<title>L@s vecin@s muestran su indignaci\u00f3n por la tala de una Palmera en el Centro Hist\u00f3rico de Arucas - Colectivo Ecologista Turcon<\/title>\n<meta name=\"robots\" content=\"index, follow, max-snippet:-1, max-image-preview:large, max-video-preview:-1\" \/>\n<link rel=\"canonical\" href=\"https:\/\/turcon.es\/wp\/ls-vecins-muestran-su-indignacion-por-la-tala-de-una-palmera-en-el-centro-historico-de-arucas\/\" \/>\n<meta property=\"og:locale\" content=\"es_ES\" \/>\n<meta property=\"og:type\" content=\"article\" \/>\n<meta property=\"og:title\" content=\"L@s vecin@s muestran su indignaci\u00f3n por la tala de una Palmera en el Centro Hist\u00f3rico de Arucas - Colectivo Ecologista Turcon\" \/>\n<meta property=\"og:description\" content=\"Desde el colectivo LA VINCA Ecologistas en Acci\u00f3n se han hecho eco de la indignaci\u00f3n vecinal tras la tala de un hermoso y alto ejemplar de Phoenix sp. (palmera), producido en la jornada del lunes 15 de junio. La tala se ha producido en la uni\u00f3n de las calles Profesor Manuel Navarro e Ingeniero Orencio [&hellip;]\" \/>\n<meta property=\"og:url\" content=\"https:\/\/turcon.es\/wp\/ls-vecins-muestran-su-indignacion-por-la-tala-de-una-palmera-en-el-centro-historico-de-arucas\/\" \/>\n<meta property=\"og:site_name\" content=\"Colectivo Ecologista Turcon\" \/>\n<meta property=\"article:published_time\" content=\"2015-06-16T23:18:26+00:00\" \/>\n<meta property=\"og:image\" content=\"http:\/\/www.lavinca.org\/images\/2014\/febrero_14\/2.TalaPALMERA.jpg\" \/>\n<meta name=\"author\" content=\"Laura Fernandez\" \/>\n<meta name=\"twitter:card\" content=\"summary_large_image\" \/>\n<meta name=\"twitter:label1\" content=\"Escrito por\" \/>\n\t<meta name=\"twitter:data1\" content=\"Laura Fernandez\" \/>\n\t<meta name=\"twitter:label2\" content=\"Tiempo de lectura\" \/>\n\t<meta name=\"twitter:data2\" content=\"2 minutos\" \/>\n<script type=\"application\/ld+json\" class=\"yoast-schema-graph\">{\"@context\":\"https:\/\/schema.org\",\"@graph\":[{\"@type\":\"Article\",\"@id\":\"https:\/\/turcon.es\/wp\/ls-vecins-muestran-su-indignacion-por-la-tala-de-una-palmera-en-el-centro-historico-de-arucas\/#article\",\"isPartOf\":{\"@id\":\"https:\/\/turcon.es\/wp\/ls-vecins-muestran-su-indignacion-por-la-tala-de-una-palmera-en-el-centro-historico-de-arucas\/\"},\"author\":{\"name\":\"Laura Fernandez\",\"@id\":\"https:\/\/turcon.es\/wp\/#\/schema\/person\/a1f3ba727ce031d9da17684affe85edd\"},\"headline\":\"L@s vecin@s muestran su indignaci\u00f3n por la tala de una Palmera en el Centro Hist\u00f3rico de Arucas\",\"datePublished\":\"2015-06-16T23:18:26+00:00\",\"mainEntityOfPage\":{\"@id\":\"https:\/\/turcon.es\/wp\/ls-vecins-muestran-su-indignacion-por-la-tala-de-una-palmera-en-el-centro-historico-de-arucas\/\"},\"wordCount\":388,\"commentCount\":0,\"publisher\":{\"@id\":\"https:\/\/turcon.es\/wp\/#organization\"},\"image\":{\"@id\":\"https:\/\/turcon.es\/wp\/ls-vecins-muestran-su-indignacion-por-la-tala-de-una-palmera-en-el-centro-historico-de-arucas\/#primaryimage\"},\"thumbnailUrl\":\"http:\/\/www.lavinca.org\/images\/2014\/febrero_14\/2.TalaPALMERA.jpg\",\"keywords\":[\"Arucas\",\"La Vinca EeA\",\"Palmeras\",\"Tala\"],\"articleSection\":[\"Gran Canaria\",\"Recursos naturales\"],\"inLanguage\":\"es\",\"potentialAction\":[{\"@type\":\"CommentAction\",\"name\":\"Comment\",\"target\":[\"https:\/\/turcon.es\/wp\/ls-vecins-muestran-su-indignacion-por-la-tala-de-una-palmera-en-el-centro-historico-de-arucas\/#respond\"]}]},{\"@type\":\"WebPage\",\"@id\":\"https:\/\/turcon.es\/wp\/ls-vecins-muestran-su-indignacion-por-la-tala-de-una-palmera-en-el-centro-historico-de-arucas\/\",\"url\":\"https:\/\/turcon.es\/wp\/ls-vecins-muestran-su-indignacion-por-la-tala-de-una-palmera-en-el-centro-historico-de-arucas\/\",\"name\":\"L@s vecin@s muestran su indignaci\u00f3n por la tala de una Palmera en el Centro Hist\u00f3rico de Arucas - Colectivo Ecologista Turcon\",\"isPartOf\":{\"@id\":\"https:\/\/turcon.es\/wp\/#website\"},\"primaryImageOfPage\":{\"@id\":\"https:\/\/turcon.es\/wp\/ls-vecins-muestran-su-indignacion-por-la-tala-de-una-palmera-en-el-centro-historico-de-arucas\/#primaryimage\"},\"image\":{\"@id\":\"https:\/\/turcon.es\/wp\/ls-vecins-muestran-su-indignacion-por-la-tala-de-una-palmera-en-el-centro-historico-de-arucas\/#primaryimage\"},\"thumbnailUrl\":\"http:\/\/www.lavinca.org\/images\/2014\/febrero_14\/2.TalaPALMERA.jpg\",\"datePublished\":\"2015-06-16T23:18:26+00:00\",\"breadcrumb\":{\"@id\":\"https:\/\/turcon.es\/wp\/ls-vecins-muestran-su-indignacion-por-la-tala-de-una-palmera-en-el-centro-historico-de-arucas\/#breadcrumb\"},\"inLanguage\":\"es\",\"potentialAction\":[{\"@type\":\"ReadAction\",\"target\":[\"https:\/\/turcon.es\/wp\/ls-vecins-muestran-su-indignacion-por-la-tala-de-una-palmera-en-el-centro-historico-de-arucas\/\"]}]},{\"@type\":\"ImageObject\",\"inLanguage\":\"es\",\"@id\":\"https:\/\/turcon.es\/wp\/ls-vecins-muestran-su-indignacion-por-la-tala-de-una-palmera-en-el-centro-historico-de-arucas\/#primaryimage\",\"url\":\"http:\/\/www.lavinca.org\/images\/2014\/febrero_14\/2.TalaPALMERA.jpg\",\"contentUrl\":\"http:\/\/www.lavinca.org\/images\/2014\/febrero_14\/2.TalaPALMERA.jpg\"},{\"@type\":\"BreadcrumbList\",\"@id\":\"https:\/\/turcon.es\/wp\/ls-vecins-muestran-su-indignacion-por-la-tala-de-una-palmera-en-el-centro-historico-de-arucas\/#breadcrumb\",\"itemListElement\":[{\"@type\":\"ListItem\",\"position\":1,\"name\":\"Portada\",\"item\":\"https:\/\/turcon.es\/wp\/\"},{\"@type\":\"ListItem\",\"position\":2,\"name\":\"L@s vecin@s muestran su indignaci\u00f3n por la tala de una Palmera en el Centro Hist\u00f3rico de Arucas\"}]},{\"@type\":\"WebSite\",\"@id\":\"https:\/\/turcon.es\/wp\/#website\",\"url\":\"https:\/\/turcon.es\/wp\/\",\"name\":\"Colectivo Ecologista Turcon\",\"description\":\"\",\"publisher\":{\"@id\":\"https:\/\/turcon.es\/wp\/#organization\"},\"potentialAction\":[{\"@type\":\"SearchAction\",\"target\":{\"@type\":\"EntryPoint\",\"urlTemplate\":\"https:\/\/turcon.es\/wp\/?s={search_term_string}\"},\"query-input\":{\"@type\":\"PropertyValueSpecification\",\"valueRequired\":true,\"valueName\":\"search_term_string\"}}],\"inLanguage\":\"es\"},{\"@type\":\"Organization\",\"@id\":\"https:\/\/turcon.es\/wp\/#organization\",\"name\":\"Colectivo Ecologista Turcon\",\"url\":\"https:\/\/turcon.es\/wp\/\",\"logo\":{\"@type\":\"ImageObject\",\"inLanguage\":\"es\",\"@id\":\"https:\/\/turcon.es\/wp\/#\/schema\/logo\/image\/\",\"url\":\"https:\/\/turcon.es\/wp\/wp-content\/uploads\/2025\/03\/logo-verde.svg\",\"contentUrl\":\"https:\/\/turcon.es\/wp\/wp-content\/uploads\/2025\/03\/logo-verde.svg\",\"width\":813,\"height\":813,\"caption\":\"Colectivo Ecologista Turcon\"},\"image\":{\"@id\":\"https:\/\/turcon.es\/wp\/#\/schema\/logo\/image\/\"}},{\"@type\":\"Person\",\"@id\":\"https:\/\/turcon.es\/wp\/#\/schema\/person\/a1f3ba727ce031d9da17684affe85edd\",\"name\":\"Laura Fernandez\",\"image\":{\"@type\":\"ImageObject\",\"inLanguage\":\"es\",\"@id\":\"https:\/\/turcon.es\/wp\/#\/schema\/person\/image\/\",\"url\":\"https:\/\/secure.gravatar.com\/avatar\/360749af9549af22e54582d50231ae56e854210ae2368797ba242f445a9852e8?s=96&d=mm&r=g\",\"contentUrl\":\"https:\/\/secure.gravatar.com\/avatar\/360749af9549af22e54582d50231ae56e854210ae2368797ba242f445a9852e8?s=96&d=mm&r=g\",\"caption\":\"Laura Fernandez\"},\"url\":\"https:\/\/turcon.es\/wp\/author\/admturcon\/\"}]}<\/script>\n<!-- \/ Yoast SEO plugin. -->","yoast_head_json":{"title":"L@s vecin@s muestran su indignaci\u00f3n por la tala de una Palmera en el Centro Hist\u00f3rico de Arucas - Colectivo Ecologista Turcon","robots":{"index":"index","follow":"follow","max-snippet":"max-snippet:-1","max-image-preview":"max-image-preview:large","max-video-preview":"max-video-preview:-1"},"canonical":"https:\/\/turcon.es\/wp\/ls-vecins-muestran-su-indignacion-por-la-tala-de-una-palmera-en-el-centro-historico-de-arucas\/","og_locale":"es_ES","og_type":"article","og_title":"L@s vecin@s muestran su indignaci\u00f3n por la tala de una Palmera en el Centro Hist\u00f3rico de Arucas - Colectivo Ecologista Turcon","og_description":"Desde el colectivo LA VINCA Ecologistas en Acci\u00f3n se han hecho eco de la indignaci\u00f3n vecinal tras la tala de un hermoso y alto ejemplar de Phoenix sp. (palmera), producido en la jornada del lunes 15 de junio. La tala se ha producido en la uni\u00f3n de las calles Profesor Manuel Navarro e Ingeniero Orencio [&hellip;]","og_url":"https:\/\/turcon.es\/wp\/ls-vecins-muestran-su-indignacion-por-la-tala-de-una-palmera-en-el-centro-historico-de-arucas\/","og_site_name":"Colectivo Ecologista Turcon","article_published_time":"2015-06-16T23:18:26+00:00","og_image":[{"url":"http:\/\/www.lavinca.org\/images\/2014\/febrero_14\/2.TalaPALMERA.jpg","type":"","width":"","height":""}],"author":"Laura Fernandez","twitter_card":"summary_large_image","twitter_misc":{"Escrito por":"Laura Fernandez","Tiempo de lectura":"2 minutos"},"schema":{"@context":"https:\/\/schema.org","@graph":[{"@type":"Article","@id":"https:\/\/turcon.es\/wp\/ls-vecins-muestran-su-indignacion-por-la-tala-de-una-palmera-en-el-centro-historico-de-arucas\/#article","isPartOf":{"@id":"https:\/\/turcon.es\/wp\/ls-vecins-muestran-su-indignacion-por-la-tala-de-una-palmera-en-el-centro-historico-de-arucas\/"},"author":{"name":"Laura Fernandez","@id":"https:\/\/turcon.es\/wp\/#\/schema\/person\/a1f3ba727ce031d9da17684affe85edd"},"headline":"L@s vecin@s muestran su indignaci\u00f3n por la tala de una Palmera en el Centro Hist\u00f3rico de Arucas","datePublished":"2015-06-16T23:18:26+00:00","mainEntityOfPage":{"@id":"https:\/\/turcon.es\/wp\/ls-vecins-muestran-su-indignacion-por-la-tala-de-una-palmera-en-el-centro-historico-de-arucas\/"},"wordCount":388,"commentCount":0,"publisher":{"@id":"https:\/\/turcon.es\/wp\/#organization"},"image":{"@id":"https:\/\/turcon.es\/wp\/ls-vecins-muestran-su-indignacion-por-la-tala-de-una-palmera-en-el-centro-historico-de-arucas\/#primaryimage"},"thumbnailUrl":"http:\/\/www.lavinca.org\/images\/2014\/febrero_14\/2.TalaPALMERA.jpg","keywords":["Arucas","La Vinca EeA","Palmeras","Tala"],"articleSection":["Gran Canaria","Recursos naturales"],"inLanguage":"es","potentialAction":[{"@type":"CommentAction","name":"Comment","target":["https:\/\/turcon.es\/wp\/ls-vecins-muestran-su-indignacion-por-la-tala-de-una-palmera-en-el-centro-historico-de-arucas\/#respond"]}]},{"@type":"WebPage","@id":"https:\/\/turcon.es\/wp\/ls-vecins-muestran-su-indignacion-por-la-tala-de-una-palmera-en-el-centro-historico-de-arucas\/","url":"https:\/\/turcon.es\/wp\/ls-vecins-muestran-su-indignacion-por-la-tala-de-una-palmera-en-el-centro-historico-de-arucas\/","name":"L@s vecin@s muestran su indignaci\u00f3n por la tala de una Palmera en el Centro Hist\u00f3rico de Arucas - Colectivo Ecologista Turcon","isPartOf":{"@id":"https:\/\/turcon.es\/wp\/#website"},"primaryImageOfPage":{"@id":"https:\/\/turcon.es\/wp\/ls-vecins-muestran-su-indignacion-por-la-tala-de-una-palmera-en-el-centro-historico-de-arucas\/#primaryimage"},"image":{"@id":"https:\/\/turcon.es\/wp\/ls-vecins-muestran-su-indignacion-por-la-tala-de-una-palmera-en-el-centro-historico-de-arucas\/#primaryimage"},"thumbnailUrl":"http:\/\/www.lavinca.org\/images\/2014\/febrero_14\/2.TalaPALMERA.jpg","datePublished":"2015-06-16T23:18:26+00:00","breadcrumb":{"@id":"https:\/\/turcon.es\/wp\/ls-vecins-muestran-su-indignacion-por-la-tala-de-una-palmera-en-el-centro-historico-de-arucas\/#breadcrumb"},"inLanguage":"es","potentialAction":[{"@type":"ReadAction","target":["https:\/\/turcon.es\/wp\/ls-vecins-muestran-su-indignacion-por-la-tala-de-una-palmera-en-el-centro-historico-de-arucas\/"]}]},{"@type":"ImageObject","inLanguage":"es","@id":"https:\/\/turcon.es\/wp\/ls-vecins-muestran-su-indignacion-por-la-tala-de-una-palmera-en-el-centro-historico-de-arucas\/#primaryimage","url":"http:\/\/www.lavinca.org\/images\/2014\/febrero_14\/2.TalaPALMERA.jpg","contentUrl":"http:\/\/www.lavinca.org\/images\/2014\/febrero_14\/2.TalaPALMERA.jpg"},{"@type":"BreadcrumbList","@id":"https:\/\/turcon.es\/wp\/ls-vecins-muestran-su-indignacion-por-la-tala-de-una-palmera-en-el-centro-historico-de-arucas\/#breadcrumb","itemListElement":[{"@type":"ListItem","position":1,"name":"Portada","item":"https:\/\/turcon.es\/wp\/"},{"@type":"ListItem","position":2,"name":"L@s vecin@s muestran su indignaci\u00f3n por la tala de una Palmera en el Centro Hist\u00f3rico de Arucas"}]},{"@type":"WebSite","@id":"https:\/\/turcon.es\/wp\/#website","url":"https:\/\/turcon.es\/wp\/","name":"Colectivo Ecologista Turcon","description":"","publisher":{"@id":"https:\/\/turcon.es\/wp\/#organization"},"potentialAction":[{"@type":"SearchAction","target":{"@type":"EntryPoint","urlTemplate":"https:\/\/turcon.es\/wp\/?s={search_term_string}"},"query-input":{"@type":"PropertyValueSpecification","valueRequired":true,"valueName":"search_term_string"}}],"inLanguage":"es"},{"@type":"Organization","@id":"https:\/\/turcon.es\/wp\/#organization","name":"Colectivo Ecologista Turcon","url":"https:\/\/turcon.es\/wp\/","logo":{"@type":"ImageObject","inLanguage":"es","@id":"https:\/\/turcon.es\/wp\/#\/schema\/logo\/image\/","url":"https:\/\/turcon.es\/wp\/wp-content\/uploads\/2025\/03\/logo-verde.svg","contentUrl":"https:\/\/turcon.es\/wp\/wp-content\/uploads\/2025\/03\/logo-verde.svg","width":813,"height":813,"caption":"Colectivo Ecologista Turcon"},"image":{"@id":"https:\/\/turcon.es\/wp\/#\/schema\/logo\/image\/"}},{"@type":"Person","@id":"https:\/\/turcon.es\/wp\/#\/schema\/person\/a1f3ba727ce031d9da17684affe85edd","name":"Laura Fernandez","image":{"@type":"ImageObject","inLanguage":"es","@id":"https:\/\/turcon.es\/wp\/#\/schema\/person\/image\/","url":"https:\/\/secure.gravatar.com\/avatar\/360749af9549af22e54582d50231ae56e854210ae2368797ba242f445a9852e8?s=96&d=mm&r=g","contentUrl":"https:\/\/secure.gravatar.com\/avatar\/360749af9549af22e54582d50231ae56e854210ae2368797ba242f445a9852e8?s=96&d=mm&r=g","caption":"Laura Fernandez"},"url":"https:\/\/turcon.es\/wp\/author\/admturcon\/"}]}},"_links":{"self":[{"href":"https:\/\/turcon.es\/wp\/wp-json\/wp\/v2\/posts\/11504","targetHints":{"allow":["GET"]}}],"collection":[{"href":"https:\/\/turcon.es\/wp\/wp-json\/wp\/v2\/posts"}],"about":[{"href":"https:\/\/turcon.es\/wp\/wp-json\/wp\/v2\/types\/post"}],"author":[{"embeddable":true,"href":"https:\/\/turcon.es\/wp\/wp-json\/wp\/v2\/users\/2"}],"replies":[{"embeddable":true,"href":"https:\/\/turcon.es\/wp\/wp-json\/wp\/v2\/comments?post=11504"}],"version-history":[{"count":0,"href":"https:\/\/turcon.es\/wp\/wp-json\/wp\/v2\/posts\/11504\/revisions"}],"wp:attachment":[{"href":"https:\/\/turcon.es\/wp\/wp-json\/wp\/v2\/media?parent=11504"}],"wp:term":[{"taxonomy":"category","embeddable":true,"href":"https:\/\/turcon.es\/wp\/wp-json\/wp\/v2\/categories?post=11504"},{"taxonomy":"post_tag","embeddable":true,"href":"https:\/\/turcon.es\/wp\/wp-json\/wp\/v2\/tags?post=11504"}],"curies":[{"name":"wp","href":"https:\/\/api.w.org\/{rel}","templated":true}]}}