{"id":11623,"date":"2015-08-28T14:21:53","date_gmt":"2015-08-28T14:21:53","guid":{"rendered":"https:\/\/turcon.wordpress.com\/?p=11623"},"modified":"2015-08-28T14:21:53","modified_gmt":"2015-08-28T14:21:53","slug":"turcon-ecologistas-en-accion-apoya-con-sus-alegaciones-a-los-colectivos-que-se-oponen-a-la-regasificadora-de-gnl-de-tenerife","status":"publish","type":"post","link":"https:\/\/turcon.es\/wp\/turcon-ecologistas-en-accion-apoya-con-sus-alegaciones-a-los-colectivos-que-se-oponen-a-la-regasificadora-de-gnl-de-tenerife\/","title":{"rendered":"Turc\u00f3n Ecologistas en Acci\u00f3n apoya con sus alegaciones a los colectivos que se oponen a la regasificadora de GNL de Tenerife"},"content":{"rendered":"<h4 style=\"text-align:justify;\">Los ecologistas de Turc\u00f3n han presentado hoy 28 de agosto en la Delegaci\u00f3n del Gobierno de Las Palmas de Gran Canaria un amplio documento de alegaciones a la Planta de Regasificaci\u00f3n de Gas Natural Licuado que ENAGAS pretende situar en el Pol\u00edgono Industrial de Granadilla en Tenerife, expediente sacado a informaci\u00f3n p\u00fablica con treinta d\u00edas para tan dificultosa documentaci\u00f3n y en periodo vacacional para dificultar a\u00fan m\u00e1s el acceso a la ciudadan\u00eda; y con la intenci\u00f3n de la declaraci\u00f3n de la introducci\u00f3n del gas en Canarias de Utilidad P\u00fablica.<\/h4>\n<figure id=\"attachment_11624\" aria-describedby=\"caption-attachment-11624\" style=\"width: 468px\" class=\"wp-caption aligncenter\"><a href=\"https:\/\/turcon.es\/wp\/wp-content\/uploads\/2015\/08\/emvrhcczgdqzesm-800x450-nopad.jpg\"><img fetchpriority=\"high\" decoding=\"async\" class=\"size-full wp-image-11624\" src=\"https:\/\/turcon.es\/wp\/wp-content\/uploads\/2015\/08\/emvrhcczgdqzesm-800x450-nopad.jpg\" alt=\"Stop Gas. Canarias dice no\" width=\"468\" height=\"263\" srcset=\"https:\/\/turcon.es\/wp\/wp-content\/uploads\/2015\/08\/emvrhcczgdqzesm-800x450-nopad.jpg 800w, https:\/\/turcon.es\/wp\/wp-content\/uploads\/2015\/08\/emvrhcczgdqzesm-800x450-nopad-300x169.jpg 300w, https:\/\/turcon.es\/wp\/wp-content\/uploads\/2015\/08\/emvrhcczgdqzesm-800x450-nopad-768x432.jpg 768w\" sizes=\"(max-width: 468px) 100vw, 468px\" \/><\/a><figcaption id=\"caption-attachment-11624\" class=\"wp-caption-text\">Stop Gas. Canarias dice no<\/figcaption><\/figure>\n<p style=\"text-align:justify;\">\nLas alegaciones que presenta este colectivo han sido elaboradas gracias al trabajo de compa\u00f1eros y compa\u00f1eras de la Plataforma por un Nuevo Modelo Energ\u00e9tico de Canarias y de la Plataforma Ciudadana contra el Puerto de Granadilla, puede consultarse y descargarse en el blog <a href=\"http:\/\/nopuertogranadilla.blogspot.com.es\/\">http:\/\/nopuertogranadilla.blogspot.com.es\/<\/a> , donde pueden encontrar el texto \u00edntegro del escrito por si particulares o asociaciones quisieran alegar en esta informaci\u00f3n p\u00fablica a la construcci\u00f3n de esta regasificadora.<\/p>\n<p style=\"text-align:justify;\">Los argumentos de tipo t\u00e9cnico, jur\u00eddico, medioambiental y social para oponerse a la construcci\u00f3n de esta infraestructura son la base de los pliegos de la alegaci\u00f3n presentada. Los grupos cuestionan el reconocimiento de la utilidad p\u00fablica que se solicita para dicho proyecto, donde los opositores a este proyecto solo ven un inter\u00e9s comercial, particular y privativo y lo que si se ve es un intento de empantanar el crecimiento e implantaci\u00f3n de las energ\u00edas limpias y renovables, y la capacidad de con estas ir reduciendo la dependencia energ\u00e9tica de las islas del exterior.<!--more--><\/p>\n<p style=\"text-align:justify;\">Otro elemento valorado es el incumplimiento de la distancia m\u00ednima exigida entre esta actividad altamente peligrosa y los n\u00facleos de poblaci\u00f3n cercanos. El Estudio de Impacto Ambiental no contiene un informe de seguridad serio y en l\u00ednea con la peligrosidad de dicha actividad nociva. Se asevera la propia operatividad de la industria por los fuertes vientos de la zona elegida, siendo impracticable la descarga del gas por los buques.<\/p>\n<p style=\"text-align:justify;\">Canarias no necesita el Gas, combustible altamente peligroso, f\u00f3sil y contaminante. Tambi\u00e9n queremos que quede claro que, seg\u00fan los mejores expertos en la materia, la introducci\u00f3n de GNL en nuestro archipi\u00e9lago tiene como \u00fanica finalidad paralizar durante un m\u00ednimo de 20 a\u00f1os m\u00e1s la urgente necesidad de invertir de forma masiva en energ\u00edas limpias, gratuitas e infinitas, algo que S\u00cd es de Inter\u00e9s y Utilidad P\u00fablica, y NO derivar millones de euros p\u00fablicos para el beneficio de una empresa privada.<\/p>\n<p style=\"text-align:justify;\">La diversificaci\u00f3n energ\u00e9tica en el campo de las renovables S\u00cd que generar\u00e1 miles de puestos de trabajo de variada cualificaci\u00f3n (ver el ejemplo de Alemania) y nos garantiza la autosuficiencia energ\u00e9tica, en la que siempre hemos sido dependientes del exterior.<\/p>\n<p style=\"text-align:justify;\">La oposici\u00f3n a la introducci\u00f3n en Canarias del Gas Natural Licuado a trav\u00e9s de la construcci\u00f3n de regasificadoras forma parte coherente de la defensa del movimiento ecologista de una mayor penetraci\u00f3n de las energ\u00edas renovables, que no requiere del establecimiento de m\u00e1s infraestructuras vinculadas a la introducci\u00f3n de las f\u00f3siles sino de un empuje decisivo a las energ\u00edas limpias, eliminando las actuales trabas administrativas y permitiendo la planificaci\u00f3n de un modelo energ\u00e9tico descentralizado, participado por la ciudadan\u00eda y que nos permita contribuir responsablemente a la lucha contra el cambio clim\u00e1tico.<\/p>\n","protected":false},"excerpt":{"rendered":"<p>Los ecologistas de Turc\u00f3n han presentado hoy 28 de agosto en la Delegaci\u00f3n del Gobierno de Las Palmas de Gran Canaria un amplio documento de alegaciones a la Planta de Regasificaci\u00f3n de Gas Natural Licuado que ENAGAS pretende situar en el Pol\u00edgono Industrial de Granadilla en Tenerife, expediente sacado a informaci\u00f3n p\u00fablica con treinta d\u00edas [&hellip;]<\/p>\n","protected":false},"author":2,"featured_media":0,"comment_status":"open","ping_status":"open","sticky":false,"template":"","format":"standard","meta":{"footnotes":""},"categories":[8,18,34,69,46],"tags":[145,1447,1627],"class_list":["post-11623","post","type-post","status-publish","format-standard","hentry","category-administracion-publica","category-canarias","category-energia","category-movimiento-ciudadano","category-notas-de-prensa-de-turcon","tag-alegacion","tag-regasificadora","tag-tenerife"],"yoast_head":"<!-- This site is optimized with the Yoast SEO plugin v26.3 - https:\/\/yoast.com\/wordpress\/plugins\/seo\/ -->\n<title>Turc\u00f3n Ecologistas en Acci\u00f3n apoya con sus alegaciones a los colectivos que se oponen a la regasificadora de GNL de Tenerife - Colectivo Ecologista Turcon<\/title>\n<meta name=\"robots\" content=\"index, follow, max-snippet:-1, max-image-preview:large, max-video-preview:-1\" \/>\n<link rel=\"canonical\" href=\"https:\/\/turcon.es\/wp\/turcon-ecologistas-en-accion-apoya-con-sus-alegaciones-a-los-colectivos-que-se-oponen-a-la-regasificadora-de-gnl-de-tenerife\/\" \/>\n<meta property=\"og:locale\" content=\"es_ES\" \/>\n<meta property=\"og:type\" content=\"article\" \/>\n<meta property=\"og:title\" content=\"Turc\u00f3n Ecologistas en Acci\u00f3n apoya con sus alegaciones a los colectivos que se oponen a la regasificadora de GNL de Tenerife - Colectivo Ecologista Turcon\" \/>\n<meta property=\"og:description\" content=\"Los ecologistas de Turc\u00f3n han presentado hoy 28 de agosto en la Delegaci\u00f3n del Gobierno de Las Palmas de Gran Canaria un amplio documento de alegaciones a la Planta de Regasificaci\u00f3n de Gas Natural Licuado que ENAGAS pretende situar en el Pol\u00edgono Industrial de Granadilla en Tenerife, expediente sacado a informaci\u00f3n p\u00fablica con treinta d\u00edas [&hellip;]\" \/>\n<meta property=\"og:url\" content=\"https:\/\/turcon.es\/wp\/turcon-ecologistas-en-accion-apoya-con-sus-alegaciones-a-los-colectivos-que-se-oponen-a-la-regasificadora-de-gnl-de-tenerife\/\" \/>\n<meta property=\"og:site_name\" content=\"Colectivo Ecologista Turcon\" \/>\n<meta property=\"article:published_time\" content=\"2015-08-28T14:21:53+00:00\" \/>\n<meta property=\"og:image\" content=\"https:\/\/turcon.es\/wp\/wp-content\/uploads\/2015\/08\/emvrhcczgdqzesm-800x450-nopad.jpg\" \/>\n\t<meta property=\"og:image:width\" content=\"800\" \/>\n\t<meta property=\"og:image:height\" content=\"450\" \/>\n\t<meta property=\"og:image:type\" content=\"image\/jpeg\" \/>\n<meta name=\"author\" content=\"Laura Fernandez\" \/>\n<meta name=\"twitter:card\" content=\"summary_large_image\" \/>\n<meta name=\"twitter:label1\" content=\"Escrito por\" \/>\n\t<meta name=\"twitter:data1\" content=\"Laura Fernandez\" \/>\n\t<meta name=\"twitter:label2\" content=\"Tiempo de lectura\" \/>\n\t<meta name=\"twitter:data2\" content=\"3 minutos\" \/>\n<script type=\"application\/ld+json\" class=\"yoast-schema-graph\">{\"@context\":\"https:\/\/schema.org\",\"@graph\":[{\"@type\":\"Article\",\"@id\":\"https:\/\/turcon.es\/wp\/turcon-ecologistas-en-accion-apoya-con-sus-alegaciones-a-los-colectivos-que-se-oponen-a-la-regasificadora-de-gnl-de-tenerife\/#article\",\"isPartOf\":{\"@id\":\"https:\/\/turcon.es\/wp\/turcon-ecologistas-en-accion-apoya-con-sus-alegaciones-a-los-colectivos-que-se-oponen-a-la-regasificadora-de-gnl-de-tenerife\/\"},\"author\":{\"name\":\"Laura Fernandez\",\"@id\":\"https:\/\/turcon.es\/wp\/#\/schema\/person\/a1f3ba727ce031d9da17684affe85edd\"},\"headline\":\"Turc\u00f3n Ecologistas en Acci\u00f3n apoya con sus alegaciones a los colectivos que se oponen a la regasificadora de GNL de Tenerife\",\"datePublished\":\"2015-08-28T14:21:53+00:00\",\"mainEntityOfPage\":{\"@id\":\"https:\/\/turcon.es\/wp\/turcon-ecologistas-en-accion-apoya-con-sus-alegaciones-a-los-colectivos-que-se-oponen-a-la-regasificadora-de-gnl-de-tenerife\/\"},\"wordCount\":631,\"commentCount\":0,\"publisher\":{\"@id\":\"https:\/\/turcon.es\/wp\/#organization\"},\"image\":{\"@id\":\"https:\/\/turcon.es\/wp\/turcon-ecologistas-en-accion-apoya-con-sus-alegaciones-a-los-colectivos-que-se-oponen-a-la-regasificadora-de-gnl-de-tenerife\/#primaryimage\"},\"thumbnailUrl\":\"https:\/\/turcon.es\/wp\/wp-content\/uploads\/2015\/08\/emvrhcczgdqzesm-800x450-nopad.jpg\",\"keywords\":[\"Alegaci\u00f3n\",\"Regasificadora\",\"Tenerife\"],\"articleSection\":[\"Administraci\u00f3n p\u00fablica\",\"Canarias\",\"Energ\u00eda\",\"Movimiento ciudadano\",\"Notas de prensa de Turc\u00f3n\"],\"inLanguage\":\"es\",\"potentialAction\":[{\"@type\":\"CommentAction\",\"name\":\"Comment\",\"target\":[\"https:\/\/turcon.es\/wp\/turcon-ecologistas-en-accion-apoya-con-sus-alegaciones-a-los-colectivos-que-se-oponen-a-la-regasificadora-de-gnl-de-tenerife\/#respond\"]}]},{\"@type\":\"WebPage\",\"@id\":\"https:\/\/turcon.es\/wp\/turcon-ecologistas-en-accion-apoya-con-sus-alegaciones-a-los-colectivos-que-se-oponen-a-la-regasificadora-de-gnl-de-tenerife\/\",\"url\":\"https:\/\/turcon.es\/wp\/turcon-ecologistas-en-accion-apoya-con-sus-alegaciones-a-los-colectivos-que-se-oponen-a-la-regasificadora-de-gnl-de-tenerife\/\",\"name\":\"Turc\u00f3n Ecologistas en Acci\u00f3n apoya con sus alegaciones a los colectivos que se oponen a la regasificadora de GNL de Tenerife - Colectivo Ecologista Turcon\",\"isPartOf\":{\"@id\":\"https:\/\/turcon.es\/wp\/#website\"},\"primaryImageOfPage\":{\"@id\":\"https:\/\/turcon.es\/wp\/turcon-ecologistas-en-accion-apoya-con-sus-alegaciones-a-los-colectivos-que-se-oponen-a-la-regasificadora-de-gnl-de-tenerife\/#primaryimage\"},\"image\":{\"@id\":\"https:\/\/turcon.es\/wp\/turcon-ecologistas-en-accion-apoya-con-sus-alegaciones-a-los-colectivos-que-se-oponen-a-la-regasificadora-de-gnl-de-tenerife\/#primaryimage\"},\"thumbnailUrl\":\"https:\/\/turcon.es\/wp\/wp-content\/uploads\/2015\/08\/emvrhcczgdqzesm-800x450-nopad.jpg\",\"datePublished\":\"2015-08-28T14:21:53+00:00\",\"breadcrumb\":{\"@id\":\"https:\/\/turcon.es\/wp\/turcon-ecologistas-en-accion-apoya-con-sus-alegaciones-a-los-colectivos-que-se-oponen-a-la-regasificadora-de-gnl-de-tenerife\/#breadcrumb\"},\"inLanguage\":\"es\",\"potentialAction\":[{\"@type\":\"ReadAction\",\"target\":[\"https:\/\/turcon.es\/wp\/turcon-ecologistas-en-accion-apoya-con-sus-alegaciones-a-los-colectivos-que-se-oponen-a-la-regasificadora-de-gnl-de-tenerife\/\"]}]},{\"@type\":\"ImageObject\",\"inLanguage\":\"es\",\"@id\":\"https:\/\/turcon.es\/wp\/turcon-ecologistas-en-accion-apoya-con-sus-alegaciones-a-los-colectivos-que-se-oponen-a-la-regasificadora-de-gnl-de-tenerife\/#primaryimage\",\"url\":\"https:\/\/turcon.es\/wp\/wp-content\/uploads\/2015\/08\/emvrhcczgdqzesm-800x450-nopad.jpg\",\"contentUrl\":\"https:\/\/turcon.es\/wp\/wp-content\/uploads\/2015\/08\/emvrhcczgdqzesm-800x450-nopad.jpg\"},{\"@type\":\"BreadcrumbList\",\"@id\":\"https:\/\/turcon.es\/wp\/turcon-ecologistas-en-accion-apoya-con-sus-alegaciones-a-los-colectivos-que-se-oponen-a-la-regasificadora-de-gnl-de-tenerife\/#breadcrumb\",\"itemListElement\":[{\"@type\":\"ListItem\",\"position\":1,\"name\":\"Portada\",\"item\":\"https:\/\/turcon.es\/wp\/\"},{\"@type\":\"ListItem\",\"position\":2,\"name\":\"Turc\u00f3n Ecologistas en Acci\u00f3n apoya con sus alegaciones a los colectivos que se oponen a la regasificadora de GNL de Tenerife\"}]},{\"@type\":\"WebSite\",\"@id\":\"https:\/\/turcon.es\/wp\/#website\",\"url\":\"https:\/\/turcon.es\/wp\/\",\"name\":\"Colectivo Ecologista Turcon\",\"description\":\"\",\"publisher\":{\"@id\":\"https:\/\/turcon.es\/wp\/#organization\"},\"potentialAction\":[{\"@type\":\"SearchAction\",\"target\":{\"@type\":\"EntryPoint\",\"urlTemplate\":\"https:\/\/turcon.es\/wp\/?s={search_term_string}\"},\"query-input\":{\"@type\":\"PropertyValueSpecification\",\"valueRequired\":true,\"valueName\":\"search_term_string\"}}],\"inLanguage\":\"es\"},{\"@type\":\"Organization\",\"@id\":\"https:\/\/turcon.es\/wp\/#organization\",\"name\":\"Colectivo Ecologista Turcon\",\"url\":\"https:\/\/turcon.es\/wp\/\",\"logo\":{\"@type\":\"ImageObject\",\"inLanguage\":\"es\",\"@id\":\"https:\/\/turcon.es\/wp\/#\/schema\/logo\/image\/\",\"url\":\"https:\/\/turcon.es\/wp\/wp-content\/uploads\/2025\/03\/logo-verde.svg\",\"contentUrl\":\"https:\/\/turcon.es\/wp\/wp-content\/uploads\/2025\/03\/logo-verde.svg\",\"width\":813,\"height\":813,\"caption\":\"Colectivo Ecologista Turcon\"},\"image\":{\"@id\":\"https:\/\/turcon.es\/wp\/#\/schema\/logo\/image\/\"}},{\"@type\":\"Person\",\"@id\":\"https:\/\/turcon.es\/wp\/#\/schema\/person\/a1f3ba727ce031d9da17684affe85edd\",\"name\":\"Laura Fernandez\",\"image\":{\"@type\":\"ImageObject\",\"inLanguage\":\"es\",\"@id\":\"https:\/\/turcon.es\/wp\/#\/schema\/person\/image\/\",\"url\":\"https:\/\/secure.gravatar.com\/avatar\/360749af9549af22e54582d50231ae56e854210ae2368797ba242f445a9852e8?s=96&d=mm&r=g\",\"contentUrl\":\"https:\/\/secure.gravatar.com\/avatar\/360749af9549af22e54582d50231ae56e854210ae2368797ba242f445a9852e8?s=96&d=mm&r=g\",\"caption\":\"Laura Fernandez\"},\"url\":\"https:\/\/turcon.es\/wp\/author\/admturcon\/\"}]}<\/script>\n<!-- \/ Yoast SEO plugin. -->","yoast_head_json":{"title":"Turc\u00f3n Ecologistas en Acci\u00f3n apoya con sus alegaciones a los colectivos que se oponen a la regasificadora de GNL de Tenerife - Colectivo Ecologista Turcon","robots":{"index":"index","follow":"follow","max-snippet":"max-snippet:-1","max-image-preview":"max-image-preview:large","max-video-preview":"max-video-preview:-1"},"canonical":"https:\/\/turcon.es\/wp\/turcon-ecologistas-en-accion-apoya-con-sus-alegaciones-a-los-colectivos-que-se-oponen-a-la-regasificadora-de-gnl-de-tenerife\/","og_locale":"es_ES","og_type":"article","og_title":"Turc\u00f3n Ecologistas en Acci\u00f3n apoya con sus alegaciones a los colectivos que se oponen a la regasificadora de GNL de Tenerife - Colectivo Ecologista Turcon","og_description":"Los ecologistas de Turc\u00f3n han presentado hoy 28 de agosto en la Delegaci\u00f3n del Gobierno de Las Palmas de Gran Canaria un amplio documento de alegaciones a la Planta de Regasificaci\u00f3n de Gas Natural Licuado que ENAGAS pretende situar en el Pol\u00edgono Industrial de Granadilla en Tenerife, expediente sacado a informaci\u00f3n p\u00fablica con treinta d\u00edas [&hellip;]","og_url":"https:\/\/turcon.es\/wp\/turcon-ecologistas-en-accion-apoya-con-sus-alegaciones-a-los-colectivos-que-se-oponen-a-la-regasificadora-de-gnl-de-tenerife\/","og_site_name":"Colectivo Ecologista Turcon","article_published_time":"2015-08-28T14:21:53+00:00","og_image":[{"width":800,"height":450,"url":"https:\/\/turcon.es\/wp\/wp-content\/uploads\/2015\/08\/emvrhcczgdqzesm-800x450-nopad.jpg","type":"image\/jpeg"}],"author":"Laura Fernandez","twitter_card":"summary_large_image","twitter_misc":{"Escrito por":"Laura Fernandez","Tiempo de lectura":"3 minutos"},"schema":{"@context":"https:\/\/schema.org","@graph":[{"@type":"Article","@id":"https:\/\/turcon.es\/wp\/turcon-ecologistas-en-accion-apoya-con-sus-alegaciones-a-los-colectivos-que-se-oponen-a-la-regasificadora-de-gnl-de-tenerife\/#article","isPartOf":{"@id":"https:\/\/turcon.es\/wp\/turcon-ecologistas-en-accion-apoya-con-sus-alegaciones-a-los-colectivos-que-se-oponen-a-la-regasificadora-de-gnl-de-tenerife\/"},"author":{"name":"Laura Fernandez","@id":"https:\/\/turcon.es\/wp\/#\/schema\/person\/a1f3ba727ce031d9da17684affe85edd"},"headline":"Turc\u00f3n Ecologistas en Acci\u00f3n apoya con sus alegaciones a los colectivos que se oponen a la regasificadora de GNL de Tenerife","datePublished":"2015-08-28T14:21:53+00:00","mainEntityOfPage":{"@id":"https:\/\/turcon.es\/wp\/turcon-ecologistas-en-accion-apoya-con-sus-alegaciones-a-los-colectivos-que-se-oponen-a-la-regasificadora-de-gnl-de-tenerife\/"},"wordCount":631,"commentCount":0,"publisher":{"@id":"https:\/\/turcon.es\/wp\/#organization"},"image":{"@id":"https:\/\/turcon.es\/wp\/turcon-ecologistas-en-accion-apoya-con-sus-alegaciones-a-los-colectivos-que-se-oponen-a-la-regasificadora-de-gnl-de-tenerife\/#primaryimage"},"thumbnailUrl":"https:\/\/turcon.es\/wp\/wp-content\/uploads\/2015\/08\/emvrhcczgdqzesm-800x450-nopad.jpg","keywords":["Alegaci\u00f3n","Regasificadora","Tenerife"],"articleSection":["Administraci\u00f3n p\u00fablica","Canarias","Energ\u00eda","Movimiento ciudadano","Notas de prensa de Turc\u00f3n"],"inLanguage":"es","potentialAction":[{"@type":"CommentAction","name":"Comment","target":["https:\/\/turcon.es\/wp\/turcon-ecologistas-en-accion-apoya-con-sus-alegaciones-a-los-colectivos-que-se-oponen-a-la-regasificadora-de-gnl-de-tenerife\/#respond"]}]},{"@type":"WebPage","@id":"https:\/\/turcon.es\/wp\/turcon-ecologistas-en-accion-apoya-con-sus-alegaciones-a-los-colectivos-que-se-oponen-a-la-regasificadora-de-gnl-de-tenerife\/","url":"https:\/\/turcon.es\/wp\/turcon-ecologistas-en-accion-apoya-con-sus-alegaciones-a-los-colectivos-que-se-oponen-a-la-regasificadora-de-gnl-de-tenerife\/","name":"Turc\u00f3n Ecologistas en Acci\u00f3n apoya con sus alegaciones a los colectivos que se oponen a la regasificadora de GNL de Tenerife - Colectivo Ecologista Turcon","isPartOf":{"@id":"https:\/\/turcon.es\/wp\/#website"},"primaryImageOfPage":{"@id":"https:\/\/turcon.es\/wp\/turcon-ecologistas-en-accion-apoya-con-sus-alegaciones-a-los-colectivos-que-se-oponen-a-la-regasificadora-de-gnl-de-tenerife\/#primaryimage"},"image":{"@id":"https:\/\/turcon.es\/wp\/turcon-ecologistas-en-accion-apoya-con-sus-alegaciones-a-los-colectivos-que-se-oponen-a-la-regasificadora-de-gnl-de-tenerife\/#primaryimage"},"thumbnailUrl":"https:\/\/turcon.es\/wp\/wp-content\/uploads\/2015\/08\/emvrhcczgdqzesm-800x450-nopad.jpg","datePublished":"2015-08-28T14:21:53+00:00","breadcrumb":{"@id":"https:\/\/turcon.es\/wp\/turcon-ecologistas-en-accion-apoya-con-sus-alegaciones-a-los-colectivos-que-se-oponen-a-la-regasificadora-de-gnl-de-tenerife\/#breadcrumb"},"inLanguage":"es","potentialAction":[{"@type":"ReadAction","target":["https:\/\/turcon.es\/wp\/turcon-ecologistas-en-accion-apoya-con-sus-alegaciones-a-los-colectivos-que-se-oponen-a-la-regasificadora-de-gnl-de-tenerife\/"]}]},{"@type":"ImageObject","inLanguage":"es","@id":"https:\/\/turcon.es\/wp\/turcon-ecologistas-en-accion-apoya-con-sus-alegaciones-a-los-colectivos-que-se-oponen-a-la-regasificadora-de-gnl-de-tenerife\/#primaryimage","url":"https:\/\/turcon.es\/wp\/wp-content\/uploads\/2015\/08\/emvrhcczgdqzesm-800x450-nopad.jpg","contentUrl":"https:\/\/turcon.es\/wp\/wp-content\/uploads\/2015\/08\/emvrhcczgdqzesm-800x450-nopad.jpg"},{"@type":"BreadcrumbList","@id":"https:\/\/turcon.es\/wp\/turcon-ecologistas-en-accion-apoya-con-sus-alegaciones-a-los-colectivos-que-se-oponen-a-la-regasificadora-de-gnl-de-tenerife\/#breadcrumb","itemListElement":[{"@type":"ListItem","position":1,"name":"Portada","item":"https:\/\/turcon.es\/wp\/"},{"@type":"ListItem","position":2,"name":"Turc\u00f3n Ecologistas en Acci\u00f3n apoya con sus alegaciones a los colectivos que se oponen a la regasificadora de GNL de Tenerife"}]},{"@type":"WebSite","@id":"https:\/\/turcon.es\/wp\/#website","url":"https:\/\/turcon.es\/wp\/","name":"Colectivo Ecologista Turcon","description":"","publisher":{"@id":"https:\/\/turcon.es\/wp\/#organization"},"potentialAction":[{"@type":"SearchAction","target":{"@type":"EntryPoint","urlTemplate":"https:\/\/turcon.es\/wp\/?s={search_term_string}"},"query-input":{"@type":"PropertyValueSpecification","valueRequired":true,"valueName":"search_term_string"}}],"inLanguage":"es"},{"@type":"Organization","@id":"https:\/\/turcon.es\/wp\/#organization","name":"Colectivo Ecologista Turcon","url":"https:\/\/turcon.es\/wp\/","logo":{"@type":"ImageObject","inLanguage":"es","@id":"https:\/\/turcon.es\/wp\/#\/schema\/logo\/image\/","url":"https:\/\/turcon.es\/wp\/wp-content\/uploads\/2025\/03\/logo-verde.svg","contentUrl":"https:\/\/turcon.es\/wp\/wp-content\/uploads\/2025\/03\/logo-verde.svg","width":813,"height":813,"caption":"Colectivo Ecologista Turcon"},"image":{"@id":"https:\/\/turcon.es\/wp\/#\/schema\/logo\/image\/"}},{"@type":"Person","@id":"https:\/\/turcon.es\/wp\/#\/schema\/person\/a1f3ba727ce031d9da17684affe85edd","name":"Laura Fernandez","image":{"@type":"ImageObject","inLanguage":"es","@id":"https:\/\/turcon.es\/wp\/#\/schema\/person\/image\/","url":"https:\/\/secure.gravatar.com\/avatar\/360749af9549af22e54582d50231ae56e854210ae2368797ba242f445a9852e8?s=96&d=mm&r=g","contentUrl":"https:\/\/secure.gravatar.com\/avatar\/360749af9549af22e54582d50231ae56e854210ae2368797ba242f445a9852e8?s=96&d=mm&r=g","caption":"Laura Fernandez"},"url":"https:\/\/turcon.es\/wp\/author\/admturcon\/"}]}},"_links":{"self":[{"href":"https:\/\/turcon.es\/wp\/wp-json\/wp\/v2\/posts\/11623","targetHints":{"allow":["GET"]}}],"collection":[{"href":"https:\/\/turcon.es\/wp\/wp-json\/wp\/v2\/posts"}],"about":[{"href":"https:\/\/turcon.es\/wp\/wp-json\/wp\/v2\/types\/post"}],"author":[{"embeddable":true,"href":"https:\/\/turcon.es\/wp\/wp-json\/wp\/v2\/users\/2"}],"replies":[{"embeddable":true,"href":"https:\/\/turcon.es\/wp\/wp-json\/wp\/v2\/comments?post=11623"}],"version-history":[{"count":0,"href":"https:\/\/turcon.es\/wp\/wp-json\/wp\/v2\/posts\/11623\/revisions"}],"wp:attachment":[{"href":"https:\/\/turcon.es\/wp\/wp-json\/wp\/v2\/media?parent=11623"}],"wp:term":[{"taxonomy":"category","embeddable":true,"href":"https:\/\/turcon.es\/wp\/wp-json\/wp\/v2\/categories?post=11623"},{"taxonomy":"post_tag","embeddable":true,"href":"https:\/\/turcon.es\/wp\/wp-json\/wp\/v2\/tags?post=11623"}],"curies":[{"name":"wp","href":"https:\/\/api.w.org\/{rel}","templated":true}]}}