{"id":11696,"date":"2015-10-15T15:12:13","date_gmt":"2015-10-15T15:12:13","guid":{"rendered":"https:\/\/turcon.wordpress.com\/?p=11696"},"modified":"2015-10-15T15:12:13","modified_gmt":"2015-10-15T15:12:13","slug":"compromiso-de-colaboracion-por-el-movimiento-ecologista-canario","status":"publish","type":"post","link":"https:\/\/turcon.es\/wp\/compromiso-de-colaboracion-por-el-movimiento-ecologista-canario\/","title":{"rendered":"Compromiso de colaboraci\u00f3n por el movimiento ecologista canario"},"content":{"rendered":"<div class=\"section\">\n<div class=\"section\">\n<h4 style=\"text-align:justify;\">Ben Magec \u2013 Ecologistas en Acci\u00f3n celebr\u00f3 su XVII Asamblea Federal, que tuvo lugar en el municipio grancanario de Firgas.<br class=\"autobr\" \/>\u00a0<br class=\"autobr\" \/><span class=\"spip_document_22654 spip_documents spip_documents_center\"><\/span><\/h4>\n<figure style=\"width: 256px\" class=\"wp-caption alignleft\"><img decoding=\"async\" class=\"\" src=\"http:\/\/ecologistasenaccion.org\/local\/cache-vignettes\/L300xH225\/12132432_1625000561082353_5531744427817602871_o-cb892.jpg\" alt=\"\" width=\"256\" height=\"192\" \/><figcaption class=\"wp-caption-text\">Un momento de la Asamblea Federal de Firgas<\/figcaption><\/figure>\n<p style=\"text-align:justify;\">En ella, adem\u00e1s de exponerse un balance de las actividades que ha realizado la Federaci\u00f3n (entre otras muchas, con la organizaci\u00f3n de las manifestaciones ciudadanas m\u00e1s importantes de la historia de Canarias), se desarroll\u00f3 un ejercicio de reflexi\u00f3n en el que, con la participaci\u00f3n de todos los colectivos federados asistentes y de la activista y experta Yayo Herrero, miembro de Ecologistas en Acci\u00f3n, se expusieron las bases del trabajo futuro de la organizaci\u00f3n. Este trabajo, que deber\u00e1 perfilarse en pr\u00f3ximos encuentros, deber\u00e1 conseguir dar impulso a las luchas locales de las organizaciones ecologistas de toda Canarias. En este sentido, se encomiend\u00f3 al nuevo Consejo Federal abrir un proceso donde, colectivamente, se decida c\u00f3mo ha de estructurarse internamente la organizaci\u00f3n en consonancia con las conclusiones extra\u00eddas del debate mantenido en esta Asamblea.<\/p>\n<p style=\"text-align:justify;\">Adem\u00e1s, se aprob\u00f3 la incorporaci\u00f3n de Abeque en la Federaci\u00f3n, un colectivo tinerfe\u00f1o radicado en la Isla Baja, y que ha trabajado intensamente en la erradicaci\u00f3n de la planta invasora\u00a0rabo de gato\u00a0en zonas muy sensibles como el Parque Rural de Teno. Tambi\u00e9n se dej\u00f3 abierta la posibilidad de que otro colectivo que ha mostrado su inter\u00e9s en participar, se integre provisionalmente en la Federaci\u00f3n tras su aprobaci\u00f3n por parte del Consejo Federal.<br class=\"autobr\" \/>\u00a0<!--more--><\/p>\n<p style=\"text-align:justify;\">Como es preceptivo, se renovaron los \u00f3rganos de coordinaci\u00f3n y dinamizaci\u00f3n federales, procurando garantizar la m\u00e1xima participaci\u00f3n de todos los grupos para conseguir estrechar a\u00fan m\u00e1s los lazos y amplificar el eco de las luchas en toda Canarias. <br class=\"autobr\" \/>Se aprob\u00f3 un r\u00e9gimen de incompatibilidades que procurar\u00e1 preservar la independencia de la Federaci\u00f3n respecto a cualquier otra entidad (partidista o de cualquier otro tipo) que pudiera comprometer su imagen, su planteamiento o sus actividades.<\/p>\n<p style=\"text-align:justify;\">Tambi\u00e9n se desarrollaron unas jornadas abiertas e integradoras con otros colectivos ecosociales, con el objetivo de estrechar lazos y aunar esfuerzos del movimiento ecologista canario en su conjunto. En ella, se abri\u00f3 un debate sobre los principales problemas ambientales en el actual contexto socio \u2013 pol\u00edtico.<\/p>\n<p style=\"text-align:justify;\">Por \u00faltimo, se prefijaron algunas de las campa\u00f1as que centrar\u00e1n la atenci\u00f3n del trabajo federal, y, aunque abierta a la atenci\u00f3n de cualquier tema de actualidad o contingencia, se hizo mucho \u00e9nfasis en estrechar la vigilancia a la desregulaci\u00f3n normativa que est\u00e1 sufriendo el territorio, y en participar activamente en la lucha contra el Cambio Clim\u00e1tico. En este sentido, se se\u00f1al\u00f3 la necesidad de incidir en las propuestas por un cambio<\/p>\n<p style=\"text-align:justify;\">de modelo socio-econ\u00f3mico que aleje a Canarias del papel que est\u00e1 desarrollando como nexo de conflictos internacionales y gasolinera en el Atl\u00e1ntico, y con planteamientos dirigidos a convertir a las islas en un ejemplo de sostenibilidad a trav\u00e9s de la autosuficiencia energ\u00e9tica y alimentaria.<\/p>\n<\/div>\n<\/div>\n<p>&nbsp;<\/p>\n","protected":false},"excerpt":{"rendered":"<p>Ben Magec \u2013 Ecologistas en Acci\u00f3n celebr\u00f3 su XVII Asamblea Federal, que tuvo lugar en el municipio grancanario de Firgas.\u00a0 En ella, adem\u00e1s de exponerse un balance de las actividades que ha realizado la Federaci\u00f3n (entre otras muchas, con la organizaci\u00f3n de las manifestaciones ciudadanas m\u00e1s importantes de la historia de Canarias), se desarroll\u00f3 un [&hellip;]<\/p>\n","protected":false},"author":2,"featured_media":0,"comment_status":"open","ping_status":"open","sticky":false,"template":"","format":"standard","meta":{"footnotes":""},"categories":[18,23,41,69],"tags":[200,274,779,1006],"class_list":["post-11696","post","type-post","status-publish","format-standard","hentry","category-canarias","category-congresos-y-encuentros","category-gran-canaria","category-movimiento-ciudadano","tag-asamblea-federal-2015","tag-ben-magec","tag-firgas","tag-la-vinca"],"yoast_head":"<!-- This site is optimized with the Yoast SEO plugin v26.3 - https:\/\/yoast.com\/wordpress\/plugins\/seo\/ -->\n<title>Compromiso de colaboraci\u00f3n por el movimiento ecologista canario - Colectivo Ecologista Turcon<\/title>\n<meta name=\"robots\" content=\"index, follow, max-snippet:-1, max-image-preview:large, max-video-preview:-1\" \/>\n<link rel=\"canonical\" href=\"https:\/\/turcon.es\/wp\/compromiso-de-colaboracion-por-el-movimiento-ecologista-canario\/\" \/>\n<meta property=\"og:locale\" content=\"es_ES\" \/>\n<meta property=\"og:type\" content=\"article\" \/>\n<meta property=\"og:title\" content=\"Compromiso de colaboraci\u00f3n por el movimiento ecologista canario - Colectivo Ecologista Turcon\" \/>\n<meta property=\"og:description\" content=\"Ben Magec \u2013 Ecologistas en Acci\u00f3n celebr\u00f3 su XVII Asamblea Federal, que tuvo lugar en el municipio grancanario de Firgas.\u00a0 En ella, adem\u00e1s de exponerse un balance de las actividades que ha realizado la Federaci\u00f3n (entre otras muchas, con la organizaci\u00f3n de las manifestaciones ciudadanas m\u00e1s importantes de la historia de Canarias), se desarroll\u00f3 un [&hellip;]\" \/>\n<meta property=\"og:url\" content=\"https:\/\/turcon.es\/wp\/compromiso-de-colaboracion-por-el-movimiento-ecologista-canario\/\" \/>\n<meta property=\"og:site_name\" content=\"Colectivo Ecologista Turcon\" \/>\n<meta property=\"article:published_time\" content=\"2015-10-15T15:12:13+00:00\" \/>\n<meta property=\"og:image\" content=\"http:\/\/ecologistasenaccion.org\/local\/cache-vignettes\/L300xH225\/12132432_1625000561082353_5531744427817602871_o-cb892.jpg\" \/>\n<meta name=\"author\" content=\"Laura Fernandez\" \/>\n<meta name=\"twitter:card\" content=\"summary_large_image\" \/>\n<meta name=\"twitter:label1\" content=\"Escrito por\" \/>\n\t<meta name=\"twitter:data1\" content=\"Laura Fernandez\" \/>\n\t<meta name=\"twitter:label2\" content=\"Tiempo de lectura\" \/>\n\t<meta name=\"twitter:data2\" content=\"3 minutos\" \/>\n<script type=\"application\/ld+json\" class=\"yoast-schema-graph\">{\"@context\":\"https:\/\/schema.org\",\"@graph\":[{\"@type\":\"Article\",\"@id\":\"https:\/\/turcon.es\/wp\/compromiso-de-colaboracion-por-el-movimiento-ecologista-canario\/#article\",\"isPartOf\":{\"@id\":\"https:\/\/turcon.es\/wp\/compromiso-de-colaboracion-por-el-movimiento-ecologista-canario\/\"},\"author\":{\"name\":\"Laura Fernandez\",\"@id\":\"https:\/\/turcon.es\/wp\/#\/schema\/person\/a1f3ba727ce031d9da17684affe85edd\"},\"headline\":\"Compromiso de colaboraci\u00f3n por el movimiento ecologista canario\",\"datePublished\":\"2015-10-15T15:12:13+00:00\",\"mainEntityOfPage\":{\"@id\":\"https:\/\/turcon.es\/wp\/compromiso-de-colaboracion-por-el-movimiento-ecologista-canario\/\"},\"wordCount\":524,\"commentCount\":0,\"publisher\":{\"@id\":\"https:\/\/turcon.es\/wp\/#organization\"},\"image\":{\"@id\":\"https:\/\/turcon.es\/wp\/compromiso-de-colaboracion-por-el-movimiento-ecologista-canario\/#primaryimage\"},\"thumbnailUrl\":\"http:\/\/ecologistasenaccion.org\/local\/cache-vignettes\/L300xH225\/12132432_1625000561082353_5531744427817602871_o-cb892.jpg\",\"keywords\":[\"Asamblea Federal 2015\",\"Ben Magec\",\"Firgas\",\"La Vinca\"],\"articleSection\":[\"Canarias\",\"congresos y encuentros\",\"Gran Canaria\",\"Movimiento ciudadano\"],\"inLanguage\":\"es\",\"potentialAction\":[{\"@type\":\"CommentAction\",\"name\":\"Comment\",\"target\":[\"https:\/\/turcon.es\/wp\/compromiso-de-colaboracion-por-el-movimiento-ecologista-canario\/#respond\"]}]},{\"@type\":\"WebPage\",\"@id\":\"https:\/\/turcon.es\/wp\/compromiso-de-colaboracion-por-el-movimiento-ecologista-canario\/\",\"url\":\"https:\/\/turcon.es\/wp\/compromiso-de-colaboracion-por-el-movimiento-ecologista-canario\/\",\"name\":\"Compromiso de colaboraci\u00f3n por el movimiento ecologista canario - Colectivo Ecologista Turcon\",\"isPartOf\":{\"@id\":\"https:\/\/turcon.es\/wp\/#website\"},\"primaryImageOfPage\":{\"@id\":\"https:\/\/turcon.es\/wp\/compromiso-de-colaboracion-por-el-movimiento-ecologista-canario\/#primaryimage\"},\"image\":{\"@id\":\"https:\/\/turcon.es\/wp\/compromiso-de-colaboracion-por-el-movimiento-ecologista-canario\/#primaryimage\"},\"thumbnailUrl\":\"http:\/\/ecologistasenaccion.org\/local\/cache-vignettes\/L300xH225\/12132432_1625000561082353_5531744427817602871_o-cb892.jpg\",\"datePublished\":\"2015-10-15T15:12:13+00:00\",\"breadcrumb\":{\"@id\":\"https:\/\/turcon.es\/wp\/compromiso-de-colaboracion-por-el-movimiento-ecologista-canario\/#breadcrumb\"},\"inLanguage\":\"es\",\"potentialAction\":[{\"@type\":\"ReadAction\",\"target\":[\"https:\/\/turcon.es\/wp\/compromiso-de-colaboracion-por-el-movimiento-ecologista-canario\/\"]}]},{\"@type\":\"ImageObject\",\"inLanguage\":\"es\",\"@id\":\"https:\/\/turcon.es\/wp\/compromiso-de-colaboracion-por-el-movimiento-ecologista-canario\/#primaryimage\",\"url\":\"http:\/\/ecologistasenaccion.org\/local\/cache-vignettes\/L300xH225\/12132432_1625000561082353_5531744427817602871_o-cb892.jpg\",\"contentUrl\":\"http:\/\/ecologistasenaccion.org\/local\/cache-vignettes\/L300xH225\/12132432_1625000561082353_5531744427817602871_o-cb892.jpg\"},{\"@type\":\"BreadcrumbList\",\"@id\":\"https:\/\/turcon.es\/wp\/compromiso-de-colaboracion-por-el-movimiento-ecologista-canario\/#breadcrumb\",\"itemListElement\":[{\"@type\":\"ListItem\",\"position\":1,\"name\":\"Portada\",\"item\":\"https:\/\/turcon.es\/wp\/\"},{\"@type\":\"ListItem\",\"position\":2,\"name\":\"Compromiso de colaboraci\u00f3n por el movimiento ecologista canario\"}]},{\"@type\":\"WebSite\",\"@id\":\"https:\/\/turcon.es\/wp\/#website\",\"url\":\"https:\/\/turcon.es\/wp\/\",\"name\":\"Colectivo Ecologista Turcon\",\"description\":\"\",\"publisher\":{\"@id\":\"https:\/\/turcon.es\/wp\/#organization\"},\"potentialAction\":[{\"@type\":\"SearchAction\",\"target\":{\"@type\":\"EntryPoint\",\"urlTemplate\":\"https:\/\/turcon.es\/wp\/?s={search_term_string}\"},\"query-input\":{\"@type\":\"PropertyValueSpecification\",\"valueRequired\":true,\"valueName\":\"search_term_string\"}}],\"inLanguage\":\"es\"},{\"@type\":\"Organization\",\"@id\":\"https:\/\/turcon.es\/wp\/#organization\",\"name\":\"Colectivo Ecologista Turcon\",\"url\":\"https:\/\/turcon.es\/wp\/\",\"logo\":{\"@type\":\"ImageObject\",\"inLanguage\":\"es\",\"@id\":\"https:\/\/turcon.es\/wp\/#\/schema\/logo\/image\/\",\"url\":\"https:\/\/turcon.es\/wp\/wp-content\/uploads\/2025\/03\/logo-verde.svg\",\"contentUrl\":\"https:\/\/turcon.es\/wp\/wp-content\/uploads\/2025\/03\/logo-verde.svg\",\"width\":813,\"height\":813,\"caption\":\"Colectivo Ecologista Turcon\"},\"image\":{\"@id\":\"https:\/\/turcon.es\/wp\/#\/schema\/logo\/image\/\"}},{\"@type\":\"Person\",\"@id\":\"https:\/\/turcon.es\/wp\/#\/schema\/person\/a1f3ba727ce031d9da17684affe85edd\",\"name\":\"Laura Fernandez\",\"image\":{\"@type\":\"ImageObject\",\"inLanguage\":\"es\",\"@id\":\"https:\/\/turcon.es\/wp\/#\/schema\/person\/image\/\",\"url\":\"https:\/\/secure.gravatar.com\/avatar\/360749af9549af22e54582d50231ae56e854210ae2368797ba242f445a9852e8?s=96&d=mm&r=g\",\"contentUrl\":\"https:\/\/secure.gravatar.com\/avatar\/360749af9549af22e54582d50231ae56e854210ae2368797ba242f445a9852e8?s=96&d=mm&r=g\",\"caption\":\"Laura Fernandez\"},\"url\":\"https:\/\/turcon.es\/wp\/author\/admturcon\/\"}]}<\/script>\n<!-- \/ Yoast SEO plugin. -->","yoast_head_json":{"title":"Compromiso de colaboraci\u00f3n por el movimiento ecologista canario - Colectivo Ecologista Turcon","robots":{"index":"index","follow":"follow","max-snippet":"max-snippet:-1","max-image-preview":"max-image-preview:large","max-video-preview":"max-video-preview:-1"},"canonical":"https:\/\/turcon.es\/wp\/compromiso-de-colaboracion-por-el-movimiento-ecologista-canario\/","og_locale":"es_ES","og_type":"article","og_title":"Compromiso de colaboraci\u00f3n por el movimiento ecologista canario - Colectivo Ecologista Turcon","og_description":"Ben Magec \u2013 Ecologistas en Acci\u00f3n celebr\u00f3 su XVII Asamblea Federal, que tuvo lugar en el municipio grancanario de Firgas.\u00a0 En ella, adem\u00e1s de exponerse un balance de las actividades que ha realizado la Federaci\u00f3n (entre otras muchas, con la organizaci\u00f3n de las manifestaciones ciudadanas m\u00e1s importantes de la historia de Canarias), se desarroll\u00f3 un [&hellip;]","og_url":"https:\/\/turcon.es\/wp\/compromiso-de-colaboracion-por-el-movimiento-ecologista-canario\/","og_site_name":"Colectivo Ecologista Turcon","article_published_time":"2015-10-15T15:12:13+00:00","og_image":[{"url":"http:\/\/ecologistasenaccion.org\/local\/cache-vignettes\/L300xH225\/12132432_1625000561082353_5531744427817602871_o-cb892.jpg","type":"","width":"","height":""}],"author":"Laura Fernandez","twitter_card":"summary_large_image","twitter_misc":{"Escrito por":"Laura Fernandez","Tiempo de lectura":"3 minutos"},"schema":{"@context":"https:\/\/schema.org","@graph":[{"@type":"Article","@id":"https:\/\/turcon.es\/wp\/compromiso-de-colaboracion-por-el-movimiento-ecologista-canario\/#article","isPartOf":{"@id":"https:\/\/turcon.es\/wp\/compromiso-de-colaboracion-por-el-movimiento-ecologista-canario\/"},"author":{"name":"Laura Fernandez","@id":"https:\/\/turcon.es\/wp\/#\/schema\/person\/a1f3ba727ce031d9da17684affe85edd"},"headline":"Compromiso de colaboraci\u00f3n por el movimiento ecologista canario","datePublished":"2015-10-15T15:12:13+00:00","mainEntityOfPage":{"@id":"https:\/\/turcon.es\/wp\/compromiso-de-colaboracion-por-el-movimiento-ecologista-canario\/"},"wordCount":524,"commentCount":0,"publisher":{"@id":"https:\/\/turcon.es\/wp\/#organization"},"image":{"@id":"https:\/\/turcon.es\/wp\/compromiso-de-colaboracion-por-el-movimiento-ecologista-canario\/#primaryimage"},"thumbnailUrl":"http:\/\/ecologistasenaccion.org\/local\/cache-vignettes\/L300xH225\/12132432_1625000561082353_5531744427817602871_o-cb892.jpg","keywords":["Asamblea Federal 2015","Ben Magec","Firgas","La Vinca"],"articleSection":["Canarias","congresos y encuentros","Gran Canaria","Movimiento ciudadano"],"inLanguage":"es","potentialAction":[{"@type":"CommentAction","name":"Comment","target":["https:\/\/turcon.es\/wp\/compromiso-de-colaboracion-por-el-movimiento-ecologista-canario\/#respond"]}]},{"@type":"WebPage","@id":"https:\/\/turcon.es\/wp\/compromiso-de-colaboracion-por-el-movimiento-ecologista-canario\/","url":"https:\/\/turcon.es\/wp\/compromiso-de-colaboracion-por-el-movimiento-ecologista-canario\/","name":"Compromiso de colaboraci\u00f3n por el movimiento ecologista canario - Colectivo Ecologista Turcon","isPartOf":{"@id":"https:\/\/turcon.es\/wp\/#website"},"primaryImageOfPage":{"@id":"https:\/\/turcon.es\/wp\/compromiso-de-colaboracion-por-el-movimiento-ecologista-canario\/#primaryimage"},"image":{"@id":"https:\/\/turcon.es\/wp\/compromiso-de-colaboracion-por-el-movimiento-ecologista-canario\/#primaryimage"},"thumbnailUrl":"http:\/\/ecologistasenaccion.org\/local\/cache-vignettes\/L300xH225\/12132432_1625000561082353_5531744427817602871_o-cb892.jpg","datePublished":"2015-10-15T15:12:13+00:00","breadcrumb":{"@id":"https:\/\/turcon.es\/wp\/compromiso-de-colaboracion-por-el-movimiento-ecologista-canario\/#breadcrumb"},"inLanguage":"es","potentialAction":[{"@type":"ReadAction","target":["https:\/\/turcon.es\/wp\/compromiso-de-colaboracion-por-el-movimiento-ecologista-canario\/"]}]},{"@type":"ImageObject","inLanguage":"es","@id":"https:\/\/turcon.es\/wp\/compromiso-de-colaboracion-por-el-movimiento-ecologista-canario\/#primaryimage","url":"http:\/\/ecologistasenaccion.org\/local\/cache-vignettes\/L300xH225\/12132432_1625000561082353_5531744427817602871_o-cb892.jpg","contentUrl":"http:\/\/ecologistasenaccion.org\/local\/cache-vignettes\/L300xH225\/12132432_1625000561082353_5531744427817602871_o-cb892.jpg"},{"@type":"BreadcrumbList","@id":"https:\/\/turcon.es\/wp\/compromiso-de-colaboracion-por-el-movimiento-ecologista-canario\/#breadcrumb","itemListElement":[{"@type":"ListItem","position":1,"name":"Portada","item":"https:\/\/turcon.es\/wp\/"},{"@type":"ListItem","position":2,"name":"Compromiso de colaboraci\u00f3n por el movimiento ecologista canario"}]},{"@type":"WebSite","@id":"https:\/\/turcon.es\/wp\/#website","url":"https:\/\/turcon.es\/wp\/","name":"Colectivo Ecologista Turcon","description":"","publisher":{"@id":"https:\/\/turcon.es\/wp\/#organization"},"potentialAction":[{"@type":"SearchAction","target":{"@type":"EntryPoint","urlTemplate":"https:\/\/turcon.es\/wp\/?s={search_term_string}"},"query-input":{"@type":"PropertyValueSpecification","valueRequired":true,"valueName":"search_term_string"}}],"inLanguage":"es"},{"@type":"Organization","@id":"https:\/\/turcon.es\/wp\/#organization","name":"Colectivo Ecologista Turcon","url":"https:\/\/turcon.es\/wp\/","logo":{"@type":"ImageObject","inLanguage":"es","@id":"https:\/\/turcon.es\/wp\/#\/schema\/logo\/image\/","url":"https:\/\/turcon.es\/wp\/wp-content\/uploads\/2025\/03\/logo-verde.svg","contentUrl":"https:\/\/turcon.es\/wp\/wp-content\/uploads\/2025\/03\/logo-verde.svg","width":813,"height":813,"caption":"Colectivo Ecologista Turcon"},"image":{"@id":"https:\/\/turcon.es\/wp\/#\/schema\/logo\/image\/"}},{"@type":"Person","@id":"https:\/\/turcon.es\/wp\/#\/schema\/person\/a1f3ba727ce031d9da17684affe85edd","name":"Laura Fernandez","image":{"@type":"ImageObject","inLanguage":"es","@id":"https:\/\/turcon.es\/wp\/#\/schema\/person\/image\/","url":"https:\/\/secure.gravatar.com\/avatar\/360749af9549af22e54582d50231ae56e854210ae2368797ba242f445a9852e8?s=96&d=mm&r=g","contentUrl":"https:\/\/secure.gravatar.com\/avatar\/360749af9549af22e54582d50231ae56e854210ae2368797ba242f445a9852e8?s=96&d=mm&r=g","caption":"Laura Fernandez"},"url":"https:\/\/turcon.es\/wp\/author\/admturcon\/"}]}},"_links":{"self":[{"href":"https:\/\/turcon.es\/wp\/wp-json\/wp\/v2\/posts\/11696","targetHints":{"allow":["GET"]}}],"collection":[{"href":"https:\/\/turcon.es\/wp\/wp-json\/wp\/v2\/posts"}],"about":[{"href":"https:\/\/turcon.es\/wp\/wp-json\/wp\/v2\/types\/post"}],"author":[{"embeddable":true,"href":"https:\/\/turcon.es\/wp\/wp-json\/wp\/v2\/users\/2"}],"replies":[{"embeddable":true,"href":"https:\/\/turcon.es\/wp\/wp-json\/wp\/v2\/comments?post=11696"}],"version-history":[{"count":0,"href":"https:\/\/turcon.es\/wp\/wp-json\/wp\/v2\/posts\/11696\/revisions"}],"wp:attachment":[{"href":"https:\/\/turcon.es\/wp\/wp-json\/wp\/v2\/media?parent=11696"}],"wp:term":[{"taxonomy":"category","embeddable":true,"href":"https:\/\/turcon.es\/wp\/wp-json\/wp\/v2\/categories?post=11696"},{"taxonomy":"post_tag","embeddable":true,"href":"https:\/\/turcon.es\/wp\/wp-json\/wp\/v2\/tags?post=11696"}],"curies":[{"name":"wp","href":"https:\/\/api.w.org\/{rel}","templated":true}]}}