{"id":11851,"date":"2016-01-24T20:41:19","date_gmt":"2016-01-24T20:41:19","guid":{"rendered":"https:\/\/turcon.wordpress.com\/?p=11851"},"modified":"2016-01-24T20:41:19","modified_gmt":"2016-01-24T20:41:19","slug":"insistimos-en-no-aceptar-las-explicaciones-de-industria-por-las-aguas-de-la-embotelladora-de-tejeda","status":"publish","type":"post","link":"https:\/\/turcon.es\/wp\/insistimos-en-no-aceptar-las-explicaciones-de-industria-por-las-aguas-de-la-embotelladora-de-tejeda\/","title":{"rendered":"Insistimos en no aceptar las explicaciones de Industria por las aguas de la embotelladora de Tejeda"},"content":{"rendered":"<h3 style=\"text-align:justify;\">Los ecologistas pondr\u00e1n esas aseveraciones de industria en manos de los juzgados.<\/h3>\n<figure id=\"attachment_11794\" aria-describedby=\"caption-attachment-11794\" style=\"width: 169px\" class=\"wp-caption alignleft\"><a href=\"https:\/\/turcon.es\/wp\/2015\/12\/11\/turcon-insiste-a-la-consejeria-de-economia-e-industria-sobre-la-embotelladora-en-tejeda\/20141130_114621-1600x1200\/\" rel=\"attachment wp-att-11794\"><img fetchpriority=\"high\" decoding=\"async\" class=\"wp-image-11794 size-medium\" src=\"https:\/\/turcon.es\/wp\/wp-content\/uploads\/2015\/12\/20141130_114621-1600x1200.jpg?w=169\" alt=\"Escorrentia Barranco de La Mina\" width=\"169\" height=\"300\" \/><\/a><figcaption id=\"caption-attachment-11794\" class=\"wp-caption-text\">Escorrentia Barranco de La Mina<\/figcaption><\/figure>\n<p style=\"text-align:justify;\">Explican desde este colectivo han vuelto a dirigir una vez m\u00e1s a la Consejer\u00eda de Industria en respuesta a las explicaciones dadas a tan controvertido y contestado tema, por las aguas que pretenden obtener para la embotelladora de Tejeda. Estas respuestas fueron obtenidas por las exigencias del colectivo al amparo de la Ley 27\/2006, por las que se regulan los derechos de acceso a la informaci\u00f3n en materia de Medio Ambiente; a la vista que no cumpl\u00edan con la Ley de Las Administraciones P\u00fablicas, que determina el derecho del ciudadano a recibir contestaci\u00f3n a las alegaciones que se present\u00f3 a un expediente en informaci\u00f3n p\u00fablica.<br \/>\nLos ecologistas demandan que las alegaciones que formul\u00f3 al expediente de solicitud de instalar una embotelladora en el pueblo de Tejeda, expediente iniciado por el Ayuntamiento de dicha localidad. En dicha solicitud se contempla usar las aguas alumbradas en los manantiales de los nacientes el Molinillo y de la Mina, ambos ubicados en la Cuenca de Tejeda.<\/p>\n<p style=\"text-align:justify;\">Turc\u00f3n Ecologistas en Acci\u00f3n procedi\u00f3 a formular alegaciones, entendiamos que retraer aguas del manantial de la Mina, (del manantial del Molinillo, nos aclararon que nunca fueron trasvasadas), podr\u00eda poner en peligro la biota del Barranco de la Mina, pues desde hace m\u00e1s de 500 a\u00f1os, estas aguas eran trasvasadas de la Cuenca de Tejeda a la Cuenca de las Lagunetas o sea al Barranco de la Mina. El colectivo entend\u00eda que por el principio de precauci\u00f3n y dado el bajo volumen de aguas que son trasvasadas desde el naciente, por precauci\u00f3n y sin haber el estudio pertinente, no deber\u00eda de autorizarse. Nuestras alegaciones no fueron estimadas y en la respuesta obtenida por la v\u00eda de la exigencia, nos recriminaban no aportar informe pericial de lo que afirm\u00e1bamos y negaban que en dicho trasvase no hab\u00eda entubamientos ilegales que estuvieran detrayendo aguas y que los dos litros que pensaban obtener no influir\u00edan en las aguas trasvasadas pues ten\u00edan un uso en la actualidad (propiedad del ayuntamiento), para ahora usarse para la embotelladora. Esta afirmaci\u00f3n no es cre\u00edble para el colectivo, y recriminamos que en el Estudio de Impacto Ecol\u00f3gico que aportaba el expediente no se contemplaba la realidad, como es que las aguas del Naciente de La Mina son trasvasadas de tiempo inmemorial al barranco de la Mina, como no contempla el problema de los entubados en algunos casos asentados en autorizaciones y otros presuntamente ilegales, como de muchas triqui\u00f1uelas para detraer las aguas libres que bajaban por el barranco. Es m\u00e1s, afirmamos que si hay autorizaciones de entubados asentados en la legalidad despu\u00e9s de aprobarse la Ley de Espacios Naturales en 1987, quedar\u00edan invalidados si su autorizaci\u00f3n ha conllevado el afectar al caudal \u201cecol\u00f3gico del barranco\u201d<!--more--><\/p>\n<p style=\"text-align:justify;\">Desde este grupo ambientalista se les recrimina el desconocimiento por parte de la Consejer\u00eda de Industria de la problem\u00e1tica existente en el mentado barranco despu\u00e9s de estar en los tribunales desde 2012 y posteriores denuncias en la Fiscal\u00eda y otros departamentos de la administraci\u00f3n y con ello los r\u00edos de tinta que ha supuesto en la prensa escrita. Por ello dec\u00edamos que el expediente va viciado, no est\u00e1 sujeto a la realidad y no contempla dicho estudio de impacto, el trasvase de las aguas. Por lo que obviar la realidad puentea, sortea la realidad que motivar\u00eda a determinar el contemplar el caudal ecol\u00f3gico, pues se determinar\u00eda que el mismo es insuficiente para sostener los fr\u00e1giles ecosistemas del barranco y por tanto el deterioro de un ENP y es deber de la administraci\u00f3n coordinarse y tomar las decisiones necesarias para corregir las afecciones, decisiones y posturas contrarias a la protecci\u00f3n del Espacio Natural Protegido y todo ello en aras del principio de precauci\u00f3n y con el fin \u00faltimo de la preservaci\u00f3n de un bien natural reconocido por el ordenamiento medioambiental canario.<\/p>\n<p style=\"text-align:justify;\">Por ello ateni\u00e9ndonos a la informaci\u00f3n recibida y aportada hemos puesto todos estos testimonios y manifestaciones en el Juzgado que lleva actualmente el expediente por si determinara que se ha vulnerado, o cometido presuntamente indicios de delito, pues entendemos que autorizar, de culminar el procedimiento, de declaraci\u00f3n de la \u00abcondici\u00f3n del Agua como recurso al amparo de la Ley de Minas, Agua Minero-Medicinal, en la categor\u00eda de *Agua Mineral Natural* \u00bb estando abierto el expediente (no se contest\u00f3 a las alegaciones como es preceptivo), no proced\u00eda legalmente, hacerlo.<br \/>\nAl tiempo se ha remitido a diferentes administraciones que tienen competencias en aguas o Medio Ambiente, para que cumplan con su cometido de defensa del Medio Ambiente y se personen en el expediente pues debieron hacerlo cuando la Consejer\u00eda de Industria les remiti\u00f3 el mismo.<\/p>\n","protected":false},"excerpt":{"rendered":"<p>Los ecologistas pondr\u00e1n esas aseveraciones de industria en manos de los juzgados. Explican desde este colectivo han vuelto a dirigir una vez m\u00e1s a la Consejer\u00eda de Industria en respuesta a las explicaciones dadas a tan controvertido y contestado tema, por las aguas que pretenden obtener para la embotelladora de Tejeda. Estas respuestas fueron obtenidas [&hellip;]<\/p>\n","protected":false},"author":2,"featured_media":0,"comment_status":"open","ping_status":"open","sticky":false,"template":"","format":"standard","meta":{"footnotes":""},"categories":[8,10,37,41,46],"tags":[256,661,1614],"class_list":["post-11851","post","type-post","status-publish","format-standard","hentry","category-administracion-publica","category-agua","category-espacios-naturales","category-gran-canaria","category-notas-de-prensa-de-turcon","tag-barraco-de-la-mina","tag-embotelladora","tag-tejeda"],"yoast_head":"<!-- This site is optimized with the Yoast SEO plugin v26.3 - https:\/\/yoast.com\/wordpress\/plugins\/seo\/ -->\n<title>Insistimos en no aceptar las explicaciones de Industria por las aguas de la embotelladora de Tejeda - Colectivo Ecologista Turcon<\/title>\n<meta name=\"robots\" content=\"index, follow, max-snippet:-1, max-image-preview:large, max-video-preview:-1\" \/>\n<link rel=\"canonical\" href=\"https:\/\/turcon.es\/wp\/insistimos-en-no-aceptar-las-explicaciones-de-industria-por-las-aguas-de-la-embotelladora-de-tejeda\/\" \/>\n<meta property=\"og:locale\" content=\"es_ES\" \/>\n<meta property=\"og:type\" content=\"article\" \/>\n<meta property=\"og:title\" content=\"Insistimos en no aceptar las explicaciones de Industria por las aguas de la embotelladora de Tejeda - Colectivo Ecologista Turcon\" \/>\n<meta property=\"og:description\" content=\"Los ecologistas pondr\u00e1n esas aseveraciones de industria en manos de los juzgados. Explican desde este colectivo han vuelto a dirigir una vez m\u00e1s a la Consejer\u00eda de Industria en respuesta a las explicaciones dadas a tan controvertido y contestado tema, por las aguas que pretenden obtener para la embotelladora de Tejeda. Estas respuestas fueron obtenidas [&hellip;]\" \/>\n<meta property=\"og:url\" content=\"https:\/\/turcon.es\/wp\/insistimos-en-no-aceptar-las-explicaciones-de-industria-por-las-aguas-de-la-embotelladora-de-tejeda\/\" \/>\n<meta property=\"og:site_name\" content=\"Colectivo Ecologista Turcon\" \/>\n<meta property=\"article:published_time\" content=\"2016-01-24T20:41:19+00:00\" \/>\n<meta property=\"og:image\" content=\"https:\/\/turcon.es\/wp\/wp-content\/uploads\/2015\/12\/20141130_114621-1600x1200-1.jpg\" \/>\n\t<meta property=\"og:image:width\" content=\"675\" \/>\n\t<meta property=\"og:image:height\" content=\"1200\" \/>\n\t<meta property=\"og:image:type\" content=\"image\/jpeg\" \/>\n<meta name=\"author\" content=\"Laura Fernandez\" \/>\n<meta name=\"twitter:card\" content=\"summary_large_image\" \/>\n<meta name=\"twitter:label1\" content=\"Escrito por\" \/>\n\t<meta name=\"twitter:data1\" content=\"Laura Fernandez\" \/>\n\t<meta name=\"twitter:label2\" content=\"Tiempo de lectura\" \/>\n\t<meta name=\"twitter:data2\" content=\"4 minutos\" \/>\n<script type=\"application\/ld+json\" class=\"yoast-schema-graph\">{\"@context\":\"https:\/\/schema.org\",\"@graph\":[{\"@type\":\"Article\",\"@id\":\"https:\/\/turcon.es\/wp\/insistimos-en-no-aceptar-las-explicaciones-de-industria-por-las-aguas-de-la-embotelladora-de-tejeda\/#article\",\"isPartOf\":{\"@id\":\"https:\/\/turcon.es\/wp\/insistimos-en-no-aceptar-las-explicaciones-de-industria-por-las-aguas-de-la-embotelladora-de-tejeda\/\"},\"author\":{\"name\":\"Laura Fernandez\",\"@id\":\"https:\/\/turcon.es\/wp\/#\/schema\/person\/a1f3ba727ce031d9da17684affe85edd\"},\"headline\":\"Insistimos en no aceptar las explicaciones de Industria por las aguas de la embotelladora de Tejeda\",\"datePublished\":\"2016-01-24T20:41:19+00:00\",\"mainEntityOfPage\":{\"@id\":\"https:\/\/turcon.es\/wp\/insistimos-en-no-aceptar-las-explicaciones-de-industria-por-las-aguas-de-la-embotelladora-de-tejeda\/\"},\"wordCount\":850,\"commentCount\":0,\"publisher\":{\"@id\":\"https:\/\/turcon.es\/wp\/#organization\"},\"image\":{\"@id\":\"https:\/\/turcon.es\/wp\/insistimos-en-no-aceptar-las-explicaciones-de-industria-por-las-aguas-de-la-embotelladora-de-tejeda\/#primaryimage\"},\"thumbnailUrl\":\"https:\/\/turcon.es\/wp\/wp-content\/uploads\/2015\/12\/20141130_114621-1600x1200.jpg?w=169\",\"keywords\":[\"Barraco de La Mina\",\"Embotelladora\",\"Tejeda\"],\"articleSection\":[\"Administraci\u00f3n p\u00fablica\",\"Agua\",\"Espacios Naturales\",\"Gran Canaria\",\"Notas de prensa de Turc\u00f3n\"],\"inLanguage\":\"es\",\"potentialAction\":[{\"@type\":\"CommentAction\",\"name\":\"Comment\",\"target\":[\"https:\/\/turcon.es\/wp\/insistimos-en-no-aceptar-las-explicaciones-de-industria-por-las-aguas-de-la-embotelladora-de-tejeda\/#respond\"]}]},{\"@type\":\"WebPage\",\"@id\":\"https:\/\/turcon.es\/wp\/insistimos-en-no-aceptar-las-explicaciones-de-industria-por-las-aguas-de-la-embotelladora-de-tejeda\/\",\"url\":\"https:\/\/turcon.es\/wp\/insistimos-en-no-aceptar-las-explicaciones-de-industria-por-las-aguas-de-la-embotelladora-de-tejeda\/\",\"name\":\"Insistimos en no aceptar las explicaciones de Industria por las aguas de la embotelladora de Tejeda - Colectivo Ecologista Turcon\",\"isPartOf\":{\"@id\":\"https:\/\/turcon.es\/wp\/#website\"},\"primaryImageOfPage\":{\"@id\":\"https:\/\/turcon.es\/wp\/insistimos-en-no-aceptar-las-explicaciones-de-industria-por-las-aguas-de-la-embotelladora-de-tejeda\/#primaryimage\"},\"image\":{\"@id\":\"https:\/\/turcon.es\/wp\/insistimos-en-no-aceptar-las-explicaciones-de-industria-por-las-aguas-de-la-embotelladora-de-tejeda\/#primaryimage\"},\"thumbnailUrl\":\"https:\/\/turcon.es\/wp\/wp-content\/uploads\/2015\/12\/20141130_114621-1600x1200.jpg?w=169\",\"datePublished\":\"2016-01-24T20:41:19+00:00\",\"breadcrumb\":{\"@id\":\"https:\/\/turcon.es\/wp\/insistimos-en-no-aceptar-las-explicaciones-de-industria-por-las-aguas-de-la-embotelladora-de-tejeda\/#breadcrumb\"},\"inLanguage\":\"es\",\"potentialAction\":[{\"@type\":\"ReadAction\",\"target\":[\"https:\/\/turcon.es\/wp\/insistimos-en-no-aceptar-las-explicaciones-de-industria-por-las-aguas-de-la-embotelladora-de-tejeda\/\"]}]},{\"@type\":\"ImageObject\",\"inLanguage\":\"es\",\"@id\":\"https:\/\/turcon.es\/wp\/insistimos-en-no-aceptar-las-explicaciones-de-industria-por-las-aguas-de-la-embotelladora-de-tejeda\/#primaryimage\",\"url\":\"https:\/\/turcon.es\/wp\/wp-content\/uploads\/2015\/12\/20141130_114621-1600x1200.jpg?w=169\",\"contentUrl\":\"https:\/\/turcon.es\/wp\/wp-content\/uploads\/2015\/12\/20141130_114621-1600x1200.jpg?w=169\"},{\"@type\":\"BreadcrumbList\",\"@id\":\"https:\/\/turcon.es\/wp\/insistimos-en-no-aceptar-las-explicaciones-de-industria-por-las-aguas-de-la-embotelladora-de-tejeda\/#breadcrumb\",\"itemListElement\":[{\"@type\":\"ListItem\",\"position\":1,\"name\":\"Portada\",\"item\":\"https:\/\/turcon.es\/wp\/\"},{\"@type\":\"ListItem\",\"position\":2,\"name\":\"Insistimos en no aceptar las explicaciones de Industria por las aguas de la embotelladora de Tejeda\"}]},{\"@type\":\"WebSite\",\"@id\":\"https:\/\/turcon.es\/wp\/#website\",\"url\":\"https:\/\/turcon.es\/wp\/\",\"name\":\"Colectivo Ecologista Turcon\",\"description\":\"\",\"publisher\":{\"@id\":\"https:\/\/turcon.es\/wp\/#organization\"},\"potentialAction\":[{\"@type\":\"SearchAction\",\"target\":{\"@type\":\"EntryPoint\",\"urlTemplate\":\"https:\/\/turcon.es\/wp\/?s={search_term_string}\"},\"query-input\":{\"@type\":\"PropertyValueSpecification\",\"valueRequired\":true,\"valueName\":\"search_term_string\"}}],\"inLanguage\":\"es\"},{\"@type\":\"Organization\",\"@id\":\"https:\/\/turcon.es\/wp\/#organization\",\"name\":\"Colectivo Ecologista Turcon\",\"url\":\"https:\/\/turcon.es\/wp\/\",\"logo\":{\"@type\":\"ImageObject\",\"inLanguage\":\"es\",\"@id\":\"https:\/\/turcon.es\/wp\/#\/schema\/logo\/image\/\",\"url\":\"https:\/\/turcon.es\/wp\/wp-content\/uploads\/2025\/03\/logo-verde.svg\",\"contentUrl\":\"https:\/\/turcon.es\/wp\/wp-content\/uploads\/2025\/03\/logo-verde.svg\",\"width\":813,\"height\":813,\"caption\":\"Colectivo Ecologista Turcon\"},\"image\":{\"@id\":\"https:\/\/turcon.es\/wp\/#\/schema\/logo\/image\/\"}},{\"@type\":\"Person\",\"@id\":\"https:\/\/turcon.es\/wp\/#\/schema\/person\/a1f3ba727ce031d9da17684affe85edd\",\"name\":\"Laura Fernandez\",\"image\":{\"@type\":\"ImageObject\",\"inLanguage\":\"es\",\"@id\":\"https:\/\/turcon.es\/wp\/#\/schema\/person\/image\/\",\"url\":\"https:\/\/secure.gravatar.com\/avatar\/360749af9549af22e54582d50231ae56e854210ae2368797ba242f445a9852e8?s=96&d=mm&r=g\",\"contentUrl\":\"https:\/\/secure.gravatar.com\/avatar\/360749af9549af22e54582d50231ae56e854210ae2368797ba242f445a9852e8?s=96&d=mm&r=g\",\"caption\":\"Laura Fernandez\"},\"url\":\"https:\/\/turcon.es\/wp\/author\/admturcon\/\"}]}<\/script>\n<!-- \/ Yoast SEO plugin. -->","yoast_head_json":{"title":"Insistimos en no aceptar las explicaciones de Industria por las aguas de la embotelladora de Tejeda - Colectivo Ecologista Turcon","robots":{"index":"index","follow":"follow","max-snippet":"max-snippet:-1","max-image-preview":"max-image-preview:large","max-video-preview":"max-video-preview:-1"},"canonical":"https:\/\/turcon.es\/wp\/insistimos-en-no-aceptar-las-explicaciones-de-industria-por-las-aguas-de-la-embotelladora-de-tejeda\/","og_locale":"es_ES","og_type":"article","og_title":"Insistimos en no aceptar las explicaciones de Industria por las aguas de la embotelladora de Tejeda - Colectivo Ecologista Turcon","og_description":"Los ecologistas pondr\u00e1n esas aseveraciones de industria en manos de los juzgados. Explican desde este colectivo han vuelto a dirigir una vez m\u00e1s a la Consejer\u00eda de Industria en respuesta a las explicaciones dadas a tan controvertido y contestado tema, por las aguas que pretenden obtener para la embotelladora de Tejeda. Estas respuestas fueron obtenidas [&hellip;]","og_url":"https:\/\/turcon.es\/wp\/insistimos-en-no-aceptar-las-explicaciones-de-industria-por-las-aguas-de-la-embotelladora-de-tejeda\/","og_site_name":"Colectivo Ecologista Turcon","article_published_time":"2016-01-24T20:41:19+00:00","og_image":[{"width":675,"height":1200,"url":"https:\/\/turcon.es\/wp\/wp-content\/uploads\/2015\/12\/20141130_114621-1600x1200-1.jpg","type":"image\/jpeg"}],"author":"Laura Fernandez","twitter_card":"summary_large_image","twitter_misc":{"Escrito por":"Laura Fernandez","Tiempo de lectura":"4 minutos"},"schema":{"@context":"https:\/\/schema.org","@graph":[{"@type":"Article","@id":"https:\/\/turcon.es\/wp\/insistimos-en-no-aceptar-las-explicaciones-de-industria-por-las-aguas-de-la-embotelladora-de-tejeda\/#article","isPartOf":{"@id":"https:\/\/turcon.es\/wp\/insistimos-en-no-aceptar-las-explicaciones-de-industria-por-las-aguas-de-la-embotelladora-de-tejeda\/"},"author":{"name":"Laura Fernandez","@id":"https:\/\/turcon.es\/wp\/#\/schema\/person\/a1f3ba727ce031d9da17684affe85edd"},"headline":"Insistimos en no aceptar las explicaciones de Industria por las aguas de la embotelladora de Tejeda","datePublished":"2016-01-24T20:41:19+00:00","mainEntityOfPage":{"@id":"https:\/\/turcon.es\/wp\/insistimos-en-no-aceptar-las-explicaciones-de-industria-por-las-aguas-de-la-embotelladora-de-tejeda\/"},"wordCount":850,"commentCount":0,"publisher":{"@id":"https:\/\/turcon.es\/wp\/#organization"},"image":{"@id":"https:\/\/turcon.es\/wp\/insistimos-en-no-aceptar-las-explicaciones-de-industria-por-las-aguas-de-la-embotelladora-de-tejeda\/#primaryimage"},"thumbnailUrl":"https:\/\/turcon.es\/wp\/wp-content\/uploads\/2015\/12\/20141130_114621-1600x1200.jpg?w=169","keywords":["Barraco de La Mina","Embotelladora","Tejeda"],"articleSection":["Administraci\u00f3n p\u00fablica","Agua","Espacios Naturales","Gran Canaria","Notas de prensa de Turc\u00f3n"],"inLanguage":"es","potentialAction":[{"@type":"CommentAction","name":"Comment","target":["https:\/\/turcon.es\/wp\/insistimos-en-no-aceptar-las-explicaciones-de-industria-por-las-aguas-de-la-embotelladora-de-tejeda\/#respond"]}]},{"@type":"WebPage","@id":"https:\/\/turcon.es\/wp\/insistimos-en-no-aceptar-las-explicaciones-de-industria-por-las-aguas-de-la-embotelladora-de-tejeda\/","url":"https:\/\/turcon.es\/wp\/insistimos-en-no-aceptar-las-explicaciones-de-industria-por-las-aguas-de-la-embotelladora-de-tejeda\/","name":"Insistimos en no aceptar las explicaciones de Industria por las aguas de la embotelladora de Tejeda - Colectivo Ecologista Turcon","isPartOf":{"@id":"https:\/\/turcon.es\/wp\/#website"},"primaryImageOfPage":{"@id":"https:\/\/turcon.es\/wp\/insistimos-en-no-aceptar-las-explicaciones-de-industria-por-las-aguas-de-la-embotelladora-de-tejeda\/#primaryimage"},"image":{"@id":"https:\/\/turcon.es\/wp\/insistimos-en-no-aceptar-las-explicaciones-de-industria-por-las-aguas-de-la-embotelladora-de-tejeda\/#primaryimage"},"thumbnailUrl":"https:\/\/turcon.es\/wp\/wp-content\/uploads\/2015\/12\/20141130_114621-1600x1200.jpg?w=169","datePublished":"2016-01-24T20:41:19+00:00","breadcrumb":{"@id":"https:\/\/turcon.es\/wp\/insistimos-en-no-aceptar-las-explicaciones-de-industria-por-las-aguas-de-la-embotelladora-de-tejeda\/#breadcrumb"},"inLanguage":"es","potentialAction":[{"@type":"ReadAction","target":["https:\/\/turcon.es\/wp\/insistimos-en-no-aceptar-las-explicaciones-de-industria-por-las-aguas-de-la-embotelladora-de-tejeda\/"]}]},{"@type":"ImageObject","inLanguage":"es","@id":"https:\/\/turcon.es\/wp\/insistimos-en-no-aceptar-las-explicaciones-de-industria-por-las-aguas-de-la-embotelladora-de-tejeda\/#primaryimage","url":"https:\/\/turcon.es\/wp\/wp-content\/uploads\/2015\/12\/20141130_114621-1600x1200.jpg?w=169","contentUrl":"https:\/\/turcon.es\/wp\/wp-content\/uploads\/2015\/12\/20141130_114621-1600x1200.jpg?w=169"},{"@type":"BreadcrumbList","@id":"https:\/\/turcon.es\/wp\/insistimos-en-no-aceptar-las-explicaciones-de-industria-por-las-aguas-de-la-embotelladora-de-tejeda\/#breadcrumb","itemListElement":[{"@type":"ListItem","position":1,"name":"Portada","item":"https:\/\/turcon.es\/wp\/"},{"@type":"ListItem","position":2,"name":"Insistimos en no aceptar las explicaciones de Industria por las aguas de la embotelladora de Tejeda"}]},{"@type":"WebSite","@id":"https:\/\/turcon.es\/wp\/#website","url":"https:\/\/turcon.es\/wp\/","name":"Colectivo Ecologista Turcon","description":"","publisher":{"@id":"https:\/\/turcon.es\/wp\/#organization"},"potentialAction":[{"@type":"SearchAction","target":{"@type":"EntryPoint","urlTemplate":"https:\/\/turcon.es\/wp\/?s={search_term_string}"},"query-input":{"@type":"PropertyValueSpecification","valueRequired":true,"valueName":"search_term_string"}}],"inLanguage":"es"},{"@type":"Organization","@id":"https:\/\/turcon.es\/wp\/#organization","name":"Colectivo Ecologista Turcon","url":"https:\/\/turcon.es\/wp\/","logo":{"@type":"ImageObject","inLanguage":"es","@id":"https:\/\/turcon.es\/wp\/#\/schema\/logo\/image\/","url":"https:\/\/turcon.es\/wp\/wp-content\/uploads\/2025\/03\/logo-verde.svg","contentUrl":"https:\/\/turcon.es\/wp\/wp-content\/uploads\/2025\/03\/logo-verde.svg","width":813,"height":813,"caption":"Colectivo Ecologista Turcon"},"image":{"@id":"https:\/\/turcon.es\/wp\/#\/schema\/logo\/image\/"}},{"@type":"Person","@id":"https:\/\/turcon.es\/wp\/#\/schema\/person\/a1f3ba727ce031d9da17684affe85edd","name":"Laura Fernandez","image":{"@type":"ImageObject","inLanguage":"es","@id":"https:\/\/turcon.es\/wp\/#\/schema\/person\/image\/","url":"https:\/\/secure.gravatar.com\/avatar\/360749af9549af22e54582d50231ae56e854210ae2368797ba242f445a9852e8?s=96&d=mm&r=g","contentUrl":"https:\/\/secure.gravatar.com\/avatar\/360749af9549af22e54582d50231ae56e854210ae2368797ba242f445a9852e8?s=96&d=mm&r=g","caption":"Laura Fernandez"},"url":"https:\/\/turcon.es\/wp\/author\/admturcon\/"}]}},"_links":{"self":[{"href":"https:\/\/turcon.es\/wp\/wp-json\/wp\/v2\/posts\/11851","targetHints":{"allow":["GET"]}}],"collection":[{"href":"https:\/\/turcon.es\/wp\/wp-json\/wp\/v2\/posts"}],"about":[{"href":"https:\/\/turcon.es\/wp\/wp-json\/wp\/v2\/types\/post"}],"author":[{"embeddable":true,"href":"https:\/\/turcon.es\/wp\/wp-json\/wp\/v2\/users\/2"}],"replies":[{"embeddable":true,"href":"https:\/\/turcon.es\/wp\/wp-json\/wp\/v2\/comments?post=11851"}],"version-history":[{"count":0,"href":"https:\/\/turcon.es\/wp\/wp-json\/wp\/v2\/posts\/11851\/revisions"}],"wp:attachment":[{"href":"https:\/\/turcon.es\/wp\/wp-json\/wp\/v2\/media?parent=11851"}],"wp:term":[{"taxonomy":"category","embeddable":true,"href":"https:\/\/turcon.es\/wp\/wp-json\/wp\/v2\/categories?post=11851"},{"taxonomy":"post_tag","embeddable":true,"href":"https:\/\/turcon.es\/wp\/wp-json\/wp\/v2\/tags?post=11851"}],"curies":[{"name":"wp","href":"https:\/\/api.w.org\/{rel}","templated":true}]}}