{"id":14136,"date":"2008-05-02T22:10:57","date_gmt":"2008-05-02T22:10:57","guid":{"rendered":"http:\/\/turcon.wordpress.com\/?p=28"},"modified":"2008-05-02T22:10:57","modified_gmt":"2008-05-02T22:10:57","slug":"foresta-advierte-del-gran-riesgo-de-incendios-este-verano-en-gran-canaria","status":"publish","type":"post","link":"https:\/\/turcon.es\/wp\/foresta-advierte-del-gran-riesgo-de-incendios-este-verano-en-gran-canaria\/","title":{"rendered":"Foresta advierte del gran riesgo de incendios este verano en Canarias"},"content":{"rendered":"<p><a href=\"http:\/\/turcon.es\/wp\/wp-content\/uploads\/2008\/05\/incendigrancanaria.jpg\"><img fetchpriority=\"high\" decoding=\"async\" class=\"alignleft size-medium wp-image-29\" src=\"http:\/\/turcon.es\/wp\/wp-content\/uploads\/2008\/05\/incendigrancanaria.jpg?w=270\" alt=\"\" width=\"270\" height=\"270\" \/><\/a>La Provincia, 1-5-2008<\/p>\n<p>Esther Medina Alvarez<\/p>\n<p><span class=\"noticia_texto\">La Fundaci\u00f3n Canaria para la Reforestaci\u00f3n (Foresta), advierte que el que se avecina ser\u00e1 un verano \u00abespecialmente peligroso para la masa forestal en Canarias\u00bb en cuanto a incendios y recuerda que en la Isla \u00abya se han producido peque\u00f1os conatos que han sido sofocados\u00bb.<\/span><\/p>\n<p>El gerente de la fundaci\u00f3n, Sergio Armas, asegura que \u00abes de vital importancia\u00bb que el Archipi\u00e9lago cuente con \u00abm\u00e1s medios a\u00e9reos de forma permanente, sobre todo en los meses que se antojan de alto riesgo por elevadas temperaturas y bajos \u00edndices de humedad ambiental\u00bb. As\u00ed, \u00abuna buena pol\u00edtica contra incendios pasa por invertir en prevenci\u00f3n\u00bb.<\/p>\n<p><!--more-->Seg\u00fan Foresta, los fondos de los barrancos son las zonas de m\u00e1s alto riesgo de fuego, \u00absobre todo en la vertiente norte y en superficies que lindan con espacios residenciales\u00bb, ya que el abandono de los campos y las actividades tradicionales han propiciado que estos lugares se conviertan en zonas de gran riesgo ante una cat\u00e1strofe de esta magnitud.<\/p>\n<p>Entre las consecuencias evidentes del cambio clim\u00e1tico, a\u00f1ade Sergio Armas, est\u00e1 \u00abno s\u00f3lo que se adelanten los meses de riesgo, sino que las tareas de control y extinci\u00f3n del fuego sean m\u00e1s complicadas y, por tanto, menos resolutivas\u00bb.<\/p>\n<p>A todo ello hay que a\u00f1adir \u00abel alto \u00edndice de fuegos provocados de forma no natural\u00bb fundamentalmente por la falta de educaci\u00f3n medioambiental y conciencia social\u00bb. En ese sentido resalta la importancia de las acciones formativas y las labores de limpieza de los montes, caminos y accesos, y la instalaci\u00f3n de cortafuegos.<\/p>\n<p>Por otro lado, el gerente de la fundaci\u00f3n apunta que \u00abla regla del 30 es el principal enemigo de los bosques\u00bb, es decir, \u00abaltas temperaturas, vientos por encima de los 30 kil\u00f3metros por hora y una humedad relativa inferior al 30%\u00bb.<\/p>\n","protected":false},"excerpt":{"rendered":"<p>La Provincia, 1-5-2008 Esther Medina Alvarez La Fundaci\u00f3n Canaria para la Reforestaci\u00f3n (Foresta), advierte que el que se avecina ser\u00e1 un verano \u00abespecialmente peligroso para la masa forestal en Canarias\u00bb en cuanto a incendios y recuerda que en la Isla \u00abya se han producido peque\u00f1os conatos que han sido sofocados\u00bb. El gerente de la fundaci\u00f3n, [&hellip;]<\/p>\n","protected":false},"author":2,"featured_media":0,"comment_status":"open","ping_status":"open","sticky":false,"template":"","format":"standard","meta":{"footnotes":""},"categories":[29,37],"tags":[341,891],"class_list":["post-14136","post","type-post","status-publish","format-standard","hentry","category-desertizacion-y-reforestacion","category-espacios-naturales","tag-canarias","tag-incendios"],"yoast_head":"<!-- This site is optimized with the Yoast SEO plugin v26.3 - https:\/\/yoast.com\/wordpress\/plugins\/seo\/ -->\n<title>Foresta advierte del gran riesgo de incendios este verano en Canarias - Colectivo Ecologista Turcon<\/title>\n<meta name=\"robots\" content=\"index, follow, max-snippet:-1, max-image-preview:large, max-video-preview:-1\" \/>\n<link rel=\"canonical\" href=\"https:\/\/turcon.es\/wp\/foresta-advierte-del-gran-riesgo-de-incendios-este-verano-en-gran-canaria\/\" \/>\n<meta property=\"og:locale\" content=\"es_ES\" \/>\n<meta property=\"og:type\" content=\"article\" \/>\n<meta property=\"og:title\" content=\"Foresta advierte del gran riesgo de incendios este verano en Canarias - Colectivo Ecologista Turcon\" \/>\n<meta property=\"og:description\" content=\"La Provincia, 1-5-2008 Esther Medina Alvarez La Fundaci\u00f3n Canaria para la Reforestaci\u00f3n (Foresta), advierte que el que se avecina ser\u00e1 un verano \u00abespecialmente peligroso para la masa forestal en Canarias\u00bb en cuanto a incendios y recuerda que en la Isla \u00abya se han producido peque\u00f1os conatos que han sido sofocados\u00bb. El gerente de la fundaci\u00f3n, [&hellip;]\" \/>\n<meta property=\"og:url\" content=\"https:\/\/turcon.es\/wp\/foresta-advierte-del-gran-riesgo-de-incendios-este-verano-en-gran-canaria\/\" \/>\n<meta property=\"og:site_name\" content=\"Colectivo Ecologista Turcon\" \/>\n<meta property=\"article:published_time\" content=\"2008-05-02T22:10:57+00:00\" \/>\n<meta name=\"author\" content=\"Laura Fernandez\" \/>\n<meta name=\"twitter:card\" content=\"summary_large_image\" \/>\n<meta name=\"twitter:label1\" content=\"Escrito por\" \/>\n\t<meta name=\"twitter:data1\" content=\"Laura Fernandez\" \/>\n\t<meta name=\"twitter:label2\" content=\"Tiempo de lectura\" \/>\n\t<meta name=\"twitter:data2\" content=\"2 minutos\" \/>\n<script type=\"application\/ld+json\" class=\"yoast-schema-graph\">{\"@context\":\"https:\/\/schema.org\",\"@graph\":[{\"@type\":\"Article\",\"@id\":\"https:\/\/turcon.es\/wp\/foresta-advierte-del-gran-riesgo-de-incendios-este-verano-en-gran-canaria\/#article\",\"isPartOf\":{\"@id\":\"https:\/\/turcon.es\/wp\/foresta-advierte-del-gran-riesgo-de-incendios-este-verano-en-gran-canaria\/\"},\"author\":{\"name\":\"Laura Fernandez\",\"@id\":\"https:\/\/turcon.es\/wp\/#\/schema\/person\/a1f3ba727ce031d9da17684affe85edd\"},\"headline\":\"Foresta advierte del gran riesgo de incendios este verano en Canarias\",\"datePublished\":\"2008-05-02T22:10:57+00:00\",\"mainEntityOfPage\":{\"@id\":\"https:\/\/turcon.es\/wp\/foresta-advierte-del-gran-riesgo-de-incendios-este-verano-en-gran-canaria\/\"},\"wordCount\":326,\"commentCount\":0,\"publisher\":{\"@id\":\"https:\/\/turcon.es\/wp\/#organization\"},\"image\":{\"@id\":\"https:\/\/turcon.es\/wp\/foresta-advierte-del-gran-riesgo-de-incendios-este-verano-en-gran-canaria\/#primaryimage\"},\"thumbnailUrl\":\"http:\/\/turcon.es\/wp\/wp-content\/uploads\/2008\/05\/incendigrancanaria.jpg?w=270\",\"keywords\":[\"Canarias\",\"Incendios\"],\"articleSection\":[\"Desertizaci\u00f3n y reforestaci\u00f3n\",\"Espacios Naturales\"],\"inLanguage\":\"es\",\"potentialAction\":[{\"@type\":\"CommentAction\",\"name\":\"Comment\",\"target\":[\"https:\/\/turcon.es\/wp\/foresta-advierte-del-gran-riesgo-de-incendios-este-verano-en-gran-canaria\/#respond\"]}]},{\"@type\":\"WebPage\",\"@id\":\"https:\/\/turcon.es\/wp\/foresta-advierte-del-gran-riesgo-de-incendios-este-verano-en-gran-canaria\/\",\"url\":\"https:\/\/turcon.es\/wp\/foresta-advierte-del-gran-riesgo-de-incendios-este-verano-en-gran-canaria\/\",\"name\":\"Foresta advierte del gran riesgo de incendios este verano en Canarias - Colectivo Ecologista Turcon\",\"isPartOf\":{\"@id\":\"https:\/\/turcon.es\/wp\/#website\"},\"primaryImageOfPage\":{\"@id\":\"https:\/\/turcon.es\/wp\/foresta-advierte-del-gran-riesgo-de-incendios-este-verano-en-gran-canaria\/#primaryimage\"},\"image\":{\"@id\":\"https:\/\/turcon.es\/wp\/foresta-advierte-del-gran-riesgo-de-incendios-este-verano-en-gran-canaria\/#primaryimage\"},\"thumbnailUrl\":\"http:\/\/turcon.es\/wp\/wp-content\/uploads\/2008\/05\/incendigrancanaria.jpg?w=270\",\"datePublished\":\"2008-05-02T22:10:57+00:00\",\"breadcrumb\":{\"@id\":\"https:\/\/turcon.es\/wp\/foresta-advierte-del-gran-riesgo-de-incendios-este-verano-en-gran-canaria\/#breadcrumb\"},\"inLanguage\":\"es\",\"potentialAction\":[{\"@type\":\"ReadAction\",\"target\":[\"https:\/\/turcon.es\/wp\/foresta-advierte-del-gran-riesgo-de-incendios-este-verano-en-gran-canaria\/\"]}]},{\"@type\":\"ImageObject\",\"inLanguage\":\"es\",\"@id\":\"https:\/\/turcon.es\/wp\/foresta-advierte-del-gran-riesgo-de-incendios-este-verano-en-gran-canaria\/#primaryimage\",\"url\":\"http:\/\/turcon.es\/wp\/wp-content\/uploads\/2008\/05\/incendigrancanaria.jpg?w=270\",\"contentUrl\":\"http:\/\/turcon.es\/wp\/wp-content\/uploads\/2008\/05\/incendigrancanaria.jpg?w=270\"},{\"@type\":\"BreadcrumbList\",\"@id\":\"https:\/\/turcon.es\/wp\/foresta-advierte-del-gran-riesgo-de-incendios-este-verano-en-gran-canaria\/#breadcrumb\",\"itemListElement\":[{\"@type\":\"ListItem\",\"position\":1,\"name\":\"Portada\",\"item\":\"https:\/\/turcon.es\/wp\/\"},{\"@type\":\"ListItem\",\"position\":2,\"name\":\"Foresta advierte del gran riesgo de incendios este verano en Canarias\"}]},{\"@type\":\"WebSite\",\"@id\":\"https:\/\/turcon.es\/wp\/#website\",\"url\":\"https:\/\/turcon.es\/wp\/\",\"name\":\"Colectivo Ecologista Turcon\",\"description\":\"\",\"publisher\":{\"@id\":\"https:\/\/turcon.es\/wp\/#organization\"},\"potentialAction\":[{\"@type\":\"SearchAction\",\"target\":{\"@type\":\"EntryPoint\",\"urlTemplate\":\"https:\/\/turcon.es\/wp\/?s={search_term_string}\"},\"query-input\":{\"@type\":\"PropertyValueSpecification\",\"valueRequired\":true,\"valueName\":\"search_term_string\"}}],\"inLanguage\":\"es\"},{\"@type\":\"Organization\",\"@id\":\"https:\/\/turcon.es\/wp\/#organization\",\"name\":\"Colectivo Ecologista Turcon\",\"url\":\"https:\/\/turcon.es\/wp\/\",\"logo\":{\"@type\":\"ImageObject\",\"inLanguage\":\"es\",\"@id\":\"https:\/\/turcon.es\/wp\/#\/schema\/logo\/image\/\",\"url\":\"https:\/\/turcon.es\/wp\/wp-content\/uploads\/2025\/03\/logo-verde.svg\",\"contentUrl\":\"https:\/\/turcon.es\/wp\/wp-content\/uploads\/2025\/03\/logo-verde.svg\",\"width\":813,\"height\":813,\"caption\":\"Colectivo Ecologista Turcon\"},\"image\":{\"@id\":\"https:\/\/turcon.es\/wp\/#\/schema\/logo\/image\/\"}},{\"@type\":\"Person\",\"@id\":\"https:\/\/turcon.es\/wp\/#\/schema\/person\/a1f3ba727ce031d9da17684affe85edd\",\"name\":\"Laura Fernandez\",\"image\":{\"@type\":\"ImageObject\",\"inLanguage\":\"es\",\"@id\":\"https:\/\/turcon.es\/wp\/#\/schema\/person\/image\/\",\"url\":\"https:\/\/secure.gravatar.com\/avatar\/360749af9549af22e54582d50231ae56e854210ae2368797ba242f445a9852e8?s=96&d=mm&r=g\",\"contentUrl\":\"https:\/\/secure.gravatar.com\/avatar\/360749af9549af22e54582d50231ae56e854210ae2368797ba242f445a9852e8?s=96&d=mm&r=g\",\"caption\":\"Laura Fernandez\"},\"url\":\"https:\/\/turcon.es\/wp\/author\/admturcon\/\"}]}<\/script>\n<!-- \/ Yoast SEO plugin. -->","yoast_head_json":{"title":"Foresta advierte del gran riesgo de incendios este verano en Canarias - Colectivo Ecologista Turcon","robots":{"index":"index","follow":"follow","max-snippet":"max-snippet:-1","max-image-preview":"max-image-preview:large","max-video-preview":"max-video-preview:-1"},"canonical":"https:\/\/turcon.es\/wp\/foresta-advierte-del-gran-riesgo-de-incendios-este-verano-en-gran-canaria\/","og_locale":"es_ES","og_type":"article","og_title":"Foresta advierte del gran riesgo de incendios este verano en Canarias - Colectivo Ecologista Turcon","og_description":"La Provincia, 1-5-2008 Esther Medina Alvarez La Fundaci\u00f3n Canaria para la Reforestaci\u00f3n (Foresta), advierte que el que se avecina ser\u00e1 un verano \u00abespecialmente peligroso para la masa forestal en Canarias\u00bb en cuanto a incendios y recuerda que en la Isla \u00abya se han producido peque\u00f1os conatos que han sido sofocados\u00bb. El gerente de la fundaci\u00f3n, [&hellip;]","og_url":"https:\/\/turcon.es\/wp\/foresta-advierte-del-gran-riesgo-de-incendios-este-verano-en-gran-canaria\/","og_site_name":"Colectivo Ecologista Turcon","article_published_time":"2008-05-02T22:10:57+00:00","author":"Laura Fernandez","twitter_card":"summary_large_image","twitter_misc":{"Escrito por":"Laura Fernandez","Tiempo de lectura":"2 minutos"},"schema":{"@context":"https:\/\/schema.org","@graph":[{"@type":"Article","@id":"https:\/\/turcon.es\/wp\/foresta-advierte-del-gran-riesgo-de-incendios-este-verano-en-gran-canaria\/#article","isPartOf":{"@id":"https:\/\/turcon.es\/wp\/foresta-advierte-del-gran-riesgo-de-incendios-este-verano-en-gran-canaria\/"},"author":{"name":"Laura Fernandez","@id":"https:\/\/turcon.es\/wp\/#\/schema\/person\/a1f3ba727ce031d9da17684affe85edd"},"headline":"Foresta advierte del gran riesgo de incendios este verano en Canarias","datePublished":"2008-05-02T22:10:57+00:00","mainEntityOfPage":{"@id":"https:\/\/turcon.es\/wp\/foresta-advierte-del-gran-riesgo-de-incendios-este-verano-en-gran-canaria\/"},"wordCount":326,"commentCount":0,"publisher":{"@id":"https:\/\/turcon.es\/wp\/#organization"},"image":{"@id":"https:\/\/turcon.es\/wp\/foresta-advierte-del-gran-riesgo-de-incendios-este-verano-en-gran-canaria\/#primaryimage"},"thumbnailUrl":"http:\/\/turcon.es\/wp\/wp-content\/uploads\/2008\/05\/incendigrancanaria.jpg?w=270","keywords":["Canarias","Incendios"],"articleSection":["Desertizaci\u00f3n y reforestaci\u00f3n","Espacios Naturales"],"inLanguage":"es","potentialAction":[{"@type":"CommentAction","name":"Comment","target":["https:\/\/turcon.es\/wp\/foresta-advierte-del-gran-riesgo-de-incendios-este-verano-en-gran-canaria\/#respond"]}]},{"@type":"WebPage","@id":"https:\/\/turcon.es\/wp\/foresta-advierte-del-gran-riesgo-de-incendios-este-verano-en-gran-canaria\/","url":"https:\/\/turcon.es\/wp\/foresta-advierte-del-gran-riesgo-de-incendios-este-verano-en-gran-canaria\/","name":"Foresta advierte del gran riesgo de incendios este verano en Canarias - Colectivo Ecologista Turcon","isPartOf":{"@id":"https:\/\/turcon.es\/wp\/#website"},"primaryImageOfPage":{"@id":"https:\/\/turcon.es\/wp\/foresta-advierte-del-gran-riesgo-de-incendios-este-verano-en-gran-canaria\/#primaryimage"},"image":{"@id":"https:\/\/turcon.es\/wp\/foresta-advierte-del-gran-riesgo-de-incendios-este-verano-en-gran-canaria\/#primaryimage"},"thumbnailUrl":"http:\/\/turcon.es\/wp\/wp-content\/uploads\/2008\/05\/incendigrancanaria.jpg?w=270","datePublished":"2008-05-02T22:10:57+00:00","breadcrumb":{"@id":"https:\/\/turcon.es\/wp\/foresta-advierte-del-gran-riesgo-de-incendios-este-verano-en-gran-canaria\/#breadcrumb"},"inLanguage":"es","potentialAction":[{"@type":"ReadAction","target":["https:\/\/turcon.es\/wp\/foresta-advierte-del-gran-riesgo-de-incendios-este-verano-en-gran-canaria\/"]}]},{"@type":"ImageObject","inLanguage":"es","@id":"https:\/\/turcon.es\/wp\/foresta-advierte-del-gran-riesgo-de-incendios-este-verano-en-gran-canaria\/#primaryimage","url":"http:\/\/turcon.es\/wp\/wp-content\/uploads\/2008\/05\/incendigrancanaria.jpg?w=270","contentUrl":"http:\/\/turcon.es\/wp\/wp-content\/uploads\/2008\/05\/incendigrancanaria.jpg?w=270"},{"@type":"BreadcrumbList","@id":"https:\/\/turcon.es\/wp\/foresta-advierte-del-gran-riesgo-de-incendios-este-verano-en-gran-canaria\/#breadcrumb","itemListElement":[{"@type":"ListItem","position":1,"name":"Portada","item":"https:\/\/turcon.es\/wp\/"},{"@type":"ListItem","position":2,"name":"Foresta advierte del gran riesgo de incendios este verano en Canarias"}]},{"@type":"WebSite","@id":"https:\/\/turcon.es\/wp\/#website","url":"https:\/\/turcon.es\/wp\/","name":"Colectivo Ecologista Turcon","description":"","publisher":{"@id":"https:\/\/turcon.es\/wp\/#organization"},"potentialAction":[{"@type":"SearchAction","target":{"@type":"EntryPoint","urlTemplate":"https:\/\/turcon.es\/wp\/?s={search_term_string}"},"query-input":{"@type":"PropertyValueSpecification","valueRequired":true,"valueName":"search_term_string"}}],"inLanguage":"es"},{"@type":"Organization","@id":"https:\/\/turcon.es\/wp\/#organization","name":"Colectivo Ecologista Turcon","url":"https:\/\/turcon.es\/wp\/","logo":{"@type":"ImageObject","inLanguage":"es","@id":"https:\/\/turcon.es\/wp\/#\/schema\/logo\/image\/","url":"https:\/\/turcon.es\/wp\/wp-content\/uploads\/2025\/03\/logo-verde.svg","contentUrl":"https:\/\/turcon.es\/wp\/wp-content\/uploads\/2025\/03\/logo-verde.svg","width":813,"height":813,"caption":"Colectivo Ecologista Turcon"},"image":{"@id":"https:\/\/turcon.es\/wp\/#\/schema\/logo\/image\/"}},{"@type":"Person","@id":"https:\/\/turcon.es\/wp\/#\/schema\/person\/a1f3ba727ce031d9da17684affe85edd","name":"Laura Fernandez","image":{"@type":"ImageObject","inLanguage":"es","@id":"https:\/\/turcon.es\/wp\/#\/schema\/person\/image\/","url":"https:\/\/secure.gravatar.com\/avatar\/360749af9549af22e54582d50231ae56e854210ae2368797ba242f445a9852e8?s=96&d=mm&r=g","contentUrl":"https:\/\/secure.gravatar.com\/avatar\/360749af9549af22e54582d50231ae56e854210ae2368797ba242f445a9852e8?s=96&d=mm&r=g","caption":"Laura Fernandez"},"url":"https:\/\/turcon.es\/wp\/author\/admturcon\/"}]}},"_links":{"self":[{"href":"https:\/\/turcon.es\/wp\/wp-json\/wp\/v2\/posts\/14136","targetHints":{"allow":["GET"]}}],"collection":[{"href":"https:\/\/turcon.es\/wp\/wp-json\/wp\/v2\/posts"}],"about":[{"href":"https:\/\/turcon.es\/wp\/wp-json\/wp\/v2\/types\/post"}],"author":[{"embeddable":true,"href":"https:\/\/turcon.es\/wp\/wp-json\/wp\/v2\/users\/2"}],"replies":[{"embeddable":true,"href":"https:\/\/turcon.es\/wp\/wp-json\/wp\/v2\/comments?post=14136"}],"version-history":[{"count":0,"href":"https:\/\/turcon.es\/wp\/wp-json\/wp\/v2\/posts\/14136\/revisions"}],"wp:attachment":[{"href":"https:\/\/turcon.es\/wp\/wp-json\/wp\/v2\/media?parent=14136"}],"wp:term":[{"taxonomy":"category","embeddable":true,"href":"https:\/\/turcon.es\/wp\/wp-json\/wp\/v2\/categories?post=14136"},{"taxonomy":"post_tag","embeddable":true,"href":"https:\/\/turcon.es\/wp\/wp-json\/wp\/v2\/tags?post=14136"}],"curies":[{"name":"wp","href":"https:\/\/api.w.org\/{rel}","templated":true}]}}