{"id":14227,"date":"2008-06-10T00:42:33","date_gmt":"2008-06-10T00:42:33","guid":{"rendered":"http:\/\/turcon.wordpress.com\/?p=220"},"modified":"2008-06-10T00:42:33","modified_gmt":"2008-06-10T00:42:33","slug":"salida-ornitlogica-ruta-de-las-salinas-objetivo-cumplido","status":"publish","type":"post","link":"https:\/\/turcon.es\/wp\/salida-ornitlogica-ruta-de-las-salinas-objetivo-cumplido\/","title":{"rendered":"Salida ornitol\u00f3gica: Ruta de las salinas, objetivo cumplido"},"content":{"rendered":"<p style=\"text-align:left;\">Inicio en el Parque Franchy y Roca a las 10:10 y llegada a  Arinaga sobre las  10:40 horas. Visita a las restauradas salinas de Arinaga y <a href=\"http:\/\/turcon.es\/wp\/wp-content\/uploads\/2008\/06\/p1010042.jpg\"><img decoding=\"async\" class=\"alignleft size-medium wp-image-239\" src=\"http:\/\/turcon.es\/wp\/wp-content\/uploads\/2008\/06\/p1010042.jpg?w=300\" alt=\"\" width=\"199\" height=\"150\" \/><\/a>detalladas  explicaciones de nuestro gu\u00eda sobre este ecosistema, sus valores naturales,  econ\u00f3micos y sobre todo su incidencia en cuanto a la avifauna  insular.<\/p>\n<p>Encuentro con Manolito Viera, salinero desde hace m\u00e1s de 60  a\u00f1os, que aunque el medico le ha prohibido la sal, \u00e9l sigue trabaj\u00e1ndola con  tez\u00f3n y buena ma\u00f1a y al caldero un poquito cuando se puede. En este lugar  escuchamos las valiosas y vivenciadas aportaciones del Salinero de Arinaga y  nuestra gente aprovech\u00f3 para llevarse sus kilitos de la blanca y deslumbrante  sal de este aut\u00e9ntico artesano de los tajos.<br \/>\n<!--more--><br \/>\nLa ruta continu\u00f3 dejando  atr\u00e1s el Puerto de Arinaga y comentando su incidencia medioambiental y la nula  operatividad del mismo hasta esta fecha; seguimos por Bahia de Formas con datos  sobre la vegetaci\u00f3n de costa y su adaptaci\u00f3n a la mares\u00eda del mar y de las  especies de aves que se pueden encontrar aqui, visualizando algun calandro y zarapitos. Especial relevancia la pr\u00e1ctica de deportes acu\u00e1ticos como el  windsurfing con bastantes personas practic\u00e1ndolo.<\/p>\n<p>Contin\u00faa nuestro paseo  por el litoral de los municipios de Ag\u00fcimes y Santa Luc\u00eda caminando en unas  ocasiones a la orilla de los invernaderos, algunos de ellos en aut\u00e9ntico  abandono y lo m\u00e1s del trayecto sobre los cantos rodados de las rasas  intermareales de la zona; destacar los abundantes desechos en gran medida de las  aleda\u00f1as fincas agr\u00edcolas existentes que estan utilizando la costa como un  aut\u00e9ntico vertedero sin control. Alguien lleg\u00f3 a comentar que \u00e9sta podria ser la  asignatura pendiente de estos municipios, su limpieza y puesta en  uso.<\/p>\n<p>Tambi\u00e9n vimos algunas aves muertas y un pez manta o chucho en avanzado  estado de descomposici\u00f3n.<\/p>\n<p>El almuerzo a las 14:00 horas en el n\u00facleo de  Pozo Izquierdo con peque\u00f1o descanso y ba\u00f1o para todo aquel que quiso refrescarse  en las apacibles aguas de la playa para despu\u00e9s continuar con la \u00faltima parte de  esta ruta de las salinas dirigiendonos a las Salinas de Tenefe con los  comentarios oportunos del lugar sin desaprovechar el cercano Centro de energ\u00eda y  agua del ITC para insistir en los temas de energias alternativas, agua y crisis  energ\u00e9tica. Tambi\u00e9n se habl\u00f3 de legado arqueol\u00f3gico al pasar por las cistas de  enterramiento aborigen que existen en este sitio y se critico el estado de  conservaci\u00f3n de loas mismas.<\/p>\n<p>Como pueden ver muy productiva e interesante  esta actividad del programa anual de Turc\u00f3n-Ecologistas en Acci\u00f3n y recordar que la proxima ruta sera domingo 29 de Junio por la zona de Tunte, La Culata, Rosiana de Santa Lucia y  la salida del Parque Franchy y Roca de Telde a las 9 de la ma\u00f1ana, requiere inscripci\u00f3n.<\/p>\n","protected":false},"excerpt":{"rendered":"<p>Inicio en el Parque Franchy y Roca a las 10:10 y llegada a Arinaga sobre las 10:40 horas. Visita a las restauradas salinas de Arinaga y detalladas explicaciones de nuestro gu\u00eda sobre este ecosistema, sus valores naturales, econ\u00f3micos y sobre todo su incidencia en cuanto a la avifauna insular. Encuentro con Manolito Viera, salinero desde [&hellip;]<\/p>\n","protected":false},"author":2,"featured_media":0,"comment_status":"open","ping_status":"open","sticky":false,"template":"","format":"standard","meta":{"footnotes":""},"categories":[6,18,39],"tags":[108,237,1512,1517],"class_list":["post-14227","post","type-post","status-publish","format-standard","hentry","category-actividades-turcon","category-canarias","category-fauna-y-flora","tag-add-new-tag","tag-avifauna","tag-rutas","tag-salinas"],"yoast_head":"<!-- This site is optimized with the Yoast SEO plugin v26.3 - https:\/\/yoast.com\/wordpress\/plugins\/seo\/ -->\n<title>Salida ornitol\u00f3gica: Ruta de las salinas, objetivo cumplido - Colectivo Ecologista Turcon<\/title>\n<meta name=\"robots\" content=\"index, follow, max-snippet:-1, max-image-preview:large, max-video-preview:-1\" \/>\n<link rel=\"canonical\" href=\"https:\/\/turcon.es\/wp\/salida-ornitlogica-ruta-de-las-salinas-objetivo-cumplido\/\" \/>\n<meta property=\"og:locale\" content=\"es_ES\" \/>\n<meta property=\"og:type\" content=\"article\" \/>\n<meta property=\"og:title\" content=\"Salida ornitol\u00f3gica: Ruta de las salinas, objetivo cumplido - Colectivo Ecologista Turcon\" \/>\n<meta property=\"og:description\" content=\"Inicio en el Parque Franchy y Roca a las 10:10 y llegada a Arinaga sobre las 10:40 horas. Visita a las restauradas salinas de Arinaga y detalladas explicaciones de nuestro gu\u00eda sobre este ecosistema, sus valores naturales, econ\u00f3micos y sobre todo su incidencia en cuanto a la avifauna insular. Encuentro con Manolito Viera, salinero desde [&hellip;]\" \/>\n<meta property=\"og:url\" content=\"https:\/\/turcon.es\/wp\/salida-ornitlogica-ruta-de-las-salinas-objetivo-cumplido\/\" \/>\n<meta property=\"og:site_name\" content=\"Colectivo Ecologista Turcon\" \/>\n<meta property=\"article:published_time\" content=\"2008-06-10T00:42:33+00:00\" \/>\n<meta property=\"og:image\" content=\"https:\/\/turcon.es\/wp\/wp-content\/uploads\/2008\/06\/pinocanario.jpg\" \/>\n\t<meta property=\"og:image:width\" content=\"600\" \/>\n\t<meta property=\"og:image:height\" content=\"1053\" \/>\n\t<meta property=\"og:image:type\" content=\"image\/jpeg\" \/>\n<meta name=\"author\" content=\"Laura Fernandez\" \/>\n<meta name=\"twitter:card\" content=\"summary_large_image\" \/>\n<meta name=\"twitter:label1\" content=\"Escrito por\" \/>\n\t<meta name=\"twitter:data1\" content=\"Laura Fernandez\" \/>\n\t<meta name=\"twitter:label2\" content=\"Tiempo de lectura\" \/>\n\t<meta name=\"twitter:data2\" content=\"2 minutos\" \/>\n<script type=\"application\/ld+json\" class=\"yoast-schema-graph\">{\"@context\":\"https:\/\/schema.org\",\"@graph\":[{\"@type\":\"Article\",\"@id\":\"https:\/\/turcon.es\/wp\/salida-ornitlogica-ruta-de-las-salinas-objetivo-cumplido\/#article\",\"isPartOf\":{\"@id\":\"https:\/\/turcon.es\/wp\/salida-ornitlogica-ruta-de-las-salinas-objetivo-cumplido\/\"},\"author\":{\"name\":\"Laura Fernandez\",\"@id\":\"https:\/\/turcon.es\/wp\/#\/schema\/person\/a1f3ba727ce031d9da17684affe85edd\"},\"headline\":\"Salida ornitol\u00f3gica: Ruta de las salinas, objetivo cumplido\",\"datePublished\":\"2008-06-10T00:42:33+00:00\",\"mainEntityOfPage\":{\"@id\":\"https:\/\/turcon.es\/wp\/salida-ornitlogica-ruta-de-las-salinas-objetivo-cumplido\/\"},\"wordCount\":503,\"commentCount\":0,\"publisher\":{\"@id\":\"https:\/\/turcon.es\/wp\/#organization\"},\"image\":{\"@id\":\"https:\/\/turcon.es\/wp\/salida-ornitlogica-ruta-de-las-salinas-objetivo-cumplido\/#primaryimage\"},\"thumbnailUrl\":\"http:\/\/turcon.es\/wp\/wp-content\/uploads\/2008\/06\/p1010042.jpg?w=300\",\"keywords\":[\"Add new tag\",\"avifauna\",\"rutas\",\"salinas\"],\"articleSection\":[\"#Actividades Turc\u00f3n#\",\"Canarias\",\"Fauna y flora\"],\"inLanguage\":\"es\",\"potentialAction\":[{\"@type\":\"CommentAction\",\"name\":\"Comment\",\"target\":[\"https:\/\/turcon.es\/wp\/salida-ornitlogica-ruta-de-las-salinas-objetivo-cumplido\/#respond\"]}]},{\"@type\":\"WebPage\",\"@id\":\"https:\/\/turcon.es\/wp\/salida-ornitlogica-ruta-de-las-salinas-objetivo-cumplido\/\",\"url\":\"https:\/\/turcon.es\/wp\/salida-ornitlogica-ruta-de-las-salinas-objetivo-cumplido\/\",\"name\":\"Salida ornitol\u00f3gica: Ruta de las salinas, objetivo cumplido - Colectivo Ecologista Turcon\",\"isPartOf\":{\"@id\":\"https:\/\/turcon.es\/wp\/#website\"},\"primaryImageOfPage\":{\"@id\":\"https:\/\/turcon.es\/wp\/salida-ornitlogica-ruta-de-las-salinas-objetivo-cumplido\/#primaryimage\"},\"image\":{\"@id\":\"https:\/\/turcon.es\/wp\/salida-ornitlogica-ruta-de-las-salinas-objetivo-cumplido\/#primaryimage\"},\"thumbnailUrl\":\"http:\/\/turcon.es\/wp\/wp-content\/uploads\/2008\/06\/p1010042.jpg?w=300\",\"datePublished\":\"2008-06-10T00:42:33+00:00\",\"breadcrumb\":{\"@id\":\"https:\/\/turcon.es\/wp\/salida-ornitlogica-ruta-de-las-salinas-objetivo-cumplido\/#breadcrumb\"},\"inLanguage\":\"es\",\"potentialAction\":[{\"@type\":\"ReadAction\",\"target\":[\"https:\/\/turcon.es\/wp\/salida-ornitlogica-ruta-de-las-salinas-objetivo-cumplido\/\"]}]},{\"@type\":\"ImageObject\",\"inLanguage\":\"es\",\"@id\":\"https:\/\/turcon.es\/wp\/salida-ornitlogica-ruta-de-las-salinas-objetivo-cumplido\/#primaryimage\",\"url\":\"http:\/\/turcon.es\/wp\/wp-content\/uploads\/2008\/06\/p1010042.jpg?w=300\",\"contentUrl\":\"http:\/\/turcon.es\/wp\/wp-content\/uploads\/2008\/06\/p1010042.jpg?w=300\"},{\"@type\":\"BreadcrumbList\",\"@id\":\"https:\/\/turcon.es\/wp\/salida-ornitlogica-ruta-de-las-salinas-objetivo-cumplido\/#breadcrumb\",\"itemListElement\":[{\"@type\":\"ListItem\",\"position\":1,\"name\":\"Portada\",\"item\":\"https:\/\/turcon.es\/wp\/\"},{\"@type\":\"ListItem\",\"position\":2,\"name\":\"Salida ornitol\u00f3gica: Ruta de las salinas, objetivo cumplido\"}]},{\"@type\":\"WebSite\",\"@id\":\"https:\/\/turcon.es\/wp\/#website\",\"url\":\"https:\/\/turcon.es\/wp\/\",\"name\":\"Colectivo Ecologista Turcon\",\"description\":\"\",\"publisher\":{\"@id\":\"https:\/\/turcon.es\/wp\/#organization\"},\"potentialAction\":[{\"@type\":\"SearchAction\",\"target\":{\"@type\":\"EntryPoint\",\"urlTemplate\":\"https:\/\/turcon.es\/wp\/?s={search_term_string}\"},\"query-input\":{\"@type\":\"PropertyValueSpecification\",\"valueRequired\":true,\"valueName\":\"search_term_string\"}}],\"inLanguage\":\"es\"},{\"@type\":\"Organization\",\"@id\":\"https:\/\/turcon.es\/wp\/#organization\",\"name\":\"Colectivo Ecologista Turcon\",\"url\":\"https:\/\/turcon.es\/wp\/\",\"logo\":{\"@type\":\"ImageObject\",\"inLanguage\":\"es\",\"@id\":\"https:\/\/turcon.es\/wp\/#\/schema\/logo\/image\/\",\"url\":\"https:\/\/turcon.es\/wp\/wp-content\/uploads\/2025\/03\/logo-verde.svg\",\"contentUrl\":\"https:\/\/turcon.es\/wp\/wp-content\/uploads\/2025\/03\/logo-verde.svg\",\"width\":813,\"height\":813,\"caption\":\"Colectivo Ecologista Turcon\"},\"image\":{\"@id\":\"https:\/\/turcon.es\/wp\/#\/schema\/logo\/image\/\"}},{\"@type\":\"Person\",\"@id\":\"https:\/\/turcon.es\/wp\/#\/schema\/person\/a1f3ba727ce031d9da17684affe85edd\",\"name\":\"Laura Fernandez\",\"image\":{\"@type\":\"ImageObject\",\"inLanguage\":\"es\",\"@id\":\"https:\/\/turcon.es\/wp\/#\/schema\/person\/image\/\",\"url\":\"https:\/\/secure.gravatar.com\/avatar\/360749af9549af22e54582d50231ae56e854210ae2368797ba242f445a9852e8?s=96&d=mm&r=g\",\"contentUrl\":\"https:\/\/secure.gravatar.com\/avatar\/360749af9549af22e54582d50231ae56e854210ae2368797ba242f445a9852e8?s=96&d=mm&r=g\",\"caption\":\"Laura Fernandez\"},\"url\":\"https:\/\/turcon.es\/wp\/author\/admturcon\/\"}]}<\/script>\n<!-- \/ Yoast SEO plugin. -->","yoast_head_json":{"title":"Salida ornitol\u00f3gica: Ruta de las salinas, objetivo cumplido - Colectivo Ecologista Turcon","robots":{"index":"index","follow":"follow","max-snippet":"max-snippet:-1","max-image-preview":"max-image-preview:large","max-video-preview":"max-video-preview:-1"},"canonical":"https:\/\/turcon.es\/wp\/salida-ornitlogica-ruta-de-las-salinas-objetivo-cumplido\/","og_locale":"es_ES","og_type":"article","og_title":"Salida ornitol\u00f3gica: Ruta de las salinas, objetivo cumplido - Colectivo Ecologista Turcon","og_description":"Inicio en el Parque Franchy y Roca a las 10:10 y llegada a Arinaga sobre las 10:40 horas. Visita a las restauradas salinas de Arinaga y detalladas explicaciones de nuestro gu\u00eda sobre este ecosistema, sus valores naturales, econ\u00f3micos y sobre todo su incidencia en cuanto a la avifauna insular. Encuentro con Manolito Viera, salinero desde [&hellip;]","og_url":"https:\/\/turcon.es\/wp\/salida-ornitlogica-ruta-de-las-salinas-objetivo-cumplido\/","og_site_name":"Colectivo Ecologista Turcon","article_published_time":"2008-06-10T00:42:33+00:00","og_image":[{"width":600,"height":1053,"url":"https:\/\/turcon.es\/wp\/wp-content\/uploads\/2008\/06\/pinocanario.jpg","type":"image\/jpeg"}],"author":"Laura Fernandez","twitter_card":"summary_large_image","twitter_misc":{"Escrito por":"Laura Fernandez","Tiempo de lectura":"2 minutos"},"schema":{"@context":"https:\/\/schema.org","@graph":[{"@type":"Article","@id":"https:\/\/turcon.es\/wp\/salida-ornitlogica-ruta-de-las-salinas-objetivo-cumplido\/#article","isPartOf":{"@id":"https:\/\/turcon.es\/wp\/salida-ornitlogica-ruta-de-las-salinas-objetivo-cumplido\/"},"author":{"name":"Laura Fernandez","@id":"https:\/\/turcon.es\/wp\/#\/schema\/person\/a1f3ba727ce031d9da17684affe85edd"},"headline":"Salida ornitol\u00f3gica: Ruta de las salinas, objetivo cumplido","datePublished":"2008-06-10T00:42:33+00:00","mainEntityOfPage":{"@id":"https:\/\/turcon.es\/wp\/salida-ornitlogica-ruta-de-las-salinas-objetivo-cumplido\/"},"wordCount":503,"commentCount":0,"publisher":{"@id":"https:\/\/turcon.es\/wp\/#organization"},"image":{"@id":"https:\/\/turcon.es\/wp\/salida-ornitlogica-ruta-de-las-salinas-objetivo-cumplido\/#primaryimage"},"thumbnailUrl":"http:\/\/turcon.es\/wp\/wp-content\/uploads\/2008\/06\/p1010042.jpg?w=300","keywords":["Add new tag","avifauna","rutas","salinas"],"articleSection":["#Actividades Turc\u00f3n#","Canarias","Fauna y flora"],"inLanguage":"es","potentialAction":[{"@type":"CommentAction","name":"Comment","target":["https:\/\/turcon.es\/wp\/salida-ornitlogica-ruta-de-las-salinas-objetivo-cumplido\/#respond"]}]},{"@type":"WebPage","@id":"https:\/\/turcon.es\/wp\/salida-ornitlogica-ruta-de-las-salinas-objetivo-cumplido\/","url":"https:\/\/turcon.es\/wp\/salida-ornitlogica-ruta-de-las-salinas-objetivo-cumplido\/","name":"Salida ornitol\u00f3gica: Ruta de las salinas, objetivo cumplido - Colectivo Ecologista Turcon","isPartOf":{"@id":"https:\/\/turcon.es\/wp\/#website"},"primaryImageOfPage":{"@id":"https:\/\/turcon.es\/wp\/salida-ornitlogica-ruta-de-las-salinas-objetivo-cumplido\/#primaryimage"},"image":{"@id":"https:\/\/turcon.es\/wp\/salida-ornitlogica-ruta-de-las-salinas-objetivo-cumplido\/#primaryimage"},"thumbnailUrl":"http:\/\/turcon.es\/wp\/wp-content\/uploads\/2008\/06\/p1010042.jpg?w=300","datePublished":"2008-06-10T00:42:33+00:00","breadcrumb":{"@id":"https:\/\/turcon.es\/wp\/salida-ornitlogica-ruta-de-las-salinas-objetivo-cumplido\/#breadcrumb"},"inLanguage":"es","potentialAction":[{"@type":"ReadAction","target":["https:\/\/turcon.es\/wp\/salida-ornitlogica-ruta-de-las-salinas-objetivo-cumplido\/"]}]},{"@type":"ImageObject","inLanguage":"es","@id":"https:\/\/turcon.es\/wp\/salida-ornitlogica-ruta-de-las-salinas-objetivo-cumplido\/#primaryimage","url":"http:\/\/turcon.es\/wp\/wp-content\/uploads\/2008\/06\/p1010042.jpg?w=300","contentUrl":"http:\/\/turcon.es\/wp\/wp-content\/uploads\/2008\/06\/p1010042.jpg?w=300"},{"@type":"BreadcrumbList","@id":"https:\/\/turcon.es\/wp\/salida-ornitlogica-ruta-de-las-salinas-objetivo-cumplido\/#breadcrumb","itemListElement":[{"@type":"ListItem","position":1,"name":"Portada","item":"https:\/\/turcon.es\/wp\/"},{"@type":"ListItem","position":2,"name":"Salida ornitol\u00f3gica: Ruta de las salinas, objetivo cumplido"}]},{"@type":"WebSite","@id":"https:\/\/turcon.es\/wp\/#website","url":"https:\/\/turcon.es\/wp\/","name":"Colectivo Ecologista Turcon","description":"","publisher":{"@id":"https:\/\/turcon.es\/wp\/#organization"},"potentialAction":[{"@type":"SearchAction","target":{"@type":"EntryPoint","urlTemplate":"https:\/\/turcon.es\/wp\/?s={search_term_string}"},"query-input":{"@type":"PropertyValueSpecification","valueRequired":true,"valueName":"search_term_string"}}],"inLanguage":"es"},{"@type":"Organization","@id":"https:\/\/turcon.es\/wp\/#organization","name":"Colectivo Ecologista Turcon","url":"https:\/\/turcon.es\/wp\/","logo":{"@type":"ImageObject","inLanguage":"es","@id":"https:\/\/turcon.es\/wp\/#\/schema\/logo\/image\/","url":"https:\/\/turcon.es\/wp\/wp-content\/uploads\/2025\/03\/logo-verde.svg","contentUrl":"https:\/\/turcon.es\/wp\/wp-content\/uploads\/2025\/03\/logo-verde.svg","width":813,"height":813,"caption":"Colectivo Ecologista Turcon"},"image":{"@id":"https:\/\/turcon.es\/wp\/#\/schema\/logo\/image\/"}},{"@type":"Person","@id":"https:\/\/turcon.es\/wp\/#\/schema\/person\/a1f3ba727ce031d9da17684affe85edd","name":"Laura Fernandez","image":{"@type":"ImageObject","inLanguage":"es","@id":"https:\/\/turcon.es\/wp\/#\/schema\/person\/image\/","url":"https:\/\/secure.gravatar.com\/avatar\/360749af9549af22e54582d50231ae56e854210ae2368797ba242f445a9852e8?s=96&d=mm&r=g","contentUrl":"https:\/\/secure.gravatar.com\/avatar\/360749af9549af22e54582d50231ae56e854210ae2368797ba242f445a9852e8?s=96&d=mm&r=g","caption":"Laura Fernandez"},"url":"https:\/\/turcon.es\/wp\/author\/admturcon\/"}]}},"_links":{"self":[{"href":"https:\/\/turcon.es\/wp\/wp-json\/wp\/v2\/posts\/14227","targetHints":{"allow":["GET"]}}],"collection":[{"href":"https:\/\/turcon.es\/wp\/wp-json\/wp\/v2\/posts"}],"about":[{"href":"https:\/\/turcon.es\/wp\/wp-json\/wp\/v2\/types\/post"}],"author":[{"embeddable":true,"href":"https:\/\/turcon.es\/wp\/wp-json\/wp\/v2\/users\/2"}],"replies":[{"embeddable":true,"href":"https:\/\/turcon.es\/wp\/wp-json\/wp\/v2\/comments?post=14227"}],"version-history":[{"count":0,"href":"https:\/\/turcon.es\/wp\/wp-json\/wp\/v2\/posts\/14227\/revisions"}],"wp:attachment":[{"href":"https:\/\/turcon.es\/wp\/wp-json\/wp\/v2\/media?parent=14227"}],"wp:term":[{"taxonomy":"category","embeddable":true,"href":"https:\/\/turcon.es\/wp\/wp-json\/wp\/v2\/categories?post=14227"},{"taxonomy":"post_tag","embeddable":true,"href":"https:\/\/turcon.es\/wp\/wp-json\/wp\/v2\/tags?post=14227"}],"curies":[{"name":"wp","href":"https:\/\/api.w.org\/{rel}","templated":true}]}}