{"id":14233,"date":"2008-06-14T00:31:53","date_gmt":"2008-06-14T00:31:53","guid":{"rendered":"http:\/\/turcon.wordpress.com\/?p=254"},"modified":"2008-06-14T00:31:53","modified_gmt":"2008-06-14T00:31:53","slug":"la-ulpgc-cuelga-un-tesoro-de-voces-fotografias-e-ideas","status":"publish","type":"post","link":"https:\/\/turcon.es\/wp\/la-ulpgc-cuelga-un-tesoro-de-voces-fotografias-e-ideas\/","title":{"rendered":"La ULPGC cuelga un tesoro de voces, fotograf\u00edas e ideas"},"content":{"rendered":"<p class=\"FirmaNoticiaDesarrollada\"><strong><span class=\"redactor\">Carlos S. Beltr\u00e1n<\/span> <\/strong><br \/>\nLas Palmas de Gran Canaria\n<\/p>\n<p class=\"FirmaNoticiaDesarrollada\"><a href=\"http:\/\/turcon.es\/wp\/wp-content\/uploads\/2008\/06\/mdcterceraedicion2.jpg\"><img fetchpriority=\"high\" decoding=\"async\" class=\"alignright size-medium wp-image-255\" src=\"http:\/\/turcon.es\/wp\/wp-content\/uploads\/2008\/06\/mdcterceraedicion2.jpg?w=300\" alt=\"\" width=\"300\" height=\"187\" \/><\/a>Canarias7, 14-6-2008<\/p>\n<p>La Universidad de Las Palmas de Gran Canaria present\u00f3 ayer los portales de las colecciones digitales de la Biblioteca Universitaria. Este proyecto recoge gran parte del devenir hist\u00f3rico de Canarias. Desde el archivo completo de Miguel Hern\u00e1ndez de La Torre hasta el trabajo de Maximiano Trapero. Toda la historia de las Islas en un <a href=\"http:\/\/contentdm.ulpgc.es\/portal\/mdc1\/?id=1\">\u2018click\u2019<\/a>.<\/p>\n<div class=\"desarrollo\">\n<p>Conocer los misterios que esconde la tradici\u00f3n oral de las Islas por medio de los romanceros o las d\u00e9cimas populares, recabadas durante treinta a\u00f1os por el catedr\u00e1tico de la Universidad de Las Palmas de Gran Canaria (UPLGC) Maximiano Trapero, o descubrir cu\u00e1nto ha cambiado la isla de Gran Canaria con las fotograf\u00edas de Jaime O\u2019 Schanahan ya es posible gracias a los portales de internet con las colecciones digitales puesto en marcha por la Biblioteca Universitaria de la ULPGC. En ellos se recoge gran parte de la historia impresa, sonora y gr\u00e1fica de Canarias. \u00abEs un d\u00eda muy importante sobre todo por la cantidad de trabajo que esconde la digitalizaci\u00f3n de estos archivos. Son m\u00e1s de siete a\u00f1os de duro esfuerzo\u00bb, reconoci\u00f3 Alicia Gir\u00f3n, directora de la Biblioteca Universitaria.<!--more--><\/p>\n<p><a href=\"http:\/\/turcon.es\/wp\/wp-content\/uploads\/2008\/06\/jable.jpg\"><img decoding=\"async\" class=\"alignleft size-medium wp-image-256\" src=\"http:\/\/turcon.es\/wp\/wp-content\/uploads\/2008\/06\/jable.jpg?w=278\" alt=\"\" width=\"230\" height=\"249\" \/><\/a>El proyecto de digitalizaci\u00f3n se ha desarrollado con la aportaci\u00f3n de Jaime O\u2019 Shanahan, que ha donado m\u00e1s de 34.000 fotograf\u00edas; de la familia de Miguel Mart\u00edn-Hern\u00e1ndez de La Torre, que ha facilitado todos los documentos del insigne arquitecto, de la Real Sociedad Econ\u00f3mica del Pa\u00eds de Gran Canaria, que ha donado todos sus documentos y de Maximiano Trapero, gracias al cu\u00e1l se puede admirar la historia de la tradici\u00f3n oral .<\/p>\n<p><strong>Instituciones<\/strong><\/p>\n<p>Hablar de los portales es hablar de cifras enormes. La Memoria Digital de Canarias (MDC) recopila 1.448 textos, 4.467 archivos de audio, 223 v\u00eddeos y 40.355 im\u00e1genes convierti\u00e9ndose en el buque insignia del patrimonio documental canario en Internet. Esta retrospectiva culmina con el portal Voces y Ecos: Recuerdos del Mediterr\u00e1neo en el Atl\u00e1ntico que recoge el resultado del proyecto Euromed Heritage II con m\u00e1s de 660 registros multimedia de la capital grancanaria.<\/p>\n<p>Para completar el proyecto, la Biblioteca Universitaria a digitalizado m\u00e1s de 5 millones de p\u00e1ginas de peri\u00f3dicos correspondientes a 145 cabeceras en el portal Jable. \u00abEsta es una de las bibliotecas digitales de prensa m\u00e1s importantes d Espa\u00f1a, casi como la Biblioteca Nacional\u00bb, afirma Gir\u00f3n. Junto a este patrimonio, los portales tambi\u00e9n incluye una digitalizaci\u00f3n de todas las tesis doctorales y proyectos de la ULPGC y de las existintas Escuelas Polit\u00e9cnicas.<\/p>\n<p class=\"FirmaNoticiaDesarrollada\"><strong>Accesos directos<\/strong><\/p>\n<ul>\n<li>Memoria digital de Canarias (mdC) <a href=\"http:\/\/mdc.ulpgc.es\" target=\"_blank\">http:\/\/mdc.ulpgc.es<\/a><\/li>\n<li>Jable. Archivo de prensa digital <a href=\"http:\/\/jable.ulpgc.es\" target=\"_blank\">http:\/\/jable.ulpgc.es<\/a><\/li>\n<li>Repositorio institucional <a href=\"http:\/\/repositorio.ulpgc.es\" target=\"_blank\">http:\/\/repositorio.ulpgc.es<\/a><\/li>\n<\/ul>\n<\/div>\n","protected":false},"excerpt":{"rendered":"<p>Carlos S. Beltr\u00e1n Las Palmas de Gran Canaria Canarias7, 14-6-2008 La Universidad de Las Palmas de Gran Canaria present\u00f3 ayer los portales de las colecciones digitales de la Biblioteca Universitaria. Este proyecto recoge gran parte del devenir hist\u00f3rico de Canarias. Desde el archivo completo de Miguel Hern\u00e1ndez de La Torre hasta el trabajo de Maximiano [&hellip;]<\/p>\n","protected":false},"author":2,"featured_media":0,"comment_status":"open","ping_status":"open","sticky":false,"template":"","format":"standard","meta":{"footnotes":""},"categories":[49,54],"tags":[276,277,591,943,1119,1261,1279,1360],"class_list":["post-14233","post","type-post","status-publish","format-standard","hentry","category-patrimonio-historico","category-recomendamos-para-leer-ver-y-escuchar","tag-biblioteca-digital","tag-biblioteca-universitaria","tag-digitalizacion","tag-jable","tag-memoria-digital-de-canarias","tag-patrimonio","tag-periodicos","tag-prensa"],"yoast_head":"<!-- This site is optimized with the Yoast SEO plugin v26.3 - https:\/\/yoast.com\/wordpress\/plugins\/seo\/ -->\n<title>La ULPGC cuelga un tesoro de voces, fotograf\u00edas e ideas - Colectivo Ecologista Turcon<\/title>\n<meta name=\"robots\" content=\"index, follow, max-snippet:-1, max-image-preview:large, max-video-preview:-1\" \/>\n<link rel=\"canonical\" href=\"https:\/\/turcon.es\/wp\/la-ulpgc-cuelga-un-tesoro-de-voces-fotografias-e-ideas\/\" \/>\n<meta property=\"og:locale\" content=\"es_ES\" \/>\n<meta property=\"og:type\" content=\"article\" \/>\n<meta property=\"og:title\" content=\"La ULPGC cuelga un tesoro de voces, fotograf\u00edas e ideas - Colectivo Ecologista Turcon\" \/>\n<meta property=\"og:description\" content=\"Carlos S. Beltr\u00e1n Las Palmas de Gran Canaria Canarias7, 14-6-2008 La Universidad de Las Palmas de Gran Canaria present\u00f3 ayer los portales de las colecciones digitales de la Biblioteca Universitaria. Este proyecto recoge gran parte del devenir hist\u00f3rico de Canarias. Desde el archivo completo de Miguel Hern\u00e1ndez de La Torre hasta el trabajo de Maximiano [&hellip;]\" \/>\n<meta property=\"og:url\" content=\"https:\/\/turcon.es\/wp\/la-ulpgc-cuelga-un-tesoro-de-voces-fotografias-e-ideas\/\" \/>\n<meta property=\"og:site_name\" content=\"Colectivo Ecologista Turcon\" \/>\n<meta property=\"article:published_time\" content=\"2008-06-14T00:31:53+00:00\" \/>\n<meta property=\"og:image\" content=\"https:\/\/turcon.es\/wp\/wp-content\/uploads\/2008\/07\/activ29.gif\" \/>\n\t<meta property=\"og:image:width\" content=\"161\" \/>\n\t<meta property=\"og:image:height\" content=\"145\" \/>\n\t<meta property=\"og:image:type\" content=\"image\/gif\" \/>\n<meta name=\"author\" content=\"Laura Fernandez\" \/>\n<meta name=\"twitter:card\" content=\"summary_large_image\" \/>\n<meta name=\"twitter:label1\" content=\"Escrito por\" \/>\n\t<meta name=\"twitter:data1\" content=\"Laura Fernandez\" \/>\n\t<meta name=\"twitter:label2\" content=\"Tiempo de lectura\" \/>\n\t<meta name=\"twitter:data2\" content=\"2 minutos\" \/>\n<script type=\"application\/ld+json\" class=\"yoast-schema-graph\">{\"@context\":\"https:\/\/schema.org\",\"@graph\":[{\"@type\":\"Article\",\"@id\":\"https:\/\/turcon.es\/wp\/la-ulpgc-cuelga-un-tesoro-de-voces-fotografias-e-ideas\/#article\",\"isPartOf\":{\"@id\":\"https:\/\/turcon.es\/wp\/la-ulpgc-cuelga-un-tesoro-de-voces-fotografias-e-ideas\/\"},\"author\":{\"name\":\"Laura Fernandez\",\"@id\":\"https:\/\/turcon.es\/wp\/#\/schema\/person\/a1f3ba727ce031d9da17684affe85edd\"},\"headline\":\"La ULPGC cuelga un tesoro de voces, fotograf\u00edas e ideas\",\"datePublished\":\"2008-06-14T00:31:53+00:00\",\"mainEntityOfPage\":{\"@id\":\"https:\/\/turcon.es\/wp\/la-ulpgc-cuelga-un-tesoro-de-voces-fotografias-e-ideas\/\"},\"wordCount\":479,\"commentCount\":0,\"publisher\":{\"@id\":\"https:\/\/turcon.es\/wp\/#organization\"},\"image\":{\"@id\":\"https:\/\/turcon.es\/wp\/la-ulpgc-cuelga-un-tesoro-de-voces-fotografias-e-ideas\/#primaryimage\"},\"thumbnailUrl\":\"http:\/\/turcon.es\/wp\/wp-content\/uploads\/2008\/06\/mdcterceraedicion2.jpg?w=300\",\"keywords\":[\"Biblioteca digital\",\"Biblioteca Universitaria\",\"Digitalizaci\u00f3n\",\"Jable\",\"Memoria digital de Canarias\",\"Patrimonio\",\"Peri\u00f3dicos\",\"Prensa\"],\"articleSection\":[\"Patrimonio hist\u00f3rico\",\"Recomendamos para leer, ver y escuchar...\"],\"inLanguage\":\"es\",\"potentialAction\":[{\"@type\":\"CommentAction\",\"name\":\"Comment\",\"target\":[\"https:\/\/turcon.es\/wp\/la-ulpgc-cuelga-un-tesoro-de-voces-fotografias-e-ideas\/#respond\"]}]},{\"@type\":\"WebPage\",\"@id\":\"https:\/\/turcon.es\/wp\/la-ulpgc-cuelga-un-tesoro-de-voces-fotografias-e-ideas\/\",\"url\":\"https:\/\/turcon.es\/wp\/la-ulpgc-cuelga-un-tesoro-de-voces-fotografias-e-ideas\/\",\"name\":\"La ULPGC cuelga un tesoro de voces, fotograf\u00edas e ideas - Colectivo Ecologista Turcon\",\"isPartOf\":{\"@id\":\"https:\/\/turcon.es\/wp\/#website\"},\"primaryImageOfPage\":{\"@id\":\"https:\/\/turcon.es\/wp\/la-ulpgc-cuelga-un-tesoro-de-voces-fotografias-e-ideas\/#primaryimage\"},\"image\":{\"@id\":\"https:\/\/turcon.es\/wp\/la-ulpgc-cuelga-un-tesoro-de-voces-fotografias-e-ideas\/#primaryimage\"},\"thumbnailUrl\":\"http:\/\/turcon.es\/wp\/wp-content\/uploads\/2008\/06\/mdcterceraedicion2.jpg?w=300\",\"datePublished\":\"2008-06-14T00:31:53+00:00\",\"breadcrumb\":{\"@id\":\"https:\/\/turcon.es\/wp\/la-ulpgc-cuelga-un-tesoro-de-voces-fotografias-e-ideas\/#breadcrumb\"},\"inLanguage\":\"es\",\"potentialAction\":[{\"@type\":\"ReadAction\",\"target\":[\"https:\/\/turcon.es\/wp\/la-ulpgc-cuelga-un-tesoro-de-voces-fotografias-e-ideas\/\"]}]},{\"@type\":\"ImageObject\",\"inLanguage\":\"es\",\"@id\":\"https:\/\/turcon.es\/wp\/la-ulpgc-cuelga-un-tesoro-de-voces-fotografias-e-ideas\/#primaryimage\",\"url\":\"http:\/\/turcon.es\/wp\/wp-content\/uploads\/2008\/06\/mdcterceraedicion2.jpg?w=300\",\"contentUrl\":\"http:\/\/turcon.es\/wp\/wp-content\/uploads\/2008\/06\/mdcterceraedicion2.jpg?w=300\"},{\"@type\":\"BreadcrumbList\",\"@id\":\"https:\/\/turcon.es\/wp\/la-ulpgc-cuelga-un-tesoro-de-voces-fotografias-e-ideas\/#breadcrumb\",\"itemListElement\":[{\"@type\":\"ListItem\",\"position\":1,\"name\":\"Portada\",\"item\":\"https:\/\/turcon.es\/wp\/\"},{\"@type\":\"ListItem\",\"position\":2,\"name\":\"La ULPGC cuelga un tesoro de voces, fotograf\u00edas e ideas\"}]},{\"@type\":\"WebSite\",\"@id\":\"https:\/\/turcon.es\/wp\/#website\",\"url\":\"https:\/\/turcon.es\/wp\/\",\"name\":\"Colectivo Ecologista Turcon\",\"description\":\"\",\"publisher\":{\"@id\":\"https:\/\/turcon.es\/wp\/#organization\"},\"potentialAction\":[{\"@type\":\"SearchAction\",\"target\":{\"@type\":\"EntryPoint\",\"urlTemplate\":\"https:\/\/turcon.es\/wp\/?s={search_term_string}\"},\"query-input\":{\"@type\":\"PropertyValueSpecification\",\"valueRequired\":true,\"valueName\":\"search_term_string\"}}],\"inLanguage\":\"es\"},{\"@type\":\"Organization\",\"@id\":\"https:\/\/turcon.es\/wp\/#organization\",\"name\":\"Colectivo Ecologista Turcon\",\"url\":\"https:\/\/turcon.es\/wp\/\",\"logo\":{\"@type\":\"ImageObject\",\"inLanguage\":\"es\",\"@id\":\"https:\/\/turcon.es\/wp\/#\/schema\/logo\/image\/\",\"url\":\"https:\/\/turcon.es\/wp\/wp-content\/uploads\/2025\/03\/logo-verde.svg\",\"contentUrl\":\"https:\/\/turcon.es\/wp\/wp-content\/uploads\/2025\/03\/logo-verde.svg\",\"width\":813,\"height\":813,\"caption\":\"Colectivo Ecologista Turcon\"},\"image\":{\"@id\":\"https:\/\/turcon.es\/wp\/#\/schema\/logo\/image\/\"}},{\"@type\":\"Person\",\"@id\":\"https:\/\/turcon.es\/wp\/#\/schema\/person\/a1f3ba727ce031d9da17684affe85edd\",\"name\":\"Laura Fernandez\",\"image\":{\"@type\":\"ImageObject\",\"inLanguage\":\"es\",\"@id\":\"https:\/\/turcon.es\/wp\/#\/schema\/person\/image\/\",\"url\":\"https:\/\/secure.gravatar.com\/avatar\/360749af9549af22e54582d50231ae56e854210ae2368797ba242f445a9852e8?s=96&d=mm&r=g\",\"contentUrl\":\"https:\/\/secure.gravatar.com\/avatar\/360749af9549af22e54582d50231ae56e854210ae2368797ba242f445a9852e8?s=96&d=mm&r=g\",\"caption\":\"Laura Fernandez\"},\"url\":\"https:\/\/turcon.es\/wp\/author\/admturcon\/\"}]}<\/script>\n<!-- \/ Yoast SEO plugin. -->","yoast_head_json":{"title":"La ULPGC cuelga un tesoro de voces, fotograf\u00edas e ideas - Colectivo Ecologista Turcon","robots":{"index":"index","follow":"follow","max-snippet":"max-snippet:-1","max-image-preview":"max-image-preview:large","max-video-preview":"max-video-preview:-1"},"canonical":"https:\/\/turcon.es\/wp\/la-ulpgc-cuelga-un-tesoro-de-voces-fotografias-e-ideas\/","og_locale":"es_ES","og_type":"article","og_title":"La ULPGC cuelga un tesoro de voces, fotograf\u00edas e ideas - Colectivo Ecologista Turcon","og_description":"Carlos S. Beltr\u00e1n Las Palmas de Gran Canaria Canarias7, 14-6-2008 La Universidad de Las Palmas de Gran Canaria present\u00f3 ayer los portales de las colecciones digitales de la Biblioteca Universitaria. Este proyecto recoge gran parte del devenir hist\u00f3rico de Canarias. Desde el archivo completo de Miguel Hern\u00e1ndez de La Torre hasta el trabajo de Maximiano [&hellip;]","og_url":"https:\/\/turcon.es\/wp\/la-ulpgc-cuelga-un-tesoro-de-voces-fotografias-e-ideas\/","og_site_name":"Colectivo Ecologista Turcon","article_published_time":"2008-06-14T00:31:53+00:00","og_image":[{"width":161,"height":145,"url":"https:\/\/turcon.es\/wp\/wp-content\/uploads\/2008\/07\/activ29.gif","type":"image\/gif"}],"author":"Laura Fernandez","twitter_card":"summary_large_image","twitter_misc":{"Escrito por":"Laura Fernandez","Tiempo de lectura":"2 minutos"},"schema":{"@context":"https:\/\/schema.org","@graph":[{"@type":"Article","@id":"https:\/\/turcon.es\/wp\/la-ulpgc-cuelga-un-tesoro-de-voces-fotografias-e-ideas\/#article","isPartOf":{"@id":"https:\/\/turcon.es\/wp\/la-ulpgc-cuelga-un-tesoro-de-voces-fotografias-e-ideas\/"},"author":{"name":"Laura Fernandez","@id":"https:\/\/turcon.es\/wp\/#\/schema\/person\/a1f3ba727ce031d9da17684affe85edd"},"headline":"La ULPGC cuelga un tesoro de voces, fotograf\u00edas e ideas","datePublished":"2008-06-14T00:31:53+00:00","mainEntityOfPage":{"@id":"https:\/\/turcon.es\/wp\/la-ulpgc-cuelga-un-tesoro-de-voces-fotografias-e-ideas\/"},"wordCount":479,"commentCount":0,"publisher":{"@id":"https:\/\/turcon.es\/wp\/#organization"},"image":{"@id":"https:\/\/turcon.es\/wp\/la-ulpgc-cuelga-un-tesoro-de-voces-fotografias-e-ideas\/#primaryimage"},"thumbnailUrl":"http:\/\/turcon.es\/wp\/wp-content\/uploads\/2008\/06\/mdcterceraedicion2.jpg?w=300","keywords":["Biblioteca digital","Biblioteca Universitaria","Digitalizaci\u00f3n","Jable","Memoria digital de Canarias","Patrimonio","Peri\u00f3dicos","Prensa"],"articleSection":["Patrimonio hist\u00f3rico","Recomendamos para leer, ver y escuchar..."],"inLanguage":"es","potentialAction":[{"@type":"CommentAction","name":"Comment","target":["https:\/\/turcon.es\/wp\/la-ulpgc-cuelga-un-tesoro-de-voces-fotografias-e-ideas\/#respond"]}]},{"@type":"WebPage","@id":"https:\/\/turcon.es\/wp\/la-ulpgc-cuelga-un-tesoro-de-voces-fotografias-e-ideas\/","url":"https:\/\/turcon.es\/wp\/la-ulpgc-cuelga-un-tesoro-de-voces-fotografias-e-ideas\/","name":"La ULPGC cuelga un tesoro de voces, fotograf\u00edas e ideas - Colectivo Ecologista Turcon","isPartOf":{"@id":"https:\/\/turcon.es\/wp\/#website"},"primaryImageOfPage":{"@id":"https:\/\/turcon.es\/wp\/la-ulpgc-cuelga-un-tesoro-de-voces-fotografias-e-ideas\/#primaryimage"},"image":{"@id":"https:\/\/turcon.es\/wp\/la-ulpgc-cuelga-un-tesoro-de-voces-fotografias-e-ideas\/#primaryimage"},"thumbnailUrl":"http:\/\/turcon.es\/wp\/wp-content\/uploads\/2008\/06\/mdcterceraedicion2.jpg?w=300","datePublished":"2008-06-14T00:31:53+00:00","breadcrumb":{"@id":"https:\/\/turcon.es\/wp\/la-ulpgc-cuelga-un-tesoro-de-voces-fotografias-e-ideas\/#breadcrumb"},"inLanguage":"es","potentialAction":[{"@type":"ReadAction","target":["https:\/\/turcon.es\/wp\/la-ulpgc-cuelga-un-tesoro-de-voces-fotografias-e-ideas\/"]}]},{"@type":"ImageObject","inLanguage":"es","@id":"https:\/\/turcon.es\/wp\/la-ulpgc-cuelga-un-tesoro-de-voces-fotografias-e-ideas\/#primaryimage","url":"http:\/\/turcon.es\/wp\/wp-content\/uploads\/2008\/06\/mdcterceraedicion2.jpg?w=300","contentUrl":"http:\/\/turcon.es\/wp\/wp-content\/uploads\/2008\/06\/mdcterceraedicion2.jpg?w=300"},{"@type":"BreadcrumbList","@id":"https:\/\/turcon.es\/wp\/la-ulpgc-cuelga-un-tesoro-de-voces-fotografias-e-ideas\/#breadcrumb","itemListElement":[{"@type":"ListItem","position":1,"name":"Portada","item":"https:\/\/turcon.es\/wp\/"},{"@type":"ListItem","position":2,"name":"La ULPGC cuelga un tesoro de voces, fotograf\u00edas e ideas"}]},{"@type":"WebSite","@id":"https:\/\/turcon.es\/wp\/#website","url":"https:\/\/turcon.es\/wp\/","name":"Colectivo Ecologista Turcon","description":"","publisher":{"@id":"https:\/\/turcon.es\/wp\/#organization"},"potentialAction":[{"@type":"SearchAction","target":{"@type":"EntryPoint","urlTemplate":"https:\/\/turcon.es\/wp\/?s={search_term_string}"},"query-input":{"@type":"PropertyValueSpecification","valueRequired":true,"valueName":"search_term_string"}}],"inLanguage":"es"},{"@type":"Organization","@id":"https:\/\/turcon.es\/wp\/#organization","name":"Colectivo Ecologista Turcon","url":"https:\/\/turcon.es\/wp\/","logo":{"@type":"ImageObject","inLanguage":"es","@id":"https:\/\/turcon.es\/wp\/#\/schema\/logo\/image\/","url":"https:\/\/turcon.es\/wp\/wp-content\/uploads\/2025\/03\/logo-verde.svg","contentUrl":"https:\/\/turcon.es\/wp\/wp-content\/uploads\/2025\/03\/logo-verde.svg","width":813,"height":813,"caption":"Colectivo Ecologista Turcon"},"image":{"@id":"https:\/\/turcon.es\/wp\/#\/schema\/logo\/image\/"}},{"@type":"Person","@id":"https:\/\/turcon.es\/wp\/#\/schema\/person\/a1f3ba727ce031d9da17684affe85edd","name":"Laura Fernandez","image":{"@type":"ImageObject","inLanguage":"es","@id":"https:\/\/turcon.es\/wp\/#\/schema\/person\/image\/","url":"https:\/\/secure.gravatar.com\/avatar\/360749af9549af22e54582d50231ae56e854210ae2368797ba242f445a9852e8?s=96&d=mm&r=g","contentUrl":"https:\/\/secure.gravatar.com\/avatar\/360749af9549af22e54582d50231ae56e854210ae2368797ba242f445a9852e8?s=96&d=mm&r=g","caption":"Laura Fernandez"},"url":"https:\/\/turcon.es\/wp\/author\/admturcon\/"}]}},"_links":{"self":[{"href":"https:\/\/turcon.es\/wp\/wp-json\/wp\/v2\/posts\/14233","targetHints":{"allow":["GET"]}}],"collection":[{"href":"https:\/\/turcon.es\/wp\/wp-json\/wp\/v2\/posts"}],"about":[{"href":"https:\/\/turcon.es\/wp\/wp-json\/wp\/v2\/types\/post"}],"author":[{"embeddable":true,"href":"https:\/\/turcon.es\/wp\/wp-json\/wp\/v2\/users\/2"}],"replies":[{"embeddable":true,"href":"https:\/\/turcon.es\/wp\/wp-json\/wp\/v2\/comments?post=14233"}],"version-history":[{"count":0,"href":"https:\/\/turcon.es\/wp\/wp-json\/wp\/v2\/posts\/14233\/revisions"}],"wp:attachment":[{"href":"https:\/\/turcon.es\/wp\/wp-json\/wp\/v2\/media?parent=14233"}],"wp:term":[{"taxonomy":"category","embeddable":true,"href":"https:\/\/turcon.es\/wp\/wp-json\/wp\/v2\/categories?post=14233"},{"taxonomy":"post_tag","embeddable":true,"href":"https:\/\/turcon.es\/wp\/wp-json\/wp\/v2\/tags?post=14233"}],"curies":[{"name":"wp","href":"https:\/\/api.w.org\/{rel}","templated":true}]}}