{"id":14250,"date":"2008-07-02T23:19:43","date_gmt":"2008-07-02T23:19:43","guid":{"rendered":"http:\/\/turcon.wordpress.com\/?p=323"},"modified":"2008-07-02T23:19:43","modified_gmt":"2008-07-02T23:19:43","slug":"andalucia-valencia-murcia-y-canarias-las-comunidades-que-mas-maltratan-su-litoral","status":"publish","type":"post","link":"https:\/\/turcon.es\/wp\/andalucia-valencia-murcia-y-canarias-las-comunidades-que-mas-maltratan-su-litoral\/","title":{"rendered":"Andaluc\u00eda, Valencia, Murcia y Canarias, las comunidades que m\u00e1s \u00abmaltratan\u00bb su litoral"},"content":{"rendered":"<div class=\"cabecera_noticia\">\n<h3>Greenpeace denuncia que el \u00aburbanismo salvaje\u00bb contin\u00faa destruyendo la costa<\/h3>\n<div class=\"firma\">\n<p><strong>EFE<\/strong><\/p>\n<p>El Pa\u00eds, 02\/07\/2008<\/p><\/div>\n<\/div>\n<p><!-- ***** Contenido noticia ***** --><\/p>\n<div class=\"contenido_noticia\">\n<p><a href=\"http:\/\/turcon.es\/wp\/wp-content\/uploads\/2008\/07\/informeic.jpg\"><img fetchpriority=\"high\" decoding=\"async\" class=\"alignright size-medium wp-image-324\" src=\"http:\/\/turcon.es\/wp\/wp-content\/uploads\/2008\/07\/informeic.jpg?w=209\" alt=\"\" width=\"209\" height=\"300\" \/><\/a>Greenpeace ha presentado hoy la nueva edici\u00f3n de su informe anual <em>Destrucci\u00f3n a toda costa,<\/em> que pone de relieve que Andaluc\u00eda, la Comunidad Valenciana, Murcia y <strong>Canarias<\/strong> son las autonom\u00edas que m\u00e1s \u00abmaltratan\u00bb su litoral. La organizaci\u00f3n ecologista denuncia que el \u00aburbanismo salvaje\u00bb sigue siendo el principal culpable de la degradaci\u00f3n de la costa espa\u00f1ola: a los tres millones de viviendas proyectadas en 2007, ya aprobadas por los correspondientes ayuntamientos, se han sumado 137 nuevas actuaciones en infraestructuras, principalmente puertos deportivos e industriales, que van ganando terreno al mar. Adem\u00e1s, los casos de corrupci\u00f3n urban\u00edstica en el litoral en el \u00faltimo a\u00f1o ascienden a 67. En ellos est\u00e1n implicadas medio millar de personas, un 37% de ellas son cargos p\u00fablicos.<\/p>\n<p><strong>El <em>podio<\/em> de las comunidades que menos cuidan su costa lo encabezar\u00edan las cuatro autonom\u00edas citadas<\/strong> junto a las ciudades aut\u00f3nomas de Ceuta y Melilla; en el segundo escal\u00f3n estar\u00edan Catalu\u00f1a, Baleares y Galicia \u00abpor seguir produciendo da\u00f1os al medio ambiente\u00bb; y el tercer lugar ser\u00eda para el Pa\u00eds Vasco, Cantabria y Asturias por estar imitando el modelo \u00abdevastador\u00bb del Mediterr\u00e1neo.<\/p>\n<p><!--more--><strong>Las zonas m\u00e1s amenazadas por el ladrillo<\/strong><\/p>\n<p>La organizaci\u00f3n ecologista cita adem\u00e1s cu\u00e1les son, a su juicio, los diez puntos negros del mapa del ladrillo en Espa\u00f1a: El Algarrobico (Almer\u00eda), el puerto de Tarifa (C\u00e1diz), el Polo Qu\u00edmico de Huelva, el Delta del Ebro, Marina d&#8217;Or (Castell\u00f3n), el <em>Manhattan<\/em> de Cullera, el puerto deportivo de Pasajes (Guip\u00fazcoa), la r\u00eda de Vigo (Pontevedra), <strong>el puerto de Granadilla (Tenerife)<\/strong> y Marina de Cope, en \u00c1guilas (Murcia).<\/p>\n<p>El documento de Greenpeace cita hasta cien puntos negros del litoral espa\u00f1ol, y cuestiona el modelo de desarrollo econ\u00f3mico de los \u00faltimos a\u00f1os, basado -se\u00f1ala el informe- en la construcci\u00f3n ilimitada a costa de la degradaci\u00f3n del patrimonio natural espa\u00f1ol.<\/p>\n<p>De los cien puntos m\u00e1s amenazados, 37 lo son por afecciones a la calidad de las aguas, de los cuales destacan el Polo Qu\u00edmico de Huelva, la zona m\u00e1s contaminada de Europa y en riesgo de \u00abcat\u00e1strofe ambiental\u00bb, y la bah\u00eda de Algeciras, ambos en Andaluc\u00eda. Tambi\u00e9n la costa de Tarragona, la r\u00eda de Vigo, la r\u00eda de O Burgo y Corcubi\u00f3n, ambas en A Coru\u00f1a, la bah\u00eda de Santander, Guardamar del Segura (Alicante), la bah\u00eda de Palma de Mallorca y la bah\u00eda de Portman (Murcia) registran una contaminaci\u00f3n \u00absevera\u00bb.<\/p>\n<p>Galicia es la comunidad con m\u00e1s puntos negros, ya que acumula 19 de los cien, seguida de Andaluc\u00eda, con 18; Comunidad Valenciana (11), Catalu\u00f1a y <strong>Canarias<\/strong>, ambas con 10; Baleares y Murcia (7 en cada una de ellas); Asturias (6); Cantabria (5); y Ceuta y Melilla (uno en cada caso).<\/div>\n","protected":false},"excerpt":{"rendered":"<p>Greenpeace denuncia que el \u00aburbanismo salvaje\u00bb contin\u00faa destruyendo la costa EFE El Pa\u00eds, 02\/07\/2008 Greenpeace ha presentado hoy la nueva edici\u00f3n de su informe anual Destrucci\u00f3n a toda costa, que pone de relieve que Andaluc\u00eda, la Comunidad Valenciana, Murcia y Canarias son las autonom\u00edas que m\u00e1s \u00abmaltratan\u00bb su litoral. La organizaci\u00f3n ecologista denuncia que el [&hellip;]<\/p>\n","protected":false},"author":2,"featured_media":0,"comment_status":"open","ping_status":"open","sticky":false,"template":"","format":"standard","meta":{"footnotes":""},"categories":[37,43],"tags":[341,472,495,717,1041],"class_list":["post-14250","post","type-post","status-publish","format-standard","hentry","category-espacios-naturales","category-infraestructuras","tag-canarias","tag-construccion","tag-costas","tag-espana","tag-litoral"],"yoast_head":"<!-- This site is optimized with the Yoast SEO plugin v26.3 - https:\/\/yoast.com\/wordpress\/plugins\/seo\/ -->\n<title>Andaluc\u00eda, Valencia, Murcia y Canarias, las comunidades que m\u00e1s &quot;maltratan&quot; su litoral - Colectivo Ecologista Turcon<\/title>\n<meta name=\"robots\" content=\"index, follow, max-snippet:-1, max-image-preview:large, max-video-preview:-1\" \/>\n<link rel=\"canonical\" href=\"https:\/\/turcon.es\/wp\/andalucia-valencia-murcia-y-canarias-las-comunidades-que-mas-maltratan-su-litoral\/\" \/>\n<meta property=\"og:locale\" content=\"es_ES\" \/>\n<meta property=\"og:type\" content=\"article\" \/>\n<meta property=\"og:title\" content=\"Andaluc\u00eda, Valencia, Murcia y Canarias, las comunidades que m\u00e1s &quot;maltratan&quot; su litoral - Colectivo Ecologista Turcon\" \/>\n<meta property=\"og:description\" content=\"Greenpeace denuncia que el \u00aburbanismo salvaje\u00bb contin\u00faa destruyendo la costa EFE El Pa\u00eds, 02\/07\/2008 Greenpeace ha presentado hoy la nueva edici\u00f3n de su informe anual Destrucci\u00f3n a toda costa, que pone de relieve que Andaluc\u00eda, la Comunidad Valenciana, Murcia y Canarias son las autonom\u00edas que m\u00e1s \u00abmaltratan\u00bb su litoral. La organizaci\u00f3n ecologista denuncia que el [&hellip;]\" \/>\n<meta property=\"og:url\" content=\"https:\/\/turcon.es\/wp\/andalucia-valencia-murcia-y-canarias-las-comunidades-que-mas-maltratan-su-litoral\/\" \/>\n<meta property=\"og:site_name\" content=\"Colectivo Ecologista Turcon\" \/>\n<meta property=\"article:published_time\" content=\"2008-07-02T23:19:43+00:00\" \/>\n<meta property=\"og:image\" content=\"https:\/\/turcon.es\/wp\/wp-content\/uploads\/2008\/08\/p1010348-red.jpg\" \/>\n\t<meta property=\"og:image:width\" content=\"269\" \/>\n\t<meta property=\"og:image:height\" content=\"202\" \/>\n\t<meta property=\"og:image:type\" content=\"image\/jpeg\" \/>\n<meta name=\"author\" content=\"Laura Fernandez\" \/>\n<meta name=\"twitter:card\" content=\"summary_large_image\" \/>\n<meta name=\"twitter:label1\" content=\"Escrito por\" \/>\n\t<meta name=\"twitter:data1\" content=\"Laura Fernandez\" \/>\n\t<meta name=\"twitter:label2\" content=\"Tiempo de lectura\" \/>\n\t<meta name=\"twitter:data2\" content=\"2 minutos\" \/>\n<script type=\"application\/ld+json\" class=\"yoast-schema-graph\">{\"@context\":\"https:\/\/schema.org\",\"@graph\":[{\"@type\":\"Article\",\"@id\":\"https:\/\/turcon.es\/wp\/andalucia-valencia-murcia-y-canarias-las-comunidades-que-mas-maltratan-su-litoral\/#article\",\"isPartOf\":{\"@id\":\"https:\/\/turcon.es\/wp\/andalucia-valencia-murcia-y-canarias-las-comunidades-que-mas-maltratan-su-litoral\/\"},\"author\":{\"name\":\"Laura Fernandez\",\"@id\":\"https:\/\/turcon.es\/wp\/#\/schema\/person\/a1f3ba727ce031d9da17684affe85edd\"},\"headline\":\"Andaluc\u00eda, Valencia, Murcia y Canarias, las comunidades que m\u00e1s \u00abmaltratan\u00bb su litoral\",\"datePublished\":\"2008-07-02T23:19:43+00:00\",\"mainEntityOfPage\":{\"@id\":\"https:\/\/turcon.es\/wp\/andalucia-valencia-murcia-y-canarias-las-comunidades-que-mas-maltratan-su-litoral\/\"},\"wordCount\":513,\"commentCount\":0,\"publisher\":{\"@id\":\"https:\/\/turcon.es\/wp\/#organization\"},\"image\":{\"@id\":\"https:\/\/turcon.es\/wp\/andalucia-valencia-murcia-y-canarias-las-comunidades-que-mas-maltratan-su-litoral\/#primaryimage\"},\"thumbnailUrl\":\"http:\/\/turcon.es\/wp\/wp-content\/uploads\/2008\/07\/informeic.jpg?w=209\",\"keywords\":[\"Canarias\",\"Construcci\u00f3n\",\"Costas\",\"Espa\u00f1a\",\"Litoral\"],\"articleSection\":[\"Espacios Naturales\",\"Infraestructuras\"],\"inLanguage\":\"es\",\"potentialAction\":[{\"@type\":\"CommentAction\",\"name\":\"Comment\",\"target\":[\"https:\/\/turcon.es\/wp\/andalucia-valencia-murcia-y-canarias-las-comunidades-que-mas-maltratan-su-litoral\/#respond\"]}]},{\"@type\":\"WebPage\",\"@id\":\"https:\/\/turcon.es\/wp\/andalucia-valencia-murcia-y-canarias-las-comunidades-que-mas-maltratan-su-litoral\/\",\"url\":\"https:\/\/turcon.es\/wp\/andalucia-valencia-murcia-y-canarias-las-comunidades-que-mas-maltratan-su-litoral\/\",\"name\":\"Andaluc\u00eda, Valencia, Murcia y Canarias, las comunidades que m\u00e1s \\\"maltratan\\\" su litoral - Colectivo Ecologista Turcon\",\"isPartOf\":{\"@id\":\"https:\/\/turcon.es\/wp\/#website\"},\"primaryImageOfPage\":{\"@id\":\"https:\/\/turcon.es\/wp\/andalucia-valencia-murcia-y-canarias-las-comunidades-que-mas-maltratan-su-litoral\/#primaryimage\"},\"image\":{\"@id\":\"https:\/\/turcon.es\/wp\/andalucia-valencia-murcia-y-canarias-las-comunidades-que-mas-maltratan-su-litoral\/#primaryimage\"},\"thumbnailUrl\":\"http:\/\/turcon.es\/wp\/wp-content\/uploads\/2008\/07\/informeic.jpg?w=209\",\"datePublished\":\"2008-07-02T23:19:43+00:00\",\"breadcrumb\":{\"@id\":\"https:\/\/turcon.es\/wp\/andalucia-valencia-murcia-y-canarias-las-comunidades-que-mas-maltratan-su-litoral\/#breadcrumb\"},\"inLanguage\":\"es\",\"potentialAction\":[{\"@type\":\"ReadAction\",\"target\":[\"https:\/\/turcon.es\/wp\/andalucia-valencia-murcia-y-canarias-las-comunidades-que-mas-maltratan-su-litoral\/\"]}]},{\"@type\":\"ImageObject\",\"inLanguage\":\"es\",\"@id\":\"https:\/\/turcon.es\/wp\/andalucia-valencia-murcia-y-canarias-las-comunidades-que-mas-maltratan-su-litoral\/#primaryimage\",\"url\":\"http:\/\/turcon.es\/wp\/wp-content\/uploads\/2008\/07\/informeic.jpg?w=209\",\"contentUrl\":\"http:\/\/turcon.es\/wp\/wp-content\/uploads\/2008\/07\/informeic.jpg?w=209\"},{\"@type\":\"BreadcrumbList\",\"@id\":\"https:\/\/turcon.es\/wp\/andalucia-valencia-murcia-y-canarias-las-comunidades-que-mas-maltratan-su-litoral\/#breadcrumb\",\"itemListElement\":[{\"@type\":\"ListItem\",\"position\":1,\"name\":\"Portada\",\"item\":\"https:\/\/turcon.es\/wp\/\"},{\"@type\":\"ListItem\",\"position\":2,\"name\":\"Andaluc\u00eda, Valencia, Murcia y Canarias, las comunidades que m\u00e1s \u00abmaltratan\u00bb su litoral\"}]},{\"@type\":\"WebSite\",\"@id\":\"https:\/\/turcon.es\/wp\/#website\",\"url\":\"https:\/\/turcon.es\/wp\/\",\"name\":\"Colectivo Ecologista Turcon\",\"description\":\"\",\"publisher\":{\"@id\":\"https:\/\/turcon.es\/wp\/#organization\"},\"potentialAction\":[{\"@type\":\"SearchAction\",\"target\":{\"@type\":\"EntryPoint\",\"urlTemplate\":\"https:\/\/turcon.es\/wp\/?s={search_term_string}\"},\"query-input\":{\"@type\":\"PropertyValueSpecification\",\"valueRequired\":true,\"valueName\":\"search_term_string\"}}],\"inLanguage\":\"es\"},{\"@type\":\"Organization\",\"@id\":\"https:\/\/turcon.es\/wp\/#organization\",\"name\":\"Colectivo Ecologista Turcon\",\"url\":\"https:\/\/turcon.es\/wp\/\",\"logo\":{\"@type\":\"ImageObject\",\"inLanguage\":\"es\",\"@id\":\"https:\/\/turcon.es\/wp\/#\/schema\/logo\/image\/\",\"url\":\"https:\/\/turcon.es\/wp\/wp-content\/uploads\/2025\/03\/logo-verde.svg\",\"contentUrl\":\"https:\/\/turcon.es\/wp\/wp-content\/uploads\/2025\/03\/logo-verde.svg\",\"width\":813,\"height\":813,\"caption\":\"Colectivo Ecologista Turcon\"},\"image\":{\"@id\":\"https:\/\/turcon.es\/wp\/#\/schema\/logo\/image\/\"}},{\"@type\":\"Person\",\"@id\":\"https:\/\/turcon.es\/wp\/#\/schema\/person\/a1f3ba727ce031d9da17684affe85edd\",\"name\":\"Laura Fernandez\",\"image\":{\"@type\":\"ImageObject\",\"inLanguage\":\"es\",\"@id\":\"https:\/\/turcon.es\/wp\/#\/schema\/person\/image\/\",\"url\":\"https:\/\/secure.gravatar.com\/avatar\/360749af9549af22e54582d50231ae56e854210ae2368797ba242f445a9852e8?s=96&d=mm&r=g\",\"contentUrl\":\"https:\/\/secure.gravatar.com\/avatar\/360749af9549af22e54582d50231ae56e854210ae2368797ba242f445a9852e8?s=96&d=mm&r=g\",\"caption\":\"Laura Fernandez\"},\"url\":\"https:\/\/turcon.es\/wp\/author\/admturcon\/\"}]}<\/script>\n<!-- \/ Yoast SEO plugin. -->","yoast_head_json":{"title":"Andaluc\u00eda, Valencia, Murcia y Canarias, las comunidades que m\u00e1s \"maltratan\" su litoral - Colectivo Ecologista Turcon","robots":{"index":"index","follow":"follow","max-snippet":"max-snippet:-1","max-image-preview":"max-image-preview:large","max-video-preview":"max-video-preview:-1"},"canonical":"https:\/\/turcon.es\/wp\/andalucia-valencia-murcia-y-canarias-las-comunidades-que-mas-maltratan-su-litoral\/","og_locale":"es_ES","og_type":"article","og_title":"Andaluc\u00eda, Valencia, Murcia y Canarias, las comunidades que m\u00e1s \"maltratan\" su litoral - Colectivo Ecologista Turcon","og_description":"Greenpeace denuncia que el \u00aburbanismo salvaje\u00bb contin\u00faa destruyendo la costa EFE El Pa\u00eds, 02\/07\/2008 Greenpeace ha presentado hoy la nueva edici\u00f3n de su informe anual Destrucci\u00f3n a toda costa, que pone de relieve que Andaluc\u00eda, la Comunidad Valenciana, Murcia y Canarias son las autonom\u00edas que m\u00e1s \u00abmaltratan\u00bb su litoral. La organizaci\u00f3n ecologista denuncia que el [&hellip;]","og_url":"https:\/\/turcon.es\/wp\/andalucia-valencia-murcia-y-canarias-las-comunidades-que-mas-maltratan-su-litoral\/","og_site_name":"Colectivo Ecologista Turcon","article_published_time":"2008-07-02T23:19:43+00:00","og_image":[{"width":269,"height":202,"url":"https:\/\/turcon.es\/wp\/wp-content\/uploads\/2008\/08\/p1010348-red.jpg","type":"image\/jpeg"}],"author":"Laura Fernandez","twitter_card":"summary_large_image","twitter_misc":{"Escrito por":"Laura Fernandez","Tiempo de lectura":"2 minutos"},"schema":{"@context":"https:\/\/schema.org","@graph":[{"@type":"Article","@id":"https:\/\/turcon.es\/wp\/andalucia-valencia-murcia-y-canarias-las-comunidades-que-mas-maltratan-su-litoral\/#article","isPartOf":{"@id":"https:\/\/turcon.es\/wp\/andalucia-valencia-murcia-y-canarias-las-comunidades-que-mas-maltratan-su-litoral\/"},"author":{"name":"Laura Fernandez","@id":"https:\/\/turcon.es\/wp\/#\/schema\/person\/a1f3ba727ce031d9da17684affe85edd"},"headline":"Andaluc\u00eda, Valencia, Murcia y Canarias, las comunidades que m\u00e1s \u00abmaltratan\u00bb su litoral","datePublished":"2008-07-02T23:19:43+00:00","mainEntityOfPage":{"@id":"https:\/\/turcon.es\/wp\/andalucia-valencia-murcia-y-canarias-las-comunidades-que-mas-maltratan-su-litoral\/"},"wordCount":513,"commentCount":0,"publisher":{"@id":"https:\/\/turcon.es\/wp\/#organization"},"image":{"@id":"https:\/\/turcon.es\/wp\/andalucia-valencia-murcia-y-canarias-las-comunidades-que-mas-maltratan-su-litoral\/#primaryimage"},"thumbnailUrl":"http:\/\/turcon.es\/wp\/wp-content\/uploads\/2008\/07\/informeic.jpg?w=209","keywords":["Canarias","Construcci\u00f3n","Costas","Espa\u00f1a","Litoral"],"articleSection":["Espacios Naturales","Infraestructuras"],"inLanguage":"es","potentialAction":[{"@type":"CommentAction","name":"Comment","target":["https:\/\/turcon.es\/wp\/andalucia-valencia-murcia-y-canarias-las-comunidades-que-mas-maltratan-su-litoral\/#respond"]}]},{"@type":"WebPage","@id":"https:\/\/turcon.es\/wp\/andalucia-valencia-murcia-y-canarias-las-comunidades-que-mas-maltratan-su-litoral\/","url":"https:\/\/turcon.es\/wp\/andalucia-valencia-murcia-y-canarias-las-comunidades-que-mas-maltratan-su-litoral\/","name":"Andaluc\u00eda, Valencia, Murcia y Canarias, las comunidades que m\u00e1s \"maltratan\" su litoral - Colectivo Ecologista Turcon","isPartOf":{"@id":"https:\/\/turcon.es\/wp\/#website"},"primaryImageOfPage":{"@id":"https:\/\/turcon.es\/wp\/andalucia-valencia-murcia-y-canarias-las-comunidades-que-mas-maltratan-su-litoral\/#primaryimage"},"image":{"@id":"https:\/\/turcon.es\/wp\/andalucia-valencia-murcia-y-canarias-las-comunidades-que-mas-maltratan-su-litoral\/#primaryimage"},"thumbnailUrl":"http:\/\/turcon.es\/wp\/wp-content\/uploads\/2008\/07\/informeic.jpg?w=209","datePublished":"2008-07-02T23:19:43+00:00","breadcrumb":{"@id":"https:\/\/turcon.es\/wp\/andalucia-valencia-murcia-y-canarias-las-comunidades-que-mas-maltratan-su-litoral\/#breadcrumb"},"inLanguage":"es","potentialAction":[{"@type":"ReadAction","target":["https:\/\/turcon.es\/wp\/andalucia-valencia-murcia-y-canarias-las-comunidades-que-mas-maltratan-su-litoral\/"]}]},{"@type":"ImageObject","inLanguage":"es","@id":"https:\/\/turcon.es\/wp\/andalucia-valencia-murcia-y-canarias-las-comunidades-que-mas-maltratan-su-litoral\/#primaryimage","url":"http:\/\/turcon.es\/wp\/wp-content\/uploads\/2008\/07\/informeic.jpg?w=209","contentUrl":"http:\/\/turcon.es\/wp\/wp-content\/uploads\/2008\/07\/informeic.jpg?w=209"},{"@type":"BreadcrumbList","@id":"https:\/\/turcon.es\/wp\/andalucia-valencia-murcia-y-canarias-las-comunidades-que-mas-maltratan-su-litoral\/#breadcrumb","itemListElement":[{"@type":"ListItem","position":1,"name":"Portada","item":"https:\/\/turcon.es\/wp\/"},{"@type":"ListItem","position":2,"name":"Andaluc\u00eda, Valencia, Murcia y Canarias, las comunidades que m\u00e1s \u00abmaltratan\u00bb su litoral"}]},{"@type":"WebSite","@id":"https:\/\/turcon.es\/wp\/#website","url":"https:\/\/turcon.es\/wp\/","name":"Colectivo Ecologista Turcon","description":"","publisher":{"@id":"https:\/\/turcon.es\/wp\/#organization"},"potentialAction":[{"@type":"SearchAction","target":{"@type":"EntryPoint","urlTemplate":"https:\/\/turcon.es\/wp\/?s={search_term_string}"},"query-input":{"@type":"PropertyValueSpecification","valueRequired":true,"valueName":"search_term_string"}}],"inLanguage":"es"},{"@type":"Organization","@id":"https:\/\/turcon.es\/wp\/#organization","name":"Colectivo Ecologista Turcon","url":"https:\/\/turcon.es\/wp\/","logo":{"@type":"ImageObject","inLanguage":"es","@id":"https:\/\/turcon.es\/wp\/#\/schema\/logo\/image\/","url":"https:\/\/turcon.es\/wp\/wp-content\/uploads\/2025\/03\/logo-verde.svg","contentUrl":"https:\/\/turcon.es\/wp\/wp-content\/uploads\/2025\/03\/logo-verde.svg","width":813,"height":813,"caption":"Colectivo Ecologista Turcon"},"image":{"@id":"https:\/\/turcon.es\/wp\/#\/schema\/logo\/image\/"}},{"@type":"Person","@id":"https:\/\/turcon.es\/wp\/#\/schema\/person\/a1f3ba727ce031d9da17684affe85edd","name":"Laura Fernandez","image":{"@type":"ImageObject","inLanguage":"es","@id":"https:\/\/turcon.es\/wp\/#\/schema\/person\/image\/","url":"https:\/\/secure.gravatar.com\/avatar\/360749af9549af22e54582d50231ae56e854210ae2368797ba242f445a9852e8?s=96&d=mm&r=g","contentUrl":"https:\/\/secure.gravatar.com\/avatar\/360749af9549af22e54582d50231ae56e854210ae2368797ba242f445a9852e8?s=96&d=mm&r=g","caption":"Laura Fernandez"},"url":"https:\/\/turcon.es\/wp\/author\/admturcon\/"}]}},"_links":{"self":[{"href":"https:\/\/turcon.es\/wp\/wp-json\/wp\/v2\/posts\/14250","targetHints":{"allow":["GET"]}}],"collection":[{"href":"https:\/\/turcon.es\/wp\/wp-json\/wp\/v2\/posts"}],"about":[{"href":"https:\/\/turcon.es\/wp\/wp-json\/wp\/v2\/types\/post"}],"author":[{"embeddable":true,"href":"https:\/\/turcon.es\/wp\/wp-json\/wp\/v2\/users\/2"}],"replies":[{"embeddable":true,"href":"https:\/\/turcon.es\/wp\/wp-json\/wp\/v2\/comments?post=14250"}],"version-history":[{"count":0,"href":"https:\/\/turcon.es\/wp\/wp-json\/wp\/v2\/posts\/14250\/revisions"}],"wp:attachment":[{"href":"https:\/\/turcon.es\/wp\/wp-json\/wp\/v2\/media?parent=14250"}],"wp:term":[{"taxonomy":"category","embeddable":true,"href":"https:\/\/turcon.es\/wp\/wp-json\/wp\/v2\/categories?post=14250"},{"taxonomy":"post_tag","embeddable":true,"href":"https:\/\/turcon.es\/wp\/wp-json\/wp\/v2\/tags?post=14250"}],"curies":[{"name":"wp","href":"https:\/\/api.w.org\/{rel}","templated":true}]}}