{"id":14255,"date":"2008-07-08T11:37:52","date_gmt":"2008-07-08T11:37:52","guid":{"rendered":"http:\/\/turcon.wordpress.com\/?p=339"},"modified":"2008-07-08T11:37:52","modified_gmt":"2008-07-08T11:37:52","slug":"cuartas-jornadas-de-plantas-medicinales-en-galdar","status":"publish","type":"post","link":"https:\/\/turcon.es\/wp\/cuartas-jornadas-de-plantas-medicinales-en-galdar\/","title":{"rendered":"Cuartas jornadas de plantas medicinales en Galdar."},"content":{"rendered":"<h2><span style=\"color:#999999;\">Recibimos con agrado el programa de estas interesantes jornadas y por su inter\u00e9s ponemos en conocimento de <a href=\"mailto:tod@s\">tod@s<\/a>\u00a0tan loable iniciativa.\u00a0<\/span><\/h2>\n<div class=\"textoarticulo\" style=\"text-align:center;\">\u00a0<strong><span style=\"text-decoration:underline;\"><span style=\"font-size:16pt;color:#993300;font-family:Papyrus;\">Cuartas Jornadas<\/span><\/span><\/strong><\/div>\n<p class=\"MsoNormal\" style=\"text-align:center;\"><strong><\/strong><\/p>\n<p class=\"MsoNormal\" style=\"text-align:center;\"><strong><span style=\"font-size:18pt;color:#00b050;\">PLANTAS MEDICINALES<\/span><\/strong><\/p>\n<p class=\"MsoNormal\" style=\"text-align:center;\"><strong><span style=\"font-size:18pt;color:#00b050;\">en MEDICINA POPULAR CANARIA<\/span><\/strong><\/p>\n<p class=\"MsoNormal\" style=\"text-align:center;\"><em><strong><span style=\"font-size:16pt;color:#993300;font-style:normal;\">MEMORIAL ENRIQUITO C\u00c1CERES. YERBERO<\/span><\/strong><\/em><strong><em><\/em><\/strong><\/p>\n<p class=\"MsoNormal\" style=\"text-align:center;margin:0;\" align=\"center\"><strong><span style=\"font-size:5pt;\">\u00a0<\/span><\/strong><strong><span style=\"font-size:16pt;color:#00b050;\">G\u00c1LDAR 2008<\/span><\/strong><\/p>\n<p class=\"MsoNormal\" style=\"text-align:center;margin:0;\" align=\"center\"><strong><span style=\"font-size:16pt;color:#00b050;\">CENTRO CULTURAL GUAIRES <\/span><\/strong><\/p>\n<p class=\"MsoNormal\" style=\"text-align:center;margin:0;\" align=\"center\"><strong><span style=\"font-size:14pt;color:#943634;\">(viernes 11 &#8211; s\u00e1bado 12 de julio)<\/span><\/strong><\/p>\n<p class=\"MsoNormal\" style=\"margin:0;\"><strong><span style=\"font-size:5pt;\">\u00a0<\/span><\/strong><strong><span style=\"text-decoration:underline;\"><span style=\"font-size:11pt;color:#993300;font-family:Papyrus;\">Viernes tarde:<\/span><\/span><\/strong><\/p>\n<p class=\"MsoNormal\" style=\"text-indent:-18pt;margin:0 0 0 36pt;\"><span style=\"font-size:10pt;font-family:Symbol;\"><span><img decoding=\"async\" src=\"\/DOCUME~1\/Vicente\/CONFIG~1\/Temp\/msohtml1\/01\/clip_image001.gif\" border=\"0\" alt=\"*\" width=\"13\" height=\"13\" \/><span style=\"font-weight:normal;font-size:7pt;line-height:normal;font-style:normal;font-variant:normal;\">\u00a0\u00a0\u00a0\u00a0\u00a0 <\/span><\/span><\/span><strong><span style=\"font-size:10pt;\">16,00 hs.- <span style=\"color:#008000;\">Acreditaci\u00f3n e inscripciones. <\/span><\/span><\/strong><\/p>\n<p class=\"MsoNormal\" style=\"text-indent:-18pt;margin:0 0 0 36pt;\"><span style=\"font-size:10pt;font-family:Symbol;\"><span><img decoding=\"async\" src=\"\/DOCUME~1\/Vicente\/CONFIG~1\/Temp\/msohtml1\/01\/clip_image001.gif\" border=\"0\" alt=\"*\" width=\"13\" height=\"13\" \/><span style=\"font-weight:normal;font-size:7pt;line-height:normal;font-style:normal;font-variant:normal;\">\u00a0\u00a0\u00a0\u00a0\u00a0\u00a0 <\/span><\/span><\/span><strong><span style=\"font-size:10pt;\">16,15 hs.- <span style=\"color:#008000;\">Inauguraci\u00f3n <\/span><\/span><\/strong><\/p>\n<p class=\"MsoNormal\" style=\"text-indent:17.4pt;margin:0 0 0 18pt;\"><span style=\"font-size:10pt;\">Ilmo. Sr. Alcalde Presidente. Excmo. Ayuntamiento de la Ciudad de G\u00e1ldar. <\/span><span style=\"font-size:10pt;color:#993300;\">D. Teodoro C. Sosa\u00a0\u00a0 Monz\u00f3n<\/span><\/p>\n<p class=\"MsoNormal\" style=\"margin:0 0 0 35.4pt;\"><span style=\"font-size:8pt;\">\u00a0<\/span><span style=\"font-size:10pt;font-family:Symbol;\"><span><img decoding=\"async\" src=\"\/DOCUME~1\/Vicente\/CONFIG~1\/Temp\/msohtml1\/01\/clip_image001.gif\" border=\"0\" alt=\"*\" width=\"11\" height=\"11\" \/><span style=\"font-weight:normal;font-size:7pt;line-height:normal;font-style:normal;font-variant:normal;\">\u00a0\u00a0\u00a0\u00a0\u00a0\u00a0 <a href=\"http:\/\/turcon.es\/wp\/wp-content\/uploads\/2008\/07\/4-jornadas-plantas-medicinalesxxxx.jpg\"><img fetchpriority=\"high\" decoding=\"async\" class=\"alignleft size-full wp-image-340\" src=\"http:\/\/turcon.es\/wp\/wp-content\/uploads\/2008\/07\/4-jornadas-plantas-medicinalesxxxx.jpg\" alt=\"\" width=\"205\" height=\"310\" \/><\/a><\/span><\/span><\/span><strong><span style=\"font-size:10pt;\">16,30 hs.- <span style=\"color:#008000;\">\u201cFolclor M\u00e9dico Transatl\u00e1ntico. Ejemplo Cuba \u2013 Islas Canarias\u201d: <\/span><\/span><\/strong><span style=\"font-size:10pt;\">influencia intercultural a partir del movimiento migratorio Canarias-Cuba-Canarias en relaci\u00f3n a los usos y costumbres de la medicina popular y las plantas medicinales.<strong><\/strong><\/span><\/p>\n<p class=\"MsoNormal\" style=\"text-align:justify;margin:0 0 0 36pt;\"><strong><span style=\"font-size:10pt;color:#993300;\">D. Israel Torres Jim\u00e9nez-<\/span><\/strong><strong><span style=\"font-size:10pt;color:#993300;\">Licenciado en Pedagog\u00eda. M\u00e1ster en Educaci\u00f3n y Orientaci\u00f3n Pedag\u00f3gica. M\u00e1ster en Desarrollo Cultural Comunitario. Universidad de Oriente. Santiago de Cuba.<\/span><\/strong><\/p>\n<p class=\"MsoNormal\" style=\"text-align:justify;margin:0;\"><span style=\"font-size:8pt;color:#993300;\">\u00a0<\/span><span style=\"font-size:10pt;color:#008000;font-family:Symbol;\"><span><img decoding=\"async\" src=\"\/DOCUME~1\/Vicente\/CONFIG~1\/Temp\/msohtml1\/01\/clip_image001.gif\" border=\"0\" alt=\"*\" width=\"11\" height=\"11\" \/><span style=\"font-weight:normal;font-size:7pt;line-height:normal;font-style:normal;font-variant:normal;\">\u00a0\u00a0\u00a0\u00a0\u00a0\u00a0 <\/span><\/span><\/span><strong><span style=\"font-size:10pt;\">17,15 hs.- <span style=\"color:#008000;\">\u201cM\u00e1s de 100 Plantas Medicinales en Medicina Popular Canaria\u201d: <\/span><\/span><\/strong><span style=\"font-size:10pt;\">Presentaci\u00f3n por su autor de esta obra de reciente edici\u00f3n por la Obra Social de La Caja de Canarias. Estudio monogr\u00e1fico de 134 plantas medicinales que pretende la armonizaci\u00f3n del saber tradicional de usos y virtudes de las plantas canarias con el conocimiento cient\u00edfico de la actualidad.<strong><\/strong><\/span><\/p>\n<p class=\"MsoNormal\" style=\"text-align:justify;margin:0 0 0 36pt;\"><strong><span style=\"font-size:10pt;color:#993300;\">D. S. Jorge Cruz Su\u00e1rez-<\/span><\/strong><strong><span style=\"font-size:10pt;color:#993300;\">Licenciado en Medicina (<\/span><\/strong><strong><span style=\"font-size:10pt;color:#993300;\">M\u00e1ster en Medicina Naturista y en Fitoterapia. Universidad de Barcelona)<\/span><\/strong><\/p>\n<p class=\"MsoNormal\" style=\"text-align:justify;margin:0 0 0 36pt;\"><strong><span style=\"font-size:8pt;color:#993300;\">\u00a0<\/span><\/strong><span style=\"font-size:10pt;font-family:Symbol;\"><span><img decoding=\"async\" src=\"\/DOCUME~1\/Vicente\/CONFIG~1\/Temp\/msohtml1\/01\/clip_image001.gif\" border=\"0\" alt=\"*\" width=\"11\" height=\"11\" \/><span style=\"font-weight:normal;font-size:7pt;line-height:normal;font-style:normal;font-variant:normal;\">\u00a0\u00a0\u00a0\u00a0\u00a0\u00a0 <\/span><\/span><\/span><strong><span style=\"font-size:10pt;\">18,00 hs.- <span style=\"color:#008000;\"><span>\u00a0<\/span>Presentaci\u00f3n de \u201dArminda y la l\u00e1grima del Drago\u201d: <\/span><\/span><\/strong><span style=\"font-size:10pt;\">Una propuesta did\u00e1ctica en torno al uso de las plantas medicinales en la Gran Canaria prehisp\u00e1nica. Se tratar\u00e1 las estrategias seguidas para transmitir al p\u00fablico escolar los resultados derivados de la investigaci\u00f3n arqueol\u00f3gica.<\/span><\/p>\n<p class=\"MsoNormal\" style=\"text-align:justify;margin:0 0 0 36pt;\"><strong><span style=\"font-size:10pt;color:#993300;\">D\u00aa Carmen Gloria Rodr\u00edguez Santana-<\/span><\/strong><strong><span style=\"font-size:10pt;color:#993300;\">Dra. en Geograf\u00eda e Historia. Conservadora de museos<\/span><\/strong><\/p>\n<p class=\"MsoNormal\" style=\"text-align:justify;margin:0 0 0 36pt;\"><strong><span style=\"font-size:10pt;color:#993300;\">Museo y Parque Arqueol\u00f3gico Cueva Pintada (Cabildo de Gran Canaria)<\/span><\/strong><\/p>\n<p class=\"MsoNormal\" style=\"text-align:justify;margin:0 0 0 36pt;\"><strong><span style=\"font-size:8pt;color:#993300;\">\u00a0<\/span><\/strong><\/p>\n<p class=\"MsoNormal\" style=\"text-align:justify;margin:0 0 0 36pt;\"><strong><span style=\"font-size:10pt;color:#993300;\">D. Jacob Morales Mateos-<\/span><\/strong><strong><span style=\"font-size:10pt;color:#993300;\">Dr. en Historia (<\/span><\/strong><strong><span style=\"font-size:10pt;color:#993300;\">Becario de investigaci\u00f3n post-doctoral. Universidad de Las Palmas de G.C.)<\/span><\/strong><\/p>\n<p class=\"MsoNormal\" style=\"text-align:justify;margin:0 0 0 36pt;\"><strong><span style=\"font-size:8pt;color:#993300;\">\u00a0<\/span><\/strong><span style=\"font-size:10pt;color:#993300;font-family:Symbol;\"><span><img decoding=\"async\" src=\"\/DOCUME~1\/Vicente\/CONFIG~1\/Temp\/msohtml1\/01\/clip_image001.gif\" border=\"0\" alt=\"*\" width=\"11\" height=\"11\" \/><span style=\"font-weight:normal;font-size:7pt;line-height:normal;font-style:normal;font-variant:normal;\">\u00a0\u00a0\u00a0\u00a0\u00a0\u00a0 <\/span><\/span><\/span><strong><span style=\"font-size:10pt;\">18,30 hs.- <span style=\"color:#008000;\">Descanso <\/span><\/span><\/strong><strong><\/strong><\/p>\n<p class=\"MsoNormal\" style=\"text-align:justify;margin:0;\"><span style=\"font-size:8pt;\">\u00a0<\/span><span style=\"font-size:10pt;color:#008000;font-family:Symbol;\"><span><img decoding=\"async\" src=\"\/DOCUME~1\/Vicente\/CONFIG~1\/Temp\/msohtml1\/01\/clip_image001.gif\" border=\"0\" alt=\"*\" width=\"11\" height=\"11\" \/><span style=\"font-weight:normal;font-size:7pt;line-height:normal;font-style:normal;font-variant:normal;\">\u00a0\u00a0\u00a0\u00a0\u00a0\u00a0\u00a0\u00a0\u00a0\u00a0\u00a0\u00a0\u00a0\u00a0 <\/span><\/span><\/span><strong><span style=\"font-size:10pt;\">19,00 hs.- <span style=\"color:#008000;\">Representaci\u00f3n: \u201cArminda y la l\u00e1grima del Drago\u201d <\/span><\/span><\/strong><\/p>\n<p class=\"MsoNormal\" style=\"text-indent:35.4pt;text-align:justify;margin:0;\"><strong><span style=\"font-size:10pt;color:#993300;\">Texto: Jacob Morales Mateos<\/span><\/strong><\/p>\n<p class=\"MsoNormal\" style=\"text-indent:35.4pt;text-align:justify;margin:0;\"><strong><span style=\"font-size:10pt;color:#993300;\">Dramaturgia: Entret\u00edteres<\/span><\/strong><\/p>\n<p class=\"MsoNormal\" style=\"text-indent:35.4pt;text-align:justify;margin:0;\"><strong><span style=\"font-size:10pt;color:#993300;\">Producci\u00f3n: Museo y Parque Arqueol\u00f3gico Cueva Pintada<\/span><\/strong><\/p>\n<p class=\"MsoNormal\" style=\"text-indent:35.4pt;text-align:justify;margin:0;\"><strong><span style=\"font-size:10pt;color:#993300;\">Interpretaci\u00f3n y manipulaci\u00f3n: Roberto P\u00e9rez y Bego\u00f1a Ramos (Entret\u00edteres)<\/span><\/strong><\/p>\n<p class=\"MsoNormal\" style=\"text-indent:35.4pt;text-align:justify;margin:0;\"><strong><span style=\"font-size:10pt;color:#993300;\">\u00a0\u00a0\u00a0\u00a0\u00a0\u00a0\u00a0\u00a0\u00a0\u00a0\u00a0\u00a0\u00a0\u00a0\u00a0\u00a0\u00a0\u00a0\u00a0\u00a0\u00a0\u00a0\u00a0\u00a0\u00a0\u00a0\u00a0\u00a0\u00a0\u00a0\u00a0\u00a0\u00a0\u00a0\u00a0\u00a0\u00a0\u00a0\u00a0\u00a0\u00a0\u00a0\u00a0\u00a0\u00a0\u00a0\u00a0\u00a0\u00a0\u00a0\u00a0\u00a0\u00a0\u00a0\u00a0\u00a0\u00a0\u00a0\u00a0\u00a0\u00a0\u00a0\u00a0\u00a0\u00a0\u00a0\u00a0\u00a0\u00a0\u00a0\u00a0\u00a0\u00a0\u00a0\u00a0\u00a0\u00a0\u00a0\u00a0\u00a0\u00a0\u00a0\u00a0\u00a0\u00a0\u00a0\u00a0\u00a0\u00a0\u00a0\u00a0\u00a0\u00a0\u00a0\u00a0\u00a0\u00a0\u00a0\u00a0\u00a0\u00a0\u00a0\u00a0\u00a0\u00a0\u00a0\u00a0\u00a0\u00a0\u00a0\u00a0\u00a0\u00a0\u00a0\u00a0\u00a0\u00a0\u00a0\u00a0\u00a0\u00a0\u00a0\u00a0\u00a0\u00a0\u00a0\u00a0\u00a0\u00a0\u00a0\u00a0\u00a0\u00a0\u00a0\u00a0\u00a0\u00a0\u00a0\u00a0\u00a0\u00a0\u00a0\u00a0\u00a0\u00a0\u00a0\u00a0\u00a0\u00a0\u00a0\u00a0\u00a0\u00a0\u00a0\u00a0<\/span><\/strong><strong><span style=\"font-size:10pt;color:#993300;\"><span>\u00a0\u00a0\u00a0\u00a0\u00a0\u00a0\u00a0\u00a0\u00a0\u00a0\u00a0\u00a0\u00a0\u00a0\u00a0\u00a0\u00a0\u00a0\u00a0\u00a0\u00a0\u00a0\u00a0\u00a0\u00a0\u00a0\u00a0\u00a0\u00a0\u00a0\u00a0\u00a0\u00a0\u00a0\u00a0\u00a0\u00a0\u00a0\u00a0\u00a0\u00a0\u00a0\u00a0\u00a0\u00a0\u00a0\u00a0\u00a0\u00a0\u00a0\u00a0\u00a0\u00a0\u00a0\u00a0\u00a0\u00a0\u00a0\u00a0\u00a0\u00a0\u00a0\u00a0\u00a0\u00a0\u00a0\u00a0\u00a0\u00a0\u00a0\u00a0\u00a0\u00a0\u00a0\u00a0\u00a0\u00a0\u00a0\u00a0\u00a0\u00a0\u00a0\u00a0\u00a0\u00a0\u00a0\u00a0\u00a0\u00a0\u00a0\u00a0\u00a0\u00a0\u00a0\u00a0\u00a0\u00a0\u00a0\u00a0\u00a0\u00a0\u00a0\u00a0\u00a0\u00a0\u00a0\u00a0\u00a0\u00a0\u00a0\u00a0\u00a0\u00a0\u00a0\u00a0\u00a0\u00a0\u00a0\u00a0\u00a0\u00a0\u00a0\u00a0\u00a0\u00a0\u00a0\u00a0\u00a0\u00a0\u00a0\u00a0\u00a0\u00a0\u00a0\u00a0\u00a0\u00a0\u00a0\u00a0\u00a0\u00a0\u00a0\u00a0 <\/span><\/span><\/strong><\/p>\n<p class=\"MsoNormal\" style=\"text-indent:-18pt;text-align:justify;margin:0 0 0 36pt;\"><span style=\"font-size:10pt;color:#993300;font-family:Symbol;\"><span><img decoding=\"async\" src=\"\/DOCUME~1\/Vicente\/CONFIG~1\/Temp\/msohtml1\/01\/clip_image001.gif\" border=\"0\" alt=\"*\" width=\"11\" height=\"11\" \/><span style=\"font-weight:normal;font-size:7pt;line-height:normal;font-style:normal;font-variant:normal;\">\u00a0\u00a0\u00a0\u00a0\u00a0 <\/span><\/span><\/span><strong><span style=\"font-size:10pt;\">19,45 hs.- <span style=\"color:#008000;\">Acto Homenaje a D\u00aa Francisca P\u00e9rez Quesada \u201cPanchita la de la Piedra\u201d: <\/span><\/span><\/strong><span style=\"font-size:10pt;\">Reconocimiento del Pueblo de G\u00e1ldar por su labor paliativa del sufrimiento de muchas personas mediante el empleo de la medicina popular.<\/span><strong><\/strong><\/p>\n<p class=\"MsoNormal\" style=\"text-align:justify;margin:0 0 0 36pt;\"><strong><span style=\"font-size:10pt;color:#993300;\">D. Angel Ruiz Quesada<\/span><\/strong><\/p>\n<p class=\"MsoNormal\" style=\"text-align:justify;margin:0 0 0 36pt;\"><strong><span style=\"font-size:10pt;color:#993300;\">D\u00aa Tere Godoy Garc\u00eda<\/span><\/strong><\/p>\n<p class=\"MsoNormal\" style=\"text-align:justify;margin:0 0 0 36pt;\"><strong><span style=\"font-size:x-small;color:#993300;\"><!--more--><\/span><\/strong><\/p>\n<p class=\"MsoNormal\" style=\"text-align:justify;margin:0 0 0 36pt;\"><strong><span style=\"text-decoration:underline;\"><span style=\"font-size:11pt;color:#993300;font-family:Papyrus;\">S\u00e1bado ma\u00f1ana:<\/span><\/span><\/strong><\/p>\n<p class=\"MsoNormal\" style=\"text-align:justify;margin:0 0 0 18pt;\"><span style=\"font-size:10pt;\">\u00a0<\/span><strong><span style=\"font-size:10pt;\">09,00 hs.- <\/span><\/strong><strong><span style=\"color:#008000;\">Metodolog\u00eda de la Investigaci\u00f3n Cient\u00edfica con Productos Naturales<\/span><\/strong><span style=\"color:#008000;\">: <\/span><span>Fuentes de informaci\u00f3n sobre plantas medicinales, bases de datos y protocolos de investigaci\u00f3n cient\u00edfica abordando muestras a obtener, la fitoqu\u00edmica, los extractos, la aplicaci\u00f3n en el laboratorio, etc.<\/span><\/p>\n<p class=\"MsoNormal\" style=\"text-align:justify;margin:0 0 0 35.4pt;\"><strong><span style=\"font-size:10pt;color:#993300;\">D. Juan Fernando Jim\u00e9nez D\u00edaz-<\/span><\/strong><strong><span style=\"font-size:10pt;color:#993300;\">Doctor en Medicina (<\/span><\/strong><strong><span style=\"font-size:10pt;color:#993300;\">Catedr\u00e1tico de Enfermer\u00eda M\u00e9dico-Quir\u00fargica. Universidad de Las Palmas)<\/span><\/strong><\/p>\n<p class=\"MsoNormal\" style=\"text-align:justify;margin:0;\"><span style=\"font-size:10pt;color:#993300;font-family:Symbol;\"><span><img decoding=\"async\" src=\"\/DOCUME~1\/Vicente\/CONFIG~1\/Temp\/msohtml1\/01\/clip_image001.gif\" border=\"0\" alt=\"*\" width=\"11\" height=\"11\" \/><span style=\"font-weight:normal;font-size:7pt;line-height:normal;font-style:normal;font-variant:normal;\">\u00a0\u00a0\u00a0\u00a0\u00a0\u00a0 <\/span><\/span><\/span><strong><span style=\"font-size:10pt;\">09,45 hs.- <span style=\"color:#008000;\">Efectos Farmacol\u00f3gicos y Cicatrizantes de Extracto de <em>Rumex lunaria L.<\/em><\/span><\/span><\/strong><span style=\"font-size:10pt;\"> : Presentaci\u00f3n por su autora de esta Tesis Doctoral sobre esta conocida planta, \u201cLa Vinagrera\u201d, que nos muestra en la pr\u00e1ctica c\u00f3mo se lleva a cabo el estudio y la confirmaci\u00f3n cient\u00edfica de las propiedades que el saber tradicional atribuye a una planta medicinal.<\/span><strong><\/strong><\/p>\n<p class=\"MsoNormal\" style=\"text-align:justify;margin:0 0 0 35.4pt;\"><strong><span style=\"font-size:10pt;color:#993300;\">D\u00aa Bienvenida del Carmen Rodr\u00edguez Vera-<\/span><\/strong><strong><span style=\"font-size:10pt;color:#993300;\">Dra. en Antropolog\u00eda Social y Cultural. Universidad de Las Palmas<\/span><\/strong><\/p>\n<p class=\"MsoNormal\" style=\"text-align:justify;margin:0 0 0 36pt;\"><strong><\/strong><\/p>\n<p class=\"MsoNormal\" style=\"text-indent:-18pt;text-align:justify;margin:0 0 0 36pt;\"><span style=\"font-size:10pt;color:#993300;font-family:Symbol;\"><span><img decoding=\"async\" src=\"\/DOCUME~1\/Vicente\/CONFIG~1\/Temp\/msohtml1\/01\/clip_image001.gif\" border=\"0\" alt=\"*\" width=\"11\" height=\"11\" \/><span style=\"font-weight:normal;font-size:7pt;line-height:normal;font-style:normal;font-variant:normal;\">\u00a0\u00a0\u00a0\u00a0\u00a0 <\/span><\/span><\/span><strong><span style=\"font-size:10pt;\">10,30 hs.- <span style=\"color:#008000;\">\u201cFinca Oliva: cultivo y comercializaci\u00f3n de hierbas arom\u00e1ticas en Canarias\u201d: <\/span><\/span><\/strong><span style=\"font-size:10pt;\">Presentaci\u00f3n de esta iniciativa empresarial agroalimentaria radicada Granadilla de Abona,<span>\u00a0 <\/span>Tenerife, como pionera en el cultivo y comercio, exportador nacional e internacional, de plantas de inter\u00e9s culinario y medicinal.<\/span><strong><\/strong><\/p>\n<p class=\"MsoNormal\" style=\"text-align:justify;margin:0 0 0 36pt;\"><strong><span style=\"font-size:10pt;color:#993300;\">D. \u00c1ngel Piqueras Arnaldos<a href=\"http:\/\/turcon.es\/wp\/wp-content\/uploads\/2008\/07\/mercadillo-medicinal.jpg\"><img loading=\"lazy\" decoding=\"async\" class=\"size-medium wp-image-341 alignright\" src=\"http:\/\/turcon.es\/wp\/wp-content\/uploads\/2008\/07\/mercadillo-medicinal.jpg?w=300\" alt=\"\" width=\"300\" height=\"225\" \/><\/a><\/span><\/strong><\/p>\n<p class=\"MsoNormal\" style=\"text-align:justify;margin:0 0 0 36pt;\"><strong><span style=\"font-size:10pt;color:#993300;\">Ingeniero Agr\u00f3nomo<\/span><\/strong><\/p>\n<p class=\"MsoNormal\" style=\"text-align:justify;margin:0 0 0 36pt;\"><strong><span style=\"font-size:10pt;color:#993300;\">Responsable T\u00e9cnico. Finca Oliva<\/span><\/strong><\/p>\n<p class=\"MsoNormal\" style=\"text-align:justify;margin:0 0 0 36pt;\"><span style=\"font-size:10pt;font-family:Symbol;\"><span><img decoding=\"async\" src=\"\/DOCUME~1\/Vicente\/CONFIG~1\/Temp\/msohtml1\/01\/clip_image001.gif\" border=\"0\" alt=\"*\" width=\"11\" height=\"11\" \/><span style=\"font-weight:normal;font-size:7pt;line-height:normal;font-style:normal;font-variant:normal;\">\u00a0\u00a0\u00a0\u00a0\u00a0\u00a0 <\/span><\/span><\/span><strong><span style=\"font-size:10pt;\">11,15 hs.- <span style=\"color:#008000;\">Descanso<\/span><\/span><\/strong><\/p>\n<p class=\"MsoNormal\" style=\"text-align:justify;margin:0 0 0 36pt;\"><strong><\/strong><\/p>\n<p class=\"MsoNormal\" style=\"text-indent:-18pt;text-align:justify;margin:0 0 0 36pt;\"><span style=\"font-size:10pt;font-family:Symbol;\"><span><img decoding=\"async\" src=\"\/DOCUME~1\/Vicente\/CONFIG~1\/Temp\/msohtml1\/01\/clip_image001.gif\" border=\"0\" alt=\"*\" width=\"11\" height=\"11\" \/><span style=\"font-weight:normal;font-size:7pt;line-height:normal;font-style:normal;font-variant:normal;\">\u00a0\u00a0\u00a0\u00a0\u00a0\u00a0 <\/span><\/span><\/span><strong><span style=\"font-size:10pt;\">11,45 hs.- <span style=\"color:#008000;\">\u201cElaboraci\u00f3n Artesanal de Licores de Hierbas o Frutos\u201d: <\/span><\/span><\/strong><span style=\"font-size:10pt;\">Demostraci\u00f3n pr\u00e1ctica de formas caseras de hacer licores con hierbas arom\u00e1ticas o frutas de cultivo o crecimiento silvestre en nuestra tierra.<strong><\/strong><\/span><\/p>\n<p class=\"MsoNormal\" style=\"text-align:justify;margin:0 0 0 36pt;\"><strong><span style=\"font-size:10pt;color:#993300;\">D. Manuel Mateos Ruiz-<\/span><\/strong><strong><span style=\"font-size:10pt;color:#993300;\">Profesor Tutor. Tutor\u00eda de J\u00f3venes<\/span><\/strong><\/p>\n<p class=\"MsoNormal\" style=\"text-align:justify;margin:0;\"><strong><span style=\"font-size:10pt;\">\u00a0<\/span><\/strong><span style=\"font-size:10pt;font-family:Symbol;\"><span><img decoding=\"async\" src=\"\/DOCUME~1\/Vicente\/CONFIG~1\/Temp\/msohtml1\/01\/clip_image001.gif\" border=\"0\" alt=\"*\" width=\"11\" height=\"11\" \/><span style=\"font-weight:normal;font-size:7pt;line-height:normal;font-style:normal;font-variant:normal;\">\u00a0\u00a0\u00a0\u00a0\u00a0 <\/span><\/span><\/span><strong><span style=\"font-size:10pt;\">12,30 hs.- <span style=\"color:#008000;\">\u201cRuta a los huertos de<span>\u00a0 <\/span>hierbas medicinales en Gran Canaria\u201d: <\/span><\/span><\/strong><span style=\"font-size:10pt;\">Recorrido por los diferentes lugares de nuestra isla donde a\u00fan es posible encontrar huertos vivos donde se mantiene la costumbre de cultivo de nuestras hierbas medicinales y a\u00fan podemos obtener alg\u00fan consejo sobre su uso tradicional.<\/span><\/p>\n<p class=\"MsoNormal\" style=\"text-align:justify;margin:0 0 0 35.4pt;\"><strong><span style=\"font-size:10pt;color:#993300;\">D. Vicente Antonio D\u00edaz Meli\u00e1n-<\/span><\/strong><strong><span style=\"font-size:10pt;color:#993300;\">Naturalista. Educador ambiental<\/span><\/strong><\/p>\n<p class=\"MsoNormal\" style=\"text-align:justify;margin:0 0 0 36pt;\"><strong><span style=\"font-size:10pt;color:#008000;\"><span>\u00a0<\/span><\/span><\/strong><span style=\"font-size:10pt;color:#993300;font-family:Symbol;\"><span><img decoding=\"async\" src=\"\/DOCUME~1\/Vicente\/CONFIG~1\/Temp\/msohtml1\/01\/clip_image001.gif\" border=\"0\" alt=\"*\" width=\"11\" height=\"11\" \/><span style=\"font-weight:normal;font-size:7pt;line-height:normal;font-style:normal;font-variant:normal;\">\u00a0\u00a0\u00a0\u00a0\u00a0\u00a0 <\/span><\/span><\/span><strong><span style=\"font-size:10pt;\">13,15 hs.- <span style=\"color:#008000;\">Mesa redonda : \u201cEl mundo de las plantas medinales, su lugar en el siglo XXI\u201d <\/span><\/span><\/strong><span style=\"font-size:10pt;\">con participaci\u00f3n de los ponentes de las distintas presentaciones de la ma\u00f1ana y respuestas a las cuestiones que desee plantear el p\u00fablico asistente.<\/span><strong><\/strong><\/p>\n<p class=\"MsoNormal\" style=\"text-align:justify;margin:0 0 0 35.4pt;\"><strong><span style=\"font-size:10pt;color:#993300;\">Moderador: D.<span>\u00a0 <\/span>S. Jorge Cruz Su\u00e1rez-<\/span><\/strong><strong><span style=\"font-size:10pt;color:#993300;\">Licenciado en medicina.<span>\u00a0 <\/span>M\u00e1ster en medicina naturista.<\/span><\/strong><strong><\/strong><\/p>\n<p class=\"MsoNormal\" style=\"text-align:justify;margin:0 0 0 36pt;\"><span style=\"color:#993300;font-family:Wingdings;\"><span>v<span style=\"font-weight:normal;font-size:7pt;line-height:normal;font-style:normal;font-variant:normal;\">\u00a0\u00a0\u00a0\u00a0 <\/span><\/span><\/span><strong><span style=\"color:#993300;\">NOTA INFORMATIVA:<\/span><\/strong><\/p>\n<p class=\"MsoNormal\" style=\"text-align:justify;margin:0 0 0 72pt;\"><strong><span style=\"color:#993300;\">\u00a0<\/span><\/strong><span style=\"color:#0000ff;font-family:Wingdings;\"><span>\u00fc<span style=\"font-weight:normal;font-size:7pt;line-height:normal;font-style:normal;font-variant:normal;\">\u00a0\u00a0\u00a0\u00a0\u00a0\u00a0\u00a0\u00a0\u00a0\u00a0\u00a0\u00a0\u00a0\u00a0\u00a0\u00a0 <\/span><\/span><\/span><strong><span style=\"color:#993300;\">La Universidad<\/span><\/strong><strong><span style=\"color:#993300;\"> de Las Palmas de Gran Canaria otorgar\u00e1 por la asistencia a estas jornadas 1 cr\u00e9dito equivalente a 10 horas lectivas.<\/span><\/strong><\/p>\n<p class=\"MsoNormal\" style=\"text-indent:0;text-align:justify;margin:0;\"><span style=\"color:#0000ff;font-family:Wingdings;\"><span>\u00fc<span style=\"font-weight:normal;font-size:7pt;line-height:normal;font-style:normal;font-variant:normal;\">\u00a0\u00a0\u00a0\u00a0\u00a0\u00a0\u00a0\u00a0\u00a0\u00a0\u00a0\u00a0\u00a0\u00a0\u00a0\u00a0 <\/span><\/span><\/span><strong><span style=\"color:#993300;\">La Direcci\u00f3n General<\/span><\/strong><strong><span style=\"color:#993300;\"> de Ordenaci\u00f3n e Innovaci\u00f3n Educativa. Consejer\u00eda de Educaci\u00f3n; certificar\u00e1 por 10 horas lectivas la asistencia del profesorado a estas jornadas.<\/span><\/strong><\/p>\n<p class=\"MsoNormal\" style=\"text-indent:0;text-align:justify;margin:0;\"><span style=\"color:#0000ff;font-family:Wingdings;\"><span>\u00fc<span style=\"font-weight:normal;font-size:7pt;line-height:normal;font-style:normal;font-variant:normal;\">\u00a0\u00a0\u00a0\u00a0\u00a0\u00a0\u00a0\u00a0\u00a0\u00a0\u00a0\u00a0\u00a0\u00a0\u00a0\u00a0 <\/span><\/span><\/span><strong><span style=\"color:#993300;\">Durante el desarrollo de las jornadas habr\u00e1 exposici\u00f3n y venta de: plantas medicinales vivas para replantar o secas para infusi\u00f3n; libros de medicina popular canaria y plantas medicinales.<\/span><\/strong><\/p>\n<p class=\"MsoNormal\" style=\"text-indent:0;text-align:justify;margin:0;\"><span style=\"color:#0000ff;font-family:Wingdings;\"><span>\u00fc<span style=\"font-weight:normal;font-size:7pt;line-height:normal;font-style:normal;font-variant:normal;\">\u00a0\u00a0\u00a0\u00a0\u00a0\u00a0\u00a0\u00a0\u00a0\u00a0\u00a0\u00a0\u00a0\u00a0\u00a0\u00a0 <\/span><\/span><\/span><strong><span style=\"color:#993300;\">Este acto podr\u00e1 ser escuchado en directo a trav\u00e9s de Radio Doramas. FM 96,7 y a su vez por internet en <a href=\"http:\/\/www.rdoramas.info\/\"><span style=\"color:#999999;\">www.rdoramas.info<\/span><\/a>. Igualmente a trav\u00e9s de Radio Galdar Municipal. FM 107,9 y tambi\u00e9n por internet en <\/span><\/strong><strong><span style=\"text-decoration:underline;\"><span style=\"color:#0000ff;\">www.radiogaldar.org<\/span><\/span><\/strong><strong><\/strong><\/p>\n<p class=\"MsoNormal\" style=\"text-indent:0;text-align:justify;margin:0;\"><span style=\"color:#0000ff;font-family:Wingdings;\"><span>\u00fc<span style=\"font-weight:normal;font-size:7pt;line-height:normal;font-style:normal;font-variant:normal;\">\u00a0\u00a0\u00a0\u00a0\u00a0\u00a0\u00a0\u00a0\u00a0\u00a0\u00a0\u00a0\u00a0\u00a0\u00a0\u00a0 <\/span><\/span><\/span><strong><span style=\"color:#993300;\">Visite nuestra nueva p\u00e1gina web:<span>\u00a0 <\/span><\/span><\/strong><strong><span style=\"text-decoration:underline;\"><span style=\"color:#0000ff;\"><a href=\"http:\/\/amigosdeenriquito.blogia.com\">http:\/\/amigosdeenriquito.blogia.com<\/a><\/span><\/span><\/strong><strong><\/strong><\/p>\n<p class=\"MsoNormal\" style=\"text-indent:0;text-align:justify;margin:0;\">\u00a0<strong><span style=\"font-size:10pt;color:#993300;\">\u00a0<\/span><\/strong><strong><span style=\"color:#993300;\">Comit\u00e9 organizador:<\/span><\/strong><\/p>\n<p class=\"MsoNormal\" style=\"text-align:justify;margin:0 0 0 18pt;\"><strong><span>Miembro de honor : D\u00aa Mercedes Almeida Lantigua. Yerbera<\/span><\/strong><\/p>\n<p class=\"MsoNormal\" style=\"text-indent:18pt;text-align:justify;margin:0;\"><strong><span>Consejal de Cultura. Excmo. Ayuntamiento de G\u00e1ldar: D. Manuel Mateos Ruiz<\/span><\/strong><\/p>\n<p class=\"MsoNormal\" style=\"text-align:justify;margin:0 0 0 18pt;\"><strong><span>D.<span>\u00a0 <\/span>S. Jorge Cruz Su\u00e1rez<\/span><\/strong><\/p>\n<p class=\"MsoNormal\" style=\"text-align:justify;margin:0 0 0 18pt;\"><strong><span>D. Vicente A. D\u00edaz Meli\u00e1n<\/span><\/strong><\/p>\n<p class=\"MsoNormal\" style=\"text-align:justify;margin:0 0 0 18pt;\"><strong><span>D\u00aa. Tere Godoy Garc\u00eda<\/span><\/strong><\/p>\n<p class=\"MsoNormal\" style=\"text-indent:18pt;text-align:justify;margin:0;\"><strong><span>D. Jos\u00e9 \u00c1ngel Gonz\u00e1lez Molina<\/span><\/strong><\/p>\n<p class=\"MsoNormal\" style=\"text-align:justify;margin:0 0 0 18pt;\"><strong><span>D. Pedro Mart\u00edn G\u00f3mez<\/span><\/strong><\/p>\n<p class=\"MsoNormal\" style=\"text-align:justify;margin:0 0 0 18pt;\"><strong><span>D. Eugenio Reyes Naranjo<\/span><\/strong><\/p>\n<p class=\"MsoNormal\" style=\"text-align:justify;margin:0 0 0 18pt;\"><strong><span>D. Angel Ruiz Quesada<\/span><\/strong><\/p>\n<p class=\"MsoNormal\" style=\"text-align:justify;margin:0;\"><strong><\/strong><\/p>\n<p class=\"MsoNormal\" style=\"text-align:justify;margin:0;\"><strong><\/strong><\/p>\n<p class=\"MsoNormal\" style=\"text-align:justify;margin:0 0 0 18pt;\"><strong><span style=\"color:#993300;\">Colaboraciones:<\/span><\/strong><\/p>\n<p class=\"MsoNormal\" style=\"text-align:justify;margin:0 0 0 18pt;\"><strong><span>Direcci\u00f3n General de Cooperaci\u00f3n y Patrimonio Cultural. Gobierno de Canarias<\/span><\/strong><\/p>\n<p class=\"MsoNormal\" style=\"text-align:justify;margin:0 0 0 18pt;\"><strong><span>Aula de estudios de globalizaci\u00f3n, paz e interculturalidad de la ULPGC<\/span><\/strong><\/p>\n<p class=\"MsoNormal\" style=\"text-align:justify;margin:0 0 0 18pt;\"><strong><span>Gardenplant s.l.<\/span><\/strong><\/p>\n<p class=\"MsoNormal\" style=\"text-align:justify;margin:0 0 0 18pt;\"><strong><span>Radio Doramas<\/span><\/strong><\/p>\n<p class=\"MsoNormal\" style=\"text-align:justify;margin:0 0 0 18pt;\"><strong><span>Radio G\u00e1ldar Municipal<\/span><\/strong><\/p>\n<p class=\"MsoNormal\" style=\"text-align:justify;margin:0 0 0 18pt;\"><strong><span>Radio Ecca<\/span><\/strong><\/p>\n<p class=\"MsoNormal\" style=\"text-align:justify;margin:0 0 0 18pt;\"><strong><span>Exmo. Ayuntamiento de la Real Ciudad de G\u00e1ldar. Concejalia de Cultura y Fiestas<\/span><\/strong><\/p>\n<p class=\"MsoNormal\" style=\"text-align:justify;margin:0 0 0 18pt;\"><strong><span>Escuela de la ULPGC en G\u00e1ldar<\/span><\/strong><\/p>\n<p class=\"MsoNormal\" style=\"text-align:justify;margin:0 0 0 18pt;\"><strong><span>Cabildo de Gran Canaria &#8211; Parque Arqueologico Cueva Pintada<\/span><\/strong><\/p>\n<p class=\"MsoNormal\" style=\"text-align:justify;margin:0 0 0 18pt;\"><strong><span>Cep de G\u00e1ldar<\/span><\/strong><\/p>\n<p class=\"MsoNormal\" style=\"text-align:justify;margin:0 0 0 18pt;\"><strong><span>BIODRAGO taller integral de salud &#8211; <a href=\"http:\/\/www.biodrago.com\/\"><span style=\"color:#999999;\">www.biodrago.com<\/span><\/a><\/span><\/strong><\/p>\n<p class=\"MsoNormal\" style=\"text-align:justify;margin:0 0 0 18pt;\"><strong><span>Centro de la Cultura Popular &#8211; Radio Sanborondon<\/span><\/strong><\/p>\n<p class=\"MsoNormal\" style=\"text-align:justify;margin:0 0 0 18pt;\"><span><strong>Consejeria de Educaci\u00f3n, Universidades,Cultura y Deportes &#8211; Direcci\u00f3n General de Ordenaci\u00f3n e Innovaci\u00f3n Educativa<\/strong><\/span><\/p>\n","protected":false},"excerpt":{"rendered":"<p> Cuartas Jornadas de Plantas Medicinales en Medicina Popular Canaria. Memorial Enriquito C\u00e1ceres-Yerbero<\/p>\n","protected":false},"author":2,"featured_media":0,"comment_status":"open","ping_status":"open","sticky":false,"template":"","format":"standard","meta":{"footnotes":""},"categories":[28,1,41,56],"tags":[954,1111,1332],"class_list":["post-14255","post","type-post","status-publish","format-standard","hentry","category-cursos-congresos-y-encuentros","category-uncategorized","category-gran-canaria","category-sanidad","tag-jornadas","tag-medicina-popular","tag-plantas-medicinales"],"yoast_head":"<!-- This site is optimized with the Yoast SEO plugin v26.3 - https:\/\/yoast.com\/wordpress\/plugins\/seo\/ -->\n<title>Cuartas jornadas de plantas medicinales en Galdar. - Colectivo Ecologista Turcon<\/title>\n<meta name=\"robots\" content=\"index, follow, max-snippet:-1, max-image-preview:large, max-video-preview:-1\" \/>\n<link rel=\"canonical\" href=\"https:\/\/turcon.es\/wp\/cuartas-jornadas-de-plantas-medicinales-en-galdar\/\" \/>\n<meta property=\"og:locale\" content=\"es_ES\" \/>\n<meta property=\"og:type\" content=\"article\" \/>\n<meta property=\"og:title\" content=\"Cuartas jornadas de plantas medicinales en Galdar. - Colectivo Ecologista Turcon\" \/>\n<meta property=\"og:description\" content=\"Cuartas Jornadas de Plantas Medicinales en Medicina Popular Canaria. Memorial Enriquito C\u00e1ceres-Yerbero\" \/>\n<meta property=\"og:url\" content=\"https:\/\/turcon.es\/wp\/cuartas-jornadas-de-plantas-medicinales-en-galdar\/\" \/>\n<meta property=\"og:site_name\" content=\"Colectivo Ecologista Turcon\" \/>\n<meta property=\"article:published_time\" content=\"2008-07-08T11:37:52+00:00\" \/>\n<meta property=\"og:image\" content=\"http:\/\/turcon.es\/wp\/wp-content\/uploads\/2008\/07\/4-jornadas-plantas-medicinalesxxxx.jpg\" \/>\n<meta name=\"author\" content=\"Laura Fernandez\" \/>\n<meta name=\"twitter:card\" content=\"summary_large_image\" \/>\n<meta name=\"twitter:label1\" content=\"Escrito por\" \/>\n\t<meta name=\"twitter:data1\" content=\"Laura Fernandez\" \/>\n\t<meta name=\"twitter:label2\" content=\"Tiempo de lectura\" \/>\n\t<meta name=\"twitter:data2\" content=\"5 minutos\" \/>\n<script type=\"application\/ld+json\" class=\"yoast-schema-graph\">{\"@context\":\"https:\/\/schema.org\",\"@graph\":[{\"@type\":\"Article\",\"@id\":\"https:\/\/turcon.es\/wp\/cuartas-jornadas-de-plantas-medicinales-en-galdar\/#article\",\"isPartOf\":{\"@id\":\"https:\/\/turcon.es\/wp\/cuartas-jornadas-de-plantas-medicinales-en-galdar\/\"},\"author\":{\"name\":\"Laura Fernandez\",\"@id\":\"https:\/\/turcon.es\/wp\/#\/schema\/person\/a1f3ba727ce031d9da17684affe85edd\"},\"headline\":\"Cuartas jornadas de plantas medicinales en Galdar.\",\"datePublished\":\"2008-07-08T11:37:52+00:00\",\"mainEntityOfPage\":{\"@id\":\"https:\/\/turcon.es\/wp\/cuartas-jornadas-de-plantas-medicinales-en-galdar\/\"},\"wordCount\":1091,\"commentCount\":0,\"publisher\":{\"@id\":\"https:\/\/turcon.es\/wp\/#organization\"},\"image\":{\"@id\":\"https:\/\/turcon.es\/wp\/cuartas-jornadas-de-plantas-medicinales-en-galdar\/#primaryimage\"},\"thumbnailUrl\":\"http:\/\/turcon.es\/wp\/wp-content\/uploads\/2008\/07\/4-jornadas-plantas-medicinalesxxxx.jpg\",\"keywords\":[\"Jornadas\",\"medicina popular\",\"plantas medicinales\"],\"articleSection\":[\"Cursos, congresos y encuentros\",\"General\",\"Gran Canaria\",\"Sanidad\"],\"inLanguage\":\"es\",\"potentialAction\":[{\"@type\":\"CommentAction\",\"name\":\"Comment\",\"target\":[\"https:\/\/turcon.es\/wp\/cuartas-jornadas-de-plantas-medicinales-en-galdar\/#respond\"]}]},{\"@type\":\"WebPage\",\"@id\":\"https:\/\/turcon.es\/wp\/cuartas-jornadas-de-plantas-medicinales-en-galdar\/\",\"url\":\"https:\/\/turcon.es\/wp\/cuartas-jornadas-de-plantas-medicinales-en-galdar\/\",\"name\":\"Cuartas jornadas de plantas medicinales en Galdar. - Colectivo Ecologista Turcon\",\"isPartOf\":{\"@id\":\"https:\/\/turcon.es\/wp\/#website\"},\"primaryImageOfPage\":{\"@id\":\"https:\/\/turcon.es\/wp\/cuartas-jornadas-de-plantas-medicinales-en-galdar\/#primaryimage\"},\"image\":{\"@id\":\"https:\/\/turcon.es\/wp\/cuartas-jornadas-de-plantas-medicinales-en-galdar\/#primaryimage\"},\"thumbnailUrl\":\"http:\/\/turcon.es\/wp\/wp-content\/uploads\/2008\/07\/4-jornadas-plantas-medicinalesxxxx.jpg\",\"datePublished\":\"2008-07-08T11:37:52+00:00\",\"breadcrumb\":{\"@id\":\"https:\/\/turcon.es\/wp\/cuartas-jornadas-de-plantas-medicinales-en-galdar\/#breadcrumb\"},\"inLanguage\":\"es\",\"potentialAction\":[{\"@type\":\"ReadAction\",\"target\":[\"https:\/\/turcon.es\/wp\/cuartas-jornadas-de-plantas-medicinales-en-galdar\/\"]}]},{\"@type\":\"ImageObject\",\"inLanguage\":\"es\",\"@id\":\"https:\/\/turcon.es\/wp\/cuartas-jornadas-de-plantas-medicinales-en-galdar\/#primaryimage\",\"url\":\"http:\/\/turcon.es\/wp\/wp-content\/uploads\/2008\/07\/4-jornadas-plantas-medicinalesxxxx.jpg\",\"contentUrl\":\"http:\/\/turcon.es\/wp\/wp-content\/uploads\/2008\/07\/4-jornadas-plantas-medicinalesxxxx.jpg\"},{\"@type\":\"BreadcrumbList\",\"@id\":\"https:\/\/turcon.es\/wp\/cuartas-jornadas-de-plantas-medicinales-en-galdar\/#breadcrumb\",\"itemListElement\":[{\"@type\":\"ListItem\",\"position\":1,\"name\":\"Portada\",\"item\":\"https:\/\/turcon.es\/wp\/\"},{\"@type\":\"ListItem\",\"position\":2,\"name\":\"Cuartas jornadas de plantas medicinales en Galdar.\"}]},{\"@type\":\"WebSite\",\"@id\":\"https:\/\/turcon.es\/wp\/#website\",\"url\":\"https:\/\/turcon.es\/wp\/\",\"name\":\"Colectivo Ecologista Turcon\",\"description\":\"\",\"publisher\":{\"@id\":\"https:\/\/turcon.es\/wp\/#organization\"},\"potentialAction\":[{\"@type\":\"SearchAction\",\"target\":{\"@type\":\"EntryPoint\",\"urlTemplate\":\"https:\/\/turcon.es\/wp\/?s={search_term_string}\"},\"query-input\":{\"@type\":\"PropertyValueSpecification\",\"valueRequired\":true,\"valueName\":\"search_term_string\"}}],\"inLanguage\":\"es\"},{\"@type\":\"Organization\",\"@id\":\"https:\/\/turcon.es\/wp\/#organization\",\"name\":\"Colectivo Ecologista Turcon\",\"url\":\"https:\/\/turcon.es\/wp\/\",\"logo\":{\"@type\":\"ImageObject\",\"inLanguage\":\"es\",\"@id\":\"https:\/\/turcon.es\/wp\/#\/schema\/logo\/image\/\",\"url\":\"https:\/\/turcon.es\/wp\/wp-content\/uploads\/2025\/03\/logo-verde.svg\",\"contentUrl\":\"https:\/\/turcon.es\/wp\/wp-content\/uploads\/2025\/03\/logo-verde.svg\",\"width\":813,\"height\":813,\"caption\":\"Colectivo Ecologista Turcon\"},\"image\":{\"@id\":\"https:\/\/turcon.es\/wp\/#\/schema\/logo\/image\/\"}},{\"@type\":\"Person\",\"@id\":\"https:\/\/turcon.es\/wp\/#\/schema\/person\/a1f3ba727ce031d9da17684affe85edd\",\"name\":\"Laura Fernandez\",\"image\":{\"@type\":\"ImageObject\",\"inLanguage\":\"es\",\"@id\":\"https:\/\/turcon.es\/wp\/#\/schema\/person\/image\/\",\"url\":\"https:\/\/secure.gravatar.com\/avatar\/360749af9549af22e54582d50231ae56e854210ae2368797ba242f445a9852e8?s=96&d=mm&r=g\",\"contentUrl\":\"https:\/\/secure.gravatar.com\/avatar\/360749af9549af22e54582d50231ae56e854210ae2368797ba242f445a9852e8?s=96&d=mm&r=g\",\"caption\":\"Laura Fernandez\"},\"url\":\"https:\/\/turcon.es\/wp\/author\/admturcon\/\"}]}<\/script>\n<!-- \/ Yoast SEO plugin. -->","yoast_head_json":{"title":"Cuartas jornadas de plantas medicinales en Galdar. - Colectivo Ecologista Turcon","robots":{"index":"index","follow":"follow","max-snippet":"max-snippet:-1","max-image-preview":"max-image-preview:large","max-video-preview":"max-video-preview:-1"},"canonical":"https:\/\/turcon.es\/wp\/cuartas-jornadas-de-plantas-medicinales-en-galdar\/","og_locale":"es_ES","og_type":"article","og_title":"Cuartas jornadas de plantas medicinales en Galdar. - Colectivo Ecologista Turcon","og_description":"Cuartas Jornadas de Plantas Medicinales en Medicina Popular Canaria. Memorial Enriquito C\u00e1ceres-Yerbero","og_url":"https:\/\/turcon.es\/wp\/cuartas-jornadas-de-plantas-medicinales-en-galdar\/","og_site_name":"Colectivo Ecologista Turcon","article_published_time":"2008-07-08T11:37:52+00:00","og_image":[{"url":"http:\/\/turcon.es\/wp\/wp-content\/uploads\/2008\/07\/4-jornadas-plantas-medicinalesxxxx.jpg","type":"","width":"","height":""}],"author":"Laura Fernandez","twitter_card":"summary_large_image","twitter_misc":{"Escrito por":"Laura Fernandez","Tiempo de lectura":"5 minutos"},"schema":{"@context":"https:\/\/schema.org","@graph":[{"@type":"Article","@id":"https:\/\/turcon.es\/wp\/cuartas-jornadas-de-plantas-medicinales-en-galdar\/#article","isPartOf":{"@id":"https:\/\/turcon.es\/wp\/cuartas-jornadas-de-plantas-medicinales-en-galdar\/"},"author":{"name":"Laura Fernandez","@id":"https:\/\/turcon.es\/wp\/#\/schema\/person\/a1f3ba727ce031d9da17684affe85edd"},"headline":"Cuartas jornadas de plantas medicinales en Galdar.","datePublished":"2008-07-08T11:37:52+00:00","mainEntityOfPage":{"@id":"https:\/\/turcon.es\/wp\/cuartas-jornadas-de-plantas-medicinales-en-galdar\/"},"wordCount":1091,"commentCount":0,"publisher":{"@id":"https:\/\/turcon.es\/wp\/#organization"},"image":{"@id":"https:\/\/turcon.es\/wp\/cuartas-jornadas-de-plantas-medicinales-en-galdar\/#primaryimage"},"thumbnailUrl":"http:\/\/turcon.es\/wp\/wp-content\/uploads\/2008\/07\/4-jornadas-plantas-medicinalesxxxx.jpg","keywords":["Jornadas","medicina popular","plantas medicinales"],"articleSection":["Cursos, congresos y encuentros","General","Gran Canaria","Sanidad"],"inLanguage":"es","potentialAction":[{"@type":"CommentAction","name":"Comment","target":["https:\/\/turcon.es\/wp\/cuartas-jornadas-de-plantas-medicinales-en-galdar\/#respond"]}]},{"@type":"WebPage","@id":"https:\/\/turcon.es\/wp\/cuartas-jornadas-de-plantas-medicinales-en-galdar\/","url":"https:\/\/turcon.es\/wp\/cuartas-jornadas-de-plantas-medicinales-en-galdar\/","name":"Cuartas jornadas de plantas medicinales en Galdar. - Colectivo Ecologista Turcon","isPartOf":{"@id":"https:\/\/turcon.es\/wp\/#website"},"primaryImageOfPage":{"@id":"https:\/\/turcon.es\/wp\/cuartas-jornadas-de-plantas-medicinales-en-galdar\/#primaryimage"},"image":{"@id":"https:\/\/turcon.es\/wp\/cuartas-jornadas-de-plantas-medicinales-en-galdar\/#primaryimage"},"thumbnailUrl":"http:\/\/turcon.es\/wp\/wp-content\/uploads\/2008\/07\/4-jornadas-plantas-medicinalesxxxx.jpg","datePublished":"2008-07-08T11:37:52+00:00","breadcrumb":{"@id":"https:\/\/turcon.es\/wp\/cuartas-jornadas-de-plantas-medicinales-en-galdar\/#breadcrumb"},"inLanguage":"es","potentialAction":[{"@type":"ReadAction","target":["https:\/\/turcon.es\/wp\/cuartas-jornadas-de-plantas-medicinales-en-galdar\/"]}]},{"@type":"ImageObject","inLanguage":"es","@id":"https:\/\/turcon.es\/wp\/cuartas-jornadas-de-plantas-medicinales-en-galdar\/#primaryimage","url":"http:\/\/turcon.es\/wp\/wp-content\/uploads\/2008\/07\/4-jornadas-plantas-medicinalesxxxx.jpg","contentUrl":"http:\/\/turcon.es\/wp\/wp-content\/uploads\/2008\/07\/4-jornadas-plantas-medicinalesxxxx.jpg"},{"@type":"BreadcrumbList","@id":"https:\/\/turcon.es\/wp\/cuartas-jornadas-de-plantas-medicinales-en-galdar\/#breadcrumb","itemListElement":[{"@type":"ListItem","position":1,"name":"Portada","item":"https:\/\/turcon.es\/wp\/"},{"@type":"ListItem","position":2,"name":"Cuartas jornadas de plantas medicinales en Galdar."}]},{"@type":"WebSite","@id":"https:\/\/turcon.es\/wp\/#website","url":"https:\/\/turcon.es\/wp\/","name":"Colectivo Ecologista Turcon","description":"","publisher":{"@id":"https:\/\/turcon.es\/wp\/#organization"},"potentialAction":[{"@type":"SearchAction","target":{"@type":"EntryPoint","urlTemplate":"https:\/\/turcon.es\/wp\/?s={search_term_string}"},"query-input":{"@type":"PropertyValueSpecification","valueRequired":true,"valueName":"search_term_string"}}],"inLanguage":"es"},{"@type":"Organization","@id":"https:\/\/turcon.es\/wp\/#organization","name":"Colectivo Ecologista Turcon","url":"https:\/\/turcon.es\/wp\/","logo":{"@type":"ImageObject","inLanguage":"es","@id":"https:\/\/turcon.es\/wp\/#\/schema\/logo\/image\/","url":"https:\/\/turcon.es\/wp\/wp-content\/uploads\/2025\/03\/logo-verde.svg","contentUrl":"https:\/\/turcon.es\/wp\/wp-content\/uploads\/2025\/03\/logo-verde.svg","width":813,"height":813,"caption":"Colectivo Ecologista Turcon"},"image":{"@id":"https:\/\/turcon.es\/wp\/#\/schema\/logo\/image\/"}},{"@type":"Person","@id":"https:\/\/turcon.es\/wp\/#\/schema\/person\/a1f3ba727ce031d9da17684affe85edd","name":"Laura Fernandez","image":{"@type":"ImageObject","inLanguage":"es","@id":"https:\/\/turcon.es\/wp\/#\/schema\/person\/image\/","url":"https:\/\/secure.gravatar.com\/avatar\/360749af9549af22e54582d50231ae56e854210ae2368797ba242f445a9852e8?s=96&d=mm&r=g","contentUrl":"https:\/\/secure.gravatar.com\/avatar\/360749af9549af22e54582d50231ae56e854210ae2368797ba242f445a9852e8?s=96&d=mm&r=g","caption":"Laura Fernandez"},"url":"https:\/\/turcon.es\/wp\/author\/admturcon\/"}]}},"_links":{"self":[{"href":"https:\/\/turcon.es\/wp\/wp-json\/wp\/v2\/posts\/14255","targetHints":{"allow":["GET"]}}],"collection":[{"href":"https:\/\/turcon.es\/wp\/wp-json\/wp\/v2\/posts"}],"about":[{"href":"https:\/\/turcon.es\/wp\/wp-json\/wp\/v2\/types\/post"}],"author":[{"embeddable":true,"href":"https:\/\/turcon.es\/wp\/wp-json\/wp\/v2\/users\/2"}],"replies":[{"embeddable":true,"href":"https:\/\/turcon.es\/wp\/wp-json\/wp\/v2\/comments?post=14255"}],"version-history":[{"count":0,"href":"https:\/\/turcon.es\/wp\/wp-json\/wp\/v2\/posts\/14255\/revisions"}],"wp:attachment":[{"href":"https:\/\/turcon.es\/wp\/wp-json\/wp\/v2\/media?parent=14255"}],"wp:term":[{"taxonomy":"category","embeddable":true,"href":"https:\/\/turcon.es\/wp\/wp-json\/wp\/v2\/categories?post=14255"},{"taxonomy":"post_tag","embeddable":true,"href":"https:\/\/turcon.es\/wp\/wp-json\/wp\/v2\/tags?post=14255"}],"curies":[{"name":"wp","href":"https:\/\/api.w.org\/{rel}","templated":true}]}}