{"id":14333,"date":"2008-09-25T22:14:09","date_gmt":"2008-09-25T22:14:09","guid":{"rendered":"http:\/\/turcon.wordpress.com\/?p=676"},"modified":"2008-09-25T22:14:09","modified_gmt":"2008-09-25T22:14:09","slug":"la-conciencia-ecologica-de-canarias","status":"publish","type":"post","link":"https:\/\/turcon.es\/wp\/la-conciencia-ecologica-de-canarias\/","title":{"rendered":"La conciencia ecol\u00f3gica de Canarias"},"content":{"rendered":"<p><strong>La isla de Lanzarote conmemora hoy la muerte de su artista m\u00e1s universal, C\u00e9sar Manrique, que fallec\u00eda en un tr\u00e1gico accidente de tr\u00e1fico el 25 de septiembre de 1992. Una ofrenda floral en el cementerio de Har\u00eda volver\u00e1 a recordar al hombre que luch\u00f3 con todas sus fuerzas para evitar la destrucci\u00f3n no s\u00f3lo de Lanzarote, sino de Canarias. Su mensaje sigue intacto.<\/strong><\/p>\n<p>La Provincia, 24-09-2008<\/p>\n<p>D. RIVERO &#8211; ARRECIFE<\/p>\n<p><a href=\"http:\/\/turcon.es\/wp\/wp-content\/uploads\/2008\/09\/manriqueguincholanzarote.jpg\"><img fetchpriority=\"high\" decoding=\"async\" class=\"alignleft size-medium wp-image-677\" title=\"manriqueguincholanzarote\" src=\"http:\/\/turcon.es\/wp\/wp-content\/uploads\/2008\/09\/manriqueguincholanzarote.jpg?w=300\" alt=\"\" width=\"300\" height=\"248\" \/><\/a>En las Islas Canarias, desgraciadamente, tenemos la misma experiencia en las islas mayores, en donde se han cometido las mayores atrocidades matando y anulando todo el encanto de lo que significaba belleza de espacio canario, pintoresquismo, paisaje y valores tradicionales, y todo por esa avidez desmedida de la torpe y urgente especu- laci\u00f3n, permitiendo casas de bloques desnudos y los mayores mamarrachos de colorines\u00bb.<\/p>\n<p>A lo largo de su vida, el artista lanzaro- te\u00f1o C\u00e9sar Manrique (Arrecife, 1919-1992) no dud\u00f3 en denunciar las atrocidades urban\u00edsticas que se comet\u00edan en cualquier rinc\u00f3n, no s\u00f3lo de Lanzarote, sino en el resto de Canarias. Manrique aprovechaba las oportunidades que le brindaban los medios de comunicaci\u00f3n de todo el pa\u00eds (aunque no dud\u00f3 tampoco en alzar su voz fuera de nuestras fronteras) para exponer sus ideas sobre la manera de integrar al hombre en la naturaleza con el m\u00e1s absoluto respeto al medio ambiente.<\/p>\n<p><!--more-->C\u00e9sar se convirti\u00f3 en la conciencia ecol\u00f3gica de las Islas. En una voz respetada fundamentalmente por los ciudadanos de a pie. Su nombre sigue siendo, 16 a\u00f1os despu\u00e9s de su muerte, en un fat\u00eddico accidente de tr\u00e1fico en septiembre de 1992, sin\u00f3nimo de f\u00e9rreo defensor de la naturaleza de las Islas. Sus manifestaciones siguen teniendo actualidad y en algunos casos son hasta prof\u00e9ticas. \u00abDesde el punto de vista espec\u00edficamente ecol\u00f3gico, la panor\u00e1mica que ofrecen las Islas Canarias no podr\u00eda ser m\u00e1s catastr\u00f3fica\u00bb, escrib\u00eda Manrique para definir el panorama que se iba definiendo en el Archipi\u00e9lago por el exceso de construcciones a lo largo y ancho de sus costas.<\/p>\n<p>Manrique siempre tuvo claro, cuando ahora se habla abiertamente del cambio clim\u00e1tico, que era necesario un cambio radical tanto en la forma de pensar como en la de actuar de los humanos en relaci\u00f3n al medio ambiente. \u00abVivimos tan corto espacio de tiempo sobre este planeta, que cada uno de nuestros pasos debe estar encaminado a construir m\u00e1s y m\u00e1s el espacio so\u00f1ado de la utop\u00eda. Construy\u00e1mosla conjuntamente, es la \u00fanica manera de hacerlo posible\u00bb.<br \/>\n<strong><br \/>\nArte-naturaleza<\/strong><\/p>\n<p>Para ello defendi\u00f3 lo que \u00e9l denomin\u00f3 Arte-Naturaleza. \u00abAnte la presencia espectacular del destrozo y deterioro sistem\u00e1tico de nuestro planeta, por ese af\u00e1n desmedido de poder y riqueza, nos encontramos en condiciones de intuir, por ese escondido misterio del instinto, la cat\u00e1strofe de todo lo que pudiera ocurrir, si no luchamos aportando el esfuerzo de cada uno. Todos los artistas contempor\u00e1neos, si realmente son receptivos, tenemos la obligaci\u00f3n moral de colocar todos los conocimientos del arte al servicio del freno, en lo posible, ante las barbaries de todo tipo que se est\u00e1n llevando a cabo\u00bb, reflexionaba Manrique.<\/p>\n<p>En una \u00e9poca en la que pocos cuestionaban un desarrollo econ\u00f3mico casi a cualquier precio, Manrique vislumbraba lo que ya est\u00e1 pasando. \u00abAnte el exterminio suicida de nuestro planeta, la intervenci\u00f3n de los artistas en defensa de la conservaci\u00f3n del medio se convierte en una cuesti\u00f3n urgente, de m\u00e1xima responsabilidad, ya que es hora de traspasar las fronteras y ampliar los ambiguos l\u00edmites del Arte\u00bb.<\/p>\n<p>\u00abCreo\u00bb, escrib\u00eda C\u00e9sar, \u00abque si en este ocaso del siglo XX, el hombre no es capaz de poner en orden las enormes injusticias, si no es capaz de frenar la ambici\u00f3n desmedida de poder y riqueza, pienso que nuestra existencia se reducir\u00e1 a una autodestrucci\u00f3n paulatina e inexorable\u00bb.<\/p>\n<p>Fue a partir de la d\u00e9cada de los a\u00f1os 80 cuando Manrique empez\u00f3 a vislumbrar el peligro que se cern\u00eda sobre las Islas por el crecimiento desmedido de las construcciones y la destrucci\u00f3n del paisaje. Y fue a partir de ese momento cuando vio la necesidad de salir a la calle a denunciar todo lo que consideraba un atentado contra el patrimonio medioambiental de las Islas.<\/p>\n<p><strong>Vertiente activista<\/strong><\/p>\n<p>La Fundaci\u00f3n C\u00e9sar Manrique (instituci\u00f3n cultural privada, sin fin lucrativo, que tiene entre otros objetivos la conservaci\u00f3n, estudio y difusi\u00f3n de la obra de C\u00e9sar Manrique y paralelamente la defensa del medio ambiente) destaca que \u00abla vertiente activista resulta fundamental para entender la figura de Manrique y su proyecci\u00f3n de artista social, con arraigo p\u00fablico y de fuerte car\u00e1cter ic\u00f3nico para la comunidad. Su implicaci\u00f3n, la labor de denuncia que ejerci\u00f3 abiertamente, su confrontaci\u00f3n directa con autoridades y promotores, y su compromiso con los valores culturales y paisaj\u00edsticos de la Isla, lo convirtieron en un s\u00edmbolo, a\u00f1adiendo a su personalidad creativa una dimensi\u00f3n sociopol\u00edtica in\u00e9dita en el panorama art\u00edstico espa\u00f1ol\u00bb.<\/p>\n<p>Pero el discurso de Manrique tambi\u00e9n estuvo marcado por la b\u00fasqueda de esa utop\u00eda de un mundo mejor. \u00abNo voy a renunciar, bien sea con mis obras o con mis permanentes denuncias, a la lucha por nuestra supervivencia y por la conservaci\u00f3n de nuestro entorno\u00bb. En abril de 1986 publicaba en LA PROVINCIA el manifiesto Lanzarote se est\u00e1 muriendo, en el que a pesar de denunciar \u00abla especulaci\u00f3n sin escr\u00fapulos\u00bb abr\u00eda una puerta hacia la esperanza.<\/p>\n<p>\u00abTenemos la esperanza de que con el esfuerzo de las autoridades y de los canarios de buena voluntad, podamos salvar la supervivencia de una isla \u00fanica como Lanzarote y del resto de las Islas Canarias\u00bb, aseguraba el artista.<\/p>\n","protected":false},"excerpt":{"rendered":"<p>La isla de Lanzarote conmemora hoy la muerte de su artista m\u00e1s universal, C\u00e9sar Manrique, que fallec\u00eda en un tr\u00e1gico accidente de tr\u00e1fico el 25 de septiembre de 1992. Una ofrenda floral en el cementerio de Har\u00eda volver\u00e1 a recordar al hombre que luch\u00f3 con todas sus fuerzas para evitar la destrucci\u00f3n no s\u00f3lo de [&hellip;]<\/p>\n","protected":false},"author":2,"featured_media":0,"comment_status":"open","ping_status":"open","sticky":false,"template":"","format":"standard","meta":{"footnotes":""},"categories":[22,69],"tags":[375,616,646,1013,1112],"class_list":["post-14333","post","type-post","status-publish","format-standard","hentry","category-concienciacion","category-movimiento-ciudadano","tag-cesar-manrique","tag-ecologismo","tag-el-guincho","tag-lanzarote","tag-medio-ambiente"],"yoast_head":"<!-- This site is optimized with the Yoast SEO plugin v26.3 - https:\/\/yoast.com\/wordpress\/plugins\/seo\/ -->\n<title>La conciencia ecol\u00f3gica de Canarias - Colectivo Ecologista Turcon<\/title>\n<meta name=\"robots\" content=\"index, follow, max-snippet:-1, max-image-preview:large, max-video-preview:-1\" \/>\n<link rel=\"canonical\" href=\"https:\/\/turcon.es\/wp\/la-conciencia-ecologica-de-canarias\/\" \/>\n<meta property=\"og:locale\" content=\"es_ES\" \/>\n<meta property=\"og:type\" content=\"article\" \/>\n<meta property=\"og:title\" content=\"La conciencia ecol\u00f3gica de Canarias - Colectivo Ecologista Turcon\" \/>\n<meta property=\"og:description\" content=\"La isla de Lanzarote conmemora hoy la muerte de su artista m\u00e1s universal, C\u00e9sar Manrique, que fallec\u00eda en un tr\u00e1gico accidente de tr\u00e1fico el 25 de septiembre de 1992. Una ofrenda floral en el cementerio de Har\u00eda volver\u00e1 a recordar al hombre que luch\u00f3 con todas sus fuerzas para evitar la destrucci\u00f3n no s\u00f3lo de [&hellip;]\" \/>\n<meta property=\"og:url\" content=\"https:\/\/turcon.es\/wp\/la-conciencia-ecologica-de-canarias\/\" \/>\n<meta property=\"og:site_name\" content=\"Colectivo Ecologista Turcon\" \/>\n<meta property=\"article:published_time\" content=\"2008-09-25T22:14:09+00:00\" \/>\n<meta property=\"og:image\" content=\"https:\/\/turcon.es\/wp\/wp-content\/uploads\/2009\/05\/el-guincho-ecologistas-en-accion.jpg\" \/>\n\t<meta property=\"og:image:width\" content=\"169\" \/>\n\t<meta property=\"og:image:height\" content=\"150\" \/>\n\t<meta property=\"og:image:type\" content=\"image\/jpeg\" \/>\n<meta name=\"author\" content=\"Laura Fernandez\" \/>\n<meta name=\"twitter:card\" content=\"summary_large_image\" \/>\n<meta name=\"twitter:label1\" content=\"Escrito por\" \/>\n\t<meta name=\"twitter:data1\" content=\"Laura Fernandez\" \/>\n\t<meta name=\"twitter:label2\" content=\"Tiempo de lectura\" \/>\n\t<meta name=\"twitter:data2\" content=\"5 minutos\" \/>\n<script type=\"application\/ld+json\" class=\"yoast-schema-graph\">{\"@context\":\"https:\/\/schema.org\",\"@graph\":[{\"@type\":\"Article\",\"@id\":\"https:\/\/turcon.es\/wp\/la-conciencia-ecologica-de-canarias\/#article\",\"isPartOf\":{\"@id\":\"https:\/\/turcon.es\/wp\/la-conciencia-ecologica-de-canarias\/\"},\"author\":{\"name\":\"Laura Fernandez\",\"@id\":\"https:\/\/turcon.es\/wp\/#\/schema\/person\/a1f3ba727ce031d9da17684affe85edd\"},\"headline\":\"La conciencia ecol\u00f3gica de Canarias\",\"datePublished\":\"2008-09-25T22:14:09+00:00\",\"mainEntityOfPage\":{\"@id\":\"https:\/\/turcon.es\/wp\/la-conciencia-ecologica-de-canarias\/\"},\"wordCount\":996,\"commentCount\":0,\"publisher\":{\"@id\":\"https:\/\/turcon.es\/wp\/#organization\"},\"image\":{\"@id\":\"https:\/\/turcon.es\/wp\/la-conciencia-ecologica-de-canarias\/#primaryimage\"},\"thumbnailUrl\":\"http:\/\/turcon.es\/wp\/wp-content\/uploads\/2008\/09\/manriqueguincholanzarote.jpg?w=300\",\"keywords\":[\"C\u00e9sar Manrique\",\"Ecologismo\",\"El Guincho\",\"Lanzarote\",\"Medio ambiente\"],\"articleSection\":[\"Concienciaci\u00f3n\",\"Movimiento ciudadano\"],\"inLanguage\":\"es\",\"potentialAction\":[{\"@type\":\"CommentAction\",\"name\":\"Comment\",\"target\":[\"https:\/\/turcon.es\/wp\/la-conciencia-ecologica-de-canarias\/#respond\"]}]},{\"@type\":\"WebPage\",\"@id\":\"https:\/\/turcon.es\/wp\/la-conciencia-ecologica-de-canarias\/\",\"url\":\"https:\/\/turcon.es\/wp\/la-conciencia-ecologica-de-canarias\/\",\"name\":\"La conciencia ecol\u00f3gica de Canarias - Colectivo Ecologista Turcon\",\"isPartOf\":{\"@id\":\"https:\/\/turcon.es\/wp\/#website\"},\"primaryImageOfPage\":{\"@id\":\"https:\/\/turcon.es\/wp\/la-conciencia-ecologica-de-canarias\/#primaryimage\"},\"image\":{\"@id\":\"https:\/\/turcon.es\/wp\/la-conciencia-ecologica-de-canarias\/#primaryimage\"},\"thumbnailUrl\":\"http:\/\/turcon.es\/wp\/wp-content\/uploads\/2008\/09\/manriqueguincholanzarote.jpg?w=300\",\"datePublished\":\"2008-09-25T22:14:09+00:00\",\"breadcrumb\":{\"@id\":\"https:\/\/turcon.es\/wp\/la-conciencia-ecologica-de-canarias\/#breadcrumb\"},\"inLanguage\":\"es\",\"potentialAction\":[{\"@type\":\"ReadAction\",\"target\":[\"https:\/\/turcon.es\/wp\/la-conciencia-ecologica-de-canarias\/\"]}]},{\"@type\":\"ImageObject\",\"inLanguage\":\"es\",\"@id\":\"https:\/\/turcon.es\/wp\/la-conciencia-ecologica-de-canarias\/#primaryimage\",\"url\":\"http:\/\/turcon.es\/wp\/wp-content\/uploads\/2008\/09\/manriqueguincholanzarote.jpg?w=300\",\"contentUrl\":\"http:\/\/turcon.es\/wp\/wp-content\/uploads\/2008\/09\/manriqueguincholanzarote.jpg?w=300\"},{\"@type\":\"BreadcrumbList\",\"@id\":\"https:\/\/turcon.es\/wp\/la-conciencia-ecologica-de-canarias\/#breadcrumb\",\"itemListElement\":[{\"@type\":\"ListItem\",\"position\":1,\"name\":\"Portada\",\"item\":\"https:\/\/turcon.es\/wp\/\"},{\"@type\":\"ListItem\",\"position\":2,\"name\":\"La conciencia ecol\u00f3gica de Canarias\"}]},{\"@type\":\"WebSite\",\"@id\":\"https:\/\/turcon.es\/wp\/#website\",\"url\":\"https:\/\/turcon.es\/wp\/\",\"name\":\"Colectivo Ecologista Turcon\",\"description\":\"\",\"publisher\":{\"@id\":\"https:\/\/turcon.es\/wp\/#organization\"},\"potentialAction\":[{\"@type\":\"SearchAction\",\"target\":{\"@type\":\"EntryPoint\",\"urlTemplate\":\"https:\/\/turcon.es\/wp\/?s={search_term_string}\"},\"query-input\":{\"@type\":\"PropertyValueSpecification\",\"valueRequired\":true,\"valueName\":\"search_term_string\"}}],\"inLanguage\":\"es\"},{\"@type\":\"Organization\",\"@id\":\"https:\/\/turcon.es\/wp\/#organization\",\"name\":\"Colectivo Ecologista Turcon\",\"url\":\"https:\/\/turcon.es\/wp\/\",\"logo\":{\"@type\":\"ImageObject\",\"inLanguage\":\"es\",\"@id\":\"https:\/\/turcon.es\/wp\/#\/schema\/logo\/image\/\",\"url\":\"https:\/\/turcon.es\/wp\/wp-content\/uploads\/2025\/03\/logo-verde.svg\",\"contentUrl\":\"https:\/\/turcon.es\/wp\/wp-content\/uploads\/2025\/03\/logo-verde.svg\",\"width\":813,\"height\":813,\"caption\":\"Colectivo Ecologista Turcon\"},\"image\":{\"@id\":\"https:\/\/turcon.es\/wp\/#\/schema\/logo\/image\/\"}},{\"@type\":\"Person\",\"@id\":\"https:\/\/turcon.es\/wp\/#\/schema\/person\/a1f3ba727ce031d9da17684affe85edd\",\"name\":\"Laura Fernandez\",\"image\":{\"@type\":\"ImageObject\",\"inLanguage\":\"es\",\"@id\":\"https:\/\/turcon.es\/wp\/#\/schema\/person\/image\/\",\"url\":\"https:\/\/secure.gravatar.com\/avatar\/360749af9549af22e54582d50231ae56e854210ae2368797ba242f445a9852e8?s=96&d=mm&r=g\",\"contentUrl\":\"https:\/\/secure.gravatar.com\/avatar\/360749af9549af22e54582d50231ae56e854210ae2368797ba242f445a9852e8?s=96&d=mm&r=g\",\"caption\":\"Laura Fernandez\"},\"url\":\"https:\/\/turcon.es\/wp\/author\/admturcon\/\"}]}<\/script>\n<!-- \/ Yoast SEO plugin. -->","yoast_head_json":{"title":"La conciencia ecol\u00f3gica de Canarias - Colectivo Ecologista Turcon","robots":{"index":"index","follow":"follow","max-snippet":"max-snippet:-1","max-image-preview":"max-image-preview:large","max-video-preview":"max-video-preview:-1"},"canonical":"https:\/\/turcon.es\/wp\/la-conciencia-ecologica-de-canarias\/","og_locale":"es_ES","og_type":"article","og_title":"La conciencia ecol\u00f3gica de Canarias - Colectivo Ecologista Turcon","og_description":"La isla de Lanzarote conmemora hoy la muerte de su artista m\u00e1s universal, C\u00e9sar Manrique, que fallec\u00eda en un tr\u00e1gico accidente de tr\u00e1fico el 25 de septiembre de 1992. Una ofrenda floral en el cementerio de Har\u00eda volver\u00e1 a recordar al hombre que luch\u00f3 con todas sus fuerzas para evitar la destrucci\u00f3n no s\u00f3lo de [&hellip;]","og_url":"https:\/\/turcon.es\/wp\/la-conciencia-ecologica-de-canarias\/","og_site_name":"Colectivo Ecologista Turcon","article_published_time":"2008-09-25T22:14:09+00:00","og_image":[{"width":169,"height":150,"url":"https:\/\/turcon.es\/wp\/wp-content\/uploads\/2009\/05\/el-guincho-ecologistas-en-accion.jpg","type":"image\/jpeg"}],"author":"Laura Fernandez","twitter_card":"summary_large_image","twitter_misc":{"Escrito por":"Laura Fernandez","Tiempo de lectura":"5 minutos"},"schema":{"@context":"https:\/\/schema.org","@graph":[{"@type":"Article","@id":"https:\/\/turcon.es\/wp\/la-conciencia-ecologica-de-canarias\/#article","isPartOf":{"@id":"https:\/\/turcon.es\/wp\/la-conciencia-ecologica-de-canarias\/"},"author":{"name":"Laura Fernandez","@id":"https:\/\/turcon.es\/wp\/#\/schema\/person\/a1f3ba727ce031d9da17684affe85edd"},"headline":"La conciencia ecol\u00f3gica de Canarias","datePublished":"2008-09-25T22:14:09+00:00","mainEntityOfPage":{"@id":"https:\/\/turcon.es\/wp\/la-conciencia-ecologica-de-canarias\/"},"wordCount":996,"commentCount":0,"publisher":{"@id":"https:\/\/turcon.es\/wp\/#organization"},"image":{"@id":"https:\/\/turcon.es\/wp\/la-conciencia-ecologica-de-canarias\/#primaryimage"},"thumbnailUrl":"http:\/\/turcon.es\/wp\/wp-content\/uploads\/2008\/09\/manriqueguincholanzarote.jpg?w=300","keywords":["C\u00e9sar Manrique","Ecologismo","El Guincho","Lanzarote","Medio ambiente"],"articleSection":["Concienciaci\u00f3n","Movimiento ciudadano"],"inLanguage":"es","potentialAction":[{"@type":"CommentAction","name":"Comment","target":["https:\/\/turcon.es\/wp\/la-conciencia-ecologica-de-canarias\/#respond"]}]},{"@type":"WebPage","@id":"https:\/\/turcon.es\/wp\/la-conciencia-ecologica-de-canarias\/","url":"https:\/\/turcon.es\/wp\/la-conciencia-ecologica-de-canarias\/","name":"La conciencia ecol\u00f3gica de Canarias - Colectivo Ecologista Turcon","isPartOf":{"@id":"https:\/\/turcon.es\/wp\/#website"},"primaryImageOfPage":{"@id":"https:\/\/turcon.es\/wp\/la-conciencia-ecologica-de-canarias\/#primaryimage"},"image":{"@id":"https:\/\/turcon.es\/wp\/la-conciencia-ecologica-de-canarias\/#primaryimage"},"thumbnailUrl":"http:\/\/turcon.es\/wp\/wp-content\/uploads\/2008\/09\/manriqueguincholanzarote.jpg?w=300","datePublished":"2008-09-25T22:14:09+00:00","breadcrumb":{"@id":"https:\/\/turcon.es\/wp\/la-conciencia-ecologica-de-canarias\/#breadcrumb"},"inLanguage":"es","potentialAction":[{"@type":"ReadAction","target":["https:\/\/turcon.es\/wp\/la-conciencia-ecologica-de-canarias\/"]}]},{"@type":"ImageObject","inLanguage":"es","@id":"https:\/\/turcon.es\/wp\/la-conciencia-ecologica-de-canarias\/#primaryimage","url":"http:\/\/turcon.es\/wp\/wp-content\/uploads\/2008\/09\/manriqueguincholanzarote.jpg?w=300","contentUrl":"http:\/\/turcon.es\/wp\/wp-content\/uploads\/2008\/09\/manriqueguincholanzarote.jpg?w=300"},{"@type":"BreadcrumbList","@id":"https:\/\/turcon.es\/wp\/la-conciencia-ecologica-de-canarias\/#breadcrumb","itemListElement":[{"@type":"ListItem","position":1,"name":"Portada","item":"https:\/\/turcon.es\/wp\/"},{"@type":"ListItem","position":2,"name":"La conciencia ecol\u00f3gica de Canarias"}]},{"@type":"WebSite","@id":"https:\/\/turcon.es\/wp\/#website","url":"https:\/\/turcon.es\/wp\/","name":"Colectivo Ecologista Turcon","description":"","publisher":{"@id":"https:\/\/turcon.es\/wp\/#organization"},"potentialAction":[{"@type":"SearchAction","target":{"@type":"EntryPoint","urlTemplate":"https:\/\/turcon.es\/wp\/?s={search_term_string}"},"query-input":{"@type":"PropertyValueSpecification","valueRequired":true,"valueName":"search_term_string"}}],"inLanguage":"es"},{"@type":"Organization","@id":"https:\/\/turcon.es\/wp\/#organization","name":"Colectivo Ecologista Turcon","url":"https:\/\/turcon.es\/wp\/","logo":{"@type":"ImageObject","inLanguage":"es","@id":"https:\/\/turcon.es\/wp\/#\/schema\/logo\/image\/","url":"https:\/\/turcon.es\/wp\/wp-content\/uploads\/2025\/03\/logo-verde.svg","contentUrl":"https:\/\/turcon.es\/wp\/wp-content\/uploads\/2025\/03\/logo-verde.svg","width":813,"height":813,"caption":"Colectivo Ecologista Turcon"},"image":{"@id":"https:\/\/turcon.es\/wp\/#\/schema\/logo\/image\/"}},{"@type":"Person","@id":"https:\/\/turcon.es\/wp\/#\/schema\/person\/a1f3ba727ce031d9da17684affe85edd","name":"Laura Fernandez","image":{"@type":"ImageObject","inLanguage":"es","@id":"https:\/\/turcon.es\/wp\/#\/schema\/person\/image\/","url":"https:\/\/secure.gravatar.com\/avatar\/360749af9549af22e54582d50231ae56e854210ae2368797ba242f445a9852e8?s=96&d=mm&r=g","contentUrl":"https:\/\/secure.gravatar.com\/avatar\/360749af9549af22e54582d50231ae56e854210ae2368797ba242f445a9852e8?s=96&d=mm&r=g","caption":"Laura Fernandez"},"url":"https:\/\/turcon.es\/wp\/author\/admturcon\/"}]}},"_links":{"self":[{"href":"https:\/\/turcon.es\/wp\/wp-json\/wp\/v2\/posts\/14333","targetHints":{"allow":["GET"]}}],"collection":[{"href":"https:\/\/turcon.es\/wp\/wp-json\/wp\/v2\/posts"}],"about":[{"href":"https:\/\/turcon.es\/wp\/wp-json\/wp\/v2\/types\/post"}],"author":[{"embeddable":true,"href":"https:\/\/turcon.es\/wp\/wp-json\/wp\/v2\/users\/2"}],"replies":[{"embeddable":true,"href":"https:\/\/turcon.es\/wp\/wp-json\/wp\/v2\/comments?post=14333"}],"version-history":[{"count":0,"href":"https:\/\/turcon.es\/wp\/wp-json\/wp\/v2\/posts\/14333\/revisions"}],"wp:attachment":[{"href":"https:\/\/turcon.es\/wp\/wp-json\/wp\/v2\/media?parent=14333"}],"wp:term":[{"taxonomy":"category","embeddable":true,"href":"https:\/\/turcon.es\/wp\/wp-json\/wp\/v2\/categories?post=14333"},{"taxonomy":"post_tag","embeddable":true,"href":"https:\/\/turcon.es\/wp\/wp-json\/wp\/v2\/tags?post=14333"}],"curies":[{"name":"wp","href":"https:\/\/api.w.org\/{rel}","templated":true}]}}