{"id":14359,"date":"2008-10-25T09:49:29","date_gmt":"2008-10-25T09:49:29","guid":{"rendered":"http:\/\/turcon.wordpress.com\/?p=778"},"modified":"2008-10-25T09:49:29","modified_gmt":"2008-10-25T09:49:29","slug":"polemica-inauguracion-del-centro-comercial-de-jinamar","status":"publish","type":"post","link":"https:\/\/turcon.es\/wp\/polemica-inauguracion-del-centro-comercial-de-jinamar\/","title":{"rendered":"Pol\u00e9mica inauguraci\u00f3n del Centro Comercial de Jin\u00e1mar"},"content":{"rendered":"<table border=\"0\" cellspacing=\"0\" cellpadding=\"0\" width=\"678\" align=\"left\">\n<tbody>\n<tr>\n<td width=\"678\">\n<div style=\"margin-left:10px;margin-right:10px;\"><\/div>\n<\/td>\n<\/tr>\n<tr>\n<td width=\"678\">\n<div class=\"titulonoticia_22\" style=\"font-weight:bold;margin-left:10px;margin-right:10px;\">Avance: Vecinos Unidos por Telde exige a Urbanismo la apertura de un expediente sancionador a Las Terrazas por abrir sin licencia municipal<\/div>\n<\/td>\n<\/tr>\n<tr>\n<td width=\"678\">\n<table border=\"0\" cellspacing=\"0\" cellpadding=\"0\" width=\"678\" align=\"left\">\n<tbody>\n<tr>\n<td colspan=\"2\" width=\"678\" height=\"15\">\u00a0<\/td>\n<\/tr>\n<tr>\n<td width=\"408\" valign=\"top\">\n<table border=\"0\" cellspacing=\"0\" cellpadding=\"0\">\n<tbody>\n<tr>\n<td width=\"408\" valign=\"top\">\n<div id=\"subtitulo\" class=\"subtitulo_14\" style=\"margin-left:10px;margin-right:22px;\">La formaci\u00f3n que lidera Jes\u00fas Calzada exige \u00abtolerancia cero\u00bb en materia de disciplina urban\u00edstica a los actuales gobernantes del municipio<\/div>\n<div id=\"texto\" class=\"normaltext_12\" style=\"margin-top:10px;margin-left:10px;margin-right:22px;\">\n<div><strong>TELDEACTUALIDAD<\/strong><\/div>\n<div>Telde.- El partido Vecinos Unidos que lidera Jes\u00fas Calzada solicita al Gobierno municipal \u201ctolerancia cero con la indisciplina urban\u00edtica\u201d y que, ante la apertura del centro comercial Las Terrazas sin contar con la licencia municipal correspondiente, tal y como ha reconocido p\u00fablicamente el concejal delegado de Urbanismo, Jos\u00e9 Antonio Perera, se le abra un expediente sancionar a sus promotores, la entidad Parque Mar\u00edtimo de Jin\u00e1mar SL.<\/p>\n<p><strong>Vecinos Unidos exige Tolerancia Cero a Disciplina Urban\u00edstica en Telde<br \/>\n<\/strong>Al igual que se ha denunciado ante el Ayuntamiento la supuesta ilegalidad con la que operan en nuestra gran ciudad empresas que no deseamos nombrar, con la misma exigencia, a\u00fan no siendo ning\u00fan miembro de este partido pol\u00edtico el que elev\u00f3 el escrito al consistorio, y as\u00ed todo algunos se empe\u00f1an en la maldad de criticarnos (la denuncia de un vecino de Telde, que se refiere a las empresas sin licencias de apertura a un pol\u00edtico de la oposici\u00f3n) es exigible que por parte del gobierno municipal se imponga la Tolerancia Cero, en la pol\u00edtica de Disciplina Urban\u00edstica.<\/div>\n<div><!--more--><br \/>\nEsta exigencia viene dada por el agravio comparativo que supone que mientras el responsable de Urbanismo, Jos\u00e9 A. Perera admite una irregularidad urban\u00edstica en C.C. Las Terrazas, afirmando alegre y temerariamente, que no tiene licencia de apertura, admiti\u00e9ndola y justific\u00e1ndola por prebendas de compensaciones, a otras actividades clasificadas en nuestra gran ciudad, se le aplica el peso de la ley, ante la mas m\u00ednima irregularidad, inco\u00e1ndose expedientes disciplinario urban\u00edstico, e incluso precint\u00e1ndoles, sin no carecen la preceptiva licencia municipal de apertura.<\/p>\n<p>Vecinos Unidos denuncia la pol\u00edtica oscurantista en materia de Disciplina Urban\u00edstica, no solo de este gobierno, sino del anterior, ya que nos consta que mientras existen empresas operando sin licencia de apertura, con la vista gorda del responsable de Urbanismo, incluso despreciando denuncias de vecinos solicitando su clausura, como fue el caso del escrito presentado por Manuel Ram\u00f3n Santana, en el registro de entrada, solicitando una inspecci\u00f3n urban\u00edstica una emisora de esta ciudad, que tambi\u00e9n carece de la preceptiva licencia de apertura, haciendo Urbanismo mutis por el foro, y ni solo no han actuado, sino que ni siquiera se han dignado a responder al escrito del vecino de San Gregorio, mientras a otras, sin poder medi\u00e1tico o econ\u00f3micos, o escasos recursos se les sanciona econ\u00f3micamente, se le incoan expediente por parte de Disciplina Urban\u00edstica, y se les precinta y se les sanciona econ\u00f3micamente, por iguales irregularidades.<\/p>\n<p>Ante estos hechos, que supone un manifiesto trato de favor para unos, en un claro agravio comparativo, queremos denunciar esta pol\u00edtica sesgada, y solicitamos del alcalde de Telde, D. Francisco Santiago Castellano, que haciendo uso de su equidad, y como m\u00e1ximo responsable municipal, a que por oficio ordene se incoe un expediente disciplinario a la empresa que explota el C.C. Las Terrazas en el Valle de Jin\u00e1mar, porque tambi\u00e9n en Disciplina Urban\u00edstica es exigible la Tolerancia Cero.<\/p>\n<p>En Telde a 24 de Octubre del 2008<\/p><\/div>\n<\/div>\n<\/td>\n<\/tr>\n<p><!--Botonera inferior--><\/tbody>\n<\/table>\n<p><a href=\"http:\/\/turcon.es\/wp\/wp-content\/uploads\/2008\/10\/infografia.jpg\"><img decoding=\"async\" class=\"alignright size-full wp-image-779\" title=\"infografia\" src=\"http:\/\/turcon.es\/wp\/wp-content\/uploads\/2008\/10\/infografia.jpg\" alt=\"\" width=\"155\" height=\"135\" \/><\/a><\/td>\n<\/tr>\n<\/tbody>\n<\/table>\n<\/td>\n<\/tr>\n<\/tbody>\n<\/table>\n","protected":false},"excerpt":{"rendered":"<p>Avance: Vecinos Unidos por Telde exige a Urbanismo la apertura de un expediente sancionador a Las Terrazas por abrir sin licencia municipal \u00a0 La formaci\u00f3n que lidera Jes\u00fas Calzada exige \u00abtolerancia cero\u00bb en materia de disciplina urban\u00edstica a los actuales gobernantes del municipio TELDEACTUALIDAD Telde.- El partido Vecinos Unidos que lidera Jes\u00fas Calzada solicita al [&hellip;]<\/p>\n","protected":false},"author":2,"featured_media":0,"comment_status":"open","ping_status":"open","sticky":false,"template":"","format":"standard","meta":{"footnotes":""},"categories":[11,41],"tags":[],"class_list":["post-14359","post","type-post","status-publish","format-standard","hentry","category-alimentacion","category-gran-canaria"],"yoast_head":"<!-- This site is optimized with the Yoast SEO plugin v26.3 - https:\/\/yoast.com\/wordpress\/plugins\/seo\/ -->\n<title>Pol\u00e9mica inauguraci\u00f3n del Centro Comercial de Jin\u00e1mar - Colectivo Ecologista Turcon<\/title>\n<meta name=\"robots\" content=\"index, follow, max-snippet:-1, max-image-preview:large, max-video-preview:-1\" \/>\n<link rel=\"canonical\" href=\"https:\/\/turcon.es\/wp\/polemica-inauguracion-del-centro-comercial-de-jinamar\/\" \/>\n<meta property=\"og:locale\" content=\"es_ES\" \/>\n<meta property=\"og:type\" content=\"article\" \/>\n<meta property=\"og:title\" content=\"Pol\u00e9mica inauguraci\u00f3n del Centro Comercial de Jin\u00e1mar - Colectivo Ecologista Turcon\" \/>\n<meta property=\"og:description\" content=\"Avance: Vecinos Unidos por Telde exige a Urbanismo la apertura de un expediente sancionador a Las Terrazas por abrir sin licencia municipal \u00a0 La formaci\u00f3n que lidera Jes\u00fas Calzada exige \u00abtolerancia cero\u00bb en materia de disciplina urban\u00edstica a los actuales gobernantes del municipio TELDEACTUALIDAD Telde.- El partido Vecinos Unidos que lidera Jes\u00fas Calzada solicita al [&hellip;]\" \/>\n<meta property=\"og:url\" content=\"https:\/\/turcon.es\/wp\/polemica-inauguracion-del-centro-comercial-de-jinamar\/\" \/>\n<meta property=\"og:site_name\" content=\"Colectivo Ecologista Turcon\" \/>\n<meta property=\"article:published_time\" content=\"2008-10-25T09:49:29+00:00\" \/>\n<meta property=\"og:image\" content=\"https:\/\/turcon.es\/wp\/wp-content\/uploads\/2009\/08\/img_7221-small.jpg\" \/>\n\t<meta property=\"og:image:width\" content=\"640\" \/>\n\t<meta property=\"og:image:height\" content=\"480\" \/>\n\t<meta property=\"og:image:type\" content=\"image\/jpeg\" \/>\n<meta name=\"author\" content=\"Laura Fernandez\" \/>\n<meta name=\"twitter:card\" content=\"summary_large_image\" \/>\n<meta name=\"twitter:label1\" content=\"Escrito por\" \/>\n\t<meta name=\"twitter:data1\" content=\"Laura Fernandez\" \/>\n\t<meta name=\"twitter:label2\" content=\"Tiempo de lectura\" \/>\n\t<meta name=\"twitter:data2\" content=\"3 minutos\" \/>\n<script type=\"application\/ld+json\" class=\"yoast-schema-graph\">{\"@context\":\"https:\/\/schema.org\",\"@graph\":[{\"@type\":\"Article\",\"@id\":\"https:\/\/turcon.es\/wp\/polemica-inauguracion-del-centro-comercial-de-jinamar\/#article\",\"isPartOf\":{\"@id\":\"https:\/\/turcon.es\/wp\/polemica-inauguracion-del-centro-comercial-de-jinamar\/\"},\"author\":{\"name\":\"Laura Fernandez\",\"@id\":\"https:\/\/turcon.es\/wp\/#\/schema\/person\/a1f3ba727ce031d9da17684affe85edd\"},\"headline\":\"Pol\u00e9mica inauguraci\u00f3n del Centro Comercial de Jin\u00e1mar\",\"datePublished\":\"2008-10-25T09:49:29+00:00\",\"mainEntityOfPage\":{\"@id\":\"https:\/\/turcon.es\/wp\/polemica-inauguracion-del-centro-comercial-de-jinamar\/\"},\"wordCount\":580,\"commentCount\":0,\"publisher\":{\"@id\":\"https:\/\/turcon.es\/wp\/#organization\"},\"image\":{\"@id\":\"https:\/\/turcon.es\/wp\/polemica-inauguracion-del-centro-comercial-de-jinamar\/#primaryimage\"},\"thumbnailUrl\":\"http:\/\/turcon.es\/wp\/wp-content\/uploads\/2008\/10\/infografia.jpg\",\"articleSection\":[\"Alimentaci\u00f3n\",\"Gran Canaria\"],\"inLanguage\":\"es\",\"potentialAction\":[{\"@type\":\"CommentAction\",\"name\":\"Comment\",\"target\":[\"https:\/\/turcon.es\/wp\/polemica-inauguracion-del-centro-comercial-de-jinamar\/#respond\"]}]},{\"@type\":\"WebPage\",\"@id\":\"https:\/\/turcon.es\/wp\/polemica-inauguracion-del-centro-comercial-de-jinamar\/\",\"url\":\"https:\/\/turcon.es\/wp\/polemica-inauguracion-del-centro-comercial-de-jinamar\/\",\"name\":\"Pol\u00e9mica inauguraci\u00f3n del Centro Comercial de Jin\u00e1mar - Colectivo Ecologista Turcon\",\"isPartOf\":{\"@id\":\"https:\/\/turcon.es\/wp\/#website\"},\"primaryImageOfPage\":{\"@id\":\"https:\/\/turcon.es\/wp\/polemica-inauguracion-del-centro-comercial-de-jinamar\/#primaryimage\"},\"image\":{\"@id\":\"https:\/\/turcon.es\/wp\/polemica-inauguracion-del-centro-comercial-de-jinamar\/#primaryimage\"},\"thumbnailUrl\":\"http:\/\/turcon.es\/wp\/wp-content\/uploads\/2008\/10\/infografia.jpg\",\"datePublished\":\"2008-10-25T09:49:29+00:00\",\"breadcrumb\":{\"@id\":\"https:\/\/turcon.es\/wp\/polemica-inauguracion-del-centro-comercial-de-jinamar\/#breadcrumb\"},\"inLanguage\":\"es\",\"potentialAction\":[{\"@type\":\"ReadAction\",\"target\":[\"https:\/\/turcon.es\/wp\/polemica-inauguracion-del-centro-comercial-de-jinamar\/\"]}]},{\"@type\":\"ImageObject\",\"inLanguage\":\"es\",\"@id\":\"https:\/\/turcon.es\/wp\/polemica-inauguracion-del-centro-comercial-de-jinamar\/#primaryimage\",\"url\":\"http:\/\/turcon.es\/wp\/wp-content\/uploads\/2008\/10\/infografia.jpg\",\"contentUrl\":\"http:\/\/turcon.es\/wp\/wp-content\/uploads\/2008\/10\/infografia.jpg\"},{\"@type\":\"BreadcrumbList\",\"@id\":\"https:\/\/turcon.es\/wp\/polemica-inauguracion-del-centro-comercial-de-jinamar\/#breadcrumb\",\"itemListElement\":[{\"@type\":\"ListItem\",\"position\":1,\"name\":\"Portada\",\"item\":\"https:\/\/turcon.es\/wp\/\"},{\"@type\":\"ListItem\",\"position\":2,\"name\":\"Pol\u00e9mica inauguraci\u00f3n del Centro Comercial de Jin\u00e1mar\"}]},{\"@type\":\"WebSite\",\"@id\":\"https:\/\/turcon.es\/wp\/#website\",\"url\":\"https:\/\/turcon.es\/wp\/\",\"name\":\"Colectivo Ecologista Turcon\",\"description\":\"\",\"publisher\":{\"@id\":\"https:\/\/turcon.es\/wp\/#organization\"},\"potentialAction\":[{\"@type\":\"SearchAction\",\"target\":{\"@type\":\"EntryPoint\",\"urlTemplate\":\"https:\/\/turcon.es\/wp\/?s={search_term_string}\"},\"query-input\":{\"@type\":\"PropertyValueSpecification\",\"valueRequired\":true,\"valueName\":\"search_term_string\"}}],\"inLanguage\":\"es\"},{\"@type\":\"Organization\",\"@id\":\"https:\/\/turcon.es\/wp\/#organization\",\"name\":\"Colectivo Ecologista Turcon\",\"url\":\"https:\/\/turcon.es\/wp\/\",\"logo\":{\"@type\":\"ImageObject\",\"inLanguage\":\"es\",\"@id\":\"https:\/\/turcon.es\/wp\/#\/schema\/logo\/image\/\",\"url\":\"https:\/\/turcon.es\/wp\/wp-content\/uploads\/2025\/03\/logo-verde.svg\",\"contentUrl\":\"https:\/\/turcon.es\/wp\/wp-content\/uploads\/2025\/03\/logo-verde.svg\",\"width\":813,\"height\":813,\"caption\":\"Colectivo Ecologista Turcon\"},\"image\":{\"@id\":\"https:\/\/turcon.es\/wp\/#\/schema\/logo\/image\/\"}},{\"@type\":\"Person\",\"@id\":\"https:\/\/turcon.es\/wp\/#\/schema\/person\/a1f3ba727ce031d9da17684affe85edd\",\"name\":\"Laura Fernandez\",\"image\":{\"@type\":\"ImageObject\",\"inLanguage\":\"es\",\"@id\":\"https:\/\/turcon.es\/wp\/#\/schema\/person\/image\/\",\"url\":\"https:\/\/secure.gravatar.com\/avatar\/360749af9549af22e54582d50231ae56e854210ae2368797ba242f445a9852e8?s=96&d=mm&r=g\",\"contentUrl\":\"https:\/\/secure.gravatar.com\/avatar\/360749af9549af22e54582d50231ae56e854210ae2368797ba242f445a9852e8?s=96&d=mm&r=g\",\"caption\":\"Laura Fernandez\"},\"url\":\"https:\/\/turcon.es\/wp\/author\/admturcon\/\"}]}<\/script>\n<!-- \/ Yoast SEO plugin. -->","yoast_head_json":{"title":"Pol\u00e9mica inauguraci\u00f3n del Centro Comercial de Jin\u00e1mar - Colectivo Ecologista Turcon","robots":{"index":"index","follow":"follow","max-snippet":"max-snippet:-1","max-image-preview":"max-image-preview:large","max-video-preview":"max-video-preview:-1"},"canonical":"https:\/\/turcon.es\/wp\/polemica-inauguracion-del-centro-comercial-de-jinamar\/","og_locale":"es_ES","og_type":"article","og_title":"Pol\u00e9mica inauguraci\u00f3n del Centro Comercial de Jin\u00e1mar - Colectivo Ecologista Turcon","og_description":"Avance: Vecinos Unidos por Telde exige a Urbanismo la apertura de un expediente sancionador a Las Terrazas por abrir sin licencia municipal \u00a0 La formaci\u00f3n que lidera Jes\u00fas Calzada exige \u00abtolerancia cero\u00bb en materia de disciplina urban\u00edstica a los actuales gobernantes del municipio TELDEACTUALIDAD Telde.- El partido Vecinos Unidos que lidera Jes\u00fas Calzada solicita al [&hellip;]","og_url":"https:\/\/turcon.es\/wp\/polemica-inauguracion-del-centro-comercial-de-jinamar\/","og_site_name":"Colectivo Ecologista Turcon","article_published_time":"2008-10-25T09:49:29+00:00","og_image":[{"width":640,"height":480,"url":"https:\/\/turcon.es\/wp\/wp-content\/uploads\/2009\/08\/img_7221-small.jpg","type":"image\/jpeg"}],"author":"Laura Fernandez","twitter_card":"summary_large_image","twitter_misc":{"Escrito por":"Laura Fernandez","Tiempo de lectura":"3 minutos"},"schema":{"@context":"https:\/\/schema.org","@graph":[{"@type":"Article","@id":"https:\/\/turcon.es\/wp\/polemica-inauguracion-del-centro-comercial-de-jinamar\/#article","isPartOf":{"@id":"https:\/\/turcon.es\/wp\/polemica-inauguracion-del-centro-comercial-de-jinamar\/"},"author":{"name":"Laura Fernandez","@id":"https:\/\/turcon.es\/wp\/#\/schema\/person\/a1f3ba727ce031d9da17684affe85edd"},"headline":"Pol\u00e9mica inauguraci\u00f3n del Centro Comercial de Jin\u00e1mar","datePublished":"2008-10-25T09:49:29+00:00","mainEntityOfPage":{"@id":"https:\/\/turcon.es\/wp\/polemica-inauguracion-del-centro-comercial-de-jinamar\/"},"wordCount":580,"commentCount":0,"publisher":{"@id":"https:\/\/turcon.es\/wp\/#organization"},"image":{"@id":"https:\/\/turcon.es\/wp\/polemica-inauguracion-del-centro-comercial-de-jinamar\/#primaryimage"},"thumbnailUrl":"http:\/\/turcon.es\/wp\/wp-content\/uploads\/2008\/10\/infografia.jpg","articleSection":["Alimentaci\u00f3n","Gran Canaria"],"inLanguage":"es","potentialAction":[{"@type":"CommentAction","name":"Comment","target":["https:\/\/turcon.es\/wp\/polemica-inauguracion-del-centro-comercial-de-jinamar\/#respond"]}]},{"@type":"WebPage","@id":"https:\/\/turcon.es\/wp\/polemica-inauguracion-del-centro-comercial-de-jinamar\/","url":"https:\/\/turcon.es\/wp\/polemica-inauguracion-del-centro-comercial-de-jinamar\/","name":"Pol\u00e9mica inauguraci\u00f3n del Centro Comercial de Jin\u00e1mar - Colectivo Ecologista Turcon","isPartOf":{"@id":"https:\/\/turcon.es\/wp\/#website"},"primaryImageOfPage":{"@id":"https:\/\/turcon.es\/wp\/polemica-inauguracion-del-centro-comercial-de-jinamar\/#primaryimage"},"image":{"@id":"https:\/\/turcon.es\/wp\/polemica-inauguracion-del-centro-comercial-de-jinamar\/#primaryimage"},"thumbnailUrl":"http:\/\/turcon.es\/wp\/wp-content\/uploads\/2008\/10\/infografia.jpg","datePublished":"2008-10-25T09:49:29+00:00","breadcrumb":{"@id":"https:\/\/turcon.es\/wp\/polemica-inauguracion-del-centro-comercial-de-jinamar\/#breadcrumb"},"inLanguage":"es","potentialAction":[{"@type":"ReadAction","target":["https:\/\/turcon.es\/wp\/polemica-inauguracion-del-centro-comercial-de-jinamar\/"]}]},{"@type":"ImageObject","inLanguage":"es","@id":"https:\/\/turcon.es\/wp\/polemica-inauguracion-del-centro-comercial-de-jinamar\/#primaryimage","url":"http:\/\/turcon.es\/wp\/wp-content\/uploads\/2008\/10\/infografia.jpg","contentUrl":"http:\/\/turcon.es\/wp\/wp-content\/uploads\/2008\/10\/infografia.jpg"},{"@type":"BreadcrumbList","@id":"https:\/\/turcon.es\/wp\/polemica-inauguracion-del-centro-comercial-de-jinamar\/#breadcrumb","itemListElement":[{"@type":"ListItem","position":1,"name":"Portada","item":"https:\/\/turcon.es\/wp\/"},{"@type":"ListItem","position":2,"name":"Pol\u00e9mica inauguraci\u00f3n del Centro Comercial de Jin\u00e1mar"}]},{"@type":"WebSite","@id":"https:\/\/turcon.es\/wp\/#website","url":"https:\/\/turcon.es\/wp\/","name":"Colectivo Ecologista Turcon","description":"","publisher":{"@id":"https:\/\/turcon.es\/wp\/#organization"},"potentialAction":[{"@type":"SearchAction","target":{"@type":"EntryPoint","urlTemplate":"https:\/\/turcon.es\/wp\/?s={search_term_string}"},"query-input":{"@type":"PropertyValueSpecification","valueRequired":true,"valueName":"search_term_string"}}],"inLanguage":"es"},{"@type":"Organization","@id":"https:\/\/turcon.es\/wp\/#organization","name":"Colectivo Ecologista Turcon","url":"https:\/\/turcon.es\/wp\/","logo":{"@type":"ImageObject","inLanguage":"es","@id":"https:\/\/turcon.es\/wp\/#\/schema\/logo\/image\/","url":"https:\/\/turcon.es\/wp\/wp-content\/uploads\/2025\/03\/logo-verde.svg","contentUrl":"https:\/\/turcon.es\/wp\/wp-content\/uploads\/2025\/03\/logo-verde.svg","width":813,"height":813,"caption":"Colectivo Ecologista Turcon"},"image":{"@id":"https:\/\/turcon.es\/wp\/#\/schema\/logo\/image\/"}},{"@type":"Person","@id":"https:\/\/turcon.es\/wp\/#\/schema\/person\/a1f3ba727ce031d9da17684affe85edd","name":"Laura Fernandez","image":{"@type":"ImageObject","inLanguage":"es","@id":"https:\/\/turcon.es\/wp\/#\/schema\/person\/image\/","url":"https:\/\/secure.gravatar.com\/avatar\/360749af9549af22e54582d50231ae56e854210ae2368797ba242f445a9852e8?s=96&d=mm&r=g","contentUrl":"https:\/\/secure.gravatar.com\/avatar\/360749af9549af22e54582d50231ae56e854210ae2368797ba242f445a9852e8?s=96&d=mm&r=g","caption":"Laura Fernandez"},"url":"https:\/\/turcon.es\/wp\/author\/admturcon\/"}]}},"_links":{"self":[{"href":"https:\/\/turcon.es\/wp\/wp-json\/wp\/v2\/posts\/14359","targetHints":{"allow":["GET"]}}],"collection":[{"href":"https:\/\/turcon.es\/wp\/wp-json\/wp\/v2\/posts"}],"about":[{"href":"https:\/\/turcon.es\/wp\/wp-json\/wp\/v2\/types\/post"}],"author":[{"embeddable":true,"href":"https:\/\/turcon.es\/wp\/wp-json\/wp\/v2\/users\/2"}],"replies":[{"embeddable":true,"href":"https:\/\/turcon.es\/wp\/wp-json\/wp\/v2\/comments?post=14359"}],"version-history":[{"count":0,"href":"https:\/\/turcon.es\/wp\/wp-json\/wp\/v2\/posts\/14359\/revisions"}],"wp:attachment":[{"href":"https:\/\/turcon.es\/wp\/wp-json\/wp\/v2\/media?parent=14359"}],"wp:term":[{"taxonomy":"category","embeddable":true,"href":"https:\/\/turcon.es\/wp\/wp-json\/wp\/v2\/categories?post=14359"},{"taxonomy":"post_tag","embeddable":true,"href":"https:\/\/turcon.es\/wp\/wp-json\/wp\/v2\/tags?post=14359"}],"curies":[{"name":"wp","href":"https:\/\/api.w.org\/{rel}","templated":true}]}}