{"id":14395,"date":"2008-11-17T16:23:27","date_gmt":"2008-11-17T16:23:27","guid":{"rendered":"http:\/\/turcon.wordpress.com\/?p=901"},"modified":"2008-11-17T16:23:27","modified_gmt":"2008-11-17T16:23:27","slug":"telde-y-el-museo-fantasma","status":"publish","type":"post","link":"https:\/\/turcon.es\/wp\/telde-y-el-museo-fantasma\/","title":{"rendered":"Telde y el museo fantasma"},"content":{"rendered":"<p><strong>Varias cajas humedecidas y ro\u00eddas por ratas, cristales rotos y basura acumulada son algunos de los &#8216;atractivos&#8217; que se puede encontrar uno al visitar la f\u00e1brica de ron de ca\u00f1a de az\u00facar, de propiedad municipal, que es un s\u00edmbolo de la historia teldense y que iba a ser un museo etnogr\u00e1fico. Vecinos y colectivos piden que no se abandonen las instalaciones en San Juan.<\/strong><\/p>\n<p>La Provincia, 16-11-2008<\/p>\n<p>MARCOS \u00c1LVAREZ<\/p>\n<p><a href=\"http:\/\/turcon.es\/wp\/wp-content\/uploads\/2008\/11\/rondetelde.jpg\"><img fetchpriority=\"high\" decoding=\"async\" class=\"alignleft size-full wp-image-902\" title=\"MAQUINA DE AZUCAR\" src=\"http:\/\/turcon.es\/wp\/wp-content\/uploads\/2008\/11\/rondetelde.jpg\" alt=\"MAQUINA DE AZUCAR\" width=\"273\" height=\"218\" \/><\/a>El edificio no est\u00e1 abandonado y sin utilizar\u00bb, asegura la directora de Desarrollo Local del Ayuntamiento de Telde, Mar\u00eda Jes\u00fas Hern\u00e1ndez, quien destaca que \u00abtodas las tardes va la banda de m\u00fasica a ensayar desde hace meses\u00bb.<\/p>\n<p>Hern\u00e1ndez indic\u00f3 tambi\u00e9n que la antigua f\u00e1brica que hac\u00eda ron de ca\u00f1a de az\u00facar \u00abest\u00e1 habilitada para ser la sede de un taller de empleo. Se ha presentado un proyecto de taller al Servicio Canario de Empleo que tendr\u00eda, como todos, una duraci\u00f3n de dos a\u00f1os y destinado para una veintena de alumnos. En un mes o algo menos podremos saber si nos concede ese taller o no\u00bb. \u00abEl edificio no est\u00e1 abandonado\u00bb, subraya tambi\u00e9n la directora de Desarrollo Local.<\/p>\n<p><!--more-->Sin embargo, la imagen de las instalaciones que tienen vecinos y representantes culturales y sociales es otra distinta. La mayor\u00eda reclaman que se le d\u00e9 un mayor uso y provecho a esta emblem\u00e1tica m\u00e1quina de az\u00facar. Algunos de los aspectos negativos que denuncian varios colectivos, entre ellos la Gu\u00eda Hist\u00f3rico Cultural de Telde, y en relaci\u00f3n al edificio son, entre otros: que haya cajas de cart\u00f3n humedecidas y ro\u00eddas por las ratas; basura acumulada; maquinarias oxidadas; mercanc\u00eda y documentaci\u00f3n al alcance de todos; y que las ventanas tengan los cristales rotos de los inmuebles principales que est\u00e1n pegados a la circunvalaci\u00f3n que une el puente de los Siete Ojos, en el barranco Real de Telde, con la parte alta de San Juan y con la carretera que da acceso a otros barrios teldenses y a Valsequillo.<\/p>\n<p>Mar\u00eda Jes\u00fas Hern\u00e1ndez entiende que \u00abesto se debe a las pedradas de los v\u00e1ndalos. No es nada nuevo que suceda. No descartamos que pronto tomemos medidas, aunque hay que tener en cuenta que es un edificio protegido y que Patrimonio Municipal es el que tiene que tomar cartas en el asunto\u00bb.<br \/>\nREPASO. El edificio de la m\u00e1quina de az\u00facar de San Juan fue adquirido por parte del Ayuntamiento en 1997 y desde entonces han pasado por ah\u00ed varias escuelas taller \u00abpara rehabilitar y conservar partes del edificio para convertirlo en un museo etnogr\u00e1fico, pero en la actualidad no ha sido as\u00ed\u00bb, reprochan distintos colectivos.<\/p>\n<p>Lo cierto es que el inmueble sirvi\u00f3 como plat\u00f3 y para las localizaciones de distintas pel\u00edculas. Ah\u00ed se rod\u00f3, como en otros rincones del municipio, escenas de la pel\u00edcula La vida seg\u00fan Ofelia, del director cubano Rol\u00e1n D\u00edaz, en abril de 2006. Asimismo, el cineasta Luis Lobos film\u00f3 en el mismo lugar para la pel\u00edcula Quemando suerte en octubre de 2007. Para muchos se trata de un pasado lejano.<\/p>\n","protected":false},"excerpt":{"rendered":"<p>Varias cajas humedecidas y ro\u00eddas por ratas, cristales rotos y basura acumulada son algunos de los &#8216;atractivos&#8217; que se puede encontrar uno al visitar la f\u00e1brica de ron de ca\u00f1a de az\u00facar, de propiedad municipal, que es un s\u00edmbolo de la historia teldense y que iba a ser un museo etnogr\u00e1fico. Vecinos y colectivos piden [&hellip;]<\/p>\n","protected":false},"author":2,"featured_media":0,"comment_status":"open","ping_status":"open","sticky":false,"template":"","format":"standard","meta":{"footnotes":""},"categories":[49,50,60],"tags":[763,1108,1170,1261,1616],"class_list":["post-14395","post","type-post","status-publish","format-standard","hentry","category-patrimonio-historico","category-politica","category-telde-gran-canaria","tag-fabrica-de-ron","tag-maquina-del-azucar","tag-museos","tag-patrimonio","tag-telde"],"yoast_head":"<!-- This site is optimized with the Yoast SEO plugin v26.3 - https:\/\/yoast.com\/wordpress\/plugins\/seo\/ -->\n<title>Telde y el museo fantasma - Colectivo Ecologista Turcon<\/title>\n<meta name=\"robots\" content=\"index, follow, max-snippet:-1, max-image-preview:large, max-video-preview:-1\" \/>\n<link rel=\"canonical\" href=\"https:\/\/turcon.es\/wp\/telde-y-el-museo-fantasma\/\" \/>\n<meta property=\"og:locale\" content=\"es_ES\" \/>\n<meta property=\"og:type\" content=\"article\" \/>\n<meta property=\"og:title\" content=\"Telde y el museo fantasma - Colectivo Ecologista Turcon\" \/>\n<meta property=\"og:description\" content=\"Varias cajas humedecidas y ro\u00eddas por ratas, cristales rotos y basura acumulada son algunos de los &#8216;atractivos&#8217; que se puede encontrar uno al visitar la f\u00e1brica de ron de ca\u00f1a de az\u00facar, de propiedad municipal, que es un s\u00edmbolo de la historia teldense y que iba a ser un museo etnogr\u00e1fico. Vecinos y colectivos piden [&hellip;]\" \/>\n<meta property=\"og:url\" content=\"https:\/\/turcon.es\/wp\/telde-y-el-museo-fantasma\/\" \/>\n<meta property=\"og:site_name\" content=\"Colectivo Ecologista Turcon\" \/>\n<meta property=\"article:published_time\" content=\"2008-11-17T16:23:27+00:00\" \/>\n<meta property=\"og:image\" content=\"https:\/\/turcon.es\/wp\/wp-content\/uploads\/2009\/11\/global-map2.jpg\" \/>\n\t<meta property=\"og:image:width\" content=\"615\" \/>\n\t<meta property=\"og:image:height\" content=\"277\" \/>\n\t<meta property=\"og:image:type\" content=\"image\/jpeg\" \/>\n<meta name=\"author\" content=\"Laura Fernandez\" \/>\n<meta name=\"twitter:card\" content=\"summary_large_image\" \/>\n<meta name=\"twitter:label1\" content=\"Escrito por\" \/>\n\t<meta name=\"twitter:data1\" content=\"Laura Fernandez\" \/>\n\t<meta name=\"twitter:label2\" content=\"Tiempo de lectura\" \/>\n\t<meta name=\"twitter:data2\" content=\"3 minutos\" \/>\n<script type=\"application\/ld+json\" class=\"yoast-schema-graph\">{\"@context\":\"https:\/\/schema.org\",\"@graph\":[{\"@type\":\"Article\",\"@id\":\"https:\/\/turcon.es\/wp\/telde-y-el-museo-fantasma\/#article\",\"isPartOf\":{\"@id\":\"https:\/\/turcon.es\/wp\/telde-y-el-museo-fantasma\/\"},\"author\":{\"name\":\"Laura Fernandez\",\"@id\":\"https:\/\/turcon.es\/wp\/#\/schema\/person\/a1f3ba727ce031d9da17684affe85edd\"},\"headline\":\"Telde y el museo fantasma\",\"datePublished\":\"2008-11-17T16:23:27+00:00\",\"mainEntityOfPage\":{\"@id\":\"https:\/\/turcon.es\/wp\/telde-y-el-museo-fantasma\/\"},\"wordCount\":544,\"commentCount\":0,\"publisher\":{\"@id\":\"https:\/\/turcon.es\/wp\/#organization\"},\"image\":{\"@id\":\"https:\/\/turcon.es\/wp\/telde-y-el-museo-fantasma\/#primaryimage\"},\"thumbnailUrl\":\"http:\/\/turcon.es\/wp\/wp-content\/uploads\/2008\/11\/rondetelde.jpg\",\"keywords\":[\"F\u00e1brica de ron\",\"M\u00e1quina del az\u00facar\",\"Museos\",\"Patrimonio\",\"Telde\"],\"articleSection\":[\"Patrimonio hist\u00f3rico\",\"Pol\u00edtica\",\"Telde (Gran Canaria)\"],\"inLanguage\":\"es\",\"potentialAction\":[{\"@type\":\"CommentAction\",\"name\":\"Comment\",\"target\":[\"https:\/\/turcon.es\/wp\/telde-y-el-museo-fantasma\/#respond\"]}]},{\"@type\":\"WebPage\",\"@id\":\"https:\/\/turcon.es\/wp\/telde-y-el-museo-fantasma\/\",\"url\":\"https:\/\/turcon.es\/wp\/telde-y-el-museo-fantasma\/\",\"name\":\"Telde y el museo fantasma - Colectivo Ecologista Turcon\",\"isPartOf\":{\"@id\":\"https:\/\/turcon.es\/wp\/#website\"},\"primaryImageOfPage\":{\"@id\":\"https:\/\/turcon.es\/wp\/telde-y-el-museo-fantasma\/#primaryimage\"},\"image\":{\"@id\":\"https:\/\/turcon.es\/wp\/telde-y-el-museo-fantasma\/#primaryimage\"},\"thumbnailUrl\":\"http:\/\/turcon.es\/wp\/wp-content\/uploads\/2008\/11\/rondetelde.jpg\",\"datePublished\":\"2008-11-17T16:23:27+00:00\",\"breadcrumb\":{\"@id\":\"https:\/\/turcon.es\/wp\/telde-y-el-museo-fantasma\/#breadcrumb\"},\"inLanguage\":\"es\",\"potentialAction\":[{\"@type\":\"ReadAction\",\"target\":[\"https:\/\/turcon.es\/wp\/telde-y-el-museo-fantasma\/\"]}]},{\"@type\":\"ImageObject\",\"inLanguage\":\"es\",\"@id\":\"https:\/\/turcon.es\/wp\/telde-y-el-museo-fantasma\/#primaryimage\",\"url\":\"http:\/\/turcon.es\/wp\/wp-content\/uploads\/2008\/11\/rondetelde.jpg\",\"contentUrl\":\"http:\/\/turcon.es\/wp\/wp-content\/uploads\/2008\/11\/rondetelde.jpg\"},{\"@type\":\"BreadcrumbList\",\"@id\":\"https:\/\/turcon.es\/wp\/telde-y-el-museo-fantasma\/#breadcrumb\",\"itemListElement\":[{\"@type\":\"ListItem\",\"position\":1,\"name\":\"Portada\",\"item\":\"https:\/\/turcon.es\/wp\/\"},{\"@type\":\"ListItem\",\"position\":2,\"name\":\"Telde y el museo fantasma\"}]},{\"@type\":\"WebSite\",\"@id\":\"https:\/\/turcon.es\/wp\/#website\",\"url\":\"https:\/\/turcon.es\/wp\/\",\"name\":\"Colectivo Ecologista Turcon\",\"description\":\"\",\"publisher\":{\"@id\":\"https:\/\/turcon.es\/wp\/#organization\"},\"potentialAction\":[{\"@type\":\"SearchAction\",\"target\":{\"@type\":\"EntryPoint\",\"urlTemplate\":\"https:\/\/turcon.es\/wp\/?s={search_term_string}\"},\"query-input\":{\"@type\":\"PropertyValueSpecification\",\"valueRequired\":true,\"valueName\":\"search_term_string\"}}],\"inLanguage\":\"es\"},{\"@type\":\"Organization\",\"@id\":\"https:\/\/turcon.es\/wp\/#organization\",\"name\":\"Colectivo Ecologista Turcon\",\"url\":\"https:\/\/turcon.es\/wp\/\",\"logo\":{\"@type\":\"ImageObject\",\"inLanguage\":\"es\",\"@id\":\"https:\/\/turcon.es\/wp\/#\/schema\/logo\/image\/\",\"url\":\"https:\/\/turcon.es\/wp\/wp-content\/uploads\/2025\/03\/logo-verde.svg\",\"contentUrl\":\"https:\/\/turcon.es\/wp\/wp-content\/uploads\/2025\/03\/logo-verde.svg\",\"width\":813,\"height\":813,\"caption\":\"Colectivo Ecologista Turcon\"},\"image\":{\"@id\":\"https:\/\/turcon.es\/wp\/#\/schema\/logo\/image\/\"}},{\"@type\":\"Person\",\"@id\":\"https:\/\/turcon.es\/wp\/#\/schema\/person\/a1f3ba727ce031d9da17684affe85edd\",\"name\":\"Laura Fernandez\",\"image\":{\"@type\":\"ImageObject\",\"inLanguage\":\"es\",\"@id\":\"https:\/\/turcon.es\/wp\/#\/schema\/person\/image\/\",\"url\":\"https:\/\/secure.gravatar.com\/avatar\/360749af9549af22e54582d50231ae56e854210ae2368797ba242f445a9852e8?s=96&d=mm&r=g\",\"contentUrl\":\"https:\/\/secure.gravatar.com\/avatar\/360749af9549af22e54582d50231ae56e854210ae2368797ba242f445a9852e8?s=96&d=mm&r=g\",\"caption\":\"Laura Fernandez\"},\"url\":\"https:\/\/turcon.es\/wp\/author\/admturcon\/\"}]}<\/script>\n<!-- \/ Yoast SEO plugin. -->","yoast_head_json":{"title":"Telde y el museo fantasma - Colectivo Ecologista Turcon","robots":{"index":"index","follow":"follow","max-snippet":"max-snippet:-1","max-image-preview":"max-image-preview:large","max-video-preview":"max-video-preview:-1"},"canonical":"https:\/\/turcon.es\/wp\/telde-y-el-museo-fantasma\/","og_locale":"es_ES","og_type":"article","og_title":"Telde y el museo fantasma - Colectivo Ecologista Turcon","og_description":"Varias cajas humedecidas y ro\u00eddas por ratas, cristales rotos y basura acumulada son algunos de los &#8216;atractivos&#8217; que se puede encontrar uno al visitar la f\u00e1brica de ron de ca\u00f1a de az\u00facar, de propiedad municipal, que es un s\u00edmbolo de la historia teldense y que iba a ser un museo etnogr\u00e1fico. Vecinos y colectivos piden [&hellip;]","og_url":"https:\/\/turcon.es\/wp\/telde-y-el-museo-fantasma\/","og_site_name":"Colectivo Ecologista Turcon","article_published_time":"2008-11-17T16:23:27+00:00","og_image":[{"width":615,"height":277,"url":"https:\/\/turcon.es\/wp\/wp-content\/uploads\/2009\/11\/global-map2.jpg","type":"image\/jpeg"}],"author":"Laura Fernandez","twitter_card":"summary_large_image","twitter_misc":{"Escrito por":"Laura Fernandez","Tiempo de lectura":"3 minutos"},"schema":{"@context":"https:\/\/schema.org","@graph":[{"@type":"Article","@id":"https:\/\/turcon.es\/wp\/telde-y-el-museo-fantasma\/#article","isPartOf":{"@id":"https:\/\/turcon.es\/wp\/telde-y-el-museo-fantasma\/"},"author":{"name":"Laura Fernandez","@id":"https:\/\/turcon.es\/wp\/#\/schema\/person\/a1f3ba727ce031d9da17684affe85edd"},"headline":"Telde y el museo fantasma","datePublished":"2008-11-17T16:23:27+00:00","mainEntityOfPage":{"@id":"https:\/\/turcon.es\/wp\/telde-y-el-museo-fantasma\/"},"wordCount":544,"commentCount":0,"publisher":{"@id":"https:\/\/turcon.es\/wp\/#organization"},"image":{"@id":"https:\/\/turcon.es\/wp\/telde-y-el-museo-fantasma\/#primaryimage"},"thumbnailUrl":"http:\/\/turcon.es\/wp\/wp-content\/uploads\/2008\/11\/rondetelde.jpg","keywords":["F\u00e1brica de ron","M\u00e1quina del az\u00facar","Museos","Patrimonio","Telde"],"articleSection":["Patrimonio hist\u00f3rico","Pol\u00edtica","Telde (Gran Canaria)"],"inLanguage":"es","potentialAction":[{"@type":"CommentAction","name":"Comment","target":["https:\/\/turcon.es\/wp\/telde-y-el-museo-fantasma\/#respond"]}]},{"@type":"WebPage","@id":"https:\/\/turcon.es\/wp\/telde-y-el-museo-fantasma\/","url":"https:\/\/turcon.es\/wp\/telde-y-el-museo-fantasma\/","name":"Telde y el museo fantasma - Colectivo Ecologista Turcon","isPartOf":{"@id":"https:\/\/turcon.es\/wp\/#website"},"primaryImageOfPage":{"@id":"https:\/\/turcon.es\/wp\/telde-y-el-museo-fantasma\/#primaryimage"},"image":{"@id":"https:\/\/turcon.es\/wp\/telde-y-el-museo-fantasma\/#primaryimage"},"thumbnailUrl":"http:\/\/turcon.es\/wp\/wp-content\/uploads\/2008\/11\/rondetelde.jpg","datePublished":"2008-11-17T16:23:27+00:00","breadcrumb":{"@id":"https:\/\/turcon.es\/wp\/telde-y-el-museo-fantasma\/#breadcrumb"},"inLanguage":"es","potentialAction":[{"@type":"ReadAction","target":["https:\/\/turcon.es\/wp\/telde-y-el-museo-fantasma\/"]}]},{"@type":"ImageObject","inLanguage":"es","@id":"https:\/\/turcon.es\/wp\/telde-y-el-museo-fantasma\/#primaryimage","url":"http:\/\/turcon.es\/wp\/wp-content\/uploads\/2008\/11\/rondetelde.jpg","contentUrl":"http:\/\/turcon.es\/wp\/wp-content\/uploads\/2008\/11\/rondetelde.jpg"},{"@type":"BreadcrumbList","@id":"https:\/\/turcon.es\/wp\/telde-y-el-museo-fantasma\/#breadcrumb","itemListElement":[{"@type":"ListItem","position":1,"name":"Portada","item":"https:\/\/turcon.es\/wp\/"},{"@type":"ListItem","position":2,"name":"Telde y el museo fantasma"}]},{"@type":"WebSite","@id":"https:\/\/turcon.es\/wp\/#website","url":"https:\/\/turcon.es\/wp\/","name":"Colectivo Ecologista Turcon","description":"","publisher":{"@id":"https:\/\/turcon.es\/wp\/#organization"},"potentialAction":[{"@type":"SearchAction","target":{"@type":"EntryPoint","urlTemplate":"https:\/\/turcon.es\/wp\/?s={search_term_string}"},"query-input":{"@type":"PropertyValueSpecification","valueRequired":true,"valueName":"search_term_string"}}],"inLanguage":"es"},{"@type":"Organization","@id":"https:\/\/turcon.es\/wp\/#organization","name":"Colectivo Ecologista Turcon","url":"https:\/\/turcon.es\/wp\/","logo":{"@type":"ImageObject","inLanguage":"es","@id":"https:\/\/turcon.es\/wp\/#\/schema\/logo\/image\/","url":"https:\/\/turcon.es\/wp\/wp-content\/uploads\/2025\/03\/logo-verde.svg","contentUrl":"https:\/\/turcon.es\/wp\/wp-content\/uploads\/2025\/03\/logo-verde.svg","width":813,"height":813,"caption":"Colectivo Ecologista Turcon"},"image":{"@id":"https:\/\/turcon.es\/wp\/#\/schema\/logo\/image\/"}},{"@type":"Person","@id":"https:\/\/turcon.es\/wp\/#\/schema\/person\/a1f3ba727ce031d9da17684affe85edd","name":"Laura Fernandez","image":{"@type":"ImageObject","inLanguage":"es","@id":"https:\/\/turcon.es\/wp\/#\/schema\/person\/image\/","url":"https:\/\/secure.gravatar.com\/avatar\/360749af9549af22e54582d50231ae56e854210ae2368797ba242f445a9852e8?s=96&d=mm&r=g","contentUrl":"https:\/\/secure.gravatar.com\/avatar\/360749af9549af22e54582d50231ae56e854210ae2368797ba242f445a9852e8?s=96&d=mm&r=g","caption":"Laura Fernandez"},"url":"https:\/\/turcon.es\/wp\/author\/admturcon\/"}]}},"_links":{"self":[{"href":"https:\/\/turcon.es\/wp\/wp-json\/wp\/v2\/posts\/14395","targetHints":{"allow":["GET"]}}],"collection":[{"href":"https:\/\/turcon.es\/wp\/wp-json\/wp\/v2\/posts"}],"about":[{"href":"https:\/\/turcon.es\/wp\/wp-json\/wp\/v2\/types\/post"}],"author":[{"embeddable":true,"href":"https:\/\/turcon.es\/wp\/wp-json\/wp\/v2\/users\/2"}],"replies":[{"embeddable":true,"href":"https:\/\/turcon.es\/wp\/wp-json\/wp\/v2\/comments?post=14395"}],"version-history":[{"count":0,"href":"https:\/\/turcon.es\/wp\/wp-json\/wp\/v2\/posts\/14395\/revisions"}],"wp:attachment":[{"href":"https:\/\/turcon.es\/wp\/wp-json\/wp\/v2\/media?parent=14395"}],"wp:term":[{"taxonomy":"category","embeddable":true,"href":"https:\/\/turcon.es\/wp\/wp-json\/wp\/v2\/categories?post=14395"},{"taxonomy":"post_tag","embeddable":true,"href":"https:\/\/turcon.es\/wp\/wp-json\/wp\/v2\/tags?post=14395"}],"curies":[{"name":"wp","href":"https:\/\/api.w.org\/{rel}","templated":true}]}}