{"id":14400,"date":"2008-11-24T00:11:22","date_gmt":"2008-11-24T00:11:22","guid":{"rendered":"http:\/\/turcon.wordpress.com\/?p=922"},"modified":"2008-11-24T00:11:22","modified_gmt":"2008-11-24T00:11:22","slug":"la-ineptitud-del-ayuntamiento-de-telde-hace-posible-que-la-finca-de-la-herradura-siga-abandonada-tras-11-anos","status":"publish","type":"post","link":"https:\/\/turcon.es\/wp\/la-ineptitud-del-ayuntamiento-de-telde-hace-posible-que-la-finca-de-la-herradura-siga-abandonada-tras-11-anos\/","title":{"rendered":"La ineptitud del Ayuntamiento de Telde hace posible que la finca de La Herradura siga abandonada tras 11 a\u00f1os"},"content":{"rendered":"<p>La Provincia, 22-11-2008<\/p>\n<p><a href=\"http:\/\/turcon.es\/wp\/wp-content\/uploads\/2008\/11\/casonalaherradura.jpg\"><img fetchpriority=\"high\" decoding=\"async\" class=\"alignright size-medium wp-image-923\" title=\"casonalaherradura\" src=\"http:\/\/turcon.es\/wp\/wp-content\/uploads\/2008\/11\/casonalaherradura.jpg?w=300\" alt=\"casonalaherradura\" width=\"300\" height=\"212\" \/><\/a>MARCOS \u00c1LVAREZ &#8211; TELDE. Las quejas vecinales y de distintos colectivos aumentan por el estado de abandono de la finca de La Herradura, de su casona y otros inmuebles. Toda la propiedad hab\u00eda sido cedida hace once a\u00f1os, por un periodo de 50, por parte del Cabildo de Gran Canaria al Ayuntamiento de Telde para convertirla en un hotel rural, un parque urbano, una granja agr\u00edcola y una reserva forestal. Ese proyecto parece haber quedado en el olvido.<\/p>\n<p>Los vecinos piden vigilancia e iniciativas en la finca, en vez de permitir que los j\u00f3venes hagan hogueras junto a la casona. En la casa ya se registraron dos incendios y, en lugar del techo que hab\u00eda en varias habitaciones, ya s\u00f3lo hay vigas calcinadas.<\/p>\n<p><!--more-->Los arquitectos han defendido que la casona es un ejemplo de arquitectura rural dom\u00e9stica de Gran Canaria. Realmente se puede decir que lo fue por el mal estado que presentan sus dependencias, como denunci\u00f3 la Gu\u00eda Hist\u00f3rico Cultural de Telde. Se pueden encontrar en la actualidad en la citada casa: maderas y tejas en el suelo; muros ca\u00eddos; abrevaderos destrozados -m\u00e1s de como estaban en 2005- y alpendes con sus marcos de madera en mal estado.<\/p>\n<p>Los frutales est\u00e1n secos y las tierras de cultivo abandonadas, como sus sistemas de riego. La situaci\u00f3n no es mejor en las otras casas de la finca. Una de ellas, que est\u00e1 pegada a la carretera que une Telde con Valsequillo, est\u00e1 en ruinas y llena de basura -con un chasis de coche oxidado-. La cantonera est\u00e1 cubierta de piedras y basura. El palmeral, que se encuentra en el barranco La Herradura y en la finca conserva a\u00fan su belleza y ejemplares centenarios.<\/p>\n","protected":false},"excerpt":{"rendered":"<p>La Provincia, 22-11-2008 MARCOS \u00c1LVAREZ &#8211; TELDE. Las quejas vecinales y de distintos colectivos aumentan por el estado de abandono de la finca de La Herradura, de su casona y otros inmuebles. Toda la propiedad hab\u00eda sido cedida hace once a\u00f1os, por un periodo de 50, por parte del Cabildo de Gran Canaria al Ayuntamiento [&hellip;]<\/p>\n","protected":false},"author":2,"featured_media":0,"comment_status":"open","ping_status":"open","sticky":false,"template":"","format":"standard","meta":{"footnotes":""},"categories":[49,60],"tags":[122,244,777,904,1616,1668],"class_list":["post-14400","post","type-post","status-publish","format-standard","hentry","category-patrimonio-historico","category-telde-gran-canaria","tag-agricultura","tag-ayuntamiento-de-telde","tag-finca-la-herradura-telde","tag-ineptitud-politica","tag-telde","tag-turismo-rural"],"yoast_head":"<!-- This site is optimized with the Yoast SEO plugin v26.3 - https:\/\/yoast.com\/wordpress\/plugins\/seo\/ -->\n<title>La ineptitud del Ayuntamiento de Telde hace posible que la finca de La Herradura siga abandonada tras 11 a\u00f1os - Colectivo Ecologista Turcon<\/title>\n<meta name=\"robots\" content=\"index, follow, max-snippet:-1, max-image-preview:large, max-video-preview:-1\" \/>\n<link rel=\"canonical\" href=\"https:\/\/turcon.es\/wp\/la-ineptitud-del-ayuntamiento-de-telde-hace-posible-que-la-finca-de-la-herradura-siga-abandonada-tras-11-anos\/\" \/>\n<meta property=\"og:locale\" content=\"es_ES\" \/>\n<meta property=\"og:type\" content=\"article\" \/>\n<meta property=\"og:title\" content=\"La ineptitud del Ayuntamiento de Telde hace posible que la finca de La Herradura siga abandonada tras 11 a\u00f1os - Colectivo Ecologista Turcon\" \/>\n<meta property=\"og:description\" content=\"La Provincia, 22-11-2008 MARCOS \u00c1LVAREZ &#8211; TELDE. Las quejas vecinales y de distintos colectivos aumentan por el estado de abandono de la finca de La Herradura, de su casona y otros inmuebles. Toda la propiedad hab\u00eda sido cedida hace once a\u00f1os, por un periodo de 50, por parte del Cabildo de Gran Canaria al Ayuntamiento [&hellip;]\" \/>\n<meta property=\"og:url\" content=\"https:\/\/turcon.es\/wp\/la-ineptitud-del-ayuntamiento-de-telde-hace-posible-que-la-finca-de-la-herradura-siga-abandonada-tras-11-anos\/\" \/>\n<meta property=\"og:site_name\" content=\"Colectivo Ecologista Turcon\" \/>\n<meta property=\"article:published_time\" content=\"2008-11-24T00:11:22+00:00\" \/>\n<meta property=\"og:image\" content=\"https:\/\/turcon.es\/wp\/wp-content\/uploads\/2009\/12\/1167320447_0.jpg\" \/>\n\t<meta property=\"og:image:width\" content=\"300\" \/>\n\t<meta property=\"og:image:height\" content=\"201\" \/>\n\t<meta property=\"og:image:type\" content=\"image\/jpeg\" \/>\n<meta name=\"author\" content=\"Laura Fernandez\" \/>\n<meta name=\"twitter:card\" content=\"summary_large_image\" \/>\n<meta name=\"twitter:label1\" content=\"Escrito por\" \/>\n\t<meta name=\"twitter:data1\" content=\"Laura Fernandez\" \/>\n\t<meta name=\"twitter:label2\" content=\"Tiempo de lectura\" \/>\n\t<meta name=\"twitter:data2\" content=\"1 minuto\" \/>\n<script type=\"application\/ld+json\" class=\"yoast-schema-graph\">{\"@context\":\"https:\/\/schema.org\",\"@graph\":[{\"@type\":\"Article\",\"@id\":\"https:\/\/turcon.es\/wp\/la-ineptitud-del-ayuntamiento-de-telde-hace-posible-que-la-finca-de-la-herradura-siga-abandonada-tras-11-anos\/#article\",\"isPartOf\":{\"@id\":\"https:\/\/turcon.es\/wp\/la-ineptitud-del-ayuntamiento-de-telde-hace-posible-que-la-finca-de-la-herradura-siga-abandonada-tras-11-anos\/\"},\"author\":{\"name\":\"Laura Fernandez\",\"@id\":\"https:\/\/turcon.es\/wp\/#\/schema\/person\/a1f3ba727ce031d9da17684affe85edd\"},\"headline\":\"La ineptitud del Ayuntamiento de Telde hace posible que la finca de La Herradura siga abandonada tras 11 a\u00f1os\",\"datePublished\":\"2008-11-24T00:11:22+00:00\",\"mainEntityOfPage\":{\"@id\":\"https:\/\/turcon.es\/wp\/la-ineptitud-del-ayuntamiento-de-telde-hace-posible-que-la-finca-de-la-herradura-siga-abandonada-tras-11-anos\/\"},\"wordCount\":318,\"commentCount\":0,\"publisher\":{\"@id\":\"https:\/\/turcon.es\/wp\/#organization\"},\"image\":{\"@id\":\"https:\/\/turcon.es\/wp\/la-ineptitud-del-ayuntamiento-de-telde-hace-posible-que-la-finca-de-la-herradura-siga-abandonada-tras-11-anos\/#primaryimage\"},\"thumbnailUrl\":\"http:\/\/turcon.es\/wp\/wp-content\/uploads\/2008\/11\/casonalaherradura.jpg?w=300\",\"keywords\":[\"Agricultura\",\"Ayuntamiento de Telde\",\"Finca La Herradura (Telde)\",\"Ineptitud pol\u00edtica\",\"Telde\",\"Turismo rural\"],\"articleSection\":[\"Patrimonio hist\u00f3rico\",\"Telde (Gran Canaria)\"],\"inLanguage\":\"es\",\"potentialAction\":[{\"@type\":\"CommentAction\",\"name\":\"Comment\",\"target\":[\"https:\/\/turcon.es\/wp\/la-ineptitud-del-ayuntamiento-de-telde-hace-posible-que-la-finca-de-la-herradura-siga-abandonada-tras-11-anos\/#respond\"]}]},{\"@type\":\"WebPage\",\"@id\":\"https:\/\/turcon.es\/wp\/la-ineptitud-del-ayuntamiento-de-telde-hace-posible-que-la-finca-de-la-herradura-siga-abandonada-tras-11-anos\/\",\"url\":\"https:\/\/turcon.es\/wp\/la-ineptitud-del-ayuntamiento-de-telde-hace-posible-que-la-finca-de-la-herradura-siga-abandonada-tras-11-anos\/\",\"name\":\"La ineptitud del Ayuntamiento de Telde hace posible que la finca de La Herradura siga abandonada tras 11 a\u00f1os - Colectivo Ecologista Turcon\",\"isPartOf\":{\"@id\":\"https:\/\/turcon.es\/wp\/#website\"},\"primaryImageOfPage\":{\"@id\":\"https:\/\/turcon.es\/wp\/la-ineptitud-del-ayuntamiento-de-telde-hace-posible-que-la-finca-de-la-herradura-siga-abandonada-tras-11-anos\/#primaryimage\"},\"image\":{\"@id\":\"https:\/\/turcon.es\/wp\/la-ineptitud-del-ayuntamiento-de-telde-hace-posible-que-la-finca-de-la-herradura-siga-abandonada-tras-11-anos\/#primaryimage\"},\"thumbnailUrl\":\"http:\/\/turcon.es\/wp\/wp-content\/uploads\/2008\/11\/casonalaherradura.jpg?w=300\",\"datePublished\":\"2008-11-24T00:11:22+00:00\",\"breadcrumb\":{\"@id\":\"https:\/\/turcon.es\/wp\/la-ineptitud-del-ayuntamiento-de-telde-hace-posible-que-la-finca-de-la-herradura-siga-abandonada-tras-11-anos\/#breadcrumb\"},\"inLanguage\":\"es\",\"potentialAction\":[{\"@type\":\"ReadAction\",\"target\":[\"https:\/\/turcon.es\/wp\/la-ineptitud-del-ayuntamiento-de-telde-hace-posible-que-la-finca-de-la-herradura-siga-abandonada-tras-11-anos\/\"]}]},{\"@type\":\"ImageObject\",\"inLanguage\":\"es\",\"@id\":\"https:\/\/turcon.es\/wp\/la-ineptitud-del-ayuntamiento-de-telde-hace-posible-que-la-finca-de-la-herradura-siga-abandonada-tras-11-anos\/#primaryimage\",\"url\":\"http:\/\/turcon.es\/wp\/wp-content\/uploads\/2008\/11\/casonalaherradura.jpg?w=300\",\"contentUrl\":\"http:\/\/turcon.es\/wp\/wp-content\/uploads\/2008\/11\/casonalaherradura.jpg?w=300\"},{\"@type\":\"BreadcrumbList\",\"@id\":\"https:\/\/turcon.es\/wp\/la-ineptitud-del-ayuntamiento-de-telde-hace-posible-que-la-finca-de-la-herradura-siga-abandonada-tras-11-anos\/#breadcrumb\",\"itemListElement\":[{\"@type\":\"ListItem\",\"position\":1,\"name\":\"Portada\",\"item\":\"https:\/\/turcon.es\/wp\/\"},{\"@type\":\"ListItem\",\"position\":2,\"name\":\"La ineptitud del Ayuntamiento de Telde hace posible que la finca de La Herradura siga abandonada tras 11 a\u00f1os\"}]},{\"@type\":\"WebSite\",\"@id\":\"https:\/\/turcon.es\/wp\/#website\",\"url\":\"https:\/\/turcon.es\/wp\/\",\"name\":\"Colectivo Ecologista Turcon\",\"description\":\"\",\"publisher\":{\"@id\":\"https:\/\/turcon.es\/wp\/#organization\"},\"potentialAction\":[{\"@type\":\"SearchAction\",\"target\":{\"@type\":\"EntryPoint\",\"urlTemplate\":\"https:\/\/turcon.es\/wp\/?s={search_term_string}\"},\"query-input\":{\"@type\":\"PropertyValueSpecification\",\"valueRequired\":true,\"valueName\":\"search_term_string\"}}],\"inLanguage\":\"es\"},{\"@type\":\"Organization\",\"@id\":\"https:\/\/turcon.es\/wp\/#organization\",\"name\":\"Colectivo Ecologista Turcon\",\"url\":\"https:\/\/turcon.es\/wp\/\",\"logo\":{\"@type\":\"ImageObject\",\"inLanguage\":\"es\",\"@id\":\"https:\/\/turcon.es\/wp\/#\/schema\/logo\/image\/\",\"url\":\"https:\/\/turcon.es\/wp\/wp-content\/uploads\/2025\/03\/logo-verde.svg\",\"contentUrl\":\"https:\/\/turcon.es\/wp\/wp-content\/uploads\/2025\/03\/logo-verde.svg\",\"width\":813,\"height\":813,\"caption\":\"Colectivo Ecologista Turcon\"},\"image\":{\"@id\":\"https:\/\/turcon.es\/wp\/#\/schema\/logo\/image\/\"}},{\"@type\":\"Person\",\"@id\":\"https:\/\/turcon.es\/wp\/#\/schema\/person\/a1f3ba727ce031d9da17684affe85edd\",\"name\":\"Laura Fernandez\",\"image\":{\"@type\":\"ImageObject\",\"inLanguage\":\"es\",\"@id\":\"https:\/\/turcon.es\/wp\/#\/schema\/person\/image\/\",\"url\":\"https:\/\/secure.gravatar.com\/avatar\/360749af9549af22e54582d50231ae56e854210ae2368797ba242f445a9852e8?s=96&d=mm&r=g\",\"contentUrl\":\"https:\/\/secure.gravatar.com\/avatar\/360749af9549af22e54582d50231ae56e854210ae2368797ba242f445a9852e8?s=96&d=mm&r=g\",\"caption\":\"Laura Fernandez\"},\"url\":\"https:\/\/turcon.es\/wp\/author\/admturcon\/\"}]}<\/script>\n<!-- \/ Yoast SEO plugin. -->","yoast_head_json":{"title":"La ineptitud del Ayuntamiento de Telde hace posible que la finca de La Herradura siga abandonada tras 11 a\u00f1os - Colectivo Ecologista Turcon","robots":{"index":"index","follow":"follow","max-snippet":"max-snippet:-1","max-image-preview":"max-image-preview:large","max-video-preview":"max-video-preview:-1"},"canonical":"https:\/\/turcon.es\/wp\/la-ineptitud-del-ayuntamiento-de-telde-hace-posible-que-la-finca-de-la-herradura-siga-abandonada-tras-11-anos\/","og_locale":"es_ES","og_type":"article","og_title":"La ineptitud del Ayuntamiento de Telde hace posible que la finca de La Herradura siga abandonada tras 11 a\u00f1os - Colectivo Ecologista Turcon","og_description":"La Provincia, 22-11-2008 MARCOS \u00c1LVAREZ &#8211; TELDE. Las quejas vecinales y de distintos colectivos aumentan por el estado de abandono de la finca de La Herradura, de su casona y otros inmuebles. Toda la propiedad hab\u00eda sido cedida hace once a\u00f1os, por un periodo de 50, por parte del Cabildo de Gran Canaria al Ayuntamiento [&hellip;]","og_url":"https:\/\/turcon.es\/wp\/la-ineptitud-del-ayuntamiento-de-telde-hace-posible-que-la-finca-de-la-herradura-siga-abandonada-tras-11-anos\/","og_site_name":"Colectivo Ecologista Turcon","article_published_time":"2008-11-24T00:11:22+00:00","og_image":[{"width":300,"height":201,"url":"https:\/\/turcon.es\/wp\/wp-content\/uploads\/2009\/12\/1167320447_0.jpg","type":"image\/jpeg"}],"author":"Laura Fernandez","twitter_card":"summary_large_image","twitter_misc":{"Escrito por":"Laura Fernandez","Tiempo de lectura":"1 minuto"},"schema":{"@context":"https:\/\/schema.org","@graph":[{"@type":"Article","@id":"https:\/\/turcon.es\/wp\/la-ineptitud-del-ayuntamiento-de-telde-hace-posible-que-la-finca-de-la-herradura-siga-abandonada-tras-11-anos\/#article","isPartOf":{"@id":"https:\/\/turcon.es\/wp\/la-ineptitud-del-ayuntamiento-de-telde-hace-posible-que-la-finca-de-la-herradura-siga-abandonada-tras-11-anos\/"},"author":{"name":"Laura Fernandez","@id":"https:\/\/turcon.es\/wp\/#\/schema\/person\/a1f3ba727ce031d9da17684affe85edd"},"headline":"La ineptitud del Ayuntamiento de Telde hace posible que la finca de La Herradura siga abandonada tras 11 a\u00f1os","datePublished":"2008-11-24T00:11:22+00:00","mainEntityOfPage":{"@id":"https:\/\/turcon.es\/wp\/la-ineptitud-del-ayuntamiento-de-telde-hace-posible-que-la-finca-de-la-herradura-siga-abandonada-tras-11-anos\/"},"wordCount":318,"commentCount":0,"publisher":{"@id":"https:\/\/turcon.es\/wp\/#organization"},"image":{"@id":"https:\/\/turcon.es\/wp\/la-ineptitud-del-ayuntamiento-de-telde-hace-posible-que-la-finca-de-la-herradura-siga-abandonada-tras-11-anos\/#primaryimage"},"thumbnailUrl":"http:\/\/turcon.es\/wp\/wp-content\/uploads\/2008\/11\/casonalaherradura.jpg?w=300","keywords":["Agricultura","Ayuntamiento de Telde","Finca La Herradura (Telde)","Ineptitud pol\u00edtica","Telde","Turismo rural"],"articleSection":["Patrimonio hist\u00f3rico","Telde (Gran Canaria)"],"inLanguage":"es","potentialAction":[{"@type":"CommentAction","name":"Comment","target":["https:\/\/turcon.es\/wp\/la-ineptitud-del-ayuntamiento-de-telde-hace-posible-que-la-finca-de-la-herradura-siga-abandonada-tras-11-anos\/#respond"]}]},{"@type":"WebPage","@id":"https:\/\/turcon.es\/wp\/la-ineptitud-del-ayuntamiento-de-telde-hace-posible-que-la-finca-de-la-herradura-siga-abandonada-tras-11-anos\/","url":"https:\/\/turcon.es\/wp\/la-ineptitud-del-ayuntamiento-de-telde-hace-posible-que-la-finca-de-la-herradura-siga-abandonada-tras-11-anos\/","name":"La ineptitud del Ayuntamiento de Telde hace posible que la finca de La Herradura siga abandonada tras 11 a\u00f1os - Colectivo Ecologista Turcon","isPartOf":{"@id":"https:\/\/turcon.es\/wp\/#website"},"primaryImageOfPage":{"@id":"https:\/\/turcon.es\/wp\/la-ineptitud-del-ayuntamiento-de-telde-hace-posible-que-la-finca-de-la-herradura-siga-abandonada-tras-11-anos\/#primaryimage"},"image":{"@id":"https:\/\/turcon.es\/wp\/la-ineptitud-del-ayuntamiento-de-telde-hace-posible-que-la-finca-de-la-herradura-siga-abandonada-tras-11-anos\/#primaryimage"},"thumbnailUrl":"http:\/\/turcon.es\/wp\/wp-content\/uploads\/2008\/11\/casonalaherradura.jpg?w=300","datePublished":"2008-11-24T00:11:22+00:00","breadcrumb":{"@id":"https:\/\/turcon.es\/wp\/la-ineptitud-del-ayuntamiento-de-telde-hace-posible-que-la-finca-de-la-herradura-siga-abandonada-tras-11-anos\/#breadcrumb"},"inLanguage":"es","potentialAction":[{"@type":"ReadAction","target":["https:\/\/turcon.es\/wp\/la-ineptitud-del-ayuntamiento-de-telde-hace-posible-que-la-finca-de-la-herradura-siga-abandonada-tras-11-anos\/"]}]},{"@type":"ImageObject","inLanguage":"es","@id":"https:\/\/turcon.es\/wp\/la-ineptitud-del-ayuntamiento-de-telde-hace-posible-que-la-finca-de-la-herradura-siga-abandonada-tras-11-anos\/#primaryimage","url":"http:\/\/turcon.es\/wp\/wp-content\/uploads\/2008\/11\/casonalaherradura.jpg?w=300","contentUrl":"http:\/\/turcon.es\/wp\/wp-content\/uploads\/2008\/11\/casonalaherradura.jpg?w=300"},{"@type":"BreadcrumbList","@id":"https:\/\/turcon.es\/wp\/la-ineptitud-del-ayuntamiento-de-telde-hace-posible-que-la-finca-de-la-herradura-siga-abandonada-tras-11-anos\/#breadcrumb","itemListElement":[{"@type":"ListItem","position":1,"name":"Portada","item":"https:\/\/turcon.es\/wp\/"},{"@type":"ListItem","position":2,"name":"La ineptitud del Ayuntamiento de Telde hace posible que la finca de La Herradura siga abandonada tras 11 a\u00f1os"}]},{"@type":"WebSite","@id":"https:\/\/turcon.es\/wp\/#website","url":"https:\/\/turcon.es\/wp\/","name":"Colectivo Ecologista Turcon","description":"","publisher":{"@id":"https:\/\/turcon.es\/wp\/#organization"},"potentialAction":[{"@type":"SearchAction","target":{"@type":"EntryPoint","urlTemplate":"https:\/\/turcon.es\/wp\/?s={search_term_string}"},"query-input":{"@type":"PropertyValueSpecification","valueRequired":true,"valueName":"search_term_string"}}],"inLanguage":"es"},{"@type":"Organization","@id":"https:\/\/turcon.es\/wp\/#organization","name":"Colectivo Ecologista Turcon","url":"https:\/\/turcon.es\/wp\/","logo":{"@type":"ImageObject","inLanguage":"es","@id":"https:\/\/turcon.es\/wp\/#\/schema\/logo\/image\/","url":"https:\/\/turcon.es\/wp\/wp-content\/uploads\/2025\/03\/logo-verde.svg","contentUrl":"https:\/\/turcon.es\/wp\/wp-content\/uploads\/2025\/03\/logo-verde.svg","width":813,"height":813,"caption":"Colectivo Ecologista Turcon"},"image":{"@id":"https:\/\/turcon.es\/wp\/#\/schema\/logo\/image\/"}},{"@type":"Person","@id":"https:\/\/turcon.es\/wp\/#\/schema\/person\/a1f3ba727ce031d9da17684affe85edd","name":"Laura Fernandez","image":{"@type":"ImageObject","inLanguage":"es","@id":"https:\/\/turcon.es\/wp\/#\/schema\/person\/image\/","url":"https:\/\/secure.gravatar.com\/avatar\/360749af9549af22e54582d50231ae56e854210ae2368797ba242f445a9852e8?s=96&d=mm&r=g","contentUrl":"https:\/\/secure.gravatar.com\/avatar\/360749af9549af22e54582d50231ae56e854210ae2368797ba242f445a9852e8?s=96&d=mm&r=g","caption":"Laura Fernandez"},"url":"https:\/\/turcon.es\/wp\/author\/admturcon\/"}]}},"_links":{"self":[{"href":"https:\/\/turcon.es\/wp\/wp-json\/wp\/v2\/posts\/14400","targetHints":{"allow":["GET"]}}],"collection":[{"href":"https:\/\/turcon.es\/wp\/wp-json\/wp\/v2\/posts"}],"about":[{"href":"https:\/\/turcon.es\/wp\/wp-json\/wp\/v2\/types\/post"}],"author":[{"embeddable":true,"href":"https:\/\/turcon.es\/wp\/wp-json\/wp\/v2\/users\/2"}],"replies":[{"embeddable":true,"href":"https:\/\/turcon.es\/wp\/wp-json\/wp\/v2\/comments?post=14400"}],"version-history":[{"count":0,"href":"https:\/\/turcon.es\/wp\/wp-json\/wp\/v2\/posts\/14400\/revisions"}],"wp:attachment":[{"href":"https:\/\/turcon.es\/wp\/wp-json\/wp\/v2\/media?parent=14400"}],"wp:term":[{"taxonomy":"category","embeddable":true,"href":"https:\/\/turcon.es\/wp\/wp-json\/wp\/v2\/categories?post=14400"},{"taxonomy":"post_tag","embeddable":true,"href":"https:\/\/turcon.es\/wp\/wp-json\/wp\/v2\/tags?post=14400"}],"curies":[{"name":"wp","href":"https:\/\/api.w.org\/{rel}","templated":true}]}}