{"id":14486,"date":"2009-03-13T18:42:01","date_gmt":"2009-03-13T18:42:01","guid":{"rendered":"http:\/\/turcon.wordpress.com\/?p=1363"},"modified":"2009-03-13T18:42:01","modified_gmt":"2009-03-13T18:42:01","slug":"los-ases-en-la-manga-del-tramposo-consejero-berriel","status":"publish","type":"post","link":"https:\/\/turcon.es\/wp\/los-ases-en-la-manga-del-tramposo-consejero-berriel\/","title":{"rendered":"Los ases en la manga del tramposo consejero Berriel"},"content":{"rendered":"<p class=\"MsoNormal\" style=\"text-align:justify;margin:0;\"><span style=\"font-size:x-small;\"><strong><span style=\"font-family:&quot;\">LA FEDERACI\u00d3N ECOLOGISTA<\/span><\/strong><strong><span style=\"font-family:&quot;\"> ALERTA SOBRE EL NUEVO PLAN DE BERRIEL <\/span><\/strong><\/span><\/p>\n<p class=\"MsoNormal\" style=\"text-align:justify;margin:0;\"><strong><span style=\"font-family:&quot;\"><span style=\"font-size:x-small;\">PARA CONTINUAR CON EL PUERTO DE GRANADILLA<\/span><\/span><\/strong><\/p>\n<p class=\"MsoNormal\" style=\"text-align:justify;margin:0;\"><strong><span style=\"font-family:&quot;\"><span style=\"font-size:x-small;\">\u00a0<\/span><\/span><\/strong><span><span style=\"font-family:Times New Roman;\"><span style=\"font-size:x-small;\">&#8211;<\/span><span style=\"font:7pt &quot;\">\u00a0\u00a0\u00a0\u00a0\u00a0\u00a0\u00a0\u00a0\u00a0 <\/span><\/span><\/span><span style=\"font-family:&quot;\"><span style=\"font-size:x-small;\">El Consejero pretende quitar cualquier protecci\u00f3n a la seba como especie y por contra aumentar el numero de Lugares de Importancia Comunitaria marinos que albergan sebadales<\/span><\/span><\/p>\n<p class=\"MsoNormal\" style=\"text-indent:-18pt;text-align:justify;margin:0 0 0 36pt;\"><span><span style=\"font-family:Times New Roman;\"><span style=\"font-size:x-small;\">&#8211;<\/span><span style=\"font:7pt &quot;\">\u00a0\u00a0\u00a0\u00a0\u00a0\u00a0\u00a0\u00a0\u00a0 <\/span><\/span><\/span><span style=\"font-family:&quot;\"><span style=\"font-size:x-small;\">Desde la Federaci\u00f3n se recuerda que la destrucci\u00f3n del sebadal de Granadilla no es la \u00fanica ilegalidad de este proyecto<img fetchpriority=\"high\" decoding=\"async\" class=\"aligncenter size-full wp-image-1364\" title=\"granadilla14m\" src=\"http:\/\/turcon.es\/wp\/wp-content\/uploads\/2009\/03\/granadilla14m.jpg\" alt=\"granadilla14m\" width=\"236\" height=\"311\" \/><\/span><\/span><\/p>\n<p class=\"MsoNormal\" style=\"text-align:justify;margin:0;\"><span style=\"font-family:&quot;\"><span style=\"font-size:x-small;\">\u00a0<\/span><\/span><span style=\"font-family:&quot;\"><span style=\"font-size:x-small;\">Los sebadales de Granadilla est\u00e1n conformados por una mancha continua de m\u00e1s de 10 kms. que va desde Tajao hasta Monta\u00f1a Roja. Estos tienen una doble protecci\u00f3n: por un lado, el que aproximadamente la mitad de los mismos (la parte sur) est\u00e1n integrados dentro del Lugar de Importancia Comunitaria (LIC) Sebadales del Sur de Tenerife y por otra el que todos los sebadales de Canarias est\u00e1n catalogados como especie amenazada con la categor\u00eda de \u201csensible a la alteraci\u00f3n de su h\u00e1bitat\u201d. <\/span><\/span><\/p>\n<p class=\"MsoNormal\" style=\"text-align:justify;margin:0;\"><span style=\"font-family:&quot;\"><span style=\"font-size:x-small;\">Cuando se declara este LIC (en 2001), la administraci\u00f3n canaria deja a posta la mitad norte del sebadal de Granadilla fuera de los l\u00edmites del mismo, no por causas cient\u00edficas sino simplemente por que estorbaban para la futura construcci\u00f3n del puerto de Granadilla. No solo esto es una irregularidad, sino que cuando se tramita el proyecto se miente afirmando que bajo el mismo no existen sebadales de relevancia. Aun m\u00e1s, se afirma tambi\u00e9n que tampoco se van a ver afectados los sebadales protegidos dentro del LIC que se encuentran al sur del proyecto, a pesar de que es claro que siempre las obras portuarias producen un deterioro a muchos kil\u00f3metros del proyecto por la enorme dispersi\u00f3n de sedimentos que arrastra la corriente. Toda estas irregularidades figuran en la Declaraci\u00f3n de Impacto Ambiental (DIA) positiva del puerto de Granadilla de febrero de 2003 (BOE n\u00ba 49).<!--more--><\/span><\/span><\/p>\n<p class=\"MsoNormal\" style=\"text-align:justify;margin:0;\"><span style=\"font-family:&quot;\"><span style=\"font-size:x-small;\">\u00a0<\/span><\/span><span style=\"font-family:&quot;\"><span style=\"font-size:x-small;\">Por tanto, nos encontramos con dos grav\u00edsimos hechos de la DIA: es falso que debajo del proyecto no existan sebadales de relevancia (protegidos por el Catalogo Canario de Especies Amenazadas) y es falso que el proyecto no afecte tambi\u00e9n a los sebadales al sur del mismo que se encuentran dentro del LIC. Esto solo deber\u00eda haber anulado la DIA y por tanto, haber hecho inviable el actual proyecto.<\/span><\/span><\/p>\n<p class=\"MsoNormal\" style=\"text-align:justify;margin:0;\"><span style=\"font-family:&quot;\"><span style=\"font-size:x-small;\">Por otro lado, la Comisi\u00f3n Europea en el Dictamen de noviembre de 2006 desmiente a las administraciones espa\u00f1olas afirmando que el proyecto va a afectar al LIC Sebadales del Sur de Tenerife e incluso al LIC Monta\u00f1a Roja, pero por contra cree a los responsables del proyecto cuando les aseguran que Granadilla es imprescindible porque el Puerto de Santa Cruz est\u00e1 colapsado y no se puede ampliar. Finalmente se le da el visto bueno al proyecto. Esta falsedad est\u00e1 siendo ahora mismo analizada por la Comisi\u00f3n Europea ante la avalancha de datos que la desmienten.<img decoding=\"async\" class=\"alignleft size-full wp-image-1366\" title=\"arton13108-bc367\" src=\"http:\/\/turcon.es\/wp\/wp-content\/uploads\/2009\/03\/arton13108-bc367.jpg\" alt=\"arton13108-bc367\" width=\"300\" height=\"201\" \/><\/span><\/span><\/p>\n<p class=\"MsoNormal\" style=\"text-align:justify;margin:0;\">\u00a0<\/p>\n<p class=\"MsoNormal\" style=\"text-align:justify;margin:0;\"><span style=\"font-family:&quot;\"><span style=\"font-size:x-small;\">Por ultimo, desde Ben Magec-Ecologistas en Acci\u00f3n se alerta que Berriel esta propiciando una nueva salida ilegal para seguir intentando impulsar este disparatado proyecto: la descatalogaci\u00f3n absoluta de todos los sebadales de Canarias (no solo los de Granadilla) y, a cambio, declarar nuevos LIC que contengan sebadales, excepto aquellos que puedan molestar a obras portuarias, como la de Granadilla. Hoy por hoy es la \u00fanica salida que tienen a nivel legal, lo cual seria una desfachatez m\u00e1s de esta catastr\u00f3fica persona, responsable de la protecci\u00f3n del medio ambiente canario.<\/span><\/span><\/p>\n<p class=\"MsoNormal\" style=\"text-align:justify;margin:0;\"><span style=\"font-family:&quot;\"><span style=\"font-size:x-small;\">En ese sentido, hay que recordar que decenas de relevantes cient\u00edficos respaldados por miles de ciudadanos (<\/span><a href=\"http:\/\/www.ecologistasenaccion.org\/spip.php?article12974\"><span style=\"font-size:x-small;\">http:\/\/www.ecologistasenaccion.org\/spip.php?article12974<\/span><\/a><span style=\"font-size:x-small;\">) han pedido oficialmente la inclusi\u00f3n de los sebadales como h\u00e1bitat en peligro de desaparici\u00f3n al Ministerio de Medio Ambiente y que hasta que no est\u00e9 resuelto ese expediente seria una absoluta necedad la descatalogaci\u00f3n de los sebadales en el Catalogo Canario. Por otra parte, la declaraci\u00f3n de sebadales como LIC no solo no garantiza su conservaci\u00f3n (a diferencia de los cat\u00e1logos de especies protegidas) sino que ya han desaparecido important\u00edsimos sebadales dentro de LIC (San Andr\u00e9s, Las Canteras&#8230;), sin que haya habido responsabilidad de ning\u00fan tipo.<img decoding=\"async\" class=\"aligncenter size-full wp-image-1367\" title=\"berriel2\" src=\"http:\/\/turcon.es\/wp\/wp-content\/uploads\/2009\/03\/berriel2.jpg\" alt=\"berriel2\" width=\"223\" height=\"312\" \/><\/span><\/span><\/p>\n","protected":false},"excerpt":{"rendered":"<p>LA FEDERACI\u00d3N ECOLOGISTA ALERTA SOBRE EL NUEVO PLAN DE BERRIEL<\/p>\n<p>PARA CONTINUAR CON EL PUERTO DE GRANADILLA<br \/>\nEl Consejero pretende quitar cualquier protecci\u00f3n a la seba como especie y por contra aumentar el numero de Lugares de Importancia Comunitaria marinos que albergan sebadales<\/p>\n","protected":false},"author":2,"featured_media":0,"comment_status":"open","ping_status":"open","sticky":false,"template":"","format":"standard","meta":{"footnotes":""},"categories":[18,43,69],"tags":[],"class_list":["post-14486","post","type-post","status-publish","format-standard","hentry","category-canarias","category-infraestructuras","category-movimiento-ciudadano"],"yoast_head":"<!-- This site is optimized with the Yoast SEO plugin v26.3 - https:\/\/yoast.com\/wordpress\/plugins\/seo\/ -->\n<title>Los ases en la manga del tramposo consejero Berriel - Colectivo Ecologista Turcon<\/title>\n<meta name=\"robots\" content=\"index, follow, max-snippet:-1, max-image-preview:large, max-video-preview:-1\" \/>\n<link rel=\"canonical\" href=\"https:\/\/turcon.es\/wp\/los-ases-en-la-manga-del-tramposo-consejero-berriel\/\" \/>\n<meta property=\"og:locale\" content=\"es_ES\" \/>\n<meta property=\"og:type\" content=\"article\" \/>\n<meta property=\"og:title\" content=\"Los ases en la manga del tramposo consejero Berriel - Colectivo Ecologista Turcon\" \/>\n<meta property=\"og:description\" content=\"LA FEDERACI\u00d3N ECOLOGISTA ALERTA SOBRE EL NUEVO PLAN DE BERRIEL PARA CONTINUAR CON EL PUERTO DE GRANADILLA El Consejero pretende quitar cualquier protecci\u00f3n a la seba como especie y por contra aumentar el numero de Lugares de Importancia Comunitaria marinos que albergan sebadales\" \/>\n<meta property=\"og:url\" content=\"https:\/\/turcon.es\/wp\/los-ases-en-la-manga-del-tramposo-consejero-berriel\/\" \/>\n<meta property=\"og:site_name\" content=\"Colectivo Ecologista Turcon\" \/>\n<meta property=\"article:published_time\" content=\"2009-03-13T18:42:01+00:00\" \/>\n<meta property=\"og:image\" content=\"https:\/\/turcon.es\/wp\/wp-content\/uploads\/2010\/10\/paco-peinado.jpg\" \/>\n\t<meta property=\"og:image:width\" content=\"183\" \/>\n\t<meta property=\"og:image:height\" content=\"183\" \/>\n\t<meta property=\"og:image:type\" content=\"image\/jpeg\" \/>\n<meta name=\"author\" content=\"Laura Fernandez\" \/>\n<meta name=\"twitter:card\" content=\"summary_large_image\" \/>\n<meta name=\"twitter:label1\" content=\"Escrito por\" \/>\n\t<meta name=\"twitter:data1\" content=\"Laura Fernandez\" \/>\n\t<meta name=\"twitter:label2\" content=\"Tiempo de lectura\" \/>\n\t<meta name=\"twitter:data2\" content=\"3 minutos\" \/>\n<script type=\"application\/ld+json\" class=\"yoast-schema-graph\">{\"@context\":\"https:\/\/schema.org\",\"@graph\":[{\"@type\":\"Article\",\"@id\":\"https:\/\/turcon.es\/wp\/los-ases-en-la-manga-del-tramposo-consejero-berriel\/#article\",\"isPartOf\":{\"@id\":\"https:\/\/turcon.es\/wp\/los-ases-en-la-manga-del-tramposo-consejero-berriel\/\"},\"author\":{\"name\":\"Laura Fernandez\",\"@id\":\"https:\/\/turcon.es\/wp\/#\/schema\/person\/a1f3ba727ce031d9da17684affe85edd\"},\"headline\":\"Los ases en la manga del tramposo consejero Berriel\",\"datePublished\":\"2009-03-13T18:42:01+00:00\",\"mainEntityOfPage\":{\"@id\":\"https:\/\/turcon.es\/wp\/los-ases-en-la-manga-del-tramposo-consejero-berriel\/\"},\"wordCount\":701,\"commentCount\":0,\"publisher\":{\"@id\":\"https:\/\/turcon.es\/wp\/#organization\"},\"image\":{\"@id\":\"https:\/\/turcon.es\/wp\/los-ases-en-la-manga-del-tramposo-consejero-berriel\/#primaryimage\"},\"thumbnailUrl\":\"http:\/\/turcon.es\/wp\/wp-content\/uploads\/2009\/03\/granadilla14m.jpg\",\"articleSection\":[\"Canarias\",\"Infraestructuras\",\"Movimiento ciudadano\"],\"inLanguage\":\"es\",\"potentialAction\":[{\"@type\":\"CommentAction\",\"name\":\"Comment\",\"target\":[\"https:\/\/turcon.es\/wp\/los-ases-en-la-manga-del-tramposo-consejero-berriel\/#respond\"]}]},{\"@type\":\"WebPage\",\"@id\":\"https:\/\/turcon.es\/wp\/los-ases-en-la-manga-del-tramposo-consejero-berriel\/\",\"url\":\"https:\/\/turcon.es\/wp\/los-ases-en-la-manga-del-tramposo-consejero-berriel\/\",\"name\":\"Los ases en la manga del tramposo consejero Berriel - Colectivo Ecologista Turcon\",\"isPartOf\":{\"@id\":\"https:\/\/turcon.es\/wp\/#website\"},\"primaryImageOfPage\":{\"@id\":\"https:\/\/turcon.es\/wp\/los-ases-en-la-manga-del-tramposo-consejero-berriel\/#primaryimage\"},\"image\":{\"@id\":\"https:\/\/turcon.es\/wp\/los-ases-en-la-manga-del-tramposo-consejero-berriel\/#primaryimage\"},\"thumbnailUrl\":\"http:\/\/turcon.es\/wp\/wp-content\/uploads\/2009\/03\/granadilla14m.jpg\",\"datePublished\":\"2009-03-13T18:42:01+00:00\",\"breadcrumb\":{\"@id\":\"https:\/\/turcon.es\/wp\/los-ases-en-la-manga-del-tramposo-consejero-berriel\/#breadcrumb\"},\"inLanguage\":\"es\",\"potentialAction\":[{\"@type\":\"ReadAction\",\"target\":[\"https:\/\/turcon.es\/wp\/los-ases-en-la-manga-del-tramposo-consejero-berriel\/\"]}]},{\"@type\":\"ImageObject\",\"inLanguage\":\"es\",\"@id\":\"https:\/\/turcon.es\/wp\/los-ases-en-la-manga-del-tramposo-consejero-berriel\/#primaryimage\",\"url\":\"http:\/\/turcon.es\/wp\/wp-content\/uploads\/2009\/03\/granadilla14m.jpg\",\"contentUrl\":\"http:\/\/turcon.es\/wp\/wp-content\/uploads\/2009\/03\/granadilla14m.jpg\"},{\"@type\":\"BreadcrumbList\",\"@id\":\"https:\/\/turcon.es\/wp\/los-ases-en-la-manga-del-tramposo-consejero-berriel\/#breadcrumb\",\"itemListElement\":[{\"@type\":\"ListItem\",\"position\":1,\"name\":\"Portada\",\"item\":\"https:\/\/turcon.es\/wp\/\"},{\"@type\":\"ListItem\",\"position\":2,\"name\":\"Los ases en la manga del tramposo consejero Berriel\"}]},{\"@type\":\"WebSite\",\"@id\":\"https:\/\/turcon.es\/wp\/#website\",\"url\":\"https:\/\/turcon.es\/wp\/\",\"name\":\"Colectivo Ecologista Turcon\",\"description\":\"\",\"publisher\":{\"@id\":\"https:\/\/turcon.es\/wp\/#organization\"},\"potentialAction\":[{\"@type\":\"SearchAction\",\"target\":{\"@type\":\"EntryPoint\",\"urlTemplate\":\"https:\/\/turcon.es\/wp\/?s={search_term_string}\"},\"query-input\":{\"@type\":\"PropertyValueSpecification\",\"valueRequired\":true,\"valueName\":\"search_term_string\"}}],\"inLanguage\":\"es\"},{\"@type\":\"Organization\",\"@id\":\"https:\/\/turcon.es\/wp\/#organization\",\"name\":\"Colectivo Ecologista Turcon\",\"url\":\"https:\/\/turcon.es\/wp\/\",\"logo\":{\"@type\":\"ImageObject\",\"inLanguage\":\"es\",\"@id\":\"https:\/\/turcon.es\/wp\/#\/schema\/logo\/image\/\",\"url\":\"https:\/\/turcon.es\/wp\/wp-content\/uploads\/2025\/03\/logo-verde.svg\",\"contentUrl\":\"https:\/\/turcon.es\/wp\/wp-content\/uploads\/2025\/03\/logo-verde.svg\",\"width\":813,\"height\":813,\"caption\":\"Colectivo Ecologista Turcon\"},\"image\":{\"@id\":\"https:\/\/turcon.es\/wp\/#\/schema\/logo\/image\/\"}},{\"@type\":\"Person\",\"@id\":\"https:\/\/turcon.es\/wp\/#\/schema\/person\/a1f3ba727ce031d9da17684affe85edd\",\"name\":\"Laura Fernandez\",\"image\":{\"@type\":\"ImageObject\",\"inLanguage\":\"es\",\"@id\":\"https:\/\/turcon.es\/wp\/#\/schema\/person\/image\/\",\"url\":\"https:\/\/secure.gravatar.com\/avatar\/360749af9549af22e54582d50231ae56e854210ae2368797ba242f445a9852e8?s=96&d=mm&r=g\",\"contentUrl\":\"https:\/\/secure.gravatar.com\/avatar\/360749af9549af22e54582d50231ae56e854210ae2368797ba242f445a9852e8?s=96&d=mm&r=g\",\"caption\":\"Laura Fernandez\"},\"url\":\"https:\/\/turcon.es\/wp\/author\/admturcon\/\"}]}<\/script>\n<!-- \/ Yoast SEO plugin. -->","yoast_head_json":{"title":"Los ases en la manga del tramposo consejero Berriel - Colectivo Ecologista Turcon","robots":{"index":"index","follow":"follow","max-snippet":"max-snippet:-1","max-image-preview":"max-image-preview:large","max-video-preview":"max-video-preview:-1"},"canonical":"https:\/\/turcon.es\/wp\/los-ases-en-la-manga-del-tramposo-consejero-berriel\/","og_locale":"es_ES","og_type":"article","og_title":"Los ases en la manga del tramposo consejero Berriel - Colectivo Ecologista Turcon","og_description":"LA FEDERACI\u00d3N ECOLOGISTA ALERTA SOBRE EL NUEVO PLAN DE BERRIEL PARA CONTINUAR CON EL PUERTO DE GRANADILLA El Consejero pretende quitar cualquier protecci\u00f3n a la seba como especie y por contra aumentar el numero de Lugares de Importancia Comunitaria marinos que albergan sebadales","og_url":"https:\/\/turcon.es\/wp\/los-ases-en-la-manga-del-tramposo-consejero-berriel\/","og_site_name":"Colectivo Ecologista Turcon","article_published_time":"2009-03-13T18:42:01+00:00","og_image":[{"width":183,"height":183,"url":"https:\/\/turcon.es\/wp\/wp-content\/uploads\/2010\/10\/paco-peinado.jpg","type":"image\/jpeg"}],"author":"Laura Fernandez","twitter_card":"summary_large_image","twitter_misc":{"Escrito por":"Laura Fernandez","Tiempo de lectura":"3 minutos"},"schema":{"@context":"https:\/\/schema.org","@graph":[{"@type":"Article","@id":"https:\/\/turcon.es\/wp\/los-ases-en-la-manga-del-tramposo-consejero-berriel\/#article","isPartOf":{"@id":"https:\/\/turcon.es\/wp\/los-ases-en-la-manga-del-tramposo-consejero-berriel\/"},"author":{"name":"Laura Fernandez","@id":"https:\/\/turcon.es\/wp\/#\/schema\/person\/a1f3ba727ce031d9da17684affe85edd"},"headline":"Los ases en la manga del tramposo consejero Berriel","datePublished":"2009-03-13T18:42:01+00:00","mainEntityOfPage":{"@id":"https:\/\/turcon.es\/wp\/los-ases-en-la-manga-del-tramposo-consejero-berriel\/"},"wordCount":701,"commentCount":0,"publisher":{"@id":"https:\/\/turcon.es\/wp\/#organization"},"image":{"@id":"https:\/\/turcon.es\/wp\/los-ases-en-la-manga-del-tramposo-consejero-berriel\/#primaryimage"},"thumbnailUrl":"http:\/\/turcon.es\/wp\/wp-content\/uploads\/2009\/03\/granadilla14m.jpg","articleSection":["Canarias","Infraestructuras","Movimiento ciudadano"],"inLanguage":"es","potentialAction":[{"@type":"CommentAction","name":"Comment","target":["https:\/\/turcon.es\/wp\/los-ases-en-la-manga-del-tramposo-consejero-berriel\/#respond"]}]},{"@type":"WebPage","@id":"https:\/\/turcon.es\/wp\/los-ases-en-la-manga-del-tramposo-consejero-berriel\/","url":"https:\/\/turcon.es\/wp\/los-ases-en-la-manga-del-tramposo-consejero-berriel\/","name":"Los ases en la manga del tramposo consejero Berriel - Colectivo Ecologista Turcon","isPartOf":{"@id":"https:\/\/turcon.es\/wp\/#website"},"primaryImageOfPage":{"@id":"https:\/\/turcon.es\/wp\/los-ases-en-la-manga-del-tramposo-consejero-berriel\/#primaryimage"},"image":{"@id":"https:\/\/turcon.es\/wp\/los-ases-en-la-manga-del-tramposo-consejero-berriel\/#primaryimage"},"thumbnailUrl":"http:\/\/turcon.es\/wp\/wp-content\/uploads\/2009\/03\/granadilla14m.jpg","datePublished":"2009-03-13T18:42:01+00:00","breadcrumb":{"@id":"https:\/\/turcon.es\/wp\/los-ases-en-la-manga-del-tramposo-consejero-berriel\/#breadcrumb"},"inLanguage":"es","potentialAction":[{"@type":"ReadAction","target":["https:\/\/turcon.es\/wp\/los-ases-en-la-manga-del-tramposo-consejero-berriel\/"]}]},{"@type":"ImageObject","inLanguage":"es","@id":"https:\/\/turcon.es\/wp\/los-ases-en-la-manga-del-tramposo-consejero-berriel\/#primaryimage","url":"http:\/\/turcon.es\/wp\/wp-content\/uploads\/2009\/03\/granadilla14m.jpg","contentUrl":"http:\/\/turcon.es\/wp\/wp-content\/uploads\/2009\/03\/granadilla14m.jpg"},{"@type":"BreadcrumbList","@id":"https:\/\/turcon.es\/wp\/los-ases-en-la-manga-del-tramposo-consejero-berriel\/#breadcrumb","itemListElement":[{"@type":"ListItem","position":1,"name":"Portada","item":"https:\/\/turcon.es\/wp\/"},{"@type":"ListItem","position":2,"name":"Los ases en la manga del tramposo consejero Berriel"}]},{"@type":"WebSite","@id":"https:\/\/turcon.es\/wp\/#website","url":"https:\/\/turcon.es\/wp\/","name":"Colectivo Ecologista Turcon","description":"","publisher":{"@id":"https:\/\/turcon.es\/wp\/#organization"},"potentialAction":[{"@type":"SearchAction","target":{"@type":"EntryPoint","urlTemplate":"https:\/\/turcon.es\/wp\/?s={search_term_string}"},"query-input":{"@type":"PropertyValueSpecification","valueRequired":true,"valueName":"search_term_string"}}],"inLanguage":"es"},{"@type":"Organization","@id":"https:\/\/turcon.es\/wp\/#organization","name":"Colectivo Ecologista Turcon","url":"https:\/\/turcon.es\/wp\/","logo":{"@type":"ImageObject","inLanguage":"es","@id":"https:\/\/turcon.es\/wp\/#\/schema\/logo\/image\/","url":"https:\/\/turcon.es\/wp\/wp-content\/uploads\/2025\/03\/logo-verde.svg","contentUrl":"https:\/\/turcon.es\/wp\/wp-content\/uploads\/2025\/03\/logo-verde.svg","width":813,"height":813,"caption":"Colectivo Ecologista Turcon"},"image":{"@id":"https:\/\/turcon.es\/wp\/#\/schema\/logo\/image\/"}},{"@type":"Person","@id":"https:\/\/turcon.es\/wp\/#\/schema\/person\/a1f3ba727ce031d9da17684affe85edd","name":"Laura Fernandez","image":{"@type":"ImageObject","inLanguage":"es","@id":"https:\/\/turcon.es\/wp\/#\/schema\/person\/image\/","url":"https:\/\/secure.gravatar.com\/avatar\/360749af9549af22e54582d50231ae56e854210ae2368797ba242f445a9852e8?s=96&d=mm&r=g","contentUrl":"https:\/\/secure.gravatar.com\/avatar\/360749af9549af22e54582d50231ae56e854210ae2368797ba242f445a9852e8?s=96&d=mm&r=g","caption":"Laura Fernandez"},"url":"https:\/\/turcon.es\/wp\/author\/admturcon\/"}]}},"_links":{"self":[{"href":"https:\/\/turcon.es\/wp\/wp-json\/wp\/v2\/posts\/14486","targetHints":{"allow":["GET"]}}],"collection":[{"href":"https:\/\/turcon.es\/wp\/wp-json\/wp\/v2\/posts"}],"about":[{"href":"https:\/\/turcon.es\/wp\/wp-json\/wp\/v2\/types\/post"}],"author":[{"embeddable":true,"href":"https:\/\/turcon.es\/wp\/wp-json\/wp\/v2\/users\/2"}],"replies":[{"embeddable":true,"href":"https:\/\/turcon.es\/wp\/wp-json\/wp\/v2\/comments?post=14486"}],"version-history":[{"count":0,"href":"https:\/\/turcon.es\/wp\/wp-json\/wp\/v2\/posts\/14486\/revisions"}],"wp:attachment":[{"href":"https:\/\/turcon.es\/wp\/wp-json\/wp\/v2\/media?parent=14486"}],"wp:term":[{"taxonomy":"category","embeddable":true,"href":"https:\/\/turcon.es\/wp\/wp-json\/wp\/v2\/categories?post=14486"},{"taxonomy":"post_tag","embeddable":true,"href":"https:\/\/turcon.es\/wp\/wp-json\/wp\/v2\/tags?post=14486"}],"curies":[{"name":"wp","href":"https:\/\/api.w.org\/{rel}","templated":true}]}}