{"id":14489,"date":"2009-03-18T11:12:05","date_gmt":"2009-03-18T11:12:05","guid":{"rendered":"http:\/\/turcon.wordpress.com\/?p=1380"},"modified":"2009-03-18T11:12:05","modified_gmt":"2009-03-18T11:12:05","slug":"cine-forum-en-telde-manana-jueves-19-de-marzo","status":"publish","type":"post","link":"https:\/\/turcon.es\/wp\/cine-forum-en-telde-manana-jueves-19-de-marzo\/","title":{"rendered":"Cine-forum en Telde, ma\u00f1ana jueves 19 de marzo"},"content":{"rendered":"<p><strong>CINE-FORUM LA LINTERNA VERDE<\/strong><\/p>\n<p>Jueves, 19 de marzo. 20:00 hrs.<br \/>\nTeatro municipal Juan Ram\u00f3n Jim\u00e9nez. Telde (Gran Canaria)<\/p>\n<p>ENTRADA LIBRE<img fetchpriority=\"high\" decoding=\"async\" class=\"alignright size-medium wp-image-1381\" title=\"cartel-12-la-linterna-verde\" src=\"http:\/\/turcon.es\/wp\/wp-content\/uploads\/2009\/03\/cartel-12-la-linterna-verde.jpg?w=229\" alt=\"cartel-12-la-linterna-verde\" width=\"229\" height=\"300\" \/><\/p>\n<p><span style=\"text-decoration:underline;\"><strong>Tema: La amenaza nuclear sigue ah\u00ed.<\/strong><\/span><\/p>\n<p>Varias d\u00e9cadas despu\u00e9s de acabada la <em>guerra fr\u00eda<\/em>, se generaliza el hecho de que la proliferaci\u00f3n de armas nucleares ya no constituye parte de nuestras preocupaciones. Sin embargo, cada vez m\u00e1s pa\u00edses las tienen y siguen siendo una amenaza real de destrucci\u00f3n mundial. En 1986, en la cumbre de Islandia anterior al desmembramiento de la URSS, Mikhall Gorbachov puso sobre la mesa una propuesta de \u00abeliminaci\u00f3n final de las armas nucleares para el a\u00f1o 2000\u00bb, iniciativa que fue deso\u00edda por el presidente radical norteamericano Ronald Reagan, m\u00e1s interesado en desarrollar su multimillonaria iniciativa de escudo antimisiles, mas conocida como \u00abGuerra de las Galaxias\u00bb. Gorbachov reiter\u00f3 luego la oferta a Bush padre en 1989, que tambi\u00e9n fu\u00e9 ignorada.<br \/>\nActualmente los estadounidenses tienen al menos 20.000 cabezas nucleares, y los rusos unas 39.000, a las que hay que sumar a este \u00abclub\u00bb un n\u00famero ascendente de estados como Francia, Reino Unido, China, India, Pakist\u00e1n, Israel, Corea del Norte y, seg\u00fan parece, pr\u00f3ximamente Ir\u00e1n.<br \/>\nLa amenaza, lejos de disolverse, est\u00e1 cada vez m\u00e1s repartida, con el riesgo evidente de que los numerosos conflictos que subyacen o que pueden aparecer en cualquier lugar del mundo en un momento dado, deriven indirectamente en una escalada armament\u00edstica que pueda dar lugar a una confrontaci\u00f3n nuclear local primero y generalizada despu\u00e9s, lo cual supondr\u00eda no solo la destrucci\u00f3n de la humanidad, sino tambi\u00e9n de la vida en la tierra en general.<\/p>\n<p>Cortometraje:<\/p>\n<p><em>La Jet\u00e9e <\/em>(1962) Francia<br \/>\nDirecci\u00f3n: Chris Maker<br \/>\nDuraci\u00f3n: 28 minutos<br \/>\nSinopsis: Mediometraje de culto que narra una historia sobre la vida bajo la superficie tras el apocalipsis nuclear. Plantea que tal vez un viaje en el tiempo hacia el pasado pueda solucionar lo irremediable.<\/p>\n<p>Largometraje:<\/p>\n<p><em>El d\u00eda despu\u00e9s<\/em> (The day after, 1983) USA<br \/>\nDirecci\u00f3n: Nicholas Meyer<br \/>\nDuraci\u00f3n: 126 minutos<br \/>\nSinopsis: Ambientada a mediados de la d\u00e9cada de los ochenta, en plena guerra fr\u00eda, narra los devastadores efectos de un holocausto nuclear desde el punto de vista de los habitantes de un peque\u00f1o pueblo norteamericano. Creado para la televisi\u00f3n, produjo en su momento un enorme revuelo en el estreno de la cadena americana ABC en las pantallas de los hogares americanos en noviembre de 1983, obteniendo la audiencia m\u00e1s alta jam\u00e1s registrada hasta entonces (con m\u00e1s de 100 millones de televidentes) y gener\u00f3 una oleada de acalorados debates especialmente en un momento recalentado de la escalada armamentista de la era Reagan.<\/p>\n<p>Los dos t\u00edtulos se proyectar\u00e1n en versi\u00f3n original con subt\u00edtulos en espa\u00f1ol (V.O.S.E.)<br \/>\n<span style=\"text-decoration:underline;\"><br \/>\nTras la proyecci\u00f3n haremos un debate p\u00fablico sobre el tema<\/span><\/p>\n","protected":false},"excerpt":{"rendered":"<p>CINE-FORUM LA LINTERNA VERDE Jueves, 19 de marzo. 20:00 hrs. Teatro municipal Juan Ram\u00f3n Jim\u00e9nez. Telde (Gran Canaria) ENTRADA LIBRE Tema: La amenaza nuclear sigue ah\u00ed. Varias d\u00e9cadas despu\u00e9s de acabada la guerra fr\u00eda, se generaliza el hecho de que la proliferaci\u00f3n de armas nucleares ya no constituye parte de nuestras preocupaciones. Sin embargo, cada [&hellip;]<\/p>\n","protected":false},"author":2,"featured_media":0,"comment_status":"open","ping_status":"open","sticky":false,"template":"","format":"standard","meta":{"footnotes":""},"categories":[6,12,21],"tags":[],"class_list":["post-14489","post","type-post","status-publish","format-standard","hentry","category-actividades-turcon","category-armamento-y-guerras","category-cine-forum-la-linterna-verde"],"yoast_head":"<!-- This site is optimized with the Yoast SEO plugin v26.3 - https:\/\/yoast.com\/wordpress\/plugins\/seo\/ -->\n<title>Cine-forum en Telde, ma\u00f1ana jueves 19 de marzo - Colectivo Ecologista Turcon<\/title>\n<meta name=\"robots\" content=\"index, follow, max-snippet:-1, max-image-preview:large, max-video-preview:-1\" \/>\n<link rel=\"canonical\" href=\"https:\/\/turcon.es\/wp\/cine-forum-en-telde-manana-jueves-19-de-marzo\/\" \/>\n<meta property=\"og:locale\" content=\"es_ES\" \/>\n<meta property=\"og:type\" content=\"article\" \/>\n<meta property=\"og:title\" content=\"Cine-forum en Telde, ma\u00f1ana jueves 19 de marzo - Colectivo Ecologista Turcon\" \/>\n<meta property=\"og:description\" content=\"CINE-FORUM LA LINTERNA VERDE Jueves, 19 de marzo. 20:00 hrs. Teatro municipal Juan Ram\u00f3n Jim\u00e9nez. Telde (Gran Canaria) ENTRADA LIBRE Tema: La amenaza nuclear sigue ah\u00ed. Varias d\u00e9cadas despu\u00e9s de acabada la guerra fr\u00eda, se generaliza el hecho de que la proliferaci\u00f3n de armas nucleares ya no constituye parte de nuestras preocupaciones. Sin embargo, cada [&hellip;]\" \/>\n<meta property=\"og:url\" content=\"https:\/\/turcon.es\/wp\/cine-forum-en-telde-manana-jueves-19-de-marzo\/\" \/>\n<meta property=\"og:site_name\" content=\"Colectivo Ecologista Turcon\" \/>\n<meta property=\"article:published_time\" content=\"2009-03-18T11:12:05+00:00\" \/>\n<meta property=\"og:image\" content=\"https:\/\/turcon.es\/wp\/wp-content\/uploads\/2010\/11\/img_6088-small.jpg\" \/>\n\t<meta property=\"og:image:width\" content=\"640\" \/>\n\t<meta property=\"og:image:height\" content=\"480\" \/>\n\t<meta property=\"og:image:type\" content=\"image\/jpeg\" \/>\n<meta name=\"author\" content=\"Laura Fernandez\" \/>\n<meta name=\"twitter:card\" content=\"summary_large_image\" \/>\n<meta name=\"twitter:label1\" content=\"Escrito por\" \/>\n\t<meta name=\"twitter:data1\" content=\"Laura Fernandez\" \/>\n\t<meta name=\"twitter:label2\" content=\"Tiempo de lectura\" \/>\n\t<meta name=\"twitter:data2\" content=\"2 minutos\" \/>\n<script type=\"application\/ld+json\" class=\"yoast-schema-graph\">{\"@context\":\"https:\/\/schema.org\",\"@graph\":[{\"@type\":\"Article\",\"@id\":\"https:\/\/turcon.es\/wp\/cine-forum-en-telde-manana-jueves-19-de-marzo\/#article\",\"isPartOf\":{\"@id\":\"https:\/\/turcon.es\/wp\/cine-forum-en-telde-manana-jueves-19-de-marzo\/\"},\"author\":{\"name\":\"Laura Fernandez\",\"@id\":\"https:\/\/turcon.es\/wp\/#\/schema\/person\/a1f3ba727ce031d9da17684affe85edd\"},\"headline\":\"Cine-forum en Telde, ma\u00f1ana jueves 19 de marzo\",\"datePublished\":\"2009-03-18T11:12:05+00:00\",\"mainEntityOfPage\":{\"@id\":\"https:\/\/turcon.es\/wp\/cine-forum-en-telde-manana-jueves-19-de-marzo\/\"},\"wordCount\":489,\"commentCount\":0,\"publisher\":{\"@id\":\"https:\/\/turcon.es\/wp\/#organization\"},\"image\":{\"@id\":\"https:\/\/turcon.es\/wp\/cine-forum-en-telde-manana-jueves-19-de-marzo\/#primaryimage\"},\"thumbnailUrl\":\"http:\/\/turcon.es\/wp\/wp-content\/uploads\/2009\/03\/cartel-12-la-linterna-verde.jpg?w=229\",\"articleSection\":[\"#Actividades Turc\u00f3n#\",\"Armamento y guerras\",\"Cine-forum La linterna verde\"],\"inLanguage\":\"es\",\"potentialAction\":[{\"@type\":\"CommentAction\",\"name\":\"Comment\",\"target\":[\"https:\/\/turcon.es\/wp\/cine-forum-en-telde-manana-jueves-19-de-marzo\/#respond\"]}]},{\"@type\":\"WebPage\",\"@id\":\"https:\/\/turcon.es\/wp\/cine-forum-en-telde-manana-jueves-19-de-marzo\/\",\"url\":\"https:\/\/turcon.es\/wp\/cine-forum-en-telde-manana-jueves-19-de-marzo\/\",\"name\":\"Cine-forum en Telde, ma\u00f1ana jueves 19 de marzo - Colectivo Ecologista Turcon\",\"isPartOf\":{\"@id\":\"https:\/\/turcon.es\/wp\/#website\"},\"primaryImageOfPage\":{\"@id\":\"https:\/\/turcon.es\/wp\/cine-forum-en-telde-manana-jueves-19-de-marzo\/#primaryimage\"},\"image\":{\"@id\":\"https:\/\/turcon.es\/wp\/cine-forum-en-telde-manana-jueves-19-de-marzo\/#primaryimage\"},\"thumbnailUrl\":\"http:\/\/turcon.es\/wp\/wp-content\/uploads\/2009\/03\/cartel-12-la-linterna-verde.jpg?w=229\",\"datePublished\":\"2009-03-18T11:12:05+00:00\",\"breadcrumb\":{\"@id\":\"https:\/\/turcon.es\/wp\/cine-forum-en-telde-manana-jueves-19-de-marzo\/#breadcrumb\"},\"inLanguage\":\"es\",\"potentialAction\":[{\"@type\":\"ReadAction\",\"target\":[\"https:\/\/turcon.es\/wp\/cine-forum-en-telde-manana-jueves-19-de-marzo\/\"]}]},{\"@type\":\"ImageObject\",\"inLanguage\":\"es\",\"@id\":\"https:\/\/turcon.es\/wp\/cine-forum-en-telde-manana-jueves-19-de-marzo\/#primaryimage\",\"url\":\"http:\/\/turcon.es\/wp\/wp-content\/uploads\/2009\/03\/cartel-12-la-linterna-verde.jpg?w=229\",\"contentUrl\":\"http:\/\/turcon.es\/wp\/wp-content\/uploads\/2009\/03\/cartel-12-la-linterna-verde.jpg?w=229\"},{\"@type\":\"BreadcrumbList\",\"@id\":\"https:\/\/turcon.es\/wp\/cine-forum-en-telde-manana-jueves-19-de-marzo\/#breadcrumb\",\"itemListElement\":[{\"@type\":\"ListItem\",\"position\":1,\"name\":\"Portada\",\"item\":\"https:\/\/turcon.es\/wp\/\"},{\"@type\":\"ListItem\",\"position\":2,\"name\":\"Cine-forum en Telde, ma\u00f1ana jueves 19 de marzo\"}]},{\"@type\":\"WebSite\",\"@id\":\"https:\/\/turcon.es\/wp\/#website\",\"url\":\"https:\/\/turcon.es\/wp\/\",\"name\":\"Colectivo Ecologista Turcon\",\"description\":\"\",\"publisher\":{\"@id\":\"https:\/\/turcon.es\/wp\/#organization\"},\"potentialAction\":[{\"@type\":\"SearchAction\",\"target\":{\"@type\":\"EntryPoint\",\"urlTemplate\":\"https:\/\/turcon.es\/wp\/?s={search_term_string}\"},\"query-input\":{\"@type\":\"PropertyValueSpecification\",\"valueRequired\":true,\"valueName\":\"search_term_string\"}}],\"inLanguage\":\"es\"},{\"@type\":\"Organization\",\"@id\":\"https:\/\/turcon.es\/wp\/#organization\",\"name\":\"Colectivo Ecologista Turcon\",\"url\":\"https:\/\/turcon.es\/wp\/\",\"logo\":{\"@type\":\"ImageObject\",\"inLanguage\":\"es\",\"@id\":\"https:\/\/turcon.es\/wp\/#\/schema\/logo\/image\/\",\"url\":\"https:\/\/turcon.es\/wp\/wp-content\/uploads\/2025\/03\/logo-verde.svg\",\"contentUrl\":\"https:\/\/turcon.es\/wp\/wp-content\/uploads\/2025\/03\/logo-verde.svg\",\"width\":813,\"height\":813,\"caption\":\"Colectivo Ecologista Turcon\"},\"image\":{\"@id\":\"https:\/\/turcon.es\/wp\/#\/schema\/logo\/image\/\"}},{\"@type\":\"Person\",\"@id\":\"https:\/\/turcon.es\/wp\/#\/schema\/person\/a1f3ba727ce031d9da17684affe85edd\",\"name\":\"Laura Fernandez\",\"image\":{\"@type\":\"ImageObject\",\"inLanguage\":\"es\",\"@id\":\"https:\/\/turcon.es\/wp\/#\/schema\/person\/image\/\",\"url\":\"https:\/\/secure.gravatar.com\/avatar\/360749af9549af22e54582d50231ae56e854210ae2368797ba242f445a9852e8?s=96&d=mm&r=g\",\"contentUrl\":\"https:\/\/secure.gravatar.com\/avatar\/360749af9549af22e54582d50231ae56e854210ae2368797ba242f445a9852e8?s=96&d=mm&r=g\",\"caption\":\"Laura Fernandez\"},\"url\":\"https:\/\/turcon.es\/wp\/author\/admturcon\/\"}]}<\/script>\n<!-- \/ Yoast SEO plugin. -->","yoast_head_json":{"title":"Cine-forum en Telde, ma\u00f1ana jueves 19 de marzo - Colectivo Ecologista Turcon","robots":{"index":"index","follow":"follow","max-snippet":"max-snippet:-1","max-image-preview":"max-image-preview:large","max-video-preview":"max-video-preview:-1"},"canonical":"https:\/\/turcon.es\/wp\/cine-forum-en-telde-manana-jueves-19-de-marzo\/","og_locale":"es_ES","og_type":"article","og_title":"Cine-forum en Telde, ma\u00f1ana jueves 19 de marzo - Colectivo Ecologista Turcon","og_description":"CINE-FORUM LA LINTERNA VERDE Jueves, 19 de marzo. 20:00 hrs. Teatro municipal Juan Ram\u00f3n Jim\u00e9nez. Telde (Gran Canaria) ENTRADA LIBRE Tema: La amenaza nuclear sigue ah\u00ed. Varias d\u00e9cadas despu\u00e9s de acabada la guerra fr\u00eda, se generaliza el hecho de que la proliferaci\u00f3n de armas nucleares ya no constituye parte de nuestras preocupaciones. Sin embargo, cada [&hellip;]","og_url":"https:\/\/turcon.es\/wp\/cine-forum-en-telde-manana-jueves-19-de-marzo\/","og_site_name":"Colectivo Ecologista Turcon","article_published_time":"2009-03-18T11:12:05+00:00","og_image":[{"width":640,"height":480,"url":"https:\/\/turcon.es\/wp\/wp-content\/uploads\/2010\/11\/img_6088-small.jpg","type":"image\/jpeg"}],"author":"Laura Fernandez","twitter_card":"summary_large_image","twitter_misc":{"Escrito por":"Laura Fernandez","Tiempo de lectura":"2 minutos"},"schema":{"@context":"https:\/\/schema.org","@graph":[{"@type":"Article","@id":"https:\/\/turcon.es\/wp\/cine-forum-en-telde-manana-jueves-19-de-marzo\/#article","isPartOf":{"@id":"https:\/\/turcon.es\/wp\/cine-forum-en-telde-manana-jueves-19-de-marzo\/"},"author":{"name":"Laura Fernandez","@id":"https:\/\/turcon.es\/wp\/#\/schema\/person\/a1f3ba727ce031d9da17684affe85edd"},"headline":"Cine-forum en Telde, ma\u00f1ana jueves 19 de marzo","datePublished":"2009-03-18T11:12:05+00:00","mainEntityOfPage":{"@id":"https:\/\/turcon.es\/wp\/cine-forum-en-telde-manana-jueves-19-de-marzo\/"},"wordCount":489,"commentCount":0,"publisher":{"@id":"https:\/\/turcon.es\/wp\/#organization"},"image":{"@id":"https:\/\/turcon.es\/wp\/cine-forum-en-telde-manana-jueves-19-de-marzo\/#primaryimage"},"thumbnailUrl":"http:\/\/turcon.es\/wp\/wp-content\/uploads\/2009\/03\/cartel-12-la-linterna-verde.jpg?w=229","articleSection":["#Actividades Turc\u00f3n#","Armamento y guerras","Cine-forum La linterna verde"],"inLanguage":"es","potentialAction":[{"@type":"CommentAction","name":"Comment","target":["https:\/\/turcon.es\/wp\/cine-forum-en-telde-manana-jueves-19-de-marzo\/#respond"]}]},{"@type":"WebPage","@id":"https:\/\/turcon.es\/wp\/cine-forum-en-telde-manana-jueves-19-de-marzo\/","url":"https:\/\/turcon.es\/wp\/cine-forum-en-telde-manana-jueves-19-de-marzo\/","name":"Cine-forum en Telde, ma\u00f1ana jueves 19 de marzo - Colectivo Ecologista Turcon","isPartOf":{"@id":"https:\/\/turcon.es\/wp\/#website"},"primaryImageOfPage":{"@id":"https:\/\/turcon.es\/wp\/cine-forum-en-telde-manana-jueves-19-de-marzo\/#primaryimage"},"image":{"@id":"https:\/\/turcon.es\/wp\/cine-forum-en-telde-manana-jueves-19-de-marzo\/#primaryimage"},"thumbnailUrl":"http:\/\/turcon.es\/wp\/wp-content\/uploads\/2009\/03\/cartel-12-la-linterna-verde.jpg?w=229","datePublished":"2009-03-18T11:12:05+00:00","breadcrumb":{"@id":"https:\/\/turcon.es\/wp\/cine-forum-en-telde-manana-jueves-19-de-marzo\/#breadcrumb"},"inLanguage":"es","potentialAction":[{"@type":"ReadAction","target":["https:\/\/turcon.es\/wp\/cine-forum-en-telde-manana-jueves-19-de-marzo\/"]}]},{"@type":"ImageObject","inLanguage":"es","@id":"https:\/\/turcon.es\/wp\/cine-forum-en-telde-manana-jueves-19-de-marzo\/#primaryimage","url":"http:\/\/turcon.es\/wp\/wp-content\/uploads\/2009\/03\/cartel-12-la-linterna-verde.jpg?w=229","contentUrl":"http:\/\/turcon.es\/wp\/wp-content\/uploads\/2009\/03\/cartel-12-la-linterna-verde.jpg?w=229"},{"@type":"BreadcrumbList","@id":"https:\/\/turcon.es\/wp\/cine-forum-en-telde-manana-jueves-19-de-marzo\/#breadcrumb","itemListElement":[{"@type":"ListItem","position":1,"name":"Portada","item":"https:\/\/turcon.es\/wp\/"},{"@type":"ListItem","position":2,"name":"Cine-forum en Telde, ma\u00f1ana jueves 19 de marzo"}]},{"@type":"WebSite","@id":"https:\/\/turcon.es\/wp\/#website","url":"https:\/\/turcon.es\/wp\/","name":"Colectivo Ecologista Turcon","description":"","publisher":{"@id":"https:\/\/turcon.es\/wp\/#organization"},"potentialAction":[{"@type":"SearchAction","target":{"@type":"EntryPoint","urlTemplate":"https:\/\/turcon.es\/wp\/?s={search_term_string}"},"query-input":{"@type":"PropertyValueSpecification","valueRequired":true,"valueName":"search_term_string"}}],"inLanguage":"es"},{"@type":"Organization","@id":"https:\/\/turcon.es\/wp\/#organization","name":"Colectivo Ecologista Turcon","url":"https:\/\/turcon.es\/wp\/","logo":{"@type":"ImageObject","inLanguage":"es","@id":"https:\/\/turcon.es\/wp\/#\/schema\/logo\/image\/","url":"https:\/\/turcon.es\/wp\/wp-content\/uploads\/2025\/03\/logo-verde.svg","contentUrl":"https:\/\/turcon.es\/wp\/wp-content\/uploads\/2025\/03\/logo-verde.svg","width":813,"height":813,"caption":"Colectivo Ecologista Turcon"},"image":{"@id":"https:\/\/turcon.es\/wp\/#\/schema\/logo\/image\/"}},{"@type":"Person","@id":"https:\/\/turcon.es\/wp\/#\/schema\/person\/a1f3ba727ce031d9da17684affe85edd","name":"Laura Fernandez","image":{"@type":"ImageObject","inLanguage":"es","@id":"https:\/\/turcon.es\/wp\/#\/schema\/person\/image\/","url":"https:\/\/secure.gravatar.com\/avatar\/360749af9549af22e54582d50231ae56e854210ae2368797ba242f445a9852e8?s=96&d=mm&r=g","contentUrl":"https:\/\/secure.gravatar.com\/avatar\/360749af9549af22e54582d50231ae56e854210ae2368797ba242f445a9852e8?s=96&d=mm&r=g","caption":"Laura Fernandez"},"url":"https:\/\/turcon.es\/wp\/author\/admturcon\/"}]}},"_links":{"self":[{"href":"https:\/\/turcon.es\/wp\/wp-json\/wp\/v2\/posts\/14489","targetHints":{"allow":["GET"]}}],"collection":[{"href":"https:\/\/turcon.es\/wp\/wp-json\/wp\/v2\/posts"}],"about":[{"href":"https:\/\/turcon.es\/wp\/wp-json\/wp\/v2\/types\/post"}],"author":[{"embeddable":true,"href":"https:\/\/turcon.es\/wp\/wp-json\/wp\/v2\/users\/2"}],"replies":[{"embeddable":true,"href":"https:\/\/turcon.es\/wp\/wp-json\/wp\/v2\/comments?post=14489"}],"version-history":[{"count":0,"href":"https:\/\/turcon.es\/wp\/wp-json\/wp\/v2\/posts\/14489\/revisions"}],"wp:attachment":[{"href":"https:\/\/turcon.es\/wp\/wp-json\/wp\/v2\/media?parent=14489"}],"wp:term":[{"taxonomy":"category","embeddable":true,"href":"https:\/\/turcon.es\/wp\/wp-json\/wp\/v2\/categories?post=14489"},{"taxonomy":"post_tag","embeddable":true,"href":"https:\/\/turcon.es\/wp\/wp-json\/wp\/v2\/tags?post=14489"}],"curies":[{"name":"wp","href":"https:\/\/api.w.org\/{rel}","templated":true}]}}