{"id":14700,"date":"2016-10-30T09:35:36","date_gmt":"2016-10-30T09:35:36","guid":{"rendered":"https:\/\/turcon.wordpress.com\/?p=12080"},"modified":"2016-10-30T09:35:36","modified_gmt":"2016-10-30T09:35:36","slug":"libros-en-arucas","status":"publish","type":"post","link":"https:\/\/turcon.es\/wp\/libros-en-arucas\/","title":{"rendered":"Libros en Arucas"},"content":{"rendered":"<p>La mentora teldense Lidia Monz\u00f3n present\u00f3 este viernes en Arucas su primer libro <strong>El \u00e9xito, \u00bfdivina cuesti\u00f3n?,<\/strong> en el que ofrece una gu\u00eda y testimonios para quienes deseen cambiar sus vidas.<a href=\"https:\/\/turcon.es\/wp\/2016\/10\/30\/libros-en-arucas\/14522993_684172125079252_3887807666311753703_n\/\" rel=\"attachment wp-att-12081\"><img fetchpriority=\"high\" decoding=\"async\" class=\"alignright  wp-image-12081\" src=\"https:\/\/turcon.es\/wp\/wp-content\/uploads\/2016\/10\/14522993_684172125079252_3887807666311753703_n.jpg?w=113\" alt=\"14522993_684172125079252_3887807666311753703_n\" width=\"216\" height=\"289\" \/><\/a><\/p>\n<p>El acto tuvo lugar en la Biblioteca Municipal con asistencia de algo m\u00e1s de 50 personas. Estuvo acompa\u00f1ada por el presidente honorario del Colectivo Turc\u00f3n, Jos\u00e9 Manuel Espi\u00f1o Meil\u00e1n, que tambi\u00e9n habl\u00f3 de su obra: Ka i Ak.<\/p>\n<p>La siguiente presentaci\u00f3n est\u00e1 prevista para el 18 de noviembre, en el Casino de Galdar.<\/p>\n<p>Puedes ver m\u00e1s fotos en la siguiente web:<\/p>\n<p><a href=\"http:\/\/exitodivinacuestion.es\/presentacion-28-10\">http:\/\/exitodivinacuestion.es\/presentacion-28-10<\/a><\/p>\n<p><a href=\"https:\/\/turcon.es\/wp\/2016\/10\/30\/libros-en-arucas\/dsc0131\/\" rel=\"attachment wp-att-12082\"><img decoding=\"async\" class=\"aligncenter  wp-image-12082\" src=\"https:\/\/turcon.es\/wp\/wp-content\/uploads\/2016\/10\/dsc0131.jpg?w=150\" alt=\"dsc0131\" width=\"231\" height=\"154\" \/><\/a><\/p>\n","protected":false},"excerpt":{"rendered":"<p>La mentora teldense Lidia Monz\u00f3n present\u00f3 este viernes en Arucas su primer libro El \u00e9xito, \u00bfdivina cuesti\u00f3n?, en el que ofrece una gu\u00eda y testimonios para quienes deseen cambiar sus vidas. El acto tuvo lugar en la Biblioteca Municipal con asistencia de algo m\u00e1s de 50 personas. Estuvo acompa\u00f1ada por el presidente honorario del Colectivo [&hellip;]<\/p>\n","protected":false},"author":2,"featured_media":0,"comment_status":"open","ping_status":"open","sticky":false,"template":"","format":"standard","meta":{"footnotes":""},"categories":[6,22,41,69,53,54,58],"tags":[],"class_list":["post-14700","post","type-post","status-publish","format-standard","hentry","category-actividades-turcon","category-concienciacion","category-gran-canaria","category-movimiento-ciudadano","category-recomendamos-para-leer","category-recomendamos-para-leer-ver-y-escuchar","category-sociedad-y-derechos"],"yoast_head":"<!-- This site is optimized with the Yoast SEO plugin v26.3 - https:\/\/yoast.com\/wordpress\/plugins\/seo\/ -->\n<title>Libros en Arucas - Colectivo Ecologista Turcon<\/title>\n<meta name=\"robots\" content=\"index, follow, max-snippet:-1, max-image-preview:large, max-video-preview:-1\" \/>\n<link rel=\"canonical\" href=\"https:\/\/turcon.es\/wp\/libros-en-arucas\/\" \/>\n<meta property=\"og:locale\" content=\"es_ES\" \/>\n<meta property=\"og:type\" content=\"article\" \/>\n<meta property=\"og:title\" content=\"Libros en Arucas - Colectivo Ecologista Turcon\" \/>\n<meta property=\"og:description\" content=\"La mentora teldense Lidia Monz\u00f3n present\u00f3 este viernes en Arucas su primer libro El \u00e9xito, \u00bfdivina cuesti\u00f3n?, en el que ofrece una gu\u00eda y testimonios para quienes deseen cambiar sus vidas. El acto tuvo lugar en la Biblioteca Municipal con asistencia de algo m\u00e1s de 50 personas. Estuvo acompa\u00f1ada por el presidente honorario del Colectivo [&hellip;]\" \/>\n<meta property=\"og:url\" content=\"https:\/\/turcon.es\/wp\/libros-en-arucas\/\" \/>\n<meta property=\"og:site_name\" content=\"Colectivo Ecologista Turcon\" \/>\n<meta property=\"article:published_time\" content=\"2016-10-30T09:35:36+00:00\" \/>\n<meta property=\"og:image\" content=\"https:\/\/turcon.es\/wp\/wp-content\/uploads\/2008\/05\/protestavehiculoscontaminantes-1.jpg\" \/>\n\t<meta property=\"og:image:width\" content=\"620\" \/>\n\t<meta property=\"og:image:height\" content=\"456\" \/>\n\t<meta property=\"og:image:type\" content=\"image\/jpeg\" \/>\n<meta name=\"author\" content=\"Laura Fernandez\" \/>\n<meta name=\"twitter:card\" content=\"summary_large_image\" \/>\n<meta name=\"twitter:label1\" content=\"Escrito por\" \/>\n\t<meta name=\"twitter:data1\" content=\"Laura Fernandez\" \/>\n\t<meta name=\"twitter:label2\" content=\"Tiempo de lectura\" \/>\n\t<meta name=\"twitter:data2\" content=\"1 minuto\" \/>\n<script type=\"application\/ld+json\" class=\"yoast-schema-graph\">{\"@context\":\"https:\/\/schema.org\",\"@graph\":[{\"@type\":\"Article\",\"@id\":\"https:\/\/turcon.es\/wp\/libros-en-arucas\/#article\",\"isPartOf\":{\"@id\":\"https:\/\/turcon.es\/wp\/libros-en-arucas\/\"},\"author\":{\"name\":\"Laura Fernandez\",\"@id\":\"https:\/\/turcon.es\/wp\/#\/schema\/person\/a1f3ba727ce031d9da17684affe85edd\"},\"headline\":\"Libros en Arucas\",\"datePublished\":\"2016-10-30T09:35:36+00:00\",\"mainEntityOfPage\":{\"@id\":\"https:\/\/turcon.es\/wp\/libros-en-arucas\/\"},\"wordCount\":109,\"commentCount\":0,\"publisher\":{\"@id\":\"https:\/\/turcon.es\/wp\/#organization\"},\"image\":{\"@id\":\"https:\/\/turcon.es\/wp\/libros-en-arucas\/#primaryimage\"},\"thumbnailUrl\":\"https:\/\/turcon.es\/wp\/wp-content\/uploads\/2016\/10\/14522993_684172125079252_3887807666311753703_n.jpg?w=113\",\"articleSection\":[\"#Actividades Turc\u00f3n#\",\"Concienciaci\u00f3n\",\"Gran Canaria\",\"Movimiento ciudadano\",\"Recomendamos para leer\",\"Recomendamos para leer, ver y escuchar...\",\"Sociedad y derechos\"],\"inLanguage\":\"es\",\"potentialAction\":[{\"@type\":\"CommentAction\",\"name\":\"Comment\",\"target\":[\"https:\/\/turcon.es\/wp\/libros-en-arucas\/#respond\"]}]},{\"@type\":\"WebPage\",\"@id\":\"https:\/\/turcon.es\/wp\/libros-en-arucas\/\",\"url\":\"https:\/\/turcon.es\/wp\/libros-en-arucas\/\",\"name\":\"Libros en Arucas - Colectivo Ecologista Turcon\",\"isPartOf\":{\"@id\":\"https:\/\/turcon.es\/wp\/#website\"},\"primaryImageOfPage\":{\"@id\":\"https:\/\/turcon.es\/wp\/libros-en-arucas\/#primaryimage\"},\"image\":{\"@id\":\"https:\/\/turcon.es\/wp\/libros-en-arucas\/#primaryimage\"},\"thumbnailUrl\":\"https:\/\/turcon.es\/wp\/wp-content\/uploads\/2016\/10\/14522993_684172125079252_3887807666311753703_n.jpg?w=113\",\"datePublished\":\"2016-10-30T09:35:36+00:00\",\"breadcrumb\":{\"@id\":\"https:\/\/turcon.es\/wp\/libros-en-arucas\/#breadcrumb\"},\"inLanguage\":\"es\",\"potentialAction\":[{\"@type\":\"ReadAction\",\"target\":[\"https:\/\/turcon.es\/wp\/libros-en-arucas\/\"]}]},{\"@type\":\"ImageObject\",\"inLanguage\":\"es\",\"@id\":\"https:\/\/turcon.es\/wp\/libros-en-arucas\/#primaryimage\",\"url\":\"https:\/\/turcon.es\/wp\/wp-content\/uploads\/2016\/10\/14522993_684172125079252_3887807666311753703_n.jpg?w=113\",\"contentUrl\":\"https:\/\/turcon.es\/wp\/wp-content\/uploads\/2016\/10\/14522993_684172125079252_3887807666311753703_n.jpg?w=113\"},{\"@type\":\"BreadcrumbList\",\"@id\":\"https:\/\/turcon.es\/wp\/libros-en-arucas\/#breadcrumb\",\"itemListElement\":[{\"@type\":\"ListItem\",\"position\":1,\"name\":\"Portada\",\"item\":\"https:\/\/turcon.es\/wp\/\"},{\"@type\":\"ListItem\",\"position\":2,\"name\":\"Libros en Arucas\"}]},{\"@type\":\"WebSite\",\"@id\":\"https:\/\/turcon.es\/wp\/#website\",\"url\":\"https:\/\/turcon.es\/wp\/\",\"name\":\"Colectivo Ecologista Turcon\",\"description\":\"\",\"publisher\":{\"@id\":\"https:\/\/turcon.es\/wp\/#organization\"},\"potentialAction\":[{\"@type\":\"SearchAction\",\"target\":{\"@type\":\"EntryPoint\",\"urlTemplate\":\"https:\/\/turcon.es\/wp\/?s={search_term_string}\"},\"query-input\":{\"@type\":\"PropertyValueSpecification\",\"valueRequired\":true,\"valueName\":\"search_term_string\"}}],\"inLanguage\":\"es\"},{\"@type\":\"Organization\",\"@id\":\"https:\/\/turcon.es\/wp\/#organization\",\"name\":\"Colectivo Ecologista Turcon\",\"url\":\"https:\/\/turcon.es\/wp\/\",\"logo\":{\"@type\":\"ImageObject\",\"inLanguage\":\"es\",\"@id\":\"https:\/\/turcon.es\/wp\/#\/schema\/logo\/image\/\",\"url\":\"https:\/\/turcon.es\/wp\/wp-content\/uploads\/2025\/03\/logo-verde.svg\",\"contentUrl\":\"https:\/\/turcon.es\/wp\/wp-content\/uploads\/2025\/03\/logo-verde.svg\",\"width\":813,\"height\":813,\"caption\":\"Colectivo Ecologista Turcon\"},\"image\":{\"@id\":\"https:\/\/turcon.es\/wp\/#\/schema\/logo\/image\/\"}},{\"@type\":\"Person\",\"@id\":\"https:\/\/turcon.es\/wp\/#\/schema\/person\/a1f3ba727ce031d9da17684affe85edd\",\"name\":\"Laura Fernandez\",\"image\":{\"@type\":\"ImageObject\",\"inLanguage\":\"es\",\"@id\":\"https:\/\/turcon.es\/wp\/#\/schema\/person\/image\/\",\"url\":\"https:\/\/secure.gravatar.com\/avatar\/360749af9549af22e54582d50231ae56e854210ae2368797ba242f445a9852e8?s=96&d=mm&r=g\",\"contentUrl\":\"https:\/\/secure.gravatar.com\/avatar\/360749af9549af22e54582d50231ae56e854210ae2368797ba242f445a9852e8?s=96&d=mm&r=g\",\"caption\":\"Laura Fernandez\"},\"url\":\"https:\/\/turcon.es\/wp\/author\/admturcon\/\"}]}<\/script>\n<!-- \/ Yoast SEO plugin. -->","yoast_head_json":{"title":"Libros en Arucas - Colectivo Ecologista Turcon","robots":{"index":"index","follow":"follow","max-snippet":"max-snippet:-1","max-image-preview":"max-image-preview:large","max-video-preview":"max-video-preview:-1"},"canonical":"https:\/\/turcon.es\/wp\/libros-en-arucas\/","og_locale":"es_ES","og_type":"article","og_title":"Libros en Arucas - Colectivo Ecologista Turcon","og_description":"La mentora teldense Lidia Monz\u00f3n present\u00f3 este viernes en Arucas su primer libro El \u00e9xito, \u00bfdivina cuesti\u00f3n?, en el que ofrece una gu\u00eda y testimonios para quienes deseen cambiar sus vidas. El acto tuvo lugar en la Biblioteca Municipal con asistencia de algo m\u00e1s de 50 personas. Estuvo acompa\u00f1ada por el presidente honorario del Colectivo [&hellip;]","og_url":"https:\/\/turcon.es\/wp\/libros-en-arucas\/","og_site_name":"Colectivo Ecologista Turcon","article_published_time":"2016-10-30T09:35:36+00:00","og_image":[{"width":620,"height":456,"url":"https:\/\/turcon.es\/wp\/wp-content\/uploads\/2008\/05\/protestavehiculoscontaminantes-1.jpg","type":"image\/jpeg"}],"author":"Laura Fernandez","twitter_card":"summary_large_image","twitter_misc":{"Escrito por":"Laura Fernandez","Tiempo de lectura":"1 minuto"},"schema":{"@context":"https:\/\/schema.org","@graph":[{"@type":"Article","@id":"https:\/\/turcon.es\/wp\/libros-en-arucas\/#article","isPartOf":{"@id":"https:\/\/turcon.es\/wp\/libros-en-arucas\/"},"author":{"name":"Laura Fernandez","@id":"https:\/\/turcon.es\/wp\/#\/schema\/person\/a1f3ba727ce031d9da17684affe85edd"},"headline":"Libros en Arucas","datePublished":"2016-10-30T09:35:36+00:00","mainEntityOfPage":{"@id":"https:\/\/turcon.es\/wp\/libros-en-arucas\/"},"wordCount":109,"commentCount":0,"publisher":{"@id":"https:\/\/turcon.es\/wp\/#organization"},"image":{"@id":"https:\/\/turcon.es\/wp\/libros-en-arucas\/#primaryimage"},"thumbnailUrl":"https:\/\/turcon.es\/wp\/wp-content\/uploads\/2016\/10\/14522993_684172125079252_3887807666311753703_n.jpg?w=113","articleSection":["#Actividades Turc\u00f3n#","Concienciaci\u00f3n","Gran Canaria","Movimiento ciudadano","Recomendamos para leer","Recomendamos para leer, ver y escuchar...","Sociedad y derechos"],"inLanguage":"es","potentialAction":[{"@type":"CommentAction","name":"Comment","target":["https:\/\/turcon.es\/wp\/libros-en-arucas\/#respond"]}]},{"@type":"WebPage","@id":"https:\/\/turcon.es\/wp\/libros-en-arucas\/","url":"https:\/\/turcon.es\/wp\/libros-en-arucas\/","name":"Libros en Arucas - Colectivo Ecologista Turcon","isPartOf":{"@id":"https:\/\/turcon.es\/wp\/#website"},"primaryImageOfPage":{"@id":"https:\/\/turcon.es\/wp\/libros-en-arucas\/#primaryimage"},"image":{"@id":"https:\/\/turcon.es\/wp\/libros-en-arucas\/#primaryimage"},"thumbnailUrl":"https:\/\/turcon.es\/wp\/wp-content\/uploads\/2016\/10\/14522993_684172125079252_3887807666311753703_n.jpg?w=113","datePublished":"2016-10-30T09:35:36+00:00","breadcrumb":{"@id":"https:\/\/turcon.es\/wp\/libros-en-arucas\/#breadcrumb"},"inLanguage":"es","potentialAction":[{"@type":"ReadAction","target":["https:\/\/turcon.es\/wp\/libros-en-arucas\/"]}]},{"@type":"ImageObject","inLanguage":"es","@id":"https:\/\/turcon.es\/wp\/libros-en-arucas\/#primaryimage","url":"https:\/\/turcon.es\/wp\/wp-content\/uploads\/2016\/10\/14522993_684172125079252_3887807666311753703_n.jpg?w=113","contentUrl":"https:\/\/turcon.es\/wp\/wp-content\/uploads\/2016\/10\/14522993_684172125079252_3887807666311753703_n.jpg?w=113"},{"@type":"BreadcrumbList","@id":"https:\/\/turcon.es\/wp\/libros-en-arucas\/#breadcrumb","itemListElement":[{"@type":"ListItem","position":1,"name":"Portada","item":"https:\/\/turcon.es\/wp\/"},{"@type":"ListItem","position":2,"name":"Libros en Arucas"}]},{"@type":"WebSite","@id":"https:\/\/turcon.es\/wp\/#website","url":"https:\/\/turcon.es\/wp\/","name":"Colectivo Ecologista Turcon","description":"","publisher":{"@id":"https:\/\/turcon.es\/wp\/#organization"},"potentialAction":[{"@type":"SearchAction","target":{"@type":"EntryPoint","urlTemplate":"https:\/\/turcon.es\/wp\/?s={search_term_string}"},"query-input":{"@type":"PropertyValueSpecification","valueRequired":true,"valueName":"search_term_string"}}],"inLanguage":"es"},{"@type":"Organization","@id":"https:\/\/turcon.es\/wp\/#organization","name":"Colectivo Ecologista Turcon","url":"https:\/\/turcon.es\/wp\/","logo":{"@type":"ImageObject","inLanguage":"es","@id":"https:\/\/turcon.es\/wp\/#\/schema\/logo\/image\/","url":"https:\/\/turcon.es\/wp\/wp-content\/uploads\/2025\/03\/logo-verde.svg","contentUrl":"https:\/\/turcon.es\/wp\/wp-content\/uploads\/2025\/03\/logo-verde.svg","width":813,"height":813,"caption":"Colectivo Ecologista Turcon"},"image":{"@id":"https:\/\/turcon.es\/wp\/#\/schema\/logo\/image\/"}},{"@type":"Person","@id":"https:\/\/turcon.es\/wp\/#\/schema\/person\/a1f3ba727ce031d9da17684affe85edd","name":"Laura Fernandez","image":{"@type":"ImageObject","inLanguage":"es","@id":"https:\/\/turcon.es\/wp\/#\/schema\/person\/image\/","url":"https:\/\/secure.gravatar.com\/avatar\/360749af9549af22e54582d50231ae56e854210ae2368797ba242f445a9852e8?s=96&d=mm&r=g","contentUrl":"https:\/\/secure.gravatar.com\/avatar\/360749af9549af22e54582d50231ae56e854210ae2368797ba242f445a9852e8?s=96&d=mm&r=g","caption":"Laura Fernandez"},"url":"https:\/\/turcon.es\/wp\/author\/admturcon\/"}]}},"_links":{"self":[{"href":"https:\/\/turcon.es\/wp\/wp-json\/wp\/v2\/posts\/14700","targetHints":{"allow":["GET"]}}],"collection":[{"href":"https:\/\/turcon.es\/wp\/wp-json\/wp\/v2\/posts"}],"about":[{"href":"https:\/\/turcon.es\/wp\/wp-json\/wp\/v2\/types\/post"}],"author":[{"embeddable":true,"href":"https:\/\/turcon.es\/wp\/wp-json\/wp\/v2\/users\/2"}],"replies":[{"embeddable":true,"href":"https:\/\/turcon.es\/wp\/wp-json\/wp\/v2\/comments?post=14700"}],"version-history":[{"count":0,"href":"https:\/\/turcon.es\/wp\/wp-json\/wp\/v2\/posts\/14700\/revisions"}],"wp:attachment":[{"href":"https:\/\/turcon.es\/wp\/wp-json\/wp\/v2\/media?parent=14700"}],"wp:term":[{"taxonomy":"category","embeddable":true,"href":"https:\/\/turcon.es\/wp\/wp-json\/wp\/v2\/categories?post=14700"},{"taxonomy":"post_tag","embeddable":true,"href":"https:\/\/turcon.es\/wp\/wp-json\/wp\/v2\/tags?post=14700"}],"curies":[{"name":"wp","href":"https:\/\/api.w.org\/{rel}","templated":true}]}}