{"id":14817,"date":"2017-12-01T14:04:23","date_gmt":"2017-12-01T14:04:23","guid":{"rendered":"https:\/\/turcon.wordpress.com\/?p=12880"},"modified":"2017-12-01T14:04:23","modified_gmt":"2017-12-01T14:04:23","slug":"en-arucas-el-ventayga-de-espino","status":"publish","type":"post","link":"https:\/\/turcon.es\/wp\/en-arucas-el-ventayga-de-espino\/","title":{"rendered":"En Arucas el \u00abVentayga\u00bb de Espi\u00f1o"},"content":{"rendered":"<h3>En la tarde noche del jueves 30 de noviembre de 2017 se present\u00f3 en el Centro Municipal de Cultura de Arucas en libro <span style=\"color:#800000;\"><strong>\u00abVENTAYGA. El enigma del nemeth\u00bb,<\/strong><\/span> de <span style=\"color:#0000ff;\"><strong>Jos\u00e9 Manuel Espi\u00f1o Meil\u00e1n.<\/strong><\/span><\/h3>\n<p>Durante algo m\u00e1s de una hora se desarroll\u00f3 un ameno acto en el que el poeta Julio P\u00e9rez, haciendo las labores de presentador de la obra, y el autor J.M. Espi\u00f1o compartieron y departieron con el p\u00fablico sobre su obra, una novela que es una mezcla de cultura canaria, tradiciones gallegas, un reco<span class=\"text_exposed_show\">pilatorio de la vegetaci\u00f3n potencial de la zona del entrono del Roque Bentaiga (Ventayga, seg\u00fan la novela) hace unos siglos.<\/span><\/p>\n<div class=\"text_exposed_show\">\n<p>Actividad organizada por los colectivos LA VINCA Ecologistas en Acci\u00f3n y TURC\u00d3N Ecologistas en Acci\u00f3n , contando con la colaboraci\u00f3n de la Concejal\u00eda de Cultura y Festejos del ayuntamiento de Arucas, a trav\u00e9s de la Biblioteca Municipal de Arucas.<\/p>\n<p><span style=\"color:#0000ff;\"><strong>Galer\u00eda de fotos:<\/strong><\/span><\/p>\n<div id='gallery-1' class='gallery galleryid-14817 gallery-columns-3 gallery-size-thumbnail'><figure class='gallery-item'>\n\t\t\t<div class='gallery-icon landscape'>\n\t\t\t\t<a href='https:\/\/turcon.es\/wp\/logo-eco-lp1-4\/'><img decoding=\"async\" width=\"150\" height=\"38\" src=\"https:\/\/turcon.es\/wp\/wp-content\/uploads\/2009\/01\/logo-eco-lp1-3.jpg\" class=\"attachment-thumbnail size-thumbnail\" alt=\"\" \/><\/a>\n\t\t\t<\/div><\/figure><figure class='gallery-item'>\n\t\t\t<div class='gallery-icon landscape'>\n\t\t\t\t<a href='https:\/\/turcon.es\/wp\/logo-eco-lp1-5\/'><img decoding=\"async\" width=\"150\" height=\"38\" src=\"https:\/\/turcon.es\/wp\/wp-content\/uploads\/2009\/01\/logo-eco-lp1-4.jpg\" class=\"attachment-thumbnail size-thumbnail\" alt=\"\" \/><\/a>\n\t\t\t<\/div><\/figure><figure class='gallery-item'>\n\t\t\t<div class='gallery-icon portrait'>\n\t\t\t\t<a href='https:\/\/turcon.es\/wp\/ivjornadas1-2\/'><img decoding=\"async\" width=\"150\" height=\"150\" src=\"https:\/\/turcon.es\/wp\/wp-content\/uploads\/2009\/01\/ivjornadas1-1-150x150.jpg\" class=\"attachment-thumbnail size-thumbnail\" alt=\"\" \/><\/a>\n\t\t\t<\/div><\/figure><figure class='gallery-item'>\n\t\t\t<div class='gallery-icon portrait'>\n\t\t\t\t<a href='https:\/\/turcon.es\/wp\/ivjornadas1-3\/'><img loading=\"lazy\" decoding=\"async\" width=\"150\" height=\"150\" src=\"https:\/\/turcon.es\/wp\/wp-content\/uploads\/2009\/01\/ivjornadas1-2-150x150.jpg\" class=\"attachment-thumbnail size-thumbnail\" alt=\"\" \/><\/a>\n\t\t\t<\/div><\/figure><figure class='gallery-item'>\n\t\t\t<div class='gallery-icon portrait'>\n\t\t\t\t<a href='https:\/\/turcon.es\/wp\/ivjornadas1-4\/'><img loading=\"lazy\" decoding=\"async\" width=\"150\" height=\"150\" src=\"https:\/\/turcon.es\/wp\/wp-content\/uploads\/2009\/01\/ivjornadas1-3-150x150.jpg\" class=\"attachment-thumbnail size-thumbnail\" alt=\"\" \/><\/a>\n\t\t\t<\/div><\/figure><figure class='gallery-item'>\n\t\t\t<div class='gallery-icon portrait'>\n\t\t\t\t<a href='https:\/\/turcon.es\/wp\/ivjornadas1-5\/'><img loading=\"lazy\" decoding=\"async\" width=\"150\" height=\"150\" src=\"https:\/\/turcon.es\/wp\/wp-content\/uploads\/2009\/01\/ivjornadas1-4-150x150.jpg\" class=\"attachment-thumbnail size-thumbnail\" alt=\"\" \/><\/a>\n\t\t\t<\/div><\/figure><figure class='gallery-item'>\n\t\t\t<div class='gallery-icon landscape'>\n\t\t\t\t<a href='https:\/\/turcon.es\/wp\/586002avion-2\/'><img loading=\"lazy\" decoding=\"async\" width=\"150\" height=\"150\" src=\"https:\/\/turcon.es\/wp\/wp-content\/uploads\/2009\/01\/586002avion-1-150x150.jpg\" class=\"attachment-thumbnail size-thumbnail\" alt=\"\" \/><\/a>\n\t\t\t<\/div><\/figure><figure class='gallery-item'>\n\t\t\t<div class='gallery-icon landscape'>\n\t\t\t\t<a href='https:\/\/turcon.es\/wp\/586002avion-3\/'><img loading=\"lazy\" decoding=\"async\" width=\"150\" height=\"150\" src=\"https:\/\/turcon.es\/wp\/wp-content\/uploads\/2009\/01\/586002avion-2-150x150.jpg\" class=\"attachment-thumbnail size-thumbnail\" alt=\"\" \/><\/a>\n\t\t\t<\/div><\/figure><figure class='gallery-item'>\n\t\t\t<div class='gallery-icon landscape'>\n\t\t\t\t<a href='https:\/\/turcon.es\/wp\/586002avion-4\/'><img loading=\"lazy\" decoding=\"async\" width=\"150\" height=\"150\" src=\"https:\/\/turcon.es\/wp\/wp-content\/uploads\/2009\/01\/586002avion-3-150x150.jpg\" class=\"attachment-thumbnail size-thumbnail\" alt=\"\" \/><\/a>\n\t\t\t<\/div><\/figure><figure class='gallery-item'>\n\t\t\t<div class='gallery-icon landscape'>\n\t\t\t\t<a href='https:\/\/turcon.es\/wp\/586002avion-5\/'><img loading=\"lazy\" decoding=\"async\" width=\"150\" height=\"150\" src=\"https:\/\/turcon.es\/wp\/wp-content\/uploads\/2009\/01\/586002avion-4-150x150.jpg\" class=\"attachment-thumbnail size-thumbnail\" alt=\"\" \/><\/a>\n\t\t\t<\/div><\/figure><figure class='gallery-item'>\n\t\t\t<div class='gallery-icon landscape'>\n\t\t\t\t<a href='https:\/\/turcon.es\/wp\/img_1175-small-2\/'><img loading=\"lazy\" decoding=\"async\" width=\"150\" height=\"150\" src=\"https:\/\/turcon.es\/wp\/wp-content\/uploads\/2009\/01\/img_1175-small-1-150x150.jpg\" class=\"attachment-thumbnail size-thumbnail\" alt=\"\" \/><\/a>\n\t\t\t<\/div><\/figure>\n\t\t<\/div>\n\n<\/div>\n","protected":false},"excerpt":{"rendered":"<p>En la tarde noche del jueves 30 de noviembre de 2017 se present\u00f3 en el Centro Municipal de Cultura de Arucas en libro \u00abVENTAYGA. El enigma del nemeth\u00bb, de Jos\u00e9 Manuel Espi\u00f1o Meil\u00e1n. Durante algo m\u00e1s de una hora se desarroll\u00f3 un ameno acto en el que el poeta Julio P\u00e9rez, haciendo las labores de [&hellip;]<\/p>\n","protected":false},"author":2,"featured_media":0,"comment_status":"open","ping_status":"open","sticky":false,"template":"","format":"standard","meta":{"footnotes":""},"categories":[6,8,18,22,31,37,39,41,46,49,53,54,57],"tags":[],"class_list":["post-14817","post","type-post","status-publish","format-standard","hentry","category-actividades-turcon","category-administracion-publica","category-canarias","category-concienciacion","category-educacion-y-cultura","category-espacios-naturales","category-fauna-y-flora","category-gran-canaria","category-notas-de-prensa-de-turcon","category-patrimonio-historico","category-recomendamos-para-leer","category-recomendamos-para-leer-ver-y-escuchar","category-senderismo"],"yoast_head":"<!-- This site is optimized with the Yoast SEO plugin v26.3 - https:\/\/yoast.com\/wordpress\/plugins\/seo\/ -->\n<title>En Arucas el &quot;Ventayga&quot; de Espi\u00f1o - Colectivo Ecologista Turcon<\/title>\n<meta name=\"robots\" content=\"index, follow, max-snippet:-1, max-image-preview:large, max-video-preview:-1\" \/>\n<link rel=\"canonical\" href=\"https:\/\/turcon.es\/wp\/en-arucas-el-ventayga-de-espino\/\" \/>\n<meta property=\"og:locale\" content=\"es_ES\" \/>\n<meta property=\"og:type\" content=\"article\" \/>\n<meta property=\"og:title\" content=\"En Arucas el &quot;Ventayga&quot; de Espi\u00f1o - Colectivo Ecologista Turcon\" \/>\n<meta property=\"og:description\" content=\"En la tarde noche del jueves 30 de noviembre de 2017 se present\u00f3 en el Centro Municipal de Cultura de Arucas en libro \u00abVENTAYGA. El enigma del nemeth\u00bb, de Jos\u00e9 Manuel Espi\u00f1o Meil\u00e1n. Durante algo m\u00e1s de una hora se desarroll\u00f3 un ameno acto en el que el poeta Julio P\u00e9rez, haciendo las labores de [&hellip;]\" \/>\n<meta property=\"og:url\" content=\"https:\/\/turcon.es\/wp\/en-arucas-el-ventayga-de-espino\/\" \/>\n<meta property=\"og:site_name\" content=\"Colectivo Ecologista Turcon\" \/>\n<meta property=\"article:published_time\" content=\"2017-12-01T14:04:23+00:00\" \/>\n<meta property=\"og:image\" content=\"https:\/\/turcon.es\/wp\/wp-content\/uploads\/2009\/01\/logo-eco-lp1-3.jpg\" \/>\n<meta name=\"author\" content=\"Laura Fernandez\" \/>\n<meta name=\"twitter:card\" content=\"summary_large_image\" \/>\n<meta name=\"twitter:label1\" content=\"Escrito por\" \/>\n\t<meta name=\"twitter:data1\" content=\"Laura Fernandez\" \/>\n\t<meta name=\"twitter:label2\" content=\"Tiempo de lectura\" \/>\n\t<meta name=\"twitter:data2\" content=\"1 minuto\" \/>\n<script type=\"application\/ld+json\" class=\"yoast-schema-graph\">{\"@context\":\"https:\/\/schema.org\",\"@graph\":[{\"@type\":\"Article\",\"@id\":\"https:\/\/turcon.es\/wp\/en-arucas-el-ventayga-de-espino\/#article\",\"isPartOf\":{\"@id\":\"https:\/\/turcon.es\/wp\/en-arucas-el-ventayga-de-espino\/\"},\"author\":{\"name\":\"Laura Fernandez\",\"@id\":\"https:\/\/turcon.es\/wp\/#\/schema\/person\/a1f3ba727ce031d9da17684affe85edd\"},\"headline\":\"En Arucas el \u00abVentayga\u00bb de Espi\u00f1o\",\"datePublished\":\"2017-12-01T14:04:23+00:00\",\"mainEntityOfPage\":{\"@id\":\"https:\/\/turcon.es\/wp\/en-arucas-el-ventayga-de-espino\/\"},\"wordCount\":171,\"commentCount\":0,\"publisher\":{\"@id\":\"https:\/\/turcon.es\/wp\/#organization\"},\"articleSection\":[\"#Actividades Turc\u00f3n#\",\"Administraci\u00f3n p\u00fablica\",\"Canarias\",\"Concienciaci\u00f3n\",\"Educaci\u00f3n y cultura\",\"Espacios Naturales\",\"Fauna y flora\",\"Gran Canaria\",\"Notas de prensa de Turc\u00f3n\",\"Patrimonio hist\u00f3rico\",\"Recomendamos para leer\",\"Recomendamos para leer, ver y escuchar...\",\"Senderismo\"],\"inLanguage\":\"es\",\"potentialAction\":[{\"@type\":\"CommentAction\",\"name\":\"Comment\",\"target\":[\"https:\/\/turcon.es\/wp\/en-arucas-el-ventayga-de-espino\/#respond\"]}]},{\"@type\":\"WebPage\",\"@id\":\"https:\/\/turcon.es\/wp\/en-arucas-el-ventayga-de-espino\/\",\"url\":\"https:\/\/turcon.es\/wp\/en-arucas-el-ventayga-de-espino\/\",\"name\":\"En Arucas el \\\"Ventayga\\\" de Espi\u00f1o - Colectivo Ecologista Turcon\",\"isPartOf\":{\"@id\":\"https:\/\/turcon.es\/wp\/#website\"},\"datePublished\":\"2017-12-01T14:04:23+00:00\",\"breadcrumb\":{\"@id\":\"https:\/\/turcon.es\/wp\/en-arucas-el-ventayga-de-espino\/#breadcrumb\"},\"inLanguage\":\"es\",\"potentialAction\":[{\"@type\":\"ReadAction\",\"target\":[\"https:\/\/turcon.es\/wp\/en-arucas-el-ventayga-de-espino\/\"]}]},{\"@type\":\"BreadcrumbList\",\"@id\":\"https:\/\/turcon.es\/wp\/en-arucas-el-ventayga-de-espino\/#breadcrumb\",\"itemListElement\":[{\"@type\":\"ListItem\",\"position\":1,\"name\":\"Portada\",\"item\":\"https:\/\/turcon.es\/wp\/\"},{\"@type\":\"ListItem\",\"position\":2,\"name\":\"En Arucas el \u00abVentayga\u00bb de Espi\u00f1o\"}]},{\"@type\":\"WebSite\",\"@id\":\"https:\/\/turcon.es\/wp\/#website\",\"url\":\"https:\/\/turcon.es\/wp\/\",\"name\":\"Colectivo Ecologista Turcon\",\"description\":\"\",\"publisher\":{\"@id\":\"https:\/\/turcon.es\/wp\/#organization\"},\"potentialAction\":[{\"@type\":\"SearchAction\",\"target\":{\"@type\":\"EntryPoint\",\"urlTemplate\":\"https:\/\/turcon.es\/wp\/?s={search_term_string}\"},\"query-input\":{\"@type\":\"PropertyValueSpecification\",\"valueRequired\":true,\"valueName\":\"search_term_string\"}}],\"inLanguage\":\"es\"},{\"@type\":\"Organization\",\"@id\":\"https:\/\/turcon.es\/wp\/#organization\",\"name\":\"Colectivo Ecologista Turcon\",\"url\":\"https:\/\/turcon.es\/wp\/\",\"logo\":{\"@type\":\"ImageObject\",\"inLanguage\":\"es\",\"@id\":\"https:\/\/turcon.es\/wp\/#\/schema\/logo\/image\/\",\"url\":\"https:\/\/turcon.es\/wp\/wp-content\/uploads\/2025\/03\/logo-verde.svg\",\"contentUrl\":\"https:\/\/turcon.es\/wp\/wp-content\/uploads\/2025\/03\/logo-verde.svg\",\"width\":813,\"height\":813,\"caption\":\"Colectivo Ecologista Turcon\"},\"image\":{\"@id\":\"https:\/\/turcon.es\/wp\/#\/schema\/logo\/image\/\"}},{\"@type\":\"Person\",\"@id\":\"https:\/\/turcon.es\/wp\/#\/schema\/person\/a1f3ba727ce031d9da17684affe85edd\",\"name\":\"Laura Fernandez\",\"image\":{\"@type\":\"ImageObject\",\"inLanguage\":\"es\",\"@id\":\"https:\/\/turcon.es\/wp\/#\/schema\/person\/image\/\",\"url\":\"https:\/\/secure.gravatar.com\/avatar\/360749af9549af22e54582d50231ae56e854210ae2368797ba242f445a9852e8?s=96&d=mm&r=g\",\"contentUrl\":\"https:\/\/secure.gravatar.com\/avatar\/360749af9549af22e54582d50231ae56e854210ae2368797ba242f445a9852e8?s=96&d=mm&r=g\",\"caption\":\"Laura Fernandez\"},\"url\":\"https:\/\/turcon.es\/wp\/author\/admturcon\/\"}]}<\/script>\n<!-- \/ Yoast SEO plugin. -->","yoast_head_json":{"title":"En Arucas el \"Ventayga\" de Espi\u00f1o - Colectivo Ecologista Turcon","robots":{"index":"index","follow":"follow","max-snippet":"max-snippet:-1","max-image-preview":"max-image-preview:large","max-video-preview":"max-video-preview:-1"},"canonical":"https:\/\/turcon.es\/wp\/en-arucas-el-ventayga-de-espino\/","og_locale":"es_ES","og_type":"article","og_title":"En Arucas el \"Ventayga\" de Espi\u00f1o - Colectivo Ecologista Turcon","og_description":"En la tarde noche del jueves 30 de noviembre de 2017 se present\u00f3 en el Centro Municipal de Cultura de Arucas en libro \u00abVENTAYGA. El enigma del nemeth\u00bb, de Jos\u00e9 Manuel Espi\u00f1o Meil\u00e1n. Durante algo m\u00e1s de una hora se desarroll\u00f3 un ameno acto en el que el poeta Julio P\u00e9rez, haciendo las labores de [&hellip;]","og_url":"https:\/\/turcon.es\/wp\/en-arucas-el-ventayga-de-espino\/","og_site_name":"Colectivo Ecologista Turcon","article_published_time":"2017-12-01T14:04:23+00:00","og_image":[{"url":"https:\/\/turcon.es\/wp\/wp-content\/uploads\/2009\/01\/logo-eco-lp1-3.jpg","type":"","width":"","height":""}],"author":"Laura Fernandez","twitter_card":"summary_large_image","twitter_misc":{"Escrito por":"Laura Fernandez","Tiempo de lectura":"1 minuto"},"schema":{"@context":"https:\/\/schema.org","@graph":[{"@type":"Article","@id":"https:\/\/turcon.es\/wp\/en-arucas-el-ventayga-de-espino\/#article","isPartOf":{"@id":"https:\/\/turcon.es\/wp\/en-arucas-el-ventayga-de-espino\/"},"author":{"name":"Laura Fernandez","@id":"https:\/\/turcon.es\/wp\/#\/schema\/person\/a1f3ba727ce031d9da17684affe85edd"},"headline":"En Arucas el \u00abVentayga\u00bb de Espi\u00f1o","datePublished":"2017-12-01T14:04:23+00:00","mainEntityOfPage":{"@id":"https:\/\/turcon.es\/wp\/en-arucas-el-ventayga-de-espino\/"},"wordCount":171,"commentCount":0,"publisher":{"@id":"https:\/\/turcon.es\/wp\/#organization"},"articleSection":["#Actividades Turc\u00f3n#","Administraci\u00f3n p\u00fablica","Canarias","Concienciaci\u00f3n","Educaci\u00f3n y cultura","Espacios Naturales","Fauna y flora","Gran Canaria","Notas de prensa de Turc\u00f3n","Patrimonio hist\u00f3rico","Recomendamos para leer","Recomendamos para leer, ver y escuchar...","Senderismo"],"inLanguage":"es","potentialAction":[{"@type":"CommentAction","name":"Comment","target":["https:\/\/turcon.es\/wp\/en-arucas-el-ventayga-de-espino\/#respond"]}]},{"@type":"WebPage","@id":"https:\/\/turcon.es\/wp\/en-arucas-el-ventayga-de-espino\/","url":"https:\/\/turcon.es\/wp\/en-arucas-el-ventayga-de-espino\/","name":"En Arucas el \"Ventayga\" de Espi\u00f1o - Colectivo Ecologista Turcon","isPartOf":{"@id":"https:\/\/turcon.es\/wp\/#website"},"datePublished":"2017-12-01T14:04:23+00:00","breadcrumb":{"@id":"https:\/\/turcon.es\/wp\/en-arucas-el-ventayga-de-espino\/#breadcrumb"},"inLanguage":"es","potentialAction":[{"@type":"ReadAction","target":["https:\/\/turcon.es\/wp\/en-arucas-el-ventayga-de-espino\/"]}]},{"@type":"BreadcrumbList","@id":"https:\/\/turcon.es\/wp\/en-arucas-el-ventayga-de-espino\/#breadcrumb","itemListElement":[{"@type":"ListItem","position":1,"name":"Portada","item":"https:\/\/turcon.es\/wp\/"},{"@type":"ListItem","position":2,"name":"En Arucas el \u00abVentayga\u00bb de Espi\u00f1o"}]},{"@type":"WebSite","@id":"https:\/\/turcon.es\/wp\/#website","url":"https:\/\/turcon.es\/wp\/","name":"Colectivo Ecologista Turcon","description":"","publisher":{"@id":"https:\/\/turcon.es\/wp\/#organization"},"potentialAction":[{"@type":"SearchAction","target":{"@type":"EntryPoint","urlTemplate":"https:\/\/turcon.es\/wp\/?s={search_term_string}"},"query-input":{"@type":"PropertyValueSpecification","valueRequired":true,"valueName":"search_term_string"}}],"inLanguage":"es"},{"@type":"Organization","@id":"https:\/\/turcon.es\/wp\/#organization","name":"Colectivo Ecologista Turcon","url":"https:\/\/turcon.es\/wp\/","logo":{"@type":"ImageObject","inLanguage":"es","@id":"https:\/\/turcon.es\/wp\/#\/schema\/logo\/image\/","url":"https:\/\/turcon.es\/wp\/wp-content\/uploads\/2025\/03\/logo-verde.svg","contentUrl":"https:\/\/turcon.es\/wp\/wp-content\/uploads\/2025\/03\/logo-verde.svg","width":813,"height":813,"caption":"Colectivo Ecologista Turcon"},"image":{"@id":"https:\/\/turcon.es\/wp\/#\/schema\/logo\/image\/"}},{"@type":"Person","@id":"https:\/\/turcon.es\/wp\/#\/schema\/person\/a1f3ba727ce031d9da17684affe85edd","name":"Laura Fernandez","image":{"@type":"ImageObject","inLanguage":"es","@id":"https:\/\/turcon.es\/wp\/#\/schema\/person\/image\/","url":"https:\/\/secure.gravatar.com\/avatar\/360749af9549af22e54582d50231ae56e854210ae2368797ba242f445a9852e8?s=96&d=mm&r=g","contentUrl":"https:\/\/secure.gravatar.com\/avatar\/360749af9549af22e54582d50231ae56e854210ae2368797ba242f445a9852e8?s=96&d=mm&r=g","caption":"Laura Fernandez"},"url":"https:\/\/turcon.es\/wp\/author\/admturcon\/"}]}},"_links":{"self":[{"href":"https:\/\/turcon.es\/wp\/wp-json\/wp\/v2\/posts\/14817","targetHints":{"allow":["GET"]}}],"collection":[{"href":"https:\/\/turcon.es\/wp\/wp-json\/wp\/v2\/posts"}],"about":[{"href":"https:\/\/turcon.es\/wp\/wp-json\/wp\/v2\/types\/post"}],"author":[{"embeddable":true,"href":"https:\/\/turcon.es\/wp\/wp-json\/wp\/v2\/users\/2"}],"replies":[{"embeddable":true,"href":"https:\/\/turcon.es\/wp\/wp-json\/wp\/v2\/comments?post=14817"}],"version-history":[{"count":0,"href":"https:\/\/turcon.es\/wp\/wp-json\/wp\/v2\/posts\/14817\/revisions"}],"wp:attachment":[{"href":"https:\/\/turcon.es\/wp\/wp-json\/wp\/v2\/media?parent=14817"}],"wp:term":[{"taxonomy":"category","embeddable":true,"href":"https:\/\/turcon.es\/wp\/wp-json\/wp\/v2\/categories?post=14817"},{"taxonomy":"post_tag","embeddable":true,"href":"https:\/\/turcon.es\/wp\/wp-json\/wp\/v2\/tags?post=14817"}],"curies":[{"name":"wp","href":"https:\/\/api.w.org\/{rel}","templated":true}]}}