{"id":14837,"date":"2018-01-21T19:35:55","date_gmt":"2018-01-21T19:35:55","guid":{"rendered":"https:\/\/turcon.wordpress.com\/?p=13041"},"modified":"2018-01-21T19:35:55","modified_gmt":"2018-01-21T19:35:55","slug":"preciosa-ruta-al-nublo","status":"publish","type":"post","link":"https:\/\/turcon.es\/wp\/preciosa-ruta-al-nublo\/","title":{"rendered":"Preciosa ruta al Nublo."},"content":{"rendered":"<h3><span style=\"color:#800000;\"><strong>La caminata celebrada hoy inclu\u00eda, tambi\u00e9n, una visita a la Ventana del Bentayga.<\/strong><\/span><\/h3>\n<h3><span style=\"color:#800000;\"><strong>Algo fresco el d\u00eda. El cielo limpio para la fotograf\u00eda. Los participantes disfrutaron de las amplias panor\u00e1micas y paisajes maravillosos de la Cumbre de Gran Canaria.<img fetchpriority=\"high\" decoding=\"async\" class=\"alignright size-medium wp-image-13044\" src=\"https:\/\/turcon.es\/wp\/wp-content\/uploads\/2018\/01\/whatsapp-image-2018-01-21-at-11-10-45.jpeg?w=300\" alt=\"\" width=\"300\" height=\"169\" \/><\/strong><\/span><\/h3>\n<p><span style=\"color:#0000ff;\"><strong><u>El Roque Nublo<\/u><\/strong><\/span><\/p>\n<p><strong>S\u00edmbolo por antonomasia de Gran Canaria, fue escalado en el a\u00f1o 1932 por un grupo de alemanes fascinados con la roca, despu\u00e9s de cuatro d\u00edas de intentos llegaron a su cumbre (1.813 metros de altitud).<\/strong><\/p>\n<p><strong>Hay que retroceder\u00a0 a\u00a0 la construcci\u00f3n de la isla para comprender la magnitud de este cicl\u00f3peo monolito rocoso. El edificio volc\u00e1nico que origin\u00f3 este roque era\u00a0 un estratovolc\u00e1n\u00a0 denominado Roque Nublo, el cual\u00a0estuvo\u00a0activo\u00a0entre los 5 y los 2,8 millones de a\u00f1o (Plioceno).<\/strong><\/p>\n<p><strong>Este estratovolc\u00e1n pudo alcanzar los 3.000 metros de altura. Hoy muy desmantelado. <\/strong><\/p>\n<p><strong>El monolito de unos 65 metros de alto es un resto de una colada\u00a0\u00a0\u00a0pirocl\u00e1stica de\u00a0bloques y cenizas soldadas,\u00a0\u00a0originada en\u00a0una erupci\u00f3n explosiva del estratovolc\u00e1n. <\/strong><!--more--><\/p>\n<p><span style=\"color:#0000ff;\"><strong><u>ROQUES SINGULARES <\/u><\/strong><\/span><\/p>\n<p>Esta Isla posee otras formas rocosas, sobresalientes y monumentales roques que constituyen una naturaleza de <em>gigantes <\/em>arrogantes y petrificados.<\/p>\n<p>La g\u00e9nesis de estas notables morfolog\u00edas rocosas se entiende desde una visi\u00f3n geol\u00f3gica de millones de a\u00f1os, donde intervienen tanto procesos geol\u00f3gicos internos (magmatismo) como externos (erosivos), origin\u00e1ndose morfolog\u00edas que resultan dispares y curiosas ante nuestros ojos. Estamos hablando de elementos geomorfol\u00f3gicos como son los domos, roques, agujas, diques, mesas, caideros, fortalezas, entre otros.<\/p>\n<p><span style=\"color:#0000ff;\"><strong><u>La Rana y El Gallo<\/u><\/strong><\/span><\/p>\n<p>No cabe duda de que el roque con apariencia de animal m\u00e1s conocido de la isla es el Roque de La Rana, que se sit\u00faa a la sombra del archiconocido Roque Nublo. Ambos se levantan sobre el Tabl\u00f3n del Nublo, justo en el centro de la isla y a una altitud de 1.817 metros sobre el nivel del mar.<\/p>\n<p>Al naciente de ambos se encuentra el Roque Fraile, y a continuaci\u00f3n, un roque cuya forma nos recuerda a un gallo, con sus dos alas y su cuello estirado hacia el cielo azul de la isla.<\/p>\n<p><span style=\"color:#0000ff;\"><strong><u>Rocaman\u00eda:<\/u><\/strong><\/span><\/p>\n<p>Amor a las piedras gigantes. Complicidad con las esculturas rocosas. Visibilizaci\u00f3n de un patrimonio geol\u00f3gico singular. Admiraci\u00f3n a las formas caprichosas de la naturaleza o fetichismo a las obras del Dios Eolo que durante millones de a\u00f1os ha esculpido la naturaleza para el disfrute de nosotros. Cualquier motivo es v\u00e1lido para acercarnos a estos roques singulares.<\/p>\n<p>All\u00e1 por el a\u00f1o 2004-5 comenzamos,\u00a0 un trabajo de documentaci\u00f3n, investigaci\u00f3n, rastreo y fotograf\u00eda de aquellas formas naturales, grandes o peque\u00f1as, siluetas conocidas o escondidas, caprichosas rocas que existen en la isla de Gran Canaria.<\/p>\n<p>Rocaman\u00eda salt\u00f3 a la fama cuando el peri\u00f3dico Canarias-7, public\u00f3 durante todos los s\u00e1bados del mes de septiembre de 2006, varias p\u00e1ginas, que ahora se difunden a trav\u00e9s de internet, gracias al blog (<a href=\"http:\/\/senderosgc.blogspot.com.es\/\">http:\/\/senderosgc.blogspot.com.es\/<\/a>)\u00a0 de <strong>Suso Sancho<\/strong> que ha tenido a bien recopilar toda la serie y divulgarla para sus \u00a0<em>blogueros.<\/em><\/p>\n<p>&nbsp;<\/p>\n<p><span style=\"color:#0000ff;\"><strong><u>Nuestras pr\u00f3ximas actividades:<\/u><\/strong><\/span><\/p>\n<p><strong><u>27 de enero de 2018 (s\u00e1bado):<\/u><\/strong><\/p>\n<p>Ruta senderismo <strong>CAMINO DE SANTIAGO. <\/strong>Segundo tramo, desde Cruz de Tejeda hasta El Saucillo.<\/p>\n<p><strong><u>10 de febrero (s\u00e1bado): <\/u>ruta de las Tres Acequias-Teror.<\/strong><\/p>\n<p><strong><u>Mi\u00e9rcoles, 14 de febrero: <\/u>Presentaci\u00f3n libro y audiovisual, de \u00c1lvaro Monz\u00f3n, Descubriendo Gran Canaria, en Telde.<\/strong><\/p>\n<p><strong>Casa Museo-Le\u00f3n y Castillo, 20 horas.<\/strong><\/p>\n<p><strong><u>25 de febrero (domingo): <\/u>ruta circular Chira-Soria. <\/strong><\/p>\n<p>&nbsp;<\/p>\n<h2><strong>GALER\u00cdA DE FOTOS:<img decoding=\"async\" class=\"alignright size-medium wp-image-13057\" src=\"https:\/\/turcon.es\/wp\/wp-content\/uploads\/2018\/01\/p1290461.jpg?w=300\" alt=\"\" width=\"300\" height=\"225\" \/> <img decoding=\"async\" class=\"alignright size-medium wp-image-13056\" src=\"https:\/\/turcon.es\/wp\/wp-content\/uploads\/2018\/01\/p1290470.jpg?w=300\" alt=\"\" width=\"300\" height=\"225\" \/> <img loading=\"lazy\" decoding=\"async\" class=\"alignright size-medium wp-image-13055\" src=\"https:\/\/turcon.es\/wp\/wp-content\/uploads\/2018\/01\/p1290471.jpg?w=300\" alt=\"\" width=\"300\" height=\"225\" \/> <img loading=\"lazy\" decoding=\"async\" class=\"alignright size-medium wp-image-13053\" src=\"https:\/\/turcon.es\/wp\/wp-content\/uploads\/2018\/01\/p1290473.jpg?w=300\" alt=\"\" width=\"300\" height=\"225\" \/> <img loading=\"lazy\" decoding=\"async\" class=\"alignright size-medium wp-image-13049\" src=\"https:\/\/turcon.es\/wp\/wp-content\/uploads\/2018\/01\/p1290477.jpg?w=300\" alt=\"\" width=\"300\" height=\"225\" \/> <img loading=\"lazy\" decoding=\"async\" class=\"alignright size-medium wp-image-13048\" src=\"https:\/\/turcon.es\/wp\/wp-content\/uploads\/2018\/01\/p1290478.jpg?w=300\" alt=\"\" width=\"300\" height=\"225\" \/> <img loading=\"lazy\" decoding=\"async\" class=\"alignright size-medium wp-image-13047\" src=\"https:\/\/turcon.es\/wp\/wp-content\/uploads\/2018\/01\/p1290480.jpg?w=300\" alt=\"\" width=\"300\" height=\"225\" \/> <img loading=\"lazy\" decoding=\"async\" class=\"alignright size-medium wp-image-13046\" src=\"https:\/\/turcon.es\/wp\/wp-content\/uploads\/2018\/01\/p1290481.jpg?w=300\" alt=\"\" width=\"300\" height=\"225\" \/> <img loading=\"lazy\" decoding=\"async\" class=\"alignright size-medium wp-image-13045\" src=\"https:\/\/turcon.es\/wp\/wp-content\/uploads\/2018\/01\/p1290483.jpg?w=300\" alt=\"\" width=\"300\" height=\"225\" \/> <img fetchpriority=\"high\" decoding=\"async\" class=\"alignright size-medium wp-image-13044\" src=\"https:\/\/turcon.es\/wp\/wp-content\/uploads\/2018\/01\/whatsapp-image-2018-01-21-at-11-10-45.jpeg?w=300\" alt=\"\" width=\"300\" height=\"169\" \/> <img loading=\"lazy\" decoding=\"async\" class=\"alignright size-medium wp-image-13043\" src=\"https:\/\/turcon.es\/wp\/wp-content\/uploads\/2018\/01\/whatsapp-image-2018-01-21-at-15-18-36.jpeg?w=300\" alt=\"\" width=\"300\" height=\"169\" \/><\/strong><\/h2>\n<p>&nbsp;<\/p>\n","protected":false},"excerpt":{"rendered":"<p>La caminata celebrada hoy inclu\u00eda, tambi\u00e9n, una visita a la Ventana del Bentayga. Algo fresco el d\u00eda. El cielo limpio para la fotograf\u00eda. Los participantes disfrutaron de las amplias panor\u00e1micas y paisajes maravillosos de la Cumbre de Gran Canaria. El Roque Nublo S\u00edmbolo por antonomasia de Gran Canaria, fue escalado en el a\u00f1o 1932 por [&hellip;]<\/p>\n","protected":false},"author":2,"featured_media":0,"comment_status":"open","ping_status":"open","sticky":false,"template":"","format":"standard","meta":{"footnotes":""},"categories":[6,37,38,39,41,46,49,57],"tags":[],"class_list":["post-14837","post","type-post","status-publish","format-standard","hentry","category-actividades-turcon","category-espacios-naturales","category-fauna","category-fauna-y-flora","category-gran-canaria","category-notas-de-prensa-de-turcon","category-patrimonio-historico","category-senderismo"],"yoast_head":"<!-- This site is optimized with the Yoast SEO plugin v26.3 - https:\/\/yoast.com\/wordpress\/plugins\/seo\/ -->\n<title>Preciosa ruta al Nublo. - Colectivo Ecologista Turcon<\/title>\n<meta name=\"robots\" content=\"index, follow, max-snippet:-1, max-image-preview:large, max-video-preview:-1\" \/>\n<link rel=\"canonical\" href=\"https:\/\/turcon.es\/wp\/preciosa-ruta-al-nublo\/\" \/>\n<meta property=\"og:locale\" content=\"es_ES\" \/>\n<meta property=\"og:type\" content=\"article\" \/>\n<meta property=\"og:title\" content=\"Preciosa ruta al Nublo. - Colectivo Ecologista Turcon\" \/>\n<meta property=\"og:description\" content=\"La caminata celebrada hoy inclu\u00eda, tambi\u00e9n, una visita a la Ventana del Bentayga. Algo fresco el d\u00eda. El cielo limpio para la fotograf\u00eda. Los participantes disfrutaron de las amplias panor\u00e1micas y paisajes maravillosos de la Cumbre de Gran Canaria. El Roque Nublo S\u00edmbolo por antonomasia de Gran Canaria, fue escalado en el a\u00f1o 1932 por [&hellip;]\" \/>\n<meta property=\"og:url\" content=\"https:\/\/turcon.es\/wp\/preciosa-ruta-al-nublo\/\" \/>\n<meta property=\"og:site_name\" content=\"Colectivo Ecologista Turcon\" \/>\n<meta property=\"article:published_time\" content=\"2018-01-21T19:35:55+00:00\" \/>\n<meta property=\"og:image\" content=\"https:\/\/turcon.es\/wp\/wp-content\/uploads\/2009\/02\/comuna_hippy-2.jpg\" \/>\n\t<meta property=\"og:image:width\" content=\"620\" \/>\n\t<meta property=\"og:image:height\" content=\"456\" \/>\n\t<meta property=\"og:image:type\" content=\"image\/jpeg\" \/>\n<meta name=\"author\" content=\"Laura Fernandez\" \/>\n<meta name=\"twitter:card\" content=\"summary_large_image\" \/>\n<meta name=\"twitter:label1\" content=\"Escrito por\" \/>\n\t<meta name=\"twitter:data1\" content=\"Laura Fernandez\" \/>\n\t<meta name=\"twitter:label2\" content=\"Tiempo de lectura\" \/>\n\t<meta name=\"twitter:data2\" content=\"3 minutos\" \/>\n<script type=\"application\/ld+json\" class=\"yoast-schema-graph\">{\"@context\":\"https:\/\/schema.org\",\"@graph\":[{\"@type\":\"Article\",\"@id\":\"https:\/\/turcon.es\/wp\/preciosa-ruta-al-nublo\/#article\",\"isPartOf\":{\"@id\":\"https:\/\/turcon.es\/wp\/preciosa-ruta-al-nublo\/\"},\"author\":{\"name\":\"Laura Fernandez\",\"@id\":\"https:\/\/turcon.es\/wp\/#\/schema\/person\/a1f3ba727ce031d9da17684affe85edd\"},\"headline\":\"Preciosa ruta al Nublo.\",\"datePublished\":\"2018-01-21T19:35:55+00:00\",\"mainEntityOfPage\":{\"@id\":\"https:\/\/turcon.es\/wp\/preciosa-ruta-al-nublo\/\"},\"wordCount\":595,\"commentCount\":0,\"publisher\":{\"@id\":\"https:\/\/turcon.es\/wp\/#organization\"},\"image\":{\"@id\":\"https:\/\/turcon.es\/wp\/preciosa-ruta-al-nublo\/#primaryimage\"},\"thumbnailUrl\":\"https:\/\/turcon.es\/wp\/wp-content\/uploads\/2018\/01\/whatsapp-image-2018-01-21-at-11-10-45.jpeg?w=300\",\"articleSection\":[\"#Actividades Turc\u00f3n#\",\"Espacios Naturales\",\"Fauna\",\"Fauna y flora\",\"Gran Canaria\",\"Notas de prensa de Turc\u00f3n\",\"Patrimonio hist\u00f3rico\",\"Senderismo\"],\"inLanguage\":\"es\",\"potentialAction\":[{\"@type\":\"CommentAction\",\"name\":\"Comment\",\"target\":[\"https:\/\/turcon.es\/wp\/preciosa-ruta-al-nublo\/#respond\"]}]},{\"@type\":\"WebPage\",\"@id\":\"https:\/\/turcon.es\/wp\/preciosa-ruta-al-nublo\/\",\"url\":\"https:\/\/turcon.es\/wp\/preciosa-ruta-al-nublo\/\",\"name\":\"Preciosa ruta al Nublo. - Colectivo Ecologista Turcon\",\"isPartOf\":{\"@id\":\"https:\/\/turcon.es\/wp\/#website\"},\"primaryImageOfPage\":{\"@id\":\"https:\/\/turcon.es\/wp\/preciosa-ruta-al-nublo\/#primaryimage\"},\"image\":{\"@id\":\"https:\/\/turcon.es\/wp\/preciosa-ruta-al-nublo\/#primaryimage\"},\"thumbnailUrl\":\"https:\/\/turcon.es\/wp\/wp-content\/uploads\/2018\/01\/whatsapp-image-2018-01-21-at-11-10-45.jpeg?w=300\",\"datePublished\":\"2018-01-21T19:35:55+00:00\",\"breadcrumb\":{\"@id\":\"https:\/\/turcon.es\/wp\/preciosa-ruta-al-nublo\/#breadcrumb\"},\"inLanguage\":\"es\",\"potentialAction\":[{\"@type\":\"ReadAction\",\"target\":[\"https:\/\/turcon.es\/wp\/preciosa-ruta-al-nublo\/\"]}]},{\"@type\":\"ImageObject\",\"inLanguage\":\"es\",\"@id\":\"https:\/\/turcon.es\/wp\/preciosa-ruta-al-nublo\/#primaryimage\",\"url\":\"https:\/\/turcon.es\/wp\/wp-content\/uploads\/2018\/01\/whatsapp-image-2018-01-21-at-11-10-45.jpeg?w=300\",\"contentUrl\":\"https:\/\/turcon.es\/wp\/wp-content\/uploads\/2018\/01\/whatsapp-image-2018-01-21-at-11-10-45.jpeg?w=300\"},{\"@type\":\"BreadcrumbList\",\"@id\":\"https:\/\/turcon.es\/wp\/preciosa-ruta-al-nublo\/#breadcrumb\",\"itemListElement\":[{\"@type\":\"ListItem\",\"position\":1,\"name\":\"Portada\",\"item\":\"https:\/\/turcon.es\/wp\/\"},{\"@type\":\"ListItem\",\"position\":2,\"name\":\"Preciosa ruta al Nublo.\"}]},{\"@type\":\"WebSite\",\"@id\":\"https:\/\/turcon.es\/wp\/#website\",\"url\":\"https:\/\/turcon.es\/wp\/\",\"name\":\"Colectivo Ecologista Turcon\",\"description\":\"\",\"publisher\":{\"@id\":\"https:\/\/turcon.es\/wp\/#organization\"},\"potentialAction\":[{\"@type\":\"SearchAction\",\"target\":{\"@type\":\"EntryPoint\",\"urlTemplate\":\"https:\/\/turcon.es\/wp\/?s={search_term_string}\"},\"query-input\":{\"@type\":\"PropertyValueSpecification\",\"valueRequired\":true,\"valueName\":\"search_term_string\"}}],\"inLanguage\":\"es\"},{\"@type\":\"Organization\",\"@id\":\"https:\/\/turcon.es\/wp\/#organization\",\"name\":\"Colectivo Ecologista Turcon\",\"url\":\"https:\/\/turcon.es\/wp\/\",\"logo\":{\"@type\":\"ImageObject\",\"inLanguage\":\"es\",\"@id\":\"https:\/\/turcon.es\/wp\/#\/schema\/logo\/image\/\",\"url\":\"https:\/\/turcon.es\/wp\/wp-content\/uploads\/2025\/03\/logo-verde.svg\",\"contentUrl\":\"https:\/\/turcon.es\/wp\/wp-content\/uploads\/2025\/03\/logo-verde.svg\",\"width\":813,\"height\":813,\"caption\":\"Colectivo Ecologista Turcon\"},\"image\":{\"@id\":\"https:\/\/turcon.es\/wp\/#\/schema\/logo\/image\/\"}},{\"@type\":\"Person\",\"@id\":\"https:\/\/turcon.es\/wp\/#\/schema\/person\/a1f3ba727ce031d9da17684affe85edd\",\"name\":\"Laura Fernandez\",\"image\":{\"@type\":\"ImageObject\",\"inLanguage\":\"es\",\"@id\":\"https:\/\/turcon.es\/wp\/#\/schema\/person\/image\/\",\"url\":\"https:\/\/secure.gravatar.com\/avatar\/360749af9549af22e54582d50231ae56e854210ae2368797ba242f445a9852e8?s=96&d=mm&r=g\",\"contentUrl\":\"https:\/\/secure.gravatar.com\/avatar\/360749af9549af22e54582d50231ae56e854210ae2368797ba242f445a9852e8?s=96&d=mm&r=g\",\"caption\":\"Laura Fernandez\"},\"url\":\"https:\/\/turcon.es\/wp\/author\/admturcon\/\"}]}<\/script>\n<!-- \/ Yoast SEO plugin. -->","yoast_head_json":{"title":"Preciosa ruta al Nublo. - Colectivo Ecologista Turcon","robots":{"index":"index","follow":"follow","max-snippet":"max-snippet:-1","max-image-preview":"max-image-preview:large","max-video-preview":"max-video-preview:-1"},"canonical":"https:\/\/turcon.es\/wp\/preciosa-ruta-al-nublo\/","og_locale":"es_ES","og_type":"article","og_title":"Preciosa ruta al Nublo. - Colectivo Ecologista Turcon","og_description":"La caminata celebrada hoy inclu\u00eda, tambi\u00e9n, una visita a la Ventana del Bentayga. Algo fresco el d\u00eda. El cielo limpio para la fotograf\u00eda. Los participantes disfrutaron de las amplias panor\u00e1micas y paisajes maravillosos de la Cumbre de Gran Canaria. El Roque Nublo S\u00edmbolo por antonomasia de Gran Canaria, fue escalado en el a\u00f1o 1932 por [&hellip;]","og_url":"https:\/\/turcon.es\/wp\/preciosa-ruta-al-nublo\/","og_site_name":"Colectivo Ecologista Turcon","article_published_time":"2018-01-21T19:35:55+00:00","og_image":[{"width":620,"height":456,"url":"https:\/\/turcon.es\/wp\/wp-content\/uploads\/2009\/02\/comuna_hippy-2.jpg","type":"image\/jpeg"}],"author":"Laura Fernandez","twitter_card":"summary_large_image","twitter_misc":{"Escrito por":"Laura Fernandez","Tiempo de lectura":"3 minutos"},"schema":{"@context":"https:\/\/schema.org","@graph":[{"@type":"Article","@id":"https:\/\/turcon.es\/wp\/preciosa-ruta-al-nublo\/#article","isPartOf":{"@id":"https:\/\/turcon.es\/wp\/preciosa-ruta-al-nublo\/"},"author":{"name":"Laura Fernandez","@id":"https:\/\/turcon.es\/wp\/#\/schema\/person\/a1f3ba727ce031d9da17684affe85edd"},"headline":"Preciosa ruta al Nublo.","datePublished":"2018-01-21T19:35:55+00:00","mainEntityOfPage":{"@id":"https:\/\/turcon.es\/wp\/preciosa-ruta-al-nublo\/"},"wordCount":595,"commentCount":0,"publisher":{"@id":"https:\/\/turcon.es\/wp\/#organization"},"image":{"@id":"https:\/\/turcon.es\/wp\/preciosa-ruta-al-nublo\/#primaryimage"},"thumbnailUrl":"https:\/\/turcon.es\/wp\/wp-content\/uploads\/2018\/01\/whatsapp-image-2018-01-21-at-11-10-45.jpeg?w=300","articleSection":["#Actividades Turc\u00f3n#","Espacios Naturales","Fauna","Fauna y flora","Gran Canaria","Notas de prensa de Turc\u00f3n","Patrimonio hist\u00f3rico","Senderismo"],"inLanguage":"es","potentialAction":[{"@type":"CommentAction","name":"Comment","target":["https:\/\/turcon.es\/wp\/preciosa-ruta-al-nublo\/#respond"]}]},{"@type":"WebPage","@id":"https:\/\/turcon.es\/wp\/preciosa-ruta-al-nublo\/","url":"https:\/\/turcon.es\/wp\/preciosa-ruta-al-nublo\/","name":"Preciosa ruta al Nublo. - Colectivo Ecologista Turcon","isPartOf":{"@id":"https:\/\/turcon.es\/wp\/#website"},"primaryImageOfPage":{"@id":"https:\/\/turcon.es\/wp\/preciosa-ruta-al-nublo\/#primaryimage"},"image":{"@id":"https:\/\/turcon.es\/wp\/preciosa-ruta-al-nublo\/#primaryimage"},"thumbnailUrl":"https:\/\/turcon.es\/wp\/wp-content\/uploads\/2018\/01\/whatsapp-image-2018-01-21-at-11-10-45.jpeg?w=300","datePublished":"2018-01-21T19:35:55+00:00","breadcrumb":{"@id":"https:\/\/turcon.es\/wp\/preciosa-ruta-al-nublo\/#breadcrumb"},"inLanguage":"es","potentialAction":[{"@type":"ReadAction","target":["https:\/\/turcon.es\/wp\/preciosa-ruta-al-nublo\/"]}]},{"@type":"ImageObject","inLanguage":"es","@id":"https:\/\/turcon.es\/wp\/preciosa-ruta-al-nublo\/#primaryimage","url":"https:\/\/turcon.es\/wp\/wp-content\/uploads\/2018\/01\/whatsapp-image-2018-01-21-at-11-10-45.jpeg?w=300","contentUrl":"https:\/\/turcon.es\/wp\/wp-content\/uploads\/2018\/01\/whatsapp-image-2018-01-21-at-11-10-45.jpeg?w=300"},{"@type":"BreadcrumbList","@id":"https:\/\/turcon.es\/wp\/preciosa-ruta-al-nublo\/#breadcrumb","itemListElement":[{"@type":"ListItem","position":1,"name":"Portada","item":"https:\/\/turcon.es\/wp\/"},{"@type":"ListItem","position":2,"name":"Preciosa ruta al Nublo."}]},{"@type":"WebSite","@id":"https:\/\/turcon.es\/wp\/#website","url":"https:\/\/turcon.es\/wp\/","name":"Colectivo Ecologista Turcon","description":"","publisher":{"@id":"https:\/\/turcon.es\/wp\/#organization"},"potentialAction":[{"@type":"SearchAction","target":{"@type":"EntryPoint","urlTemplate":"https:\/\/turcon.es\/wp\/?s={search_term_string}"},"query-input":{"@type":"PropertyValueSpecification","valueRequired":true,"valueName":"search_term_string"}}],"inLanguage":"es"},{"@type":"Organization","@id":"https:\/\/turcon.es\/wp\/#organization","name":"Colectivo Ecologista Turcon","url":"https:\/\/turcon.es\/wp\/","logo":{"@type":"ImageObject","inLanguage":"es","@id":"https:\/\/turcon.es\/wp\/#\/schema\/logo\/image\/","url":"https:\/\/turcon.es\/wp\/wp-content\/uploads\/2025\/03\/logo-verde.svg","contentUrl":"https:\/\/turcon.es\/wp\/wp-content\/uploads\/2025\/03\/logo-verde.svg","width":813,"height":813,"caption":"Colectivo Ecologista Turcon"},"image":{"@id":"https:\/\/turcon.es\/wp\/#\/schema\/logo\/image\/"}},{"@type":"Person","@id":"https:\/\/turcon.es\/wp\/#\/schema\/person\/a1f3ba727ce031d9da17684affe85edd","name":"Laura Fernandez","image":{"@type":"ImageObject","inLanguage":"es","@id":"https:\/\/turcon.es\/wp\/#\/schema\/person\/image\/","url":"https:\/\/secure.gravatar.com\/avatar\/360749af9549af22e54582d50231ae56e854210ae2368797ba242f445a9852e8?s=96&d=mm&r=g","contentUrl":"https:\/\/secure.gravatar.com\/avatar\/360749af9549af22e54582d50231ae56e854210ae2368797ba242f445a9852e8?s=96&d=mm&r=g","caption":"Laura Fernandez"},"url":"https:\/\/turcon.es\/wp\/author\/admturcon\/"}]}},"_links":{"self":[{"href":"https:\/\/turcon.es\/wp\/wp-json\/wp\/v2\/posts\/14837","targetHints":{"allow":["GET"]}}],"collection":[{"href":"https:\/\/turcon.es\/wp\/wp-json\/wp\/v2\/posts"}],"about":[{"href":"https:\/\/turcon.es\/wp\/wp-json\/wp\/v2\/types\/post"}],"author":[{"embeddable":true,"href":"https:\/\/turcon.es\/wp\/wp-json\/wp\/v2\/users\/2"}],"replies":[{"embeddable":true,"href":"https:\/\/turcon.es\/wp\/wp-json\/wp\/v2\/comments?post=14837"}],"version-history":[{"count":0,"href":"https:\/\/turcon.es\/wp\/wp-json\/wp\/v2\/posts\/14837\/revisions"}],"wp:attachment":[{"href":"https:\/\/turcon.es\/wp\/wp-json\/wp\/v2\/media?parent=14837"}],"wp:term":[{"taxonomy":"category","embeddable":true,"href":"https:\/\/turcon.es\/wp\/wp-json\/wp\/v2\/categories?post=14837"},{"taxonomy":"post_tag","embeddable":true,"href":"https:\/\/turcon.es\/wp\/wp-json\/wp\/v2\/tags?post=14837"}],"curies":[{"name":"wp","href":"https:\/\/api.w.org\/{rel}","templated":true}]}}