{"id":14838,"date":"2018-02-26T00:36:05","date_gmt":"2018-02-26T00:36:05","guid":{"rendered":"https:\/\/turcon.wordpress.com\/?p=13061"},"modified":"2018-02-26T00:36:05","modified_gmt":"2018-02-26T00:36:05","slug":"camino-de-santiago-el-sabado-nueva-ruta","status":"publish","type":"post","link":"https:\/\/turcon.es\/wp\/camino-de-santiago-el-sabado-nueva-ruta\/","title":{"rendered":"Camino de Santiago, el s\u00e1bado haremos el tramo final"},"content":{"rendered":"<h2><strong>Ser\u00e1 el s\u00e1bado, d\u00eda 03 de marzo.<\/strong><\/h2>\n<h3><span style=\"color:#800080;\"><strong>(Turc\u00f3n realiza el s\u00e1bado y el domingo rutas)<\/strong><\/span><\/h3>\n<p><img fetchpriority=\"high\" decoding=\"async\" class=\"size-medium wp-image-12665 alignright\" src=\"https:\/\/turcon.es\/wp\/wp-content\/uploads\/2017\/10\/11ab571d-b75b-482d-8de0-960251b0ce47.jpg?w=225\" alt=\"\" width=\"225\" height=\"300\" \/><\/p>\n<p><strong>En la que corresponde al \u00faltimo tramo del Camino de Santiago, <span style=\"color:#ff0000;\">ser\u00e1 desde Saucillo a G\u00e1ldar.<\/span><\/strong><\/p>\n<p>Inscripciones desde las 14:00 horas de hoy lunes.<\/p>\n<p>Tel\u00e9fono para anotarse en Casa de la Juventud de Telde, 928.68.06.86.<\/p>\n<p><strong>Salida de bus desde Telde, a las 8:30 horas.<\/strong><\/p>\n<p><strong>Salida de LPGC, a las 9:00 horas.<\/strong><\/p>\n<p><strong>Distancia: 9 km. Nivel medio.<\/strong><\/p>\n<p><!--more--><strong>Centrado en la ruta jacobea, \u201cVentayga, el enigma del nemeth\u201d es m\u00e1s que un libro.<\/strong><\/p>\n<p><strong>El proyecto cultural e itinerante de Jos\u00e9 Manuel Espi\u00f1o Meil\u00e1n cuenta con la ayuda econ\u00f3mica de la Consejer\u00eda de Cultura del Cabildo de Gran Canaria.<\/strong><\/p>\n<p><strong>En el transcurso de la acci\u00f3n novelada, Beneharo, un mencey desterrado en Gran Canaria, convive en paz con abor\u00edgenes canarios en el poblado de Los Canalizos, en las estribaciones monta\u00f1osas de Chira.<\/strong><\/p>\n<p><strong>Vio la luz el pasado octubre en Telde arropado por m\u00e1s de medio centenar de amigos y amigas.<\/strong><\/p>\n<p><strong>\u201cVENTAYGA, El enigma del nemeth\u201d<\/strong>, es el \u00faltimo libro publicado de Jos\u00e9 Manuel Espi\u00f1o Meil\u00e1n, y se presentar\u00e1 en la tierra gallega del autor.<\/p>\n<p>El autor, <strong>Jos\u00e9 Manuel Espi\u00f1o Meil\u00e1n<\/strong>, es un experimentado profesor y reconocido educador ambiental. En su tiempo libre, escribe y camina. Tiempo, constancia y sacrificio, necesitan ambas actividades pero en su ejecuci\u00f3n el autor no s\u00f3lo encuentra relax, placer y satisfacci\u00f3n sino que mantiene su relaci\u00f3n y compromiso con el medioambiente y la divulgaci\u00f3n y defensa del mismo, a trav\u00e9s del Colectivo TURC\u00d3N Ecologistas en Acci\u00f3n, entidad de la que fue fundador.<\/p>\n<p>En palabras del autor \u201cNo me pidan que les resuma esta novela de seiscientas p\u00e1ginas porque no puedo. Si acaso, estos apuntes puedan aproximarles a su argumento.<\/p>\n<p>Es mi primera novela, escrita hace diez a\u00f1os y revisada decenas de veces. Luego surgieron: \u201cLos silencios de Punta de las Arenas\u201d, \u201cUn centenar de lagartos\u201d y \u201cKa i ak: una isla, una piragua y unas botas de monta\u00f1a\u201d<\/p>\n<p>Como primera, mantuvo siempre su esencia. Hay mucho de vivencias y recuerdos, de mundos sentidos y otros so\u00f1ados. Novela pasional, novela de recreaci\u00f3n hist\u00f3rica, novela de aventuras, novela de ciencia-ficci\u00f3n\u2026 Es posible que s\u00f3lo sea una novela nost\u00e1lgica que rememora momentos del pasado y procura el rescate de sendas perdidas en el transcurso de los siglos.<img decoding=\"async\" class=\" wp-image-12767 alignright\" src=\"https:\/\/turcon.es\/wp\/wp-content\/uploads\/2017\/11\/wshxmcid.jpeg?w=300\" alt=\"\" width=\"152\" height=\"152\" \/><\/p>\n<p>La trama argumental juega con dos tiempos bien\u00a0 marcados:<\/p>\n<p>Principios del siglo XVI, reciente a\u00fan los \u00faltimos ecos de la conquista de Tenerife \u2013la \u00faltima isla de las Canarias conquistada- y principios del siglo XXI.<\/p>\n<p>La novela comienza con un encuentro casual en la calle Peregrina, en Las Palmas de Gran Canaria, hace apenas unas semanas.<\/p>\n<p>Sus personajes: un arque\u00f3logo, un hedonista, un trotamundos y un mencey, navegan a trav\u00e9s de una trama argumental que se solapa continuamente.<\/p>\n<p>Pasi\u00f3n, muerte, venganza, redenci\u00f3n. Pausadas reflexiones sobre una isla que cambia a velocidad de v\u00e9rtigo \u2013quinientos a\u00f1os lo permiten-. Un terrible naufragio. Una imagen de madera policromada. Una leyenda y un camino jacobeo.<\/p>\n<p>Una isla desgranada a trav\u00e9s de sus sendas, capaz de unir pasado, presente y futuro en una dimensi\u00f3n temporal inexistente.<\/p>\n<p>Y un roque, Ventayga en sus or\u00edgenes\u00a0 -el manuscrito de Antonio Cede\u00f1o as\u00ed lo atestigua-, Bentayga rebautizado con posterioridad por la pluma de cronistas e historiadores.<\/p>\n<p>Ventayga, nemeth aborigen. Roque m\u00edtico, roque altar, roque adoratorio, roque p\u00e9treo que unifica la espiritualidad de los abor\u00edgenes canarios y las tribus ind\u00edgenas galaicas, pues ambos consideraban a roques y monta\u00f1as, santuarios donde acercarse a sus dioses, implorar su ayuda o agradecer sus dones.<\/p>\n<p>\u201cVentayga, el enigma del nemeth\u201d es un enigma en s\u00ed, pues las fuerzas tel\u00faricas de la monta\u00f1a nos van a llevar a campos del conocimiento desconocidos, a sensaciones extrasensoriales jam\u00e1s experimentadas y a dimensiones paralelas que a muchos de los lectores les ser\u00e1 dif\u00edcil de creer.<\/p>\n<p>&nbsp;<\/p>\n<p>&nbsp;<\/p>\n","protected":false},"excerpt":{"rendered":"<p>Ser\u00e1 el s\u00e1bado, d\u00eda 03 de marzo. (Turc\u00f3n realiza el s\u00e1bado y el domingo rutas) En la que corresponde al \u00faltimo tramo del Camino de Santiago, ser\u00e1 desde Saucillo a G\u00e1ldar. Inscripciones desde las 14:00 horas de hoy lunes. Tel\u00e9fono para anotarse en Casa de la Juventud de Telde, 928.68.06.86. Salida de bus desde Telde, [&hellip;]<\/p>\n","protected":false},"author":2,"featured_media":0,"comment_status":"open","ping_status":"open","sticky":false,"template":"","format":"standard","meta":{"footnotes":""},"categories":[6,18,37,41,45,46,49,54,55,57,60],"tags":[],"class_list":["post-14838","post","type-post","status-publish","format-standard","hentry","category-actividades-turcon","category-canarias","category-espacios-naturales","category-gran-canaria","category-ninos","category-notas-de-prensa-de-turcon","category-patrimonio-historico","category-recomendamos-para-leer-ver-y-escuchar","category-recursos-naturales","category-senderismo","category-telde-gran-canaria"],"yoast_head":"<!-- This site is optimized with the Yoast SEO plugin v26.3 - https:\/\/yoast.com\/wordpress\/plugins\/seo\/ -->\n<title>Camino de Santiago, el s\u00e1bado haremos el tramo final - Colectivo Ecologista Turcon<\/title>\n<meta name=\"robots\" content=\"index, follow, max-snippet:-1, max-image-preview:large, max-video-preview:-1\" \/>\n<link rel=\"canonical\" href=\"https:\/\/turcon.es\/wp\/camino-de-santiago-el-sabado-nueva-ruta\/\" \/>\n<meta property=\"og:locale\" content=\"es_ES\" \/>\n<meta property=\"og:type\" content=\"article\" \/>\n<meta property=\"og:title\" content=\"Camino de Santiago, el s\u00e1bado haremos el tramo final - Colectivo Ecologista Turcon\" \/>\n<meta property=\"og:description\" content=\"Ser\u00e1 el s\u00e1bado, d\u00eda 03 de marzo. (Turc\u00f3n realiza el s\u00e1bado y el domingo rutas) En la que corresponde al \u00faltimo tramo del Camino de Santiago, ser\u00e1 desde Saucillo a G\u00e1ldar. Inscripciones desde las 14:00 horas de hoy lunes. Tel\u00e9fono para anotarse en Casa de la Juventud de Telde, 928.68.06.86. Salida de bus desde Telde, [&hellip;]\" \/>\n<meta property=\"og:url\" content=\"https:\/\/turcon.es\/wp\/camino-de-santiago-el-sabado-nueva-ruta\/\" \/>\n<meta property=\"og:site_name\" content=\"Colectivo Ecologista Turcon\" \/>\n<meta property=\"article:published_time\" content=\"2018-02-26T00:36:05+00:00\" \/>\n<meta property=\"og:image\" content=\"https:\/\/turcon.es\/wp\/wp-content\/uploads\/2008\/11\/japon-1.jpg\" \/>\n\t<meta property=\"og:image:width\" content=\"543\" \/>\n\t<meta property=\"og:image:height\" content=\"454\" \/>\n\t<meta property=\"og:image:type\" content=\"image\/jpeg\" \/>\n<meta name=\"author\" content=\"Laura Fernandez\" \/>\n<meta name=\"twitter:card\" content=\"summary_large_image\" \/>\n<meta name=\"twitter:label1\" content=\"Escrito por\" \/>\n\t<meta name=\"twitter:data1\" content=\"Laura Fernandez\" \/>\n\t<meta name=\"twitter:label2\" content=\"Tiempo de lectura\" \/>\n\t<meta name=\"twitter:data2\" content=\"3 minutos\" \/>\n<script type=\"application\/ld+json\" class=\"yoast-schema-graph\">{\"@context\":\"https:\/\/schema.org\",\"@graph\":[{\"@type\":\"Article\",\"@id\":\"https:\/\/turcon.es\/wp\/camino-de-santiago-el-sabado-nueva-ruta\/#article\",\"isPartOf\":{\"@id\":\"https:\/\/turcon.es\/wp\/camino-de-santiago-el-sabado-nueva-ruta\/\"},\"author\":{\"name\":\"Laura Fernandez\",\"@id\":\"https:\/\/turcon.es\/wp\/#\/schema\/person\/a1f3ba727ce031d9da17684affe85edd\"},\"headline\":\"Camino de Santiago, el s\u00e1bado haremos el tramo final\",\"datePublished\":\"2018-02-26T00:36:05+00:00\",\"mainEntityOfPage\":{\"@id\":\"https:\/\/turcon.es\/wp\/camino-de-santiago-el-sabado-nueva-ruta\/\"},\"wordCount\":688,\"commentCount\":1,\"publisher\":{\"@id\":\"https:\/\/turcon.es\/wp\/#organization\"},\"image\":{\"@id\":\"https:\/\/turcon.es\/wp\/camino-de-santiago-el-sabado-nueva-ruta\/#primaryimage\"},\"thumbnailUrl\":\"https:\/\/turcon.es\/wp\/wp-content\/uploads\/2017\/10\/11ab571d-b75b-482d-8de0-960251b0ce47.jpg?w=225\",\"articleSection\":[\"#Actividades Turc\u00f3n#\",\"Canarias\",\"Espacios Naturales\",\"Gran Canaria\",\"Ni\u00f1os\",\"Notas de prensa de Turc\u00f3n\",\"Patrimonio hist\u00f3rico\",\"Recomendamos para leer, ver y escuchar...\",\"Recursos naturales\",\"Senderismo\",\"Telde (Gran Canaria)\"],\"inLanguage\":\"es\",\"potentialAction\":[{\"@type\":\"CommentAction\",\"name\":\"Comment\",\"target\":[\"https:\/\/turcon.es\/wp\/camino-de-santiago-el-sabado-nueva-ruta\/#respond\"]}]},{\"@type\":\"WebPage\",\"@id\":\"https:\/\/turcon.es\/wp\/camino-de-santiago-el-sabado-nueva-ruta\/\",\"url\":\"https:\/\/turcon.es\/wp\/camino-de-santiago-el-sabado-nueva-ruta\/\",\"name\":\"Camino de Santiago, el s\u00e1bado haremos el tramo final - Colectivo Ecologista Turcon\",\"isPartOf\":{\"@id\":\"https:\/\/turcon.es\/wp\/#website\"},\"primaryImageOfPage\":{\"@id\":\"https:\/\/turcon.es\/wp\/camino-de-santiago-el-sabado-nueva-ruta\/#primaryimage\"},\"image\":{\"@id\":\"https:\/\/turcon.es\/wp\/camino-de-santiago-el-sabado-nueva-ruta\/#primaryimage\"},\"thumbnailUrl\":\"https:\/\/turcon.es\/wp\/wp-content\/uploads\/2017\/10\/11ab571d-b75b-482d-8de0-960251b0ce47.jpg?w=225\",\"datePublished\":\"2018-02-26T00:36:05+00:00\",\"breadcrumb\":{\"@id\":\"https:\/\/turcon.es\/wp\/camino-de-santiago-el-sabado-nueva-ruta\/#breadcrumb\"},\"inLanguage\":\"es\",\"potentialAction\":[{\"@type\":\"ReadAction\",\"target\":[\"https:\/\/turcon.es\/wp\/camino-de-santiago-el-sabado-nueva-ruta\/\"]}]},{\"@type\":\"ImageObject\",\"inLanguage\":\"es\",\"@id\":\"https:\/\/turcon.es\/wp\/camino-de-santiago-el-sabado-nueva-ruta\/#primaryimage\",\"url\":\"https:\/\/turcon.es\/wp\/wp-content\/uploads\/2017\/10\/11ab571d-b75b-482d-8de0-960251b0ce47.jpg?w=225\",\"contentUrl\":\"https:\/\/turcon.es\/wp\/wp-content\/uploads\/2017\/10\/11ab571d-b75b-482d-8de0-960251b0ce47.jpg?w=225\"},{\"@type\":\"BreadcrumbList\",\"@id\":\"https:\/\/turcon.es\/wp\/camino-de-santiago-el-sabado-nueva-ruta\/#breadcrumb\",\"itemListElement\":[{\"@type\":\"ListItem\",\"position\":1,\"name\":\"Portada\",\"item\":\"https:\/\/turcon.es\/wp\/\"},{\"@type\":\"ListItem\",\"position\":2,\"name\":\"Camino de Santiago, el s\u00e1bado haremos el tramo final\"}]},{\"@type\":\"WebSite\",\"@id\":\"https:\/\/turcon.es\/wp\/#website\",\"url\":\"https:\/\/turcon.es\/wp\/\",\"name\":\"Colectivo Ecologista Turcon\",\"description\":\"\",\"publisher\":{\"@id\":\"https:\/\/turcon.es\/wp\/#organization\"},\"potentialAction\":[{\"@type\":\"SearchAction\",\"target\":{\"@type\":\"EntryPoint\",\"urlTemplate\":\"https:\/\/turcon.es\/wp\/?s={search_term_string}\"},\"query-input\":{\"@type\":\"PropertyValueSpecification\",\"valueRequired\":true,\"valueName\":\"search_term_string\"}}],\"inLanguage\":\"es\"},{\"@type\":\"Organization\",\"@id\":\"https:\/\/turcon.es\/wp\/#organization\",\"name\":\"Colectivo Ecologista Turcon\",\"url\":\"https:\/\/turcon.es\/wp\/\",\"logo\":{\"@type\":\"ImageObject\",\"inLanguage\":\"es\",\"@id\":\"https:\/\/turcon.es\/wp\/#\/schema\/logo\/image\/\",\"url\":\"https:\/\/turcon.es\/wp\/wp-content\/uploads\/2025\/03\/logo-verde.svg\",\"contentUrl\":\"https:\/\/turcon.es\/wp\/wp-content\/uploads\/2025\/03\/logo-verde.svg\",\"width\":813,\"height\":813,\"caption\":\"Colectivo Ecologista Turcon\"},\"image\":{\"@id\":\"https:\/\/turcon.es\/wp\/#\/schema\/logo\/image\/\"}},{\"@type\":\"Person\",\"@id\":\"https:\/\/turcon.es\/wp\/#\/schema\/person\/a1f3ba727ce031d9da17684affe85edd\",\"name\":\"Laura Fernandez\",\"image\":{\"@type\":\"ImageObject\",\"inLanguage\":\"es\",\"@id\":\"https:\/\/turcon.es\/wp\/#\/schema\/person\/image\/\",\"url\":\"https:\/\/secure.gravatar.com\/avatar\/360749af9549af22e54582d50231ae56e854210ae2368797ba242f445a9852e8?s=96&d=mm&r=g\",\"contentUrl\":\"https:\/\/secure.gravatar.com\/avatar\/360749af9549af22e54582d50231ae56e854210ae2368797ba242f445a9852e8?s=96&d=mm&r=g\",\"caption\":\"Laura Fernandez\"},\"url\":\"https:\/\/turcon.es\/wp\/author\/admturcon\/\"}]}<\/script>\n<!-- \/ Yoast SEO plugin. -->","yoast_head_json":{"title":"Camino de Santiago, el s\u00e1bado haremos el tramo final - Colectivo Ecologista Turcon","robots":{"index":"index","follow":"follow","max-snippet":"max-snippet:-1","max-image-preview":"max-image-preview:large","max-video-preview":"max-video-preview:-1"},"canonical":"https:\/\/turcon.es\/wp\/camino-de-santiago-el-sabado-nueva-ruta\/","og_locale":"es_ES","og_type":"article","og_title":"Camino de Santiago, el s\u00e1bado haremos el tramo final - Colectivo Ecologista Turcon","og_description":"Ser\u00e1 el s\u00e1bado, d\u00eda 03 de marzo. (Turc\u00f3n realiza el s\u00e1bado y el domingo rutas) En la que corresponde al \u00faltimo tramo del Camino de Santiago, ser\u00e1 desde Saucillo a G\u00e1ldar. Inscripciones desde las 14:00 horas de hoy lunes. Tel\u00e9fono para anotarse en Casa de la Juventud de Telde, 928.68.06.86. Salida de bus desde Telde, [&hellip;]","og_url":"https:\/\/turcon.es\/wp\/camino-de-santiago-el-sabado-nueva-ruta\/","og_site_name":"Colectivo Ecologista Turcon","article_published_time":"2018-02-26T00:36:05+00:00","og_image":[{"width":543,"height":454,"url":"https:\/\/turcon.es\/wp\/wp-content\/uploads\/2008\/11\/japon-1.jpg","type":"image\/jpeg"}],"author":"Laura Fernandez","twitter_card":"summary_large_image","twitter_misc":{"Escrito por":"Laura Fernandez","Tiempo de lectura":"3 minutos"},"schema":{"@context":"https:\/\/schema.org","@graph":[{"@type":"Article","@id":"https:\/\/turcon.es\/wp\/camino-de-santiago-el-sabado-nueva-ruta\/#article","isPartOf":{"@id":"https:\/\/turcon.es\/wp\/camino-de-santiago-el-sabado-nueva-ruta\/"},"author":{"name":"Laura Fernandez","@id":"https:\/\/turcon.es\/wp\/#\/schema\/person\/a1f3ba727ce031d9da17684affe85edd"},"headline":"Camino de Santiago, el s\u00e1bado haremos el tramo final","datePublished":"2018-02-26T00:36:05+00:00","mainEntityOfPage":{"@id":"https:\/\/turcon.es\/wp\/camino-de-santiago-el-sabado-nueva-ruta\/"},"wordCount":688,"commentCount":1,"publisher":{"@id":"https:\/\/turcon.es\/wp\/#organization"},"image":{"@id":"https:\/\/turcon.es\/wp\/camino-de-santiago-el-sabado-nueva-ruta\/#primaryimage"},"thumbnailUrl":"https:\/\/turcon.es\/wp\/wp-content\/uploads\/2017\/10\/11ab571d-b75b-482d-8de0-960251b0ce47.jpg?w=225","articleSection":["#Actividades Turc\u00f3n#","Canarias","Espacios Naturales","Gran Canaria","Ni\u00f1os","Notas de prensa de Turc\u00f3n","Patrimonio hist\u00f3rico","Recomendamos para leer, ver y escuchar...","Recursos naturales","Senderismo","Telde (Gran Canaria)"],"inLanguage":"es","potentialAction":[{"@type":"CommentAction","name":"Comment","target":["https:\/\/turcon.es\/wp\/camino-de-santiago-el-sabado-nueva-ruta\/#respond"]}]},{"@type":"WebPage","@id":"https:\/\/turcon.es\/wp\/camino-de-santiago-el-sabado-nueva-ruta\/","url":"https:\/\/turcon.es\/wp\/camino-de-santiago-el-sabado-nueva-ruta\/","name":"Camino de Santiago, el s\u00e1bado haremos el tramo final - Colectivo Ecologista Turcon","isPartOf":{"@id":"https:\/\/turcon.es\/wp\/#website"},"primaryImageOfPage":{"@id":"https:\/\/turcon.es\/wp\/camino-de-santiago-el-sabado-nueva-ruta\/#primaryimage"},"image":{"@id":"https:\/\/turcon.es\/wp\/camino-de-santiago-el-sabado-nueva-ruta\/#primaryimage"},"thumbnailUrl":"https:\/\/turcon.es\/wp\/wp-content\/uploads\/2017\/10\/11ab571d-b75b-482d-8de0-960251b0ce47.jpg?w=225","datePublished":"2018-02-26T00:36:05+00:00","breadcrumb":{"@id":"https:\/\/turcon.es\/wp\/camino-de-santiago-el-sabado-nueva-ruta\/#breadcrumb"},"inLanguage":"es","potentialAction":[{"@type":"ReadAction","target":["https:\/\/turcon.es\/wp\/camino-de-santiago-el-sabado-nueva-ruta\/"]}]},{"@type":"ImageObject","inLanguage":"es","@id":"https:\/\/turcon.es\/wp\/camino-de-santiago-el-sabado-nueva-ruta\/#primaryimage","url":"https:\/\/turcon.es\/wp\/wp-content\/uploads\/2017\/10\/11ab571d-b75b-482d-8de0-960251b0ce47.jpg?w=225","contentUrl":"https:\/\/turcon.es\/wp\/wp-content\/uploads\/2017\/10\/11ab571d-b75b-482d-8de0-960251b0ce47.jpg?w=225"},{"@type":"BreadcrumbList","@id":"https:\/\/turcon.es\/wp\/camino-de-santiago-el-sabado-nueva-ruta\/#breadcrumb","itemListElement":[{"@type":"ListItem","position":1,"name":"Portada","item":"https:\/\/turcon.es\/wp\/"},{"@type":"ListItem","position":2,"name":"Camino de Santiago, el s\u00e1bado haremos el tramo final"}]},{"@type":"WebSite","@id":"https:\/\/turcon.es\/wp\/#website","url":"https:\/\/turcon.es\/wp\/","name":"Colectivo Ecologista Turcon","description":"","publisher":{"@id":"https:\/\/turcon.es\/wp\/#organization"},"potentialAction":[{"@type":"SearchAction","target":{"@type":"EntryPoint","urlTemplate":"https:\/\/turcon.es\/wp\/?s={search_term_string}"},"query-input":{"@type":"PropertyValueSpecification","valueRequired":true,"valueName":"search_term_string"}}],"inLanguage":"es"},{"@type":"Organization","@id":"https:\/\/turcon.es\/wp\/#organization","name":"Colectivo Ecologista Turcon","url":"https:\/\/turcon.es\/wp\/","logo":{"@type":"ImageObject","inLanguage":"es","@id":"https:\/\/turcon.es\/wp\/#\/schema\/logo\/image\/","url":"https:\/\/turcon.es\/wp\/wp-content\/uploads\/2025\/03\/logo-verde.svg","contentUrl":"https:\/\/turcon.es\/wp\/wp-content\/uploads\/2025\/03\/logo-verde.svg","width":813,"height":813,"caption":"Colectivo Ecologista Turcon"},"image":{"@id":"https:\/\/turcon.es\/wp\/#\/schema\/logo\/image\/"}},{"@type":"Person","@id":"https:\/\/turcon.es\/wp\/#\/schema\/person\/a1f3ba727ce031d9da17684affe85edd","name":"Laura Fernandez","image":{"@type":"ImageObject","inLanguage":"es","@id":"https:\/\/turcon.es\/wp\/#\/schema\/person\/image\/","url":"https:\/\/secure.gravatar.com\/avatar\/360749af9549af22e54582d50231ae56e854210ae2368797ba242f445a9852e8?s=96&d=mm&r=g","contentUrl":"https:\/\/secure.gravatar.com\/avatar\/360749af9549af22e54582d50231ae56e854210ae2368797ba242f445a9852e8?s=96&d=mm&r=g","caption":"Laura Fernandez"},"url":"https:\/\/turcon.es\/wp\/author\/admturcon\/"}]}},"_links":{"self":[{"href":"https:\/\/turcon.es\/wp\/wp-json\/wp\/v2\/posts\/14838","targetHints":{"allow":["GET"]}}],"collection":[{"href":"https:\/\/turcon.es\/wp\/wp-json\/wp\/v2\/posts"}],"about":[{"href":"https:\/\/turcon.es\/wp\/wp-json\/wp\/v2\/types\/post"}],"author":[{"embeddable":true,"href":"https:\/\/turcon.es\/wp\/wp-json\/wp\/v2\/users\/2"}],"replies":[{"embeddable":true,"href":"https:\/\/turcon.es\/wp\/wp-json\/wp\/v2\/comments?post=14838"}],"version-history":[{"count":0,"href":"https:\/\/turcon.es\/wp\/wp-json\/wp\/v2\/posts\/14838\/revisions"}],"wp:attachment":[{"href":"https:\/\/turcon.es\/wp\/wp-json\/wp\/v2\/media?parent=14838"}],"wp:term":[{"taxonomy":"category","embeddable":true,"href":"https:\/\/turcon.es\/wp\/wp-json\/wp\/v2\/categories?post=14838"},{"taxonomy":"post_tag","embeddable":true,"href":"https:\/\/turcon.es\/wp\/wp-json\/wp\/v2\/tags?post=14838"}],"curies":[{"name":"wp","href":"https:\/\/api.w.org\/{rel}","templated":true}]}}