{"id":14841,"date":"2018-01-29T11:48:09","date_gmt":"2018-01-29T11:48:09","guid":{"rendered":"https:\/\/turcon.wordpress.com\/?p=13084"},"modified":"2018-01-29T11:48:09","modified_gmt":"2018-01-29T11:48:09","slug":"encuentro-de-la-plataforma-canarias-por-un-territorio-sostenible","status":"publish","type":"post","link":"https:\/\/turcon.es\/wp\/encuentro-de-la-plataforma-canarias-por-un-territorio-sostenible\/","title":{"rendered":"Encuentro de la Plataforma \u201cCanarias por un Territorio Sostenible\u201d"},"content":{"rendered":"<p><span style=\"color:#ff0000;\"><strong>CELEBRADO EN LAS PALMAS DE GRAN CANARIA UN EXITOSO TERCER ENCUENTRO DE COLECTIVOS POR LA DEFENSA DE LOS VALORES SOCIALES Y MEDIO-AMBIENTALES DEL TERRITORIO CANARIO<\/strong><\/span><\/p>\n<p><strong>En este tercer Encuentro de Colectivos se decide avanzar en la coordinaci\u00f3n para hacer frente a la ofensiva contra el territorio.<img fetchpriority=\"high\" decoding=\"async\" class=\"aligncenter size-medium wp-image-13037\" src=\"https:\/\/turcon.es\/wp\/wp-content\/uploads\/2018\/01\/whatsapp-image-2018-01-16-at-22-30-35.jpeg?w=300\" alt=\"\" width=\"300\" height=\"168\" \/><\/strong><\/p>\n<p>Convocados por la Plataforma \u201cCanarias por un Territorio Sostenible\u201d, en la jornada del s\u00e1bado 27 de enero de 2018 se celebr\u00f3 en la Plaza del Pilar (Guanarteme) de Las Palmas de Gran Canaria el 3er.<\/p>\n<p>Encuentro de Colectivos de Canarias por la Defensa de los valores sociales y medioambientales del territorio canario, en el que participaron numerosas plataformas ciudadanas y colectivos en defensa de los valores sociales y medioambientales que ten\u00edan como \u201c<em>objetivo reflexionar sobre la intensificaci\u00f3n de la ofensiva contra el territorio canario, y c\u00f3mo pese a los discursos oficiales que hablan de cambiar el modelo de apostar por la I+D+I, lo que ocurre en la realidad es que se aceleran los procesos de apropiaci\u00f3n y especulaci\u00f3n que consolidan el viejo modelo<\/em>\u201d.<\/p>\n<p>En la jornada de trabajo se pusieron en com\u00fan experiencias que est\u00e1n desarrollando diferentes colectivos de Gran Canaria sobre megainfraestructuras como el muelle de Agaete o el intento de generar la red de distribuci\u00f3n del \u201caire propanado\u201d que no s\u00f3lo destrozan el paisaje y consumen territorio sino que \u201cabsorben\u201d un dinero p\u00fablico que la sociedad canaria necesita para servicios sociosanitarios, educativos, sociales\u2026 gracias a la participaci\u00f3n del <strong>colectivo Agaete sin macro muelle y de la Asamblea ciudadana contra el gas en Gran Canaria.<\/strong><!--more--><\/p>\n<p>Tambi\u00e9n se expusieron por parte de los\/as compa\u00f1eros\/as del<strong> Foro de La Isleta<\/strong> los procesos de transformaci\u00f3n del barrio que se desarrollan sin propiciar la participaci\u00f3n efectiva de la ciudadan\u00eda del barrio, as\u00ed como los procesos de apropiaci\u00f3n de los recursos p\u00fablicos que se est\u00e1n produciendo en el \u201cistmo\u201d, con propuestas como la construcci\u00f3n de hoteles o un taller de barcos de recreo en un espacio que pertenece a todos\/as y del que se apropian evitando la opini\u00f3n de los\/as vecinos\/as\u2026<\/p>\n<p>El <strong>sindicato de Inquilinas<\/strong>, llam\u00f3 la atenci\u00f3n sobre el preocupante incremento de los precios de los alquileres que se est\u00e1\u00a0 produciendo en la isla, problema que ya empieza a ser muy grave en las islas de Lanzarote y Fuerteventura y que est\u00e1 ya suponiendo la expulsi\u00f3n de vecinos y vecinas que viven en alquiler y que se ven obligados a salir de sus barrios de toda la vida por el encarecimiento provocado por el proceso de turistificaci\u00f3n de las ciudades.<\/p>\n<p>Se cont\u00f3 tambi\u00e9n con la participaci\u00f3n del colectivo <strong>\u201cTindaya no se toca\u201d<\/strong> como un claro ejemplo de apropiaci\u00f3n del valor arqueol\u00f3gico y cultural del territorio trasvasando dinero p\u00fablico a intereses particulares, tanto en el propio proceso de construcci\u00f3n como en el de explotaci\u00f3n, despreciando el valor hist\u00f3rico y patrimonial del territorio que es un bien de todos\/as.<\/p>\n<p>As\u00ed como la <strong>Plataforma para el Desarrollo Sostenible de Firgas,<\/strong> quienes contaron el trabajo desarrollado para la iniciativa recientemente aprobada por unanimidad en el pleno del Ayuntamiento de Firgas sobre la petici\u00f3n de redacci\u00f3n del Plan Rector de Uso y Gesti\u00f3n del Parque Rural de Doramas.<\/p>\n<p>Tras un rico y participativo debate en el que se puso de manifiesto que esta ofensiva contra el territorio forma parte de un modelo insostenible, que no es otro que el mismo viejo modelo especulativo que parece intensificarse con la aprobaci\u00f3n de la legislaci\u00f3n como la ley del suelo que da m\u00e1s facilidades a\u00fan a los especuladores.<\/p>\n<p>Tras comprobar que las diferentes batallas en las que est\u00e1n inmersos los colectivos forman parte de una misma idea, que no es otro que el viejo modelo a la medida de los especuladores, se concluy\u00f3 con la necesidad de avanzar en la coordinaci\u00f3n de los diferentes colectivos para contraponer al viejo modelo especulativo un instrumento a la medida de las personas. Las decisiones sobre el territorio tienen una incidencia clara y directa en la calidad de vida de la gente que tiene derecho a participar activamente en la construcci\u00f3n de su futuro.<\/p>\n<p>Desde la organizaci\u00f3n se valora como \u201c<em>Exitoso y productivo trabajo el realizado en el d\u00eda de hoy en el que se habl\u00f3 mucho de territorio, de planteamiento de alternativas a la ley del suelo de Clavijo y los suyos, de movilizaciones&#8230; y sobre todo de Participaci\u00f3n Ciudadana, algo a lo que las autoridades le tienen un miedo enorme<\/em>\u201d.<\/p>\n","protected":false},"excerpt":{"rendered":"<p>CELEBRADO EN LAS PALMAS DE GRAN CANARIA UN EXITOSO TERCER ENCUENTRO DE COLECTIVOS POR LA DEFENSA DE LOS VALORES SOCIALES Y MEDIO-AMBIENTALES DEL TERRITORIO CANARIO En este tercer Encuentro de Colectivos se decide avanzar en la coordinaci\u00f3n para hacer frente a la ofensiva contra el territorio. Convocados por la Plataforma \u201cCanarias por un Territorio Sostenible\u201d, [&hellip;]<\/p>\n","protected":false},"author":2,"featured_media":0,"comment_status":"open","ping_status":"open","sticky":false,"template":"","format":"standard","meta":{"footnotes":""},"categories":[6,17,18,34,35,37,40,41,69,46,49,53,55,58],"tags":[],"class_list":["post-14841","post","type-post","status-publish","format-standard","hentry","category-actividades-turcon","category-cambio-climatico","category-canarias","category-energia","category-energias-renovables","category-espacios-naturales","category-gobierno","category-gran-canaria","category-movimiento-ciudadano","category-notas-de-prensa-de-turcon","category-patrimonio-historico","category-recomendamos-para-leer","category-recursos-naturales","category-sociedad-y-derechos"],"yoast_head":"<!-- This site is optimized with the Yoast SEO plugin v26.3 - https:\/\/yoast.com\/wordpress\/plugins\/seo\/ -->\n<title>Encuentro de la Plataforma \u201cCanarias por un Territorio Sostenible\u201d - Colectivo Ecologista Turcon<\/title>\n<meta name=\"robots\" content=\"index, follow, max-snippet:-1, max-image-preview:large, max-video-preview:-1\" \/>\n<link rel=\"canonical\" href=\"https:\/\/turcon.es\/wp\/encuentro-de-la-plataforma-canarias-por-un-territorio-sostenible\/\" \/>\n<meta property=\"og:locale\" content=\"es_ES\" \/>\n<meta property=\"og:type\" content=\"article\" \/>\n<meta property=\"og:title\" content=\"Encuentro de la Plataforma \u201cCanarias por un Territorio Sostenible\u201d - Colectivo Ecologista Turcon\" \/>\n<meta property=\"og:description\" content=\"CELEBRADO EN LAS PALMAS DE GRAN CANARIA UN EXITOSO TERCER ENCUENTRO DE COLECTIVOS POR LA DEFENSA DE LOS VALORES SOCIALES Y MEDIO-AMBIENTALES DEL TERRITORIO CANARIO En este tercer Encuentro de Colectivos se decide avanzar en la coordinaci\u00f3n para hacer frente a la ofensiva contra el territorio. Convocados por la Plataforma \u201cCanarias por un Territorio Sostenible\u201d, [&hellip;]\" \/>\n<meta property=\"og:url\" content=\"https:\/\/turcon.es\/wp\/encuentro-de-la-plataforma-canarias-por-un-territorio-sostenible\/\" \/>\n<meta property=\"og:site_name\" content=\"Colectivo Ecologista Turcon\" \/>\n<meta property=\"article:published_time\" content=\"2018-01-29T11:48:09+00:00\" \/>\n<meta property=\"og:image\" content=\"https:\/\/turcon.es\/wp\/wp-content\/uploads\/2009\/02\/vinilo-aniversario21-3.jpg\" \/>\n\t<meta property=\"og:image:width\" content=\"200\" \/>\n\t<meta property=\"og:image:height\" content=\"80\" \/>\n\t<meta property=\"og:image:type\" content=\"image\/jpeg\" \/>\n<meta name=\"author\" content=\"Laura Fernandez\" \/>\n<meta name=\"twitter:card\" content=\"summary_large_image\" \/>\n<meta name=\"twitter:label1\" content=\"Escrito por\" \/>\n\t<meta name=\"twitter:data1\" content=\"Laura Fernandez\" \/>\n\t<meta name=\"twitter:label2\" content=\"Tiempo de lectura\" \/>\n\t<meta name=\"twitter:data2\" content=\"4 minutos\" \/>\n<script type=\"application\/ld+json\" class=\"yoast-schema-graph\">{\"@context\":\"https:\/\/schema.org\",\"@graph\":[{\"@type\":\"Article\",\"@id\":\"https:\/\/turcon.es\/wp\/encuentro-de-la-plataforma-canarias-por-un-territorio-sostenible\/#article\",\"isPartOf\":{\"@id\":\"https:\/\/turcon.es\/wp\/encuentro-de-la-plataforma-canarias-por-un-territorio-sostenible\/\"},\"author\":{\"name\":\"Laura Fernandez\",\"@id\":\"https:\/\/turcon.es\/wp\/#\/schema\/person\/a1f3ba727ce031d9da17684affe85edd\"},\"headline\":\"Encuentro de la Plataforma \u201cCanarias por un Territorio Sostenible\u201d\",\"datePublished\":\"2018-01-29T11:48:09+00:00\",\"mainEntityOfPage\":{\"@id\":\"https:\/\/turcon.es\/wp\/encuentro-de-la-plataforma-canarias-por-un-territorio-sostenible\/\"},\"wordCount\":785,\"commentCount\":0,\"publisher\":{\"@id\":\"https:\/\/turcon.es\/wp\/#organization\"},\"image\":{\"@id\":\"https:\/\/turcon.es\/wp\/encuentro-de-la-plataforma-canarias-por-un-territorio-sostenible\/#primaryimage\"},\"thumbnailUrl\":\"https:\/\/turcon.es\/wp\/wp-content\/uploads\/2018\/01\/whatsapp-image-2018-01-16-at-22-30-35.jpeg?w=300\",\"articleSection\":[\"#Actividades Turc\u00f3n#\",\"Cambio clim\u00e1tico\",\"Canarias\",\"Energ\u00eda\",\"Energ\u00edas renovables\",\"Espacios Naturales\",\"Gobierno\",\"Gran Canaria\",\"Movimiento ciudadano\",\"Notas de prensa de Turc\u00f3n\",\"Patrimonio hist\u00f3rico\",\"Recomendamos para leer\",\"Recursos naturales\",\"Sociedad y derechos\"],\"inLanguage\":\"es\",\"potentialAction\":[{\"@type\":\"CommentAction\",\"name\":\"Comment\",\"target\":[\"https:\/\/turcon.es\/wp\/encuentro-de-la-plataforma-canarias-por-un-territorio-sostenible\/#respond\"]}]},{\"@type\":\"WebPage\",\"@id\":\"https:\/\/turcon.es\/wp\/encuentro-de-la-plataforma-canarias-por-un-territorio-sostenible\/\",\"url\":\"https:\/\/turcon.es\/wp\/encuentro-de-la-plataforma-canarias-por-un-territorio-sostenible\/\",\"name\":\"Encuentro de la Plataforma \u201cCanarias por un Territorio Sostenible\u201d - Colectivo Ecologista Turcon\",\"isPartOf\":{\"@id\":\"https:\/\/turcon.es\/wp\/#website\"},\"primaryImageOfPage\":{\"@id\":\"https:\/\/turcon.es\/wp\/encuentro-de-la-plataforma-canarias-por-un-territorio-sostenible\/#primaryimage\"},\"image\":{\"@id\":\"https:\/\/turcon.es\/wp\/encuentro-de-la-plataforma-canarias-por-un-territorio-sostenible\/#primaryimage\"},\"thumbnailUrl\":\"https:\/\/turcon.es\/wp\/wp-content\/uploads\/2018\/01\/whatsapp-image-2018-01-16-at-22-30-35.jpeg?w=300\",\"datePublished\":\"2018-01-29T11:48:09+00:00\",\"breadcrumb\":{\"@id\":\"https:\/\/turcon.es\/wp\/encuentro-de-la-plataforma-canarias-por-un-territorio-sostenible\/#breadcrumb\"},\"inLanguage\":\"es\",\"potentialAction\":[{\"@type\":\"ReadAction\",\"target\":[\"https:\/\/turcon.es\/wp\/encuentro-de-la-plataforma-canarias-por-un-territorio-sostenible\/\"]}]},{\"@type\":\"ImageObject\",\"inLanguage\":\"es\",\"@id\":\"https:\/\/turcon.es\/wp\/encuentro-de-la-plataforma-canarias-por-un-territorio-sostenible\/#primaryimage\",\"url\":\"https:\/\/turcon.es\/wp\/wp-content\/uploads\/2018\/01\/whatsapp-image-2018-01-16-at-22-30-35.jpeg?w=300\",\"contentUrl\":\"https:\/\/turcon.es\/wp\/wp-content\/uploads\/2018\/01\/whatsapp-image-2018-01-16-at-22-30-35.jpeg?w=300\"},{\"@type\":\"BreadcrumbList\",\"@id\":\"https:\/\/turcon.es\/wp\/encuentro-de-la-plataforma-canarias-por-un-territorio-sostenible\/#breadcrumb\",\"itemListElement\":[{\"@type\":\"ListItem\",\"position\":1,\"name\":\"Portada\",\"item\":\"https:\/\/turcon.es\/wp\/\"},{\"@type\":\"ListItem\",\"position\":2,\"name\":\"Encuentro de la Plataforma \u201cCanarias por un Territorio Sostenible\u201d\"}]},{\"@type\":\"WebSite\",\"@id\":\"https:\/\/turcon.es\/wp\/#website\",\"url\":\"https:\/\/turcon.es\/wp\/\",\"name\":\"Colectivo Ecologista Turcon\",\"description\":\"\",\"publisher\":{\"@id\":\"https:\/\/turcon.es\/wp\/#organization\"},\"potentialAction\":[{\"@type\":\"SearchAction\",\"target\":{\"@type\":\"EntryPoint\",\"urlTemplate\":\"https:\/\/turcon.es\/wp\/?s={search_term_string}\"},\"query-input\":{\"@type\":\"PropertyValueSpecification\",\"valueRequired\":true,\"valueName\":\"search_term_string\"}}],\"inLanguage\":\"es\"},{\"@type\":\"Organization\",\"@id\":\"https:\/\/turcon.es\/wp\/#organization\",\"name\":\"Colectivo Ecologista Turcon\",\"url\":\"https:\/\/turcon.es\/wp\/\",\"logo\":{\"@type\":\"ImageObject\",\"inLanguage\":\"es\",\"@id\":\"https:\/\/turcon.es\/wp\/#\/schema\/logo\/image\/\",\"url\":\"https:\/\/turcon.es\/wp\/wp-content\/uploads\/2025\/03\/logo-verde.svg\",\"contentUrl\":\"https:\/\/turcon.es\/wp\/wp-content\/uploads\/2025\/03\/logo-verde.svg\",\"width\":813,\"height\":813,\"caption\":\"Colectivo Ecologista Turcon\"},\"image\":{\"@id\":\"https:\/\/turcon.es\/wp\/#\/schema\/logo\/image\/\"}},{\"@type\":\"Person\",\"@id\":\"https:\/\/turcon.es\/wp\/#\/schema\/person\/a1f3ba727ce031d9da17684affe85edd\",\"name\":\"Laura Fernandez\",\"image\":{\"@type\":\"ImageObject\",\"inLanguage\":\"es\",\"@id\":\"https:\/\/turcon.es\/wp\/#\/schema\/person\/image\/\",\"url\":\"https:\/\/secure.gravatar.com\/avatar\/360749af9549af22e54582d50231ae56e854210ae2368797ba242f445a9852e8?s=96&d=mm&r=g\",\"contentUrl\":\"https:\/\/secure.gravatar.com\/avatar\/360749af9549af22e54582d50231ae56e854210ae2368797ba242f445a9852e8?s=96&d=mm&r=g\",\"caption\":\"Laura Fernandez\"},\"url\":\"https:\/\/turcon.es\/wp\/author\/admturcon\/\"}]}<\/script>\n<!-- \/ Yoast SEO plugin. -->","yoast_head_json":{"title":"Encuentro de la Plataforma \u201cCanarias por un Territorio Sostenible\u201d - Colectivo Ecologista Turcon","robots":{"index":"index","follow":"follow","max-snippet":"max-snippet:-1","max-image-preview":"max-image-preview:large","max-video-preview":"max-video-preview:-1"},"canonical":"https:\/\/turcon.es\/wp\/encuentro-de-la-plataforma-canarias-por-un-territorio-sostenible\/","og_locale":"es_ES","og_type":"article","og_title":"Encuentro de la Plataforma \u201cCanarias por un Territorio Sostenible\u201d - Colectivo Ecologista Turcon","og_description":"CELEBRADO EN LAS PALMAS DE GRAN CANARIA UN EXITOSO TERCER ENCUENTRO DE COLECTIVOS POR LA DEFENSA DE LOS VALORES SOCIALES Y MEDIO-AMBIENTALES DEL TERRITORIO CANARIO En este tercer Encuentro de Colectivos se decide avanzar en la coordinaci\u00f3n para hacer frente a la ofensiva contra el territorio. Convocados por la Plataforma \u201cCanarias por un Territorio Sostenible\u201d, [&hellip;]","og_url":"https:\/\/turcon.es\/wp\/encuentro-de-la-plataforma-canarias-por-un-territorio-sostenible\/","og_site_name":"Colectivo Ecologista Turcon","article_published_time":"2018-01-29T11:48:09+00:00","og_image":[{"width":200,"height":80,"url":"https:\/\/turcon.es\/wp\/wp-content\/uploads\/2009\/02\/vinilo-aniversario21-3.jpg","type":"image\/jpeg"}],"author":"Laura Fernandez","twitter_card":"summary_large_image","twitter_misc":{"Escrito por":"Laura Fernandez","Tiempo de lectura":"4 minutos"},"schema":{"@context":"https:\/\/schema.org","@graph":[{"@type":"Article","@id":"https:\/\/turcon.es\/wp\/encuentro-de-la-plataforma-canarias-por-un-territorio-sostenible\/#article","isPartOf":{"@id":"https:\/\/turcon.es\/wp\/encuentro-de-la-plataforma-canarias-por-un-territorio-sostenible\/"},"author":{"name":"Laura Fernandez","@id":"https:\/\/turcon.es\/wp\/#\/schema\/person\/a1f3ba727ce031d9da17684affe85edd"},"headline":"Encuentro de la Plataforma \u201cCanarias por un Territorio Sostenible\u201d","datePublished":"2018-01-29T11:48:09+00:00","mainEntityOfPage":{"@id":"https:\/\/turcon.es\/wp\/encuentro-de-la-plataforma-canarias-por-un-territorio-sostenible\/"},"wordCount":785,"commentCount":0,"publisher":{"@id":"https:\/\/turcon.es\/wp\/#organization"},"image":{"@id":"https:\/\/turcon.es\/wp\/encuentro-de-la-plataforma-canarias-por-un-territorio-sostenible\/#primaryimage"},"thumbnailUrl":"https:\/\/turcon.es\/wp\/wp-content\/uploads\/2018\/01\/whatsapp-image-2018-01-16-at-22-30-35.jpeg?w=300","articleSection":["#Actividades Turc\u00f3n#","Cambio clim\u00e1tico","Canarias","Energ\u00eda","Energ\u00edas renovables","Espacios Naturales","Gobierno","Gran Canaria","Movimiento ciudadano","Notas de prensa de Turc\u00f3n","Patrimonio hist\u00f3rico","Recomendamos para leer","Recursos naturales","Sociedad y derechos"],"inLanguage":"es","potentialAction":[{"@type":"CommentAction","name":"Comment","target":["https:\/\/turcon.es\/wp\/encuentro-de-la-plataforma-canarias-por-un-territorio-sostenible\/#respond"]}]},{"@type":"WebPage","@id":"https:\/\/turcon.es\/wp\/encuentro-de-la-plataforma-canarias-por-un-territorio-sostenible\/","url":"https:\/\/turcon.es\/wp\/encuentro-de-la-plataforma-canarias-por-un-territorio-sostenible\/","name":"Encuentro de la Plataforma \u201cCanarias por un Territorio Sostenible\u201d - Colectivo Ecologista Turcon","isPartOf":{"@id":"https:\/\/turcon.es\/wp\/#website"},"primaryImageOfPage":{"@id":"https:\/\/turcon.es\/wp\/encuentro-de-la-plataforma-canarias-por-un-territorio-sostenible\/#primaryimage"},"image":{"@id":"https:\/\/turcon.es\/wp\/encuentro-de-la-plataforma-canarias-por-un-territorio-sostenible\/#primaryimage"},"thumbnailUrl":"https:\/\/turcon.es\/wp\/wp-content\/uploads\/2018\/01\/whatsapp-image-2018-01-16-at-22-30-35.jpeg?w=300","datePublished":"2018-01-29T11:48:09+00:00","breadcrumb":{"@id":"https:\/\/turcon.es\/wp\/encuentro-de-la-plataforma-canarias-por-un-territorio-sostenible\/#breadcrumb"},"inLanguage":"es","potentialAction":[{"@type":"ReadAction","target":["https:\/\/turcon.es\/wp\/encuentro-de-la-plataforma-canarias-por-un-territorio-sostenible\/"]}]},{"@type":"ImageObject","inLanguage":"es","@id":"https:\/\/turcon.es\/wp\/encuentro-de-la-plataforma-canarias-por-un-territorio-sostenible\/#primaryimage","url":"https:\/\/turcon.es\/wp\/wp-content\/uploads\/2018\/01\/whatsapp-image-2018-01-16-at-22-30-35.jpeg?w=300","contentUrl":"https:\/\/turcon.es\/wp\/wp-content\/uploads\/2018\/01\/whatsapp-image-2018-01-16-at-22-30-35.jpeg?w=300"},{"@type":"BreadcrumbList","@id":"https:\/\/turcon.es\/wp\/encuentro-de-la-plataforma-canarias-por-un-territorio-sostenible\/#breadcrumb","itemListElement":[{"@type":"ListItem","position":1,"name":"Portada","item":"https:\/\/turcon.es\/wp\/"},{"@type":"ListItem","position":2,"name":"Encuentro de la Plataforma \u201cCanarias por un Territorio Sostenible\u201d"}]},{"@type":"WebSite","@id":"https:\/\/turcon.es\/wp\/#website","url":"https:\/\/turcon.es\/wp\/","name":"Colectivo Ecologista Turcon","description":"","publisher":{"@id":"https:\/\/turcon.es\/wp\/#organization"},"potentialAction":[{"@type":"SearchAction","target":{"@type":"EntryPoint","urlTemplate":"https:\/\/turcon.es\/wp\/?s={search_term_string}"},"query-input":{"@type":"PropertyValueSpecification","valueRequired":true,"valueName":"search_term_string"}}],"inLanguage":"es"},{"@type":"Organization","@id":"https:\/\/turcon.es\/wp\/#organization","name":"Colectivo Ecologista Turcon","url":"https:\/\/turcon.es\/wp\/","logo":{"@type":"ImageObject","inLanguage":"es","@id":"https:\/\/turcon.es\/wp\/#\/schema\/logo\/image\/","url":"https:\/\/turcon.es\/wp\/wp-content\/uploads\/2025\/03\/logo-verde.svg","contentUrl":"https:\/\/turcon.es\/wp\/wp-content\/uploads\/2025\/03\/logo-verde.svg","width":813,"height":813,"caption":"Colectivo Ecologista Turcon"},"image":{"@id":"https:\/\/turcon.es\/wp\/#\/schema\/logo\/image\/"}},{"@type":"Person","@id":"https:\/\/turcon.es\/wp\/#\/schema\/person\/a1f3ba727ce031d9da17684affe85edd","name":"Laura Fernandez","image":{"@type":"ImageObject","inLanguage":"es","@id":"https:\/\/turcon.es\/wp\/#\/schema\/person\/image\/","url":"https:\/\/secure.gravatar.com\/avatar\/360749af9549af22e54582d50231ae56e854210ae2368797ba242f445a9852e8?s=96&d=mm&r=g","contentUrl":"https:\/\/secure.gravatar.com\/avatar\/360749af9549af22e54582d50231ae56e854210ae2368797ba242f445a9852e8?s=96&d=mm&r=g","caption":"Laura Fernandez"},"url":"https:\/\/turcon.es\/wp\/author\/admturcon\/"}]}},"_links":{"self":[{"href":"https:\/\/turcon.es\/wp\/wp-json\/wp\/v2\/posts\/14841","targetHints":{"allow":["GET"]}}],"collection":[{"href":"https:\/\/turcon.es\/wp\/wp-json\/wp\/v2\/posts"}],"about":[{"href":"https:\/\/turcon.es\/wp\/wp-json\/wp\/v2\/types\/post"}],"author":[{"embeddable":true,"href":"https:\/\/turcon.es\/wp\/wp-json\/wp\/v2\/users\/2"}],"replies":[{"embeddable":true,"href":"https:\/\/turcon.es\/wp\/wp-json\/wp\/v2\/comments?post=14841"}],"version-history":[{"count":0,"href":"https:\/\/turcon.es\/wp\/wp-json\/wp\/v2\/posts\/14841\/revisions"}],"wp:attachment":[{"href":"https:\/\/turcon.es\/wp\/wp-json\/wp\/v2\/media?parent=14841"}],"wp:term":[{"taxonomy":"category","embeddable":true,"href":"https:\/\/turcon.es\/wp\/wp-json\/wp\/v2\/categories?post=14841"},{"taxonomy":"post_tag","embeddable":true,"href":"https:\/\/turcon.es\/wp\/wp-json\/wp\/v2\/tags?post=14841"}],"curies":[{"name":"wp","href":"https:\/\/api.w.org\/{rel}","templated":true}]}}