{"id":14856,"date":"2018-02-22T11:43:05","date_gmt":"2018-02-22T11:43:05","guid":{"rendered":"https:\/\/turcon.wordpress.com\/?p=13213"},"modified":"2018-02-22T11:43:05","modified_gmt":"2018-02-22T11:43:05","slug":"turcon-pide-la-palabra-en-el-pleno-corporativo-municipal","status":"publish","type":"post","link":"https:\/\/turcon.es\/wp\/turcon-pide-la-palabra-en-el-pleno-corporativo-municipal\/","title":{"rendered":"Turc\u00f3n pide la palabra en el pleno corporativo municipal."},"content":{"rendered":"<p><span style=\"color:#800080;\"><strong>Turc\u00f3n solicita intervenir en el pr\u00f3ximo pleno de Telde en relaci\u00f3n a Los Picachos, su declaraci\u00f3n como Bien de Inter\u00e9s Cultural y pedir medidas de protecci\u00f3n y su uso p\u00fablico. <\/strong><\/span><\/p>\n<p><span style=\"color:#800000;\"><strong>Los ecologistas han solicitado a la alcaldesa de Telde, a trav\u00e9s de escrito remitido, el que se le conceda el uso de la palabra en el pleno corporativo municipal.<img fetchpriority=\"high\" decoding=\"async\" class=\"aligncenter size-medium wp-image-13194\" src=\"https:\/\/turcon.es\/wp\/wp-content\/uploads\/2018\/02\/whatsapp-image-2018-02-17-at-16-52-34.jpeg?w=300\" alt=\"\" width=\"300\" height=\"225\" \/> <\/strong><\/span><\/p>\n<p>Recuerda el colectivo que entre sus fines estatutarios esta la conservaci\u00f3n del patrimonio hist\u00f3rico, y la colaboraci\u00f3n con las administraciones p\u00fablicas para una protecci\u00f3n efectiva de todos estos elementos de reconocido valor patrimonial.<\/p>\n<p>En la exposici\u00f3n de motivos, vienen a decir, que la Constituci\u00f3n Espa\u00f1ola de la cual emana todo el desarrollo normativo y de su reconocimiento expl\u00edcito de la necesidad de promocionar y fomentar la participaci\u00f3n de los ciudadanos\/as en las decisiones p\u00fablicas, base necesaria para conseguir una democracia directa y donde se pueda realizar aportaciones y consultas en los diferentes \u00f3rganos y estamentos sociales desde la propia ciudadan\u00eda sin la intervenci\u00f3n y la tutela de las organizaciones pol\u00edticas.<\/p>\n<p>Manifiestan que es reconocido que, desde las diversas administraciones, estatal, auton\u00f3mica y locales se han ido dotando de reglamentos que permiten y regulan la intervenci\u00f3n en los plenos municipales de los ciudadanos y ciudadanas, dando voz y derecho de petici\u00f3n a personas y colectivos sociales de sus \u00e1mbitos de actuaci\u00f3n.<!--more--><\/p>\n<p>Entran asimismo, en la concreci\u00f3n de lo local, el municipio, la administraci\u00f3n m\u00e1s cercana a la ciudadan\u00eda, organiza como m\u00e1ximos \u00f3rganos de gobierno de las misma, al Pleno y las Comisiones de Pleno, en relaci\u00f3n a la propia Ley reguladora de las bases del r\u00e9gimen local y al tambi\u00e9n Reglamento de organizaci\u00f3n y funcionamiento que el propio ayuntamiento se ha dotado. Asimismo, el Reglamento de participaci\u00f3n ciudadana de Telde, que, aunque encorsetado y algo corto en su esp\u00edritu de dar voz y participaci\u00f3n directa a sus vecinos y vecinas, en relaci\u00f3n a lo que instituciones cercanas han venido a modificar y abrir aires nuevos al mandamiento que nos da el marco normativo y la ciudadan\u00eda solicita como sujetos activos de la realidad sociopol\u00edtica de su ciudad o pa\u00eds.<\/p>\n<p>Turc\u00f3n da como entendido que Telde es reconocedor de esta manera de entender un municipio articulado en la necesidad de dar voz y hacer que su Pleno Municipal sea un espacio para la palabra, y en ese orden de cosas viene a hace su petici\u00f3n de intervenci\u00f3n en el pleno municipal.<\/p>\n<p>Para dar colof\u00f3n al escrito presentado hace una serie de solicitudes como: La intervenci\u00f3n en el pr\u00f3ximo Pleno corporativo del M.I. Ayuntamiento de Telde de representante debidamente acreditado de Turc\u00f3n Ecologistas en Acci\u00f3n para exponer a esta corporaci\u00f3n las acciones que durante veinticuatro a\u00f1os hemos realizado para la protecci\u00f3n, recuperaci\u00f3n, difusi\u00f3n y reconocimiento del valor hist\u00f3rico y patrimonial del Conjunto Arqueol\u00f3gico de Los Picachos de Telde.<\/p>\n<p><strong>Pide de igual forma, apoyo institucional a la declaraci\u00f3n de este enclave como Bien de Inter\u00e9s Cultural-BIC, y pedir\u00e1 la necesidad de su puesta en uso publico como un elemento interpretado significativo de la trama urbana e hist\u00f3rica de Telde.\u00a0\u00a0<\/strong><\/p>\n<p>Quedan los ecologistas a la espera de comunicaci\u00f3n y respuesta afirmativa para coordinar su deseo a usar la palabra en la casa de todos y todas.<\/p>\n<p>&nbsp;<\/p>\n","protected":false},"excerpt":{"rendered":"<p>Turc\u00f3n solicita intervenir en el pr\u00f3ximo pleno de Telde en relaci\u00f3n a Los Picachos, su declaraci\u00f3n como Bien de Inter\u00e9s Cultural y pedir medidas de protecci\u00f3n y su uso p\u00fablico. Los ecologistas han solicitado a la alcaldesa de Telde, a trav\u00e9s de escrito remitido, el que se le conceda el uso de la palabra en [&hellip;]<\/p>\n","protected":false},"author":2,"featured_media":0,"comment_status":"open","ping_status":"open","sticky":false,"template":"","format":"standard","meta":{"footnotes":""},"categories":[6,8,41,69,46,49,53,54,58,60],"tags":[],"class_list":["post-14856","post","type-post","status-publish","format-standard","hentry","category-actividades-turcon","category-administracion-publica","category-gran-canaria","category-movimiento-ciudadano","category-notas-de-prensa-de-turcon","category-patrimonio-historico","category-recomendamos-para-leer","category-recomendamos-para-leer-ver-y-escuchar","category-sociedad-y-derechos","category-telde-gran-canaria"],"yoast_head":"<!-- This site is optimized with the Yoast SEO plugin v26.3 - https:\/\/yoast.com\/wordpress\/plugins\/seo\/ -->\n<title>Turc\u00f3n pide la palabra en el pleno corporativo municipal. - Colectivo Ecologista Turcon<\/title>\n<meta name=\"robots\" content=\"index, follow, max-snippet:-1, max-image-preview:large, max-video-preview:-1\" \/>\n<link rel=\"canonical\" href=\"https:\/\/turcon.es\/wp\/turcon-pide-la-palabra-en-el-pleno-corporativo-municipal\/\" \/>\n<meta property=\"og:locale\" content=\"es_ES\" \/>\n<meta property=\"og:type\" content=\"article\" \/>\n<meta property=\"og:title\" content=\"Turc\u00f3n pide la palabra en el pleno corporativo municipal. - Colectivo Ecologista Turcon\" \/>\n<meta property=\"og:description\" content=\"Turc\u00f3n solicita intervenir en el pr\u00f3ximo pleno de Telde en relaci\u00f3n a Los Picachos, su declaraci\u00f3n como Bien de Inter\u00e9s Cultural y pedir medidas de protecci\u00f3n y su uso p\u00fablico. Los ecologistas han solicitado a la alcaldesa de Telde, a trav\u00e9s de escrito remitido, el que se le conceda el uso de la palabra en [&hellip;]\" \/>\n<meta property=\"og:url\" content=\"https:\/\/turcon.es\/wp\/turcon-pide-la-palabra-en-el-pleno-corporativo-municipal\/\" \/>\n<meta property=\"og:site_name\" content=\"Colectivo Ecologista Turcon\" \/>\n<meta property=\"article:published_time\" content=\"2018-02-22T11:43:05+00:00\" \/>\n<meta property=\"og:image\" content=\"https:\/\/turcon.es\/wp\/wp-content\/uploads\/2009\/03\/arton13108-bc367-2.jpg\" \/>\n\t<meta property=\"og:image:width\" content=\"300\" \/>\n\t<meta property=\"og:image:height\" content=\"201\" \/>\n\t<meta property=\"og:image:type\" content=\"image\/jpeg\" \/>\n<meta name=\"author\" content=\"Laura Fernandez\" \/>\n<meta name=\"twitter:card\" content=\"summary_large_image\" \/>\n<meta name=\"twitter:label1\" content=\"Escrito por\" \/>\n\t<meta name=\"twitter:data1\" content=\"Laura Fernandez\" \/>\n\t<meta name=\"twitter:label2\" content=\"Tiempo de lectura\" \/>\n\t<meta name=\"twitter:data2\" content=\"3 minutos\" \/>\n<script type=\"application\/ld+json\" class=\"yoast-schema-graph\">{\"@context\":\"https:\/\/schema.org\",\"@graph\":[{\"@type\":\"Article\",\"@id\":\"https:\/\/turcon.es\/wp\/turcon-pide-la-palabra-en-el-pleno-corporativo-municipal\/#article\",\"isPartOf\":{\"@id\":\"https:\/\/turcon.es\/wp\/turcon-pide-la-palabra-en-el-pleno-corporativo-municipal\/\"},\"author\":{\"name\":\"Laura Fernandez\",\"@id\":\"https:\/\/turcon.es\/wp\/#\/schema\/person\/a1f3ba727ce031d9da17684affe85edd\"},\"headline\":\"Turc\u00f3n pide la palabra en el pleno corporativo municipal.\",\"datePublished\":\"2018-02-22T11:43:05+00:00\",\"mainEntityOfPage\":{\"@id\":\"https:\/\/turcon.es\/wp\/turcon-pide-la-palabra-en-el-pleno-corporativo-municipal\/\"},\"wordCount\":604,\"commentCount\":0,\"publisher\":{\"@id\":\"https:\/\/turcon.es\/wp\/#organization\"},\"image\":{\"@id\":\"https:\/\/turcon.es\/wp\/turcon-pide-la-palabra-en-el-pleno-corporativo-municipal\/#primaryimage\"},\"thumbnailUrl\":\"https:\/\/turcon.es\/wp\/wp-content\/uploads\/2018\/02\/whatsapp-image-2018-02-17-at-16-52-34.jpeg?w=300\",\"articleSection\":[\"#Actividades Turc\u00f3n#\",\"Administraci\u00f3n p\u00fablica\",\"Gran Canaria\",\"Movimiento ciudadano\",\"Notas de prensa de Turc\u00f3n\",\"Patrimonio hist\u00f3rico\",\"Recomendamos para leer\",\"Recomendamos para leer, ver y escuchar...\",\"Sociedad y derechos\",\"Telde (Gran Canaria)\"],\"inLanguage\":\"es\",\"potentialAction\":[{\"@type\":\"CommentAction\",\"name\":\"Comment\",\"target\":[\"https:\/\/turcon.es\/wp\/turcon-pide-la-palabra-en-el-pleno-corporativo-municipal\/#respond\"]}]},{\"@type\":\"WebPage\",\"@id\":\"https:\/\/turcon.es\/wp\/turcon-pide-la-palabra-en-el-pleno-corporativo-municipal\/\",\"url\":\"https:\/\/turcon.es\/wp\/turcon-pide-la-palabra-en-el-pleno-corporativo-municipal\/\",\"name\":\"Turc\u00f3n pide la palabra en el pleno corporativo municipal. - Colectivo Ecologista Turcon\",\"isPartOf\":{\"@id\":\"https:\/\/turcon.es\/wp\/#website\"},\"primaryImageOfPage\":{\"@id\":\"https:\/\/turcon.es\/wp\/turcon-pide-la-palabra-en-el-pleno-corporativo-municipal\/#primaryimage\"},\"image\":{\"@id\":\"https:\/\/turcon.es\/wp\/turcon-pide-la-palabra-en-el-pleno-corporativo-municipal\/#primaryimage\"},\"thumbnailUrl\":\"https:\/\/turcon.es\/wp\/wp-content\/uploads\/2018\/02\/whatsapp-image-2018-02-17-at-16-52-34.jpeg?w=300\",\"datePublished\":\"2018-02-22T11:43:05+00:00\",\"breadcrumb\":{\"@id\":\"https:\/\/turcon.es\/wp\/turcon-pide-la-palabra-en-el-pleno-corporativo-municipal\/#breadcrumb\"},\"inLanguage\":\"es\",\"potentialAction\":[{\"@type\":\"ReadAction\",\"target\":[\"https:\/\/turcon.es\/wp\/turcon-pide-la-palabra-en-el-pleno-corporativo-municipal\/\"]}]},{\"@type\":\"ImageObject\",\"inLanguage\":\"es\",\"@id\":\"https:\/\/turcon.es\/wp\/turcon-pide-la-palabra-en-el-pleno-corporativo-municipal\/#primaryimage\",\"url\":\"https:\/\/turcon.es\/wp\/wp-content\/uploads\/2018\/02\/whatsapp-image-2018-02-17-at-16-52-34.jpeg?w=300\",\"contentUrl\":\"https:\/\/turcon.es\/wp\/wp-content\/uploads\/2018\/02\/whatsapp-image-2018-02-17-at-16-52-34.jpeg?w=300\"},{\"@type\":\"BreadcrumbList\",\"@id\":\"https:\/\/turcon.es\/wp\/turcon-pide-la-palabra-en-el-pleno-corporativo-municipal\/#breadcrumb\",\"itemListElement\":[{\"@type\":\"ListItem\",\"position\":1,\"name\":\"Portada\",\"item\":\"https:\/\/turcon.es\/wp\/\"},{\"@type\":\"ListItem\",\"position\":2,\"name\":\"Turc\u00f3n pide la palabra en el pleno corporativo municipal.\"}]},{\"@type\":\"WebSite\",\"@id\":\"https:\/\/turcon.es\/wp\/#website\",\"url\":\"https:\/\/turcon.es\/wp\/\",\"name\":\"Colectivo Ecologista Turcon\",\"description\":\"\",\"publisher\":{\"@id\":\"https:\/\/turcon.es\/wp\/#organization\"},\"potentialAction\":[{\"@type\":\"SearchAction\",\"target\":{\"@type\":\"EntryPoint\",\"urlTemplate\":\"https:\/\/turcon.es\/wp\/?s={search_term_string}\"},\"query-input\":{\"@type\":\"PropertyValueSpecification\",\"valueRequired\":true,\"valueName\":\"search_term_string\"}}],\"inLanguage\":\"es\"},{\"@type\":\"Organization\",\"@id\":\"https:\/\/turcon.es\/wp\/#organization\",\"name\":\"Colectivo Ecologista Turcon\",\"url\":\"https:\/\/turcon.es\/wp\/\",\"logo\":{\"@type\":\"ImageObject\",\"inLanguage\":\"es\",\"@id\":\"https:\/\/turcon.es\/wp\/#\/schema\/logo\/image\/\",\"url\":\"https:\/\/turcon.es\/wp\/wp-content\/uploads\/2025\/03\/logo-verde.svg\",\"contentUrl\":\"https:\/\/turcon.es\/wp\/wp-content\/uploads\/2025\/03\/logo-verde.svg\",\"width\":813,\"height\":813,\"caption\":\"Colectivo Ecologista Turcon\"},\"image\":{\"@id\":\"https:\/\/turcon.es\/wp\/#\/schema\/logo\/image\/\"}},{\"@type\":\"Person\",\"@id\":\"https:\/\/turcon.es\/wp\/#\/schema\/person\/a1f3ba727ce031d9da17684affe85edd\",\"name\":\"Laura Fernandez\",\"image\":{\"@type\":\"ImageObject\",\"inLanguage\":\"es\",\"@id\":\"https:\/\/turcon.es\/wp\/#\/schema\/person\/image\/\",\"url\":\"https:\/\/secure.gravatar.com\/avatar\/360749af9549af22e54582d50231ae56e854210ae2368797ba242f445a9852e8?s=96&d=mm&r=g\",\"contentUrl\":\"https:\/\/secure.gravatar.com\/avatar\/360749af9549af22e54582d50231ae56e854210ae2368797ba242f445a9852e8?s=96&d=mm&r=g\",\"caption\":\"Laura Fernandez\"},\"url\":\"https:\/\/turcon.es\/wp\/author\/admturcon\/\"}]}<\/script>\n<!-- \/ Yoast SEO plugin. -->","yoast_head_json":{"title":"Turc\u00f3n pide la palabra en el pleno corporativo municipal. - Colectivo Ecologista Turcon","robots":{"index":"index","follow":"follow","max-snippet":"max-snippet:-1","max-image-preview":"max-image-preview:large","max-video-preview":"max-video-preview:-1"},"canonical":"https:\/\/turcon.es\/wp\/turcon-pide-la-palabra-en-el-pleno-corporativo-municipal\/","og_locale":"es_ES","og_type":"article","og_title":"Turc\u00f3n pide la palabra en el pleno corporativo municipal. - Colectivo Ecologista Turcon","og_description":"Turc\u00f3n solicita intervenir en el pr\u00f3ximo pleno de Telde en relaci\u00f3n a Los Picachos, su declaraci\u00f3n como Bien de Inter\u00e9s Cultural y pedir medidas de protecci\u00f3n y su uso p\u00fablico. Los ecologistas han solicitado a la alcaldesa de Telde, a trav\u00e9s de escrito remitido, el que se le conceda el uso de la palabra en [&hellip;]","og_url":"https:\/\/turcon.es\/wp\/turcon-pide-la-palabra-en-el-pleno-corporativo-municipal\/","og_site_name":"Colectivo Ecologista Turcon","article_published_time":"2018-02-22T11:43:05+00:00","og_image":[{"width":300,"height":201,"url":"https:\/\/turcon.es\/wp\/wp-content\/uploads\/2009\/03\/arton13108-bc367-2.jpg","type":"image\/jpeg"}],"author":"Laura Fernandez","twitter_card":"summary_large_image","twitter_misc":{"Escrito por":"Laura Fernandez","Tiempo de lectura":"3 minutos"},"schema":{"@context":"https:\/\/schema.org","@graph":[{"@type":"Article","@id":"https:\/\/turcon.es\/wp\/turcon-pide-la-palabra-en-el-pleno-corporativo-municipal\/#article","isPartOf":{"@id":"https:\/\/turcon.es\/wp\/turcon-pide-la-palabra-en-el-pleno-corporativo-municipal\/"},"author":{"name":"Laura Fernandez","@id":"https:\/\/turcon.es\/wp\/#\/schema\/person\/a1f3ba727ce031d9da17684affe85edd"},"headline":"Turc\u00f3n pide la palabra en el pleno corporativo municipal.","datePublished":"2018-02-22T11:43:05+00:00","mainEntityOfPage":{"@id":"https:\/\/turcon.es\/wp\/turcon-pide-la-palabra-en-el-pleno-corporativo-municipal\/"},"wordCount":604,"commentCount":0,"publisher":{"@id":"https:\/\/turcon.es\/wp\/#organization"},"image":{"@id":"https:\/\/turcon.es\/wp\/turcon-pide-la-palabra-en-el-pleno-corporativo-municipal\/#primaryimage"},"thumbnailUrl":"https:\/\/turcon.es\/wp\/wp-content\/uploads\/2018\/02\/whatsapp-image-2018-02-17-at-16-52-34.jpeg?w=300","articleSection":["#Actividades Turc\u00f3n#","Administraci\u00f3n p\u00fablica","Gran Canaria","Movimiento ciudadano","Notas de prensa de Turc\u00f3n","Patrimonio hist\u00f3rico","Recomendamos para leer","Recomendamos para leer, ver y escuchar...","Sociedad y derechos","Telde (Gran Canaria)"],"inLanguage":"es","potentialAction":[{"@type":"CommentAction","name":"Comment","target":["https:\/\/turcon.es\/wp\/turcon-pide-la-palabra-en-el-pleno-corporativo-municipal\/#respond"]}]},{"@type":"WebPage","@id":"https:\/\/turcon.es\/wp\/turcon-pide-la-palabra-en-el-pleno-corporativo-municipal\/","url":"https:\/\/turcon.es\/wp\/turcon-pide-la-palabra-en-el-pleno-corporativo-municipal\/","name":"Turc\u00f3n pide la palabra en el pleno corporativo municipal. - Colectivo Ecologista Turcon","isPartOf":{"@id":"https:\/\/turcon.es\/wp\/#website"},"primaryImageOfPage":{"@id":"https:\/\/turcon.es\/wp\/turcon-pide-la-palabra-en-el-pleno-corporativo-municipal\/#primaryimage"},"image":{"@id":"https:\/\/turcon.es\/wp\/turcon-pide-la-palabra-en-el-pleno-corporativo-municipal\/#primaryimage"},"thumbnailUrl":"https:\/\/turcon.es\/wp\/wp-content\/uploads\/2018\/02\/whatsapp-image-2018-02-17-at-16-52-34.jpeg?w=300","datePublished":"2018-02-22T11:43:05+00:00","breadcrumb":{"@id":"https:\/\/turcon.es\/wp\/turcon-pide-la-palabra-en-el-pleno-corporativo-municipal\/#breadcrumb"},"inLanguage":"es","potentialAction":[{"@type":"ReadAction","target":["https:\/\/turcon.es\/wp\/turcon-pide-la-palabra-en-el-pleno-corporativo-municipal\/"]}]},{"@type":"ImageObject","inLanguage":"es","@id":"https:\/\/turcon.es\/wp\/turcon-pide-la-palabra-en-el-pleno-corporativo-municipal\/#primaryimage","url":"https:\/\/turcon.es\/wp\/wp-content\/uploads\/2018\/02\/whatsapp-image-2018-02-17-at-16-52-34.jpeg?w=300","contentUrl":"https:\/\/turcon.es\/wp\/wp-content\/uploads\/2018\/02\/whatsapp-image-2018-02-17-at-16-52-34.jpeg?w=300"},{"@type":"BreadcrumbList","@id":"https:\/\/turcon.es\/wp\/turcon-pide-la-palabra-en-el-pleno-corporativo-municipal\/#breadcrumb","itemListElement":[{"@type":"ListItem","position":1,"name":"Portada","item":"https:\/\/turcon.es\/wp\/"},{"@type":"ListItem","position":2,"name":"Turc\u00f3n pide la palabra en el pleno corporativo municipal."}]},{"@type":"WebSite","@id":"https:\/\/turcon.es\/wp\/#website","url":"https:\/\/turcon.es\/wp\/","name":"Colectivo Ecologista Turcon","description":"","publisher":{"@id":"https:\/\/turcon.es\/wp\/#organization"},"potentialAction":[{"@type":"SearchAction","target":{"@type":"EntryPoint","urlTemplate":"https:\/\/turcon.es\/wp\/?s={search_term_string}"},"query-input":{"@type":"PropertyValueSpecification","valueRequired":true,"valueName":"search_term_string"}}],"inLanguage":"es"},{"@type":"Organization","@id":"https:\/\/turcon.es\/wp\/#organization","name":"Colectivo Ecologista Turcon","url":"https:\/\/turcon.es\/wp\/","logo":{"@type":"ImageObject","inLanguage":"es","@id":"https:\/\/turcon.es\/wp\/#\/schema\/logo\/image\/","url":"https:\/\/turcon.es\/wp\/wp-content\/uploads\/2025\/03\/logo-verde.svg","contentUrl":"https:\/\/turcon.es\/wp\/wp-content\/uploads\/2025\/03\/logo-verde.svg","width":813,"height":813,"caption":"Colectivo Ecologista Turcon"},"image":{"@id":"https:\/\/turcon.es\/wp\/#\/schema\/logo\/image\/"}},{"@type":"Person","@id":"https:\/\/turcon.es\/wp\/#\/schema\/person\/a1f3ba727ce031d9da17684affe85edd","name":"Laura Fernandez","image":{"@type":"ImageObject","inLanguage":"es","@id":"https:\/\/turcon.es\/wp\/#\/schema\/person\/image\/","url":"https:\/\/secure.gravatar.com\/avatar\/360749af9549af22e54582d50231ae56e854210ae2368797ba242f445a9852e8?s=96&d=mm&r=g","contentUrl":"https:\/\/secure.gravatar.com\/avatar\/360749af9549af22e54582d50231ae56e854210ae2368797ba242f445a9852e8?s=96&d=mm&r=g","caption":"Laura Fernandez"},"url":"https:\/\/turcon.es\/wp\/author\/admturcon\/"}]}},"_links":{"self":[{"href":"https:\/\/turcon.es\/wp\/wp-json\/wp\/v2\/posts\/14856","targetHints":{"allow":["GET"]}}],"collection":[{"href":"https:\/\/turcon.es\/wp\/wp-json\/wp\/v2\/posts"}],"about":[{"href":"https:\/\/turcon.es\/wp\/wp-json\/wp\/v2\/types\/post"}],"author":[{"embeddable":true,"href":"https:\/\/turcon.es\/wp\/wp-json\/wp\/v2\/users\/2"}],"replies":[{"embeddable":true,"href":"https:\/\/turcon.es\/wp\/wp-json\/wp\/v2\/comments?post=14856"}],"version-history":[{"count":0,"href":"https:\/\/turcon.es\/wp\/wp-json\/wp\/v2\/posts\/14856\/revisions"}],"wp:attachment":[{"href":"https:\/\/turcon.es\/wp\/wp-json\/wp\/v2\/media?parent=14856"}],"wp:term":[{"taxonomy":"category","embeddable":true,"href":"https:\/\/turcon.es\/wp\/wp-json\/wp\/v2\/categories?post=14856"},{"taxonomy":"post_tag","embeddable":true,"href":"https:\/\/turcon.es\/wp\/wp-json\/wp\/v2\/tags?post=14856"}],"curies":[{"name":"wp","href":"https:\/\/api.w.org\/{rel}","templated":true}]}}