{"id":14870,"date":"2018-04-14T18:55:33","date_gmt":"2018-04-14T18:55:33","guid":{"rendered":"https:\/\/turcon.wordpress.com\/?p=13323"},"modified":"2018-04-14T18:55:33","modified_gmt":"2018-04-14T18:55:33","slug":"el-ventayga-se-presento-en-firgas","status":"publish","type":"post","link":"https:\/\/turcon.es\/wp\/el-ventayga-se-presento-en-firgas\/","title":{"rendered":"El Ventayga se present\u00f3 en Firgas"},"content":{"rendered":"<div id=\"js_440\" class=\"_5pbx userContent _3576\">\n<div id=\"id_5ad24cbd8fdfc2399476532\" class=\"text_exposed_root text_exposed\">\n<p>En la tarde noche del viernes 13 de abril de 2018, se present\u00f3 en el Centro Socio-Cultural LA CASA VERDE (Firgas) el libro \u201cVENTAYGA, El enigma del nemeth\u201d, la \u00faltima obra de Jos\u00e9 Manuel Espi\u00f1o Meil\u00e1n.<\/p>\n<p>De manera muy amena y con un verbo fluido, el profesor Espi\u00f1o acerc\u00f3 durante hora y media de conversaci\u00f3n, a sus cuatro obras m\u00e1s recientes, a las personas asistentes haciendo un repaso de las mismas, y profundizando en la tem\u00e1tica que le llev\u00f3 a escribir y compa<span class=\"text_exposed_show\">rtir esta obra, la primera que ha escrito, pero la \u00faltima en ver la luz.<\/span><\/p>\n<div class=\"text_exposed_show\">\n<p>Agradable y entretenida jornada, que ha sido el punto de partida de los actos organizados con motivo del D\u00eda de Libro 2018 en LA CASA VERDE.<\/p>\n<p>Organiz\u00f3: La Vinca Ecologistas en Acci\u00f3n y Turc\u00f3n &#8211; Ecologistas en Acci\u00f3n<\/p>\n<\/div>\n<\/div>\n<\/div>\n<div class=\"_3x-2\">\n<div>\n<div class=\"mtm\">\n<div class=\"_2a2q\">\n<div id='gallery-1' class='gallery galleryid-14870 gallery-columns-3 gallery-size-thumbnail'><figure class='gallery-item'>\n\t\t\t<div class='gallery-icon landscape'>\n\t\t\t\t<a href='https:\/\/turcon.es\/wp\/selva2-2\/'><img decoding=\"async\" width=\"150\" height=\"150\" src=\"https:\/\/turcon.es\/wp\/wp-content\/uploads\/2009\/04\/selva2-1-150x150.jpg\" class=\"attachment-thumbnail size-thumbnail\" alt=\"\" \/><\/a>\n\t\t\t<\/div><\/figure><figure class='gallery-item'>\n\t\t\t<div class='gallery-icon landscape'>\n\t\t\t\t<a href='https:\/\/turcon.es\/wp\/selva2-3\/'><img decoding=\"async\" width=\"150\" height=\"150\" src=\"https:\/\/turcon.es\/wp\/wp-content\/uploads\/2009\/04\/selva2-2-150x150.jpg\" class=\"attachment-thumbnail size-thumbnail\" alt=\"\" \/><\/a>\n\t\t\t<\/div><\/figure><figure class='gallery-item'>\n\t\t\t<div class='gallery-icon landscape'>\n\t\t\t\t<a href='https:\/\/turcon.es\/wp\/selva2-4\/'><img decoding=\"async\" width=\"150\" height=\"150\" src=\"https:\/\/turcon.es\/wp\/wp-content\/uploads\/2009\/04\/selva2-3-150x150.jpg\" class=\"attachment-thumbnail size-thumbnail\" alt=\"\" \/><\/a>\n\t\t\t<\/div><\/figure><figure class='gallery-item'>\n\t\t\t<div class='gallery-icon landscape'>\n\t\t\t\t<a href='https:\/\/turcon.es\/wp\/selva2-5\/'><img loading=\"lazy\" decoding=\"async\" width=\"150\" height=\"150\" src=\"https:\/\/turcon.es\/wp\/wp-content\/uploads\/2009\/04\/selva2-4-150x150.jpg\" class=\"attachment-thumbnail size-thumbnail\" alt=\"\" \/><\/a>\n\t\t\t<\/div><\/figure><figure class='gallery-item'>\n\t\t\t<div class='gallery-icon landscape'>\n\t\t\t\t<a href='https:\/\/turcon.es\/wp\/selva11-2\/'><img loading=\"lazy\" decoding=\"async\" width=\"150\" height=\"105\" src=\"https:\/\/turcon.es\/wp\/wp-content\/uploads\/2009\/04\/selva11-1-150x105.jpg\" class=\"attachment-thumbnail size-thumbnail\" alt=\"\" \/><\/a>\n\t\t\t<\/div><\/figure><figure class='gallery-item'>\n\t\t\t<div class='gallery-icon landscape'>\n\t\t\t\t<a href='https:\/\/turcon.es\/wp\/selva11-3\/'><img loading=\"lazy\" decoding=\"async\" width=\"150\" height=\"105\" src=\"https:\/\/turcon.es\/wp\/wp-content\/uploads\/2009\/04\/selva11-2-150x105.jpg\" class=\"attachment-thumbnail size-thumbnail\" alt=\"\" \/><\/a>\n\t\t\t<\/div><\/figure>\n\t\t<\/div>\n\n<\/div>\n<\/div>\n<\/div>\n<\/div>\n","protected":false},"excerpt":{"rendered":"<p>En la tarde noche del viernes 13 de abril de 2018, se present\u00f3 en el Centro Socio-Cultural LA CASA VERDE (Firgas) el libro \u201cVENTAYGA, El enigma del nemeth\u201d, la \u00faltima obra de Jos\u00e9 Manuel Espi\u00f1o Meil\u00e1n. De manera muy amena y con un verbo fluido, el profesor Espi\u00f1o acerc\u00f3 durante hora y media de conversaci\u00f3n, [&hellip;]<\/p>\n","protected":false},"author":2,"featured_media":0,"comment_status":"open","ping_status":"open","sticky":false,"template":"","format":"standard","meta":{"footnotes":""},"categories":[6,22,31,32,37,39,41,69,46,49,54,55,57,58],"tags":[],"class_list":["post-14870","post","type-post","status-publish","format-standard","hentry","category-actividades-turcon","category-concienciacion","category-educacion-y-cultura","category-ejemplos-a-seguir","category-espacios-naturales","category-fauna-y-flora","category-gran-canaria","category-movimiento-ciudadano","category-notas-de-prensa-de-turcon","category-patrimonio-historico","category-recomendamos-para-leer-ver-y-escuchar","category-recursos-naturales","category-senderismo","category-sociedad-y-derechos"],"yoast_head":"<!-- This site is optimized with the Yoast SEO plugin v26.3 - https:\/\/yoast.com\/wordpress\/plugins\/seo\/ -->\n<title>El Ventayga se present\u00f3 en Firgas - Colectivo Ecologista Turcon<\/title>\n<meta name=\"robots\" content=\"index, follow, max-snippet:-1, max-image-preview:large, max-video-preview:-1\" \/>\n<link rel=\"canonical\" href=\"https:\/\/turcon.es\/wp\/el-ventayga-se-presento-en-firgas\/\" \/>\n<meta property=\"og:locale\" content=\"es_ES\" \/>\n<meta property=\"og:type\" content=\"article\" \/>\n<meta property=\"og:title\" content=\"El Ventayga se present\u00f3 en Firgas - Colectivo Ecologista Turcon\" \/>\n<meta property=\"og:description\" content=\"En la tarde noche del viernes 13 de abril de 2018, se present\u00f3 en el Centro Socio-Cultural LA CASA VERDE (Firgas) el libro \u201cVENTAYGA, El enigma del nemeth\u201d, la \u00faltima obra de Jos\u00e9 Manuel Espi\u00f1o Meil\u00e1n. De manera muy amena y con un verbo fluido, el profesor Espi\u00f1o acerc\u00f3 durante hora y media de conversaci\u00f3n, [&hellip;]\" \/>\n<meta property=\"og:url\" content=\"https:\/\/turcon.es\/wp\/el-ventayga-se-presento-en-firgas\/\" \/>\n<meta property=\"og:site_name\" content=\"Colectivo Ecologista Turcon\" \/>\n<meta property=\"article:published_time\" content=\"2018-04-14T18:55:33+00:00\" \/>\n<meta property=\"og:image\" content=\"https:\/\/turcon.es\/wp\/wp-content\/uploads\/2009\/04\/selva2-1-150x150.jpg\" \/>\n<meta name=\"author\" content=\"Laura Fernandez\" \/>\n<meta name=\"twitter:card\" content=\"summary_large_image\" \/>\n<meta name=\"twitter:label1\" content=\"Escrito por\" \/>\n\t<meta name=\"twitter:data1\" content=\"Laura Fernandez\" \/>\n\t<meta name=\"twitter:label2\" content=\"Tiempo de lectura\" \/>\n\t<meta name=\"twitter:data2\" content=\"1 minuto\" \/>\n<script type=\"application\/ld+json\" class=\"yoast-schema-graph\">{\"@context\":\"https:\/\/schema.org\",\"@graph\":[{\"@type\":\"Article\",\"@id\":\"https:\/\/turcon.es\/wp\/el-ventayga-se-presento-en-firgas\/#article\",\"isPartOf\":{\"@id\":\"https:\/\/turcon.es\/wp\/el-ventayga-se-presento-en-firgas\/\"},\"author\":{\"name\":\"Laura Fernandez\",\"@id\":\"https:\/\/turcon.es\/wp\/#\/schema\/person\/a1f3ba727ce031d9da17684affe85edd\"},\"headline\":\"El Ventayga se present\u00f3 en Firgas\",\"datePublished\":\"2018-04-14T18:55:33+00:00\",\"mainEntityOfPage\":{\"@id\":\"https:\/\/turcon.es\/wp\/el-ventayga-se-presento-en-firgas\/\"},\"wordCount\":150,\"commentCount\":0,\"publisher\":{\"@id\":\"https:\/\/turcon.es\/wp\/#organization\"},\"articleSection\":[\"#Actividades Turc\u00f3n#\",\"Concienciaci\u00f3n\",\"Educaci\u00f3n y cultura\",\"Ejemplos a seguir\",\"Espacios Naturales\",\"Fauna y flora\",\"Gran Canaria\",\"Movimiento ciudadano\",\"Notas de prensa de Turc\u00f3n\",\"Patrimonio hist\u00f3rico\",\"Recomendamos para leer, ver y escuchar...\",\"Recursos naturales\",\"Senderismo\",\"Sociedad y derechos\"],\"inLanguage\":\"es\",\"potentialAction\":[{\"@type\":\"CommentAction\",\"name\":\"Comment\",\"target\":[\"https:\/\/turcon.es\/wp\/el-ventayga-se-presento-en-firgas\/#respond\"]}]},{\"@type\":\"WebPage\",\"@id\":\"https:\/\/turcon.es\/wp\/el-ventayga-se-presento-en-firgas\/\",\"url\":\"https:\/\/turcon.es\/wp\/el-ventayga-se-presento-en-firgas\/\",\"name\":\"El Ventayga se present\u00f3 en Firgas - Colectivo Ecologista Turcon\",\"isPartOf\":{\"@id\":\"https:\/\/turcon.es\/wp\/#website\"},\"datePublished\":\"2018-04-14T18:55:33+00:00\",\"breadcrumb\":{\"@id\":\"https:\/\/turcon.es\/wp\/el-ventayga-se-presento-en-firgas\/#breadcrumb\"},\"inLanguage\":\"es\",\"potentialAction\":[{\"@type\":\"ReadAction\",\"target\":[\"https:\/\/turcon.es\/wp\/el-ventayga-se-presento-en-firgas\/\"]}]},{\"@type\":\"BreadcrumbList\",\"@id\":\"https:\/\/turcon.es\/wp\/el-ventayga-se-presento-en-firgas\/#breadcrumb\",\"itemListElement\":[{\"@type\":\"ListItem\",\"position\":1,\"name\":\"Portada\",\"item\":\"https:\/\/turcon.es\/wp\/\"},{\"@type\":\"ListItem\",\"position\":2,\"name\":\"El Ventayga se present\u00f3 en Firgas\"}]},{\"@type\":\"WebSite\",\"@id\":\"https:\/\/turcon.es\/wp\/#website\",\"url\":\"https:\/\/turcon.es\/wp\/\",\"name\":\"Colectivo Ecologista Turcon\",\"description\":\"\",\"publisher\":{\"@id\":\"https:\/\/turcon.es\/wp\/#organization\"},\"potentialAction\":[{\"@type\":\"SearchAction\",\"target\":{\"@type\":\"EntryPoint\",\"urlTemplate\":\"https:\/\/turcon.es\/wp\/?s={search_term_string}\"},\"query-input\":{\"@type\":\"PropertyValueSpecification\",\"valueRequired\":true,\"valueName\":\"search_term_string\"}}],\"inLanguage\":\"es\"},{\"@type\":\"Organization\",\"@id\":\"https:\/\/turcon.es\/wp\/#organization\",\"name\":\"Colectivo Ecologista Turcon\",\"url\":\"https:\/\/turcon.es\/wp\/\",\"logo\":{\"@type\":\"ImageObject\",\"inLanguage\":\"es\",\"@id\":\"https:\/\/turcon.es\/wp\/#\/schema\/logo\/image\/\",\"url\":\"https:\/\/turcon.es\/wp\/wp-content\/uploads\/2025\/03\/logo-verde.svg\",\"contentUrl\":\"https:\/\/turcon.es\/wp\/wp-content\/uploads\/2025\/03\/logo-verde.svg\",\"width\":813,\"height\":813,\"caption\":\"Colectivo Ecologista Turcon\"},\"image\":{\"@id\":\"https:\/\/turcon.es\/wp\/#\/schema\/logo\/image\/\"}},{\"@type\":\"Person\",\"@id\":\"https:\/\/turcon.es\/wp\/#\/schema\/person\/a1f3ba727ce031d9da17684affe85edd\",\"name\":\"Laura Fernandez\",\"image\":{\"@type\":\"ImageObject\",\"inLanguage\":\"es\",\"@id\":\"https:\/\/turcon.es\/wp\/#\/schema\/person\/image\/\",\"url\":\"https:\/\/secure.gravatar.com\/avatar\/360749af9549af22e54582d50231ae56e854210ae2368797ba242f445a9852e8?s=96&d=mm&r=g\",\"contentUrl\":\"https:\/\/secure.gravatar.com\/avatar\/360749af9549af22e54582d50231ae56e854210ae2368797ba242f445a9852e8?s=96&d=mm&r=g\",\"caption\":\"Laura Fernandez\"},\"url\":\"https:\/\/turcon.es\/wp\/author\/admturcon\/\"}]}<\/script>\n<!-- \/ Yoast SEO plugin. -->","yoast_head_json":{"title":"El Ventayga se present\u00f3 en Firgas - Colectivo Ecologista Turcon","robots":{"index":"index","follow":"follow","max-snippet":"max-snippet:-1","max-image-preview":"max-image-preview:large","max-video-preview":"max-video-preview:-1"},"canonical":"https:\/\/turcon.es\/wp\/el-ventayga-se-presento-en-firgas\/","og_locale":"es_ES","og_type":"article","og_title":"El Ventayga se present\u00f3 en Firgas - Colectivo Ecologista Turcon","og_description":"En la tarde noche del viernes 13 de abril de 2018, se present\u00f3 en el Centro Socio-Cultural LA CASA VERDE (Firgas) el libro \u201cVENTAYGA, El enigma del nemeth\u201d, la \u00faltima obra de Jos\u00e9 Manuel Espi\u00f1o Meil\u00e1n. De manera muy amena y con un verbo fluido, el profesor Espi\u00f1o acerc\u00f3 durante hora y media de conversaci\u00f3n, [&hellip;]","og_url":"https:\/\/turcon.es\/wp\/el-ventayga-se-presento-en-firgas\/","og_site_name":"Colectivo Ecologista Turcon","article_published_time":"2018-04-14T18:55:33+00:00","og_image":[{"url":"https:\/\/turcon.es\/wp\/wp-content\/uploads\/2009\/04\/selva2-1-150x150.jpg","type":"","width":"","height":""}],"author":"Laura Fernandez","twitter_card":"summary_large_image","twitter_misc":{"Escrito por":"Laura Fernandez","Tiempo de lectura":"1 minuto"},"schema":{"@context":"https:\/\/schema.org","@graph":[{"@type":"Article","@id":"https:\/\/turcon.es\/wp\/el-ventayga-se-presento-en-firgas\/#article","isPartOf":{"@id":"https:\/\/turcon.es\/wp\/el-ventayga-se-presento-en-firgas\/"},"author":{"name":"Laura Fernandez","@id":"https:\/\/turcon.es\/wp\/#\/schema\/person\/a1f3ba727ce031d9da17684affe85edd"},"headline":"El Ventayga se present\u00f3 en Firgas","datePublished":"2018-04-14T18:55:33+00:00","mainEntityOfPage":{"@id":"https:\/\/turcon.es\/wp\/el-ventayga-se-presento-en-firgas\/"},"wordCount":150,"commentCount":0,"publisher":{"@id":"https:\/\/turcon.es\/wp\/#organization"},"articleSection":["#Actividades Turc\u00f3n#","Concienciaci\u00f3n","Educaci\u00f3n y cultura","Ejemplos a seguir","Espacios Naturales","Fauna y flora","Gran Canaria","Movimiento ciudadano","Notas de prensa de Turc\u00f3n","Patrimonio hist\u00f3rico","Recomendamos para leer, ver y escuchar...","Recursos naturales","Senderismo","Sociedad y derechos"],"inLanguage":"es","potentialAction":[{"@type":"CommentAction","name":"Comment","target":["https:\/\/turcon.es\/wp\/el-ventayga-se-presento-en-firgas\/#respond"]}]},{"@type":"WebPage","@id":"https:\/\/turcon.es\/wp\/el-ventayga-se-presento-en-firgas\/","url":"https:\/\/turcon.es\/wp\/el-ventayga-se-presento-en-firgas\/","name":"El Ventayga se present\u00f3 en Firgas - Colectivo Ecologista Turcon","isPartOf":{"@id":"https:\/\/turcon.es\/wp\/#website"},"datePublished":"2018-04-14T18:55:33+00:00","breadcrumb":{"@id":"https:\/\/turcon.es\/wp\/el-ventayga-se-presento-en-firgas\/#breadcrumb"},"inLanguage":"es","potentialAction":[{"@type":"ReadAction","target":["https:\/\/turcon.es\/wp\/el-ventayga-se-presento-en-firgas\/"]}]},{"@type":"BreadcrumbList","@id":"https:\/\/turcon.es\/wp\/el-ventayga-se-presento-en-firgas\/#breadcrumb","itemListElement":[{"@type":"ListItem","position":1,"name":"Portada","item":"https:\/\/turcon.es\/wp\/"},{"@type":"ListItem","position":2,"name":"El Ventayga se present\u00f3 en Firgas"}]},{"@type":"WebSite","@id":"https:\/\/turcon.es\/wp\/#website","url":"https:\/\/turcon.es\/wp\/","name":"Colectivo Ecologista Turcon","description":"","publisher":{"@id":"https:\/\/turcon.es\/wp\/#organization"},"potentialAction":[{"@type":"SearchAction","target":{"@type":"EntryPoint","urlTemplate":"https:\/\/turcon.es\/wp\/?s={search_term_string}"},"query-input":{"@type":"PropertyValueSpecification","valueRequired":true,"valueName":"search_term_string"}}],"inLanguage":"es"},{"@type":"Organization","@id":"https:\/\/turcon.es\/wp\/#organization","name":"Colectivo Ecologista Turcon","url":"https:\/\/turcon.es\/wp\/","logo":{"@type":"ImageObject","inLanguage":"es","@id":"https:\/\/turcon.es\/wp\/#\/schema\/logo\/image\/","url":"https:\/\/turcon.es\/wp\/wp-content\/uploads\/2025\/03\/logo-verde.svg","contentUrl":"https:\/\/turcon.es\/wp\/wp-content\/uploads\/2025\/03\/logo-verde.svg","width":813,"height":813,"caption":"Colectivo Ecologista Turcon"},"image":{"@id":"https:\/\/turcon.es\/wp\/#\/schema\/logo\/image\/"}},{"@type":"Person","@id":"https:\/\/turcon.es\/wp\/#\/schema\/person\/a1f3ba727ce031d9da17684affe85edd","name":"Laura Fernandez","image":{"@type":"ImageObject","inLanguage":"es","@id":"https:\/\/turcon.es\/wp\/#\/schema\/person\/image\/","url":"https:\/\/secure.gravatar.com\/avatar\/360749af9549af22e54582d50231ae56e854210ae2368797ba242f445a9852e8?s=96&d=mm&r=g","contentUrl":"https:\/\/secure.gravatar.com\/avatar\/360749af9549af22e54582d50231ae56e854210ae2368797ba242f445a9852e8?s=96&d=mm&r=g","caption":"Laura Fernandez"},"url":"https:\/\/turcon.es\/wp\/author\/admturcon\/"}]}},"_links":{"self":[{"href":"https:\/\/turcon.es\/wp\/wp-json\/wp\/v2\/posts\/14870","targetHints":{"allow":["GET"]}}],"collection":[{"href":"https:\/\/turcon.es\/wp\/wp-json\/wp\/v2\/posts"}],"about":[{"href":"https:\/\/turcon.es\/wp\/wp-json\/wp\/v2\/types\/post"}],"author":[{"embeddable":true,"href":"https:\/\/turcon.es\/wp\/wp-json\/wp\/v2\/users\/2"}],"replies":[{"embeddable":true,"href":"https:\/\/turcon.es\/wp\/wp-json\/wp\/v2\/comments?post=14870"}],"version-history":[{"count":0,"href":"https:\/\/turcon.es\/wp\/wp-json\/wp\/v2\/posts\/14870\/revisions"}],"wp:attachment":[{"href":"https:\/\/turcon.es\/wp\/wp-json\/wp\/v2\/media?parent=14870"}],"wp:term":[{"taxonomy":"category","embeddable":true,"href":"https:\/\/turcon.es\/wp\/wp-json\/wp\/v2\/categories?post=14870"},{"taxonomy":"post_tag","embeddable":true,"href":"https:\/\/turcon.es\/wp\/wp-json\/wp\/v2\/tags?post=14870"}],"curies":[{"name":"wp","href":"https:\/\/api.w.org\/{rel}","templated":true}]}}