{"id":14872,"date":"2018-04-21T19:14:18","date_gmt":"2018-04-21T19:14:18","guid":{"rendered":"https:\/\/turcon.wordpress.com\/?p=13334"},"modified":"2018-04-21T19:14:18","modified_gmt":"2018-04-21T19:14:18","slug":"concluye-la-ruta-de-tirma-la-aldea-de-san-nicolas","status":"publish","type":"post","link":"https:\/\/turcon.es\/wp\/concluye-la-ruta-de-tirma-la-aldea-de-san-nicolas\/","title":{"rendered":"Concluye la ruta de Tirma-La Aldea de San Nicol\u00e1s"},"content":{"rendered":"<p><span style=\"color:#800000;\"><strong>Lleva el nombre de \u201cRuta del cartero\u201d. Fue realizada con buen tiempo y un nivel de los participantes.<\/strong><\/span><\/p>\n<p><span style=\"color:#800000;\"><strong>Realizaron la ruta de 14 km, en siete horas brutas, llegando al centro urbano de La Aldea de San Nicol\u00e1s sobra las 15:30 horas.<\/strong><\/span><\/p>\n<p><strong><span style=\"color:#800080;\"><u>Itinerario realizado:<\/u><\/span><\/strong><\/p>\n<p><strong><span style=\"color:#800080;\">El Risco de Agaete-Lomo del Risco-Lomo del Tirajanero -Finca Tirma-Sabina gigante-Barranco de Guigui Chico-Lomo de Molina-barranquillo de Cho Ildefonso-barranquillo de Pino Negro-Pino solitario, \u201cMedia Luna\u201d-barranco de Carre\u00f1o-Cruz y Cueva Nueva-Anden de la fuente blanca-Casta\u00f1eta-La Aldea de San Nicol\u00e1s.<\/span><\/strong><\/p>\n<p><img fetchpriority=\"high\" decoding=\"async\" class=\"aligncenter size-medium wp-image-13347\" src=\"https:\/\/turcon.es\/wp\/wp-content\/uploads\/2018\/04\/2f05b57f-899c-44df-a05d-0407466a23da.jpg?w=300\" alt=\"\" width=\"300\" height=\"225\" \/><\/p>\n<p><strong><u>Finca de TIRMA:<\/u><\/strong><\/p>\n<p>En el a\u00f1o 1992, siendo consejero de Pol\u00edtica Territorial del Cabildo de Gran Canaria, Fernando Gonz\u00e1lez compra la finca de Tirma a sus antiguos propietarios, por un valor aproximado de 1.000 millones de pesetas. Unos terrenos cuya superficie alcanza las 2.036 has. y que constituyen una parte importante del Parque Natural de Tamadaba.<\/p>\n<p><em>\u201cLa comarca conocida por TIRMA, en el \u00e1ngulo noroeste de Gran Canaria, la constituye una espectacular y extensa altiplanicie ovaloide, un tanto arrugada, bordeada por altivas monta\u00f1as y acusados cerros, cruzada a su vez por el Barranco de Guguy Grande, afluente del barranco de \u201cEl Risco\u201d, que tiene su nacimiento en esta propia comarca. En ella se aprecia la caldera y el llano o meseta de \u201cTirma\u201d, con la hacienda cortijal \u201cLa Marquesa\u201d, y en primer lugar, la Monta\u00f1a de Tirma, con \u00e1speras estribaciones, tajos y fugas sobre el mar. <\/em><\/p>\n<p>Aqu\u00ed se trataba la madera que se extra\u00eda del pinar que hay en la parte superior de la finca. La madera se usaba en la construcci\u00f3n de barcos, sobre todo a partir del crecimiento del Puerto de Las Palmas. La madera se trasportaba en carretas hasta la ciudad. Seg\u00fan cuentan, la construcci\u00f3n del aserradero es anterior a 1936.<\/p>\n<p>En el exterior de la casa, existe un letrero que pone \u00abmarquesa de tirma\u00bb. Las puertas y ventanas son las originales de madera. En esta finca se plantaba: hortalizas, papas, etc. <strong>Posee unas 2.036 ha. y principalmente, se dedicaba a la explotaci\u00f3n de madera. Perteneci\u00f3 a los <u>Tomas Morales <\/u>y a D. Mat\u00edas Vega. <\/strong>La finca era llevada por trabajadores de los alrededores que iban y ven\u00edan todos los d\u00edas. Los de m\u00e1s lejos pernoctaban en la finca.<\/p>\n<p><strong><u>EL SANTUARIO DE TIRMA: <\/u><\/strong>Las primeras descripciones cient\u00edficas de los restos arqueol\u00f3gicos de Tirma las proporcion\u00f3 V. <strong>Grau Bassas <\/strong>a partir de la visita a este paraje que realiz\u00f3 en septiembre de 1887.\u00a0 En el a\u00f1o 1999, el Servicio de Patrimonio Hist\u00f3rico del Cabildo encarga un estudio de Tirma, increment\u00e1ndose notablemente el n\u00famero de yacimientos catalogados. Y mediante un decreto de fecha de 22 de mayo de 2003 se incoa expediente para la declaraci\u00f3n como <strong><u>Bien de Inter\u00e9s Cultural<\/u><\/strong>, con la categor\u00eda de Zona Arqueol\u00f3gica, a favor del \u00abSantuario de Tirma\u00bb, en los t\u00e9rminos municipales de Agaete, Artenara y La Aldea de San Nicol\u00e1s (BOC, viernes 8 de agosto de 2003).\u00a0 De esta manera se reconoce lo que Jim\u00e9nez S\u00e1nchez dec\u00eda: <strong><em>Tirma debi\u00f3 ser \u201cen lo antiguo, uno de los montes sagrados de Gran Canaria, el Olimpo y asiento de los dioses\u2026\u201d.<\/em><\/strong><\/p>\n<h2><span style=\"color:#800080;\"><strong>Caminos antiguos, caminos llenos de historia.<\/strong><\/span><\/h2>\n<p>Este viejo sendero, que proviene de La Aldea de San Nicol\u00e1s, probablemente sea el camino de \u201cEl Secretario\u201d, porque fue donde encontr\u00f3 la muerte en el a\u00f1o 1876 el secretario del Ayuntamiento de La Aldea y del Juzgado de aquel partido, D. Diego Rem\u00f3n de la Rosa, cuando tra\u00eda unos documentos al juzgado de Gu\u00eda.<\/p>\n<p>En la Revista del Foro Canario del 1-1-1879, se reproduce una \u201ccausa c\u00e9lebre\u201d, en el juzgado de Gu\u00eda, donde se recoge que \u201csiendo el d\u00eda 21 de marzo de 1876 (\u2026) se presenta Nicol\u00e1s Pablo Segura y su mujer Mar\u00eda Dolores de Sosa y particip\u00e1ndole, que en la parte de abajo del camino, que conduce de San Nicol\u00e1s \u00e1 Artenara, Agaete y otros pueblos, y en el punto que dicen Barranquillo del Charco de los Negros, hab\u00edan encontrado el cad\u00e1ver de un hombre\u2026 M\u00e1s informaci\u00f3n en el libro <strong><em>Descubriendo Gran Canaria: Reserva de la Biosfera<\/em><\/strong>, 2012.<\/p>\n<div id='gallery-1' class='gallery galleryid-14872 gallery-columns-3 gallery-size-thumbnail'><figure class='gallery-item'>\n\t\t\t<div class='gallery-icon landscape'>\n\t\t\t\t<a href='https:\/\/turcon.es\/wp\/logo-25-aniversario-reducido-3-4\/'><img decoding=\"async\" width=\"150\" height=\"150\" src=\"https:\/\/turcon.es\/wp\/wp-content\/uploads\/2009\/04\/logo-25-aniversario-reducido-3.jpg\" class=\"attachment-thumbnail size-thumbnail\" alt=\"\" \/><\/a>\n\t\t\t<\/div><\/figure><figure class='gallery-item'>\n\t\t\t<div class='gallery-icon landscape'>\n\t\t\t\t<a href='https:\/\/turcon.es\/wp\/logo-25-aniversario-reducido-3-5\/'><img decoding=\"async\" width=\"150\" height=\"150\" src=\"https:\/\/turcon.es\/wp\/wp-content\/uploads\/2009\/04\/logo-25-aniversario-reducido-4.jpg\" class=\"attachment-thumbnail size-thumbnail\" alt=\"\" \/><\/a>\n\t\t\t<\/div><\/figure><figure class='gallery-item'>\n\t\t\t<div class='gallery-icon landscape'>\n\t\t\t\t<a href='https:\/\/turcon.es\/wp\/greenpeace2-2\/'><img loading=\"lazy\" decoding=\"async\" width=\"132\" height=\"21\" src=\"https:\/\/turcon.es\/wp\/wp-content\/uploads\/2009\/04\/greenpeace2-1.jpg\" class=\"attachment-thumbnail size-thumbnail\" alt=\"\" \/><\/a>\n\t\t\t<\/div><\/figure><figure class='gallery-item'>\n\t\t\t<div class='gallery-icon landscape'>\n\t\t\t\t<a href='https:\/\/turcon.es\/wp\/greenpeace2-3\/'><img loading=\"lazy\" decoding=\"async\" width=\"132\" height=\"21\" src=\"https:\/\/turcon.es\/wp\/wp-content\/uploads\/2009\/04\/greenpeace2-2.jpg\" class=\"attachment-thumbnail size-thumbnail\" alt=\"\" \/><\/a>\n\t\t\t<\/div><\/figure><figure class='gallery-item'>\n\t\t\t<div class='gallery-icon landscape'>\n\t\t\t\t<a href='https:\/\/turcon.es\/wp\/greenpeace2-4\/'><img loading=\"lazy\" decoding=\"async\" width=\"132\" height=\"21\" src=\"https:\/\/turcon.es\/wp\/wp-content\/uploads\/2009\/04\/greenpeace2-3.jpg\" class=\"attachment-thumbnail size-thumbnail\" alt=\"\" \/><\/a>\n\t\t\t<\/div><\/figure><figure class='gallery-item'>\n\t\t\t<div class='gallery-icon landscape'>\n\t\t\t\t<a href='https:\/\/turcon.es\/wp\/greenpeace2-5\/'><img loading=\"lazy\" decoding=\"async\" width=\"132\" height=\"21\" src=\"https:\/\/turcon.es\/wp\/wp-content\/uploads\/2009\/04\/greenpeace2-4.jpg\" class=\"attachment-thumbnail size-thumbnail\" alt=\"\" \/><\/a>\n\t\t\t<\/div><\/figure><figure class='gallery-item'>\n\t\t\t<div class='gallery-icon portrait'>\n\t\t\t\t<a href='https:\/\/turcon.es\/wp\/andar-3-2\/'><img loading=\"lazy\" decoding=\"async\" width=\"102\" height=\"144\" src=\"https:\/\/turcon.es\/wp\/wp-content\/uploads\/2009\/04\/andar-1.gif\" class=\"attachment-thumbnail size-thumbnail\" alt=\"\" \/><\/a>\n\t\t\t<\/div><\/figure><figure class='gallery-item'>\n\t\t\t<div class='gallery-icon portrait'>\n\t\t\t\t<a href='https:\/\/turcon.es\/wp\/andar-3-3\/'><img loading=\"lazy\" decoding=\"async\" width=\"102\" height=\"144\" src=\"https:\/\/turcon.es\/wp\/wp-content\/uploads\/2009\/04\/andar-1.gif\" class=\"attachment-thumbnail size-thumbnail\" alt=\"\" \/><\/a>\n\t\t\t<\/div><\/figure>\n\t\t<\/div>\n\n<p>Galer\u00eda de fotos de Ana Rosa D\u00eda:\u00a0 https:\/\/photos.app.goo.gl\/h2C2u9N5gEI9CKev1<\/p>\n<p>&nbsp;<\/p>\n<p>&nbsp;<\/p>\n","protected":false},"excerpt":{"rendered":"<p>Lleva el nombre de \u201cRuta del cartero\u201d. Fue realizada con buen tiempo y un nivel de los participantes. Realizaron la ruta de 14 km, en siete horas brutas, llegando al centro urbano de La Aldea de San Nicol\u00e1s sobra las 15:30 horas. Itinerario realizado: El Risco de Agaete-Lomo del Risco-Lomo del Tirajanero -Finca Tirma-Sabina gigante-Barranco [&hellip;]<\/p>\n","protected":false},"author":2,"featured_media":0,"comment_status":"open","ping_status":"open","sticky":false,"template":"","format":"standard","meta":{"footnotes":""},"categories":[1],"tags":[],"class_list":["post-14872","post","type-post","status-publish","format-standard","hentry","category-uncategorized"],"yoast_head":"<!-- This site is optimized with the Yoast SEO plugin v26.3 - https:\/\/yoast.com\/wordpress\/plugins\/seo\/ -->\n<title>Concluye la ruta de Tirma-La Aldea de San Nicol\u00e1s - Colectivo Ecologista Turcon<\/title>\n<meta name=\"robots\" content=\"index, follow, max-snippet:-1, max-image-preview:large, max-video-preview:-1\" \/>\n<link rel=\"canonical\" href=\"https:\/\/turcon.es\/wp\/concluye-la-ruta-de-tirma-la-aldea-de-san-nicolas\/\" \/>\n<meta property=\"og:locale\" content=\"es_ES\" \/>\n<meta property=\"og:type\" content=\"article\" \/>\n<meta property=\"og:title\" content=\"Concluye la ruta de Tirma-La Aldea de San Nicol\u00e1s - Colectivo Ecologista Turcon\" \/>\n<meta property=\"og:description\" content=\"Lleva el nombre de \u201cRuta del cartero\u201d. Fue realizada con buen tiempo y un nivel de los participantes. Realizaron la ruta de 14 km, en siete horas brutas, llegando al centro urbano de La Aldea de San Nicol\u00e1s sobra las 15:30 horas. Itinerario realizado: El Risco de Agaete-Lomo del Risco-Lomo del Tirajanero -Finca Tirma-Sabina gigante-Barranco [&hellip;]\" \/>\n<meta property=\"og:url\" content=\"https:\/\/turcon.es\/wp\/concluye-la-ruta-de-tirma-la-aldea-de-san-nicolas\/\" \/>\n<meta property=\"og:site_name\" content=\"Colectivo Ecologista Turcon\" \/>\n<meta property=\"article:published_time\" content=\"2018-04-21T19:14:18+00:00\" \/>\n<meta property=\"og:image\" content=\"https:\/\/turcon.es\/wp\/wp-content\/uploads\/2009\/04\/logo-25-aniversario-reducido-3.jpg\" \/>\n<meta name=\"author\" content=\"Laura Fernandez\" \/>\n<meta name=\"twitter:card\" content=\"summary_large_image\" \/>\n<meta name=\"twitter:label1\" content=\"Escrito por\" \/>\n\t<meta name=\"twitter:data1\" content=\"Laura Fernandez\" \/>\n\t<meta name=\"twitter:label2\" content=\"Tiempo de lectura\" \/>\n\t<meta name=\"twitter:data2\" content=\"4 minutos\" \/>\n<script type=\"application\/ld+json\" class=\"yoast-schema-graph\">{\"@context\":\"https:\/\/schema.org\",\"@graph\":[{\"@type\":\"Article\",\"@id\":\"https:\/\/turcon.es\/wp\/concluye-la-ruta-de-tirma-la-aldea-de-san-nicolas\/#article\",\"isPartOf\":{\"@id\":\"https:\/\/turcon.es\/wp\/concluye-la-ruta-de-tirma-la-aldea-de-san-nicolas\/\"},\"author\":{\"name\":\"Laura Fernandez\",\"@id\":\"https:\/\/turcon.es\/wp\/#\/schema\/person\/a1f3ba727ce031d9da17684affe85edd\"},\"headline\":\"Concluye la ruta de Tirma-La Aldea de San Nicol\u00e1s\",\"datePublished\":\"2018-04-21T19:14:18+00:00\",\"mainEntityOfPage\":{\"@id\":\"https:\/\/turcon.es\/wp\/concluye-la-ruta-de-tirma-la-aldea-de-san-nicolas\/\"},\"wordCount\":729,\"commentCount\":0,\"publisher\":{\"@id\":\"https:\/\/turcon.es\/wp\/#organization\"},\"image\":{\"@id\":\"https:\/\/turcon.es\/wp\/concluye-la-ruta-de-tirma-la-aldea-de-san-nicolas\/#primaryimage\"},\"thumbnailUrl\":\"https:\/\/turcon.es\/wp\/wp-content\/uploads\/2018\/04\/2f05b57f-899c-44df-a05d-0407466a23da.jpg?w=300\",\"articleSection\":[\"General\"],\"inLanguage\":\"es\",\"potentialAction\":[{\"@type\":\"CommentAction\",\"name\":\"Comment\",\"target\":[\"https:\/\/turcon.es\/wp\/concluye-la-ruta-de-tirma-la-aldea-de-san-nicolas\/#respond\"]}]},{\"@type\":\"WebPage\",\"@id\":\"https:\/\/turcon.es\/wp\/concluye-la-ruta-de-tirma-la-aldea-de-san-nicolas\/\",\"url\":\"https:\/\/turcon.es\/wp\/concluye-la-ruta-de-tirma-la-aldea-de-san-nicolas\/\",\"name\":\"Concluye la ruta de Tirma-La Aldea de San Nicol\u00e1s - Colectivo Ecologista Turcon\",\"isPartOf\":{\"@id\":\"https:\/\/turcon.es\/wp\/#website\"},\"primaryImageOfPage\":{\"@id\":\"https:\/\/turcon.es\/wp\/concluye-la-ruta-de-tirma-la-aldea-de-san-nicolas\/#primaryimage\"},\"image\":{\"@id\":\"https:\/\/turcon.es\/wp\/concluye-la-ruta-de-tirma-la-aldea-de-san-nicolas\/#primaryimage\"},\"thumbnailUrl\":\"https:\/\/turcon.es\/wp\/wp-content\/uploads\/2018\/04\/2f05b57f-899c-44df-a05d-0407466a23da.jpg?w=300\",\"datePublished\":\"2018-04-21T19:14:18+00:00\",\"breadcrumb\":{\"@id\":\"https:\/\/turcon.es\/wp\/concluye-la-ruta-de-tirma-la-aldea-de-san-nicolas\/#breadcrumb\"},\"inLanguage\":\"es\",\"potentialAction\":[{\"@type\":\"ReadAction\",\"target\":[\"https:\/\/turcon.es\/wp\/concluye-la-ruta-de-tirma-la-aldea-de-san-nicolas\/\"]}]},{\"@type\":\"ImageObject\",\"inLanguage\":\"es\",\"@id\":\"https:\/\/turcon.es\/wp\/concluye-la-ruta-de-tirma-la-aldea-de-san-nicolas\/#primaryimage\",\"url\":\"https:\/\/turcon.es\/wp\/wp-content\/uploads\/2018\/04\/2f05b57f-899c-44df-a05d-0407466a23da.jpg?w=300\",\"contentUrl\":\"https:\/\/turcon.es\/wp\/wp-content\/uploads\/2018\/04\/2f05b57f-899c-44df-a05d-0407466a23da.jpg?w=300\"},{\"@type\":\"BreadcrumbList\",\"@id\":\"https:\/\/turcon.es\/wp\/concluye-la-ruta-de-tirma-la-aldea-de-san-nicolas\/#breadcrumb\",\"itemListElement\":[{\"@type\":\"ListItem\",\"position\":1,\"name\":\"Portada\",\"item\":\"https:\/\/turcon.es\/wp\/\"},{\"@type\":\"ListItem\",\"position\":2,\"name\":\"Concluye la ruta de Tirma-La Aldea de San Nicol\u00e1s\"}]},{\"@type\":\"WebSite\",\"@id\":\"https:\/\/turcon.es\/wp\/#website\",\"url\":\"https:\/\/turcon.es\/wp\/\",\"name\":\"Colectivo Ecologista Turcon\",\"description\":\"\",\"publisher\":{\"@id\":\"https:\/\/turcon.es\/wp\/#organization\"},\"potentialAction\":[{\"@type\":\"SearchAction\",\"target\":{\"@type\":\"EntryPoint\",\"urlTemplate\":\"https:\/\/turcon.es\/wp\/?s={search_term_string}\"},\"query-input\":{\"@type\":\"PropertyValueSpecification\",\"valueRequired\":true,\"valueName\":\"search_term_string\"}}],\"inLanguage\":\"es\"},{\"@type\":\"Organization\",\"@id\":\"https:\/\/turcon.es\/wp\/#organization\",\"name\":\"Colectivo Ecologista Turcon\",\"url\":\"https:\/\/turcon.es\/wp\/\",\"logo\":{\"@type\":\"ImageObject\",\"inLanguage\":\"es\",\"@id\":\"https:\/\/turcon.es\/wp\/#\/schema\/logo\/image\/\",\"url\":\"https:\/\/turcon.es\/wp\/wp-content\/uploads\/2025\/03\/logo-verde.svg\",\"contentUrl\":\"https:\/\/turcon.es\/wp\/wp-content\/uploads\/2025\/03\/logo-verde.svg\",\"width\":813,\"height\":813,\"caption\":\"Colectivo Ecologista Turcon\"},\"image\":{\"@id\":\"https:\/\/turcon.es\/wp\/#\/schema\/logo\/image\/\"}},{\"@type\":\"Person\",\"@id\":\"https:\/\/turcon.es\/wp\/#\/schema\/person\/a1f3ba727ce031d9da17684affe85edd\",\"name\":\"Laura Fernandez\",\"image\":{\"@type\":\"ImageObject\",\"inLanguage\":\"es\",\"@id\":\"https:\/\/turcon.es\/wp\/#\/schema\/person\/image\/\",\"url\":\"https:\/\/secure.gravatar.com\/avatar\/360749af9549af22e54582d50231ae56e854210ae2368797ba242f445a9852e8?s=96&d=mm&r=g\",\"contentUrl\":\"https:\/\/secure.gravatar.com\/avatar\/360749af9549af22e54582d50231ae56e854210ae2368797ba242f445a9852e8?s=96&d=mm&r=g\",\"caption\":\"Laura Fernandez\"},\"url\":\"https:\/\/turcon.es\/wp\/author\/admturcon\/\"}]}<\/script>\n<!-- \/ Yoast SEO plugin. -->","yoast_head_json":{"title":"Concluye la ruta de Tirma-La Aldea de San Nicol\u00e1s - Colectivo Ecologista Turcon","robots":{"index":"index","follow":"follow","max-snippet":"max-snippet:-1","max-image-preview":"max-image-preview:large","max-video-preview":"max-video-preview:-1"},"canonical":"https:\/\/turcon.es\/wp\/concluye-la-ruta-de-tirma-la-aldea-de-san-nicolas\/","og_locale":"es_ES","og_type":"article","og_title":"Concluye la ruta de Tirma-La Aldea de San Nicol\u00e1s - Colectivo Ecologista Turcon","og_description":"Lleva el nombre de \u201cRuta del cartero\u201d. Fue realizada con buen tiempo y un nivel de los participantes. Realizaron la ruta de 14 km, en siete horas brutas, llegando al centro urbano de La Aldea de San Nicol\u00e1s sobra las 15:30 horas. Itinerario realizado: El Risco de Agaete-Lomo del Risco-Lomo del Tirajanero -Finca Tirma-Sabina gigante-Barranco [&hellip;]","og_url":"https:\/\/turcon.es\/wp\/concluye-la-ruta-de-tirma-la-aldea-de-san-nicolas\/","og_site_name":"Colectivo Ecologista Turcon","article_published_time":"2018-04-21T19:14:18+00:00","og_image":[{"url":"https:\/\/turcon.es\/wp\/wp-content\/uploads\/2009\/04\/logo-25-aniversario-reducido-3.jpg","type":"","width":"","height":""}],"author":"Laura Fernandez","twitter_card":"summary_large_image","twitter_misc":{"Escrito por":"Laura Fernandez","Tiempo de lectura":"4 minutos"},"schema":{"@context":"https:\/\/schema.org","@graph":[{"@type":"Article","@id":"https:\/\/turcon.es\/wp\/concluye-la-ruta-de-tirma-la-aldea-de-san-nicolas\/#article","isPartOf":{"@id":"https:\/\/turcon.es\/wp\/concluye-la-ruta-de-tirma-la-aldea-de-san-nicolas\/"},"author":{"name":"Laura Fernandez","@id":"https:\/\/turcon.es\/wp\/#\/schema\/person\/a1f3ba727ce031d9da17684affe85edd"},"headline":"Concluye la ruta de Tirma-La Aldea de San Nicol\u00e1s","datePublished":"2018-04-21T19:14:18+00:00","mainEntityOfPage":{"@id":"https:\/\/turcon.es\/wp\/concluye-la-ruta-de-tirma-la-aldea-de-san-nicolas\/"},"wordCount":729,"commentCount":0,"publisher":{"@id":"https:\/\/turcon.es\/wp\/#organization"},"image":{"@id":"https:\/\/turcon.es\/wp\/concluye-la-ruta-de-tirma-la-aldea-de-san-nicolas\/#primaryimage"},"thumbnailUrl":"https:\/\/turcon.es\/wp\/wp-content\/uploads\/2018\/04\/2f05b57f-899c-44df-a05d-0407466a23da.jpg?w=300","articleSection":["General"],"inLanguage":"es","potentialAction":[{"@type":"CommentAction","name":"Comment","target":["https:\/\/turcon.es\/wp\/concluye-la-ruta-de-tirma-la-aldea-de-san-nicolas\/#respond"]}]},{"@type":"WebPage","@id":"https:\/\/turcon.es\/wp\/concluye-la-ruta-de-tirma-la-aldea-de-san-nicolas\/","url":"https:\/\/turcon.es\/wp\/concluye-la-ruta-de-tirma-la-aldea-de-san-nicolas\/","name":"Concluye la ruta de Tirma-La Aldea de San Nicol\u00e1s - Colectivo Ecologista Turcon","isPartOf":{"@id":"https:\/\/turcon.es\/wp\/#website"},"primaryImageOfPage":{"@id":"https:\/\/turcon.es\/wp\/concluye-la-ruta-de-tirma-la-aldea-de-san-nicolas\/#primaryimage"},"image":{"@id":"https:\/\/turcon.es\/wp\/concluye-la-ruta-de-tirma-la-aldea-de-san-nicolas\/#primaryimage"},"thumbnailUrl":"https:\/\/turcon.es\/wp\/wp-content\/uploads\/2018\/04\/2f05b57f-899c-44df-a05d-0407466a23da.jpg?w=300","datePublished":"2018-04-21T19:14:18+00:00","breadcrumb":{"@id":"https:\/\/turcon.es\/wp\/concluye-la-ruta-de-tirma-la-aldea-de-san-nicolas\/#breadcrumb"},"inLanguage":"es","potentialAction":[{"@type":"ReadAction","target":["https:\/\/turcon.es\/wp\/concluye-la-ruta-de-tirma-la-aldea-de-san-nicolas\/"]}]},{"@type":"ImageObject","inLanguage":"es","@id":"https:\/\/turcon.es\/wp\/concluye-la-ruta-de-tirma-la-aldea-de-san-nicolas\/#primaryimage","url":"https:\/\/turcon.es\/wp\/wp-content\/uploads\/2018\/04\/2f05b57f-899c-44df-a05d-0407466a23da.jpg?w=300","contentUrl":"https:\/\/turcon.es\/wp\/wp-content\/uploads\/2018\/04\/2f05b57f-899c-44df-a05d-0407466a23da.jpg?w=300"},{"@type":"BreadcrumbList","@id":"https:\/\/turcon.es\/wp\/concluye-la-ruta-de-tirma-la-aldea-de-san-nicolas\/#breadcrumb","itemListElement":[{"@type":"ListItem","position":1,"name":"Portada","item":"https:\/\/turcon.es\/wp\/"},{"@type":"ListItem","position":2,"name":"Concluye la ruta de Tirma-La Aldea de San Nicol\u00e1s"}]},{"@type":"WebSite","@id":"https:\/\/turcon.es\/wp\/#website","url":"https:\/\/turcon.es\/wp\/","name":"Colectivo Ecologista Turcon","description":"","publisher":{"@id":"https:\/\/turcon.es\/wp\/#organization"},"potentialAction":[{"@type":"SearchAction","target":{"@type":"EntryPoint","urlTemplate":"https:\/\/turcon.es\/wp\/?s={search_term_string}"},"query-input":{"@type":"PropertyValueSpecification","valueRequired":true,"valueName":"search_term_string"}}],"inLanguage":"es"},{"@type":"Organization","@id":"https:\/\/turcon.es\/wp\/#organization","name":"Colectivo Ecologista Turcon","url":"https:\/\/turcon.es\/wp\/","logo":{"@type":"ImageObject","inLanguage":"es","@id":"https:\/\/turcon.es\/wp\/#\/schema\/logo\/image\/","url":"https:\/\/turcon.es\/wp\/wp-content\/uploads\/2025\/03\/logo-verde.svg","contentUrl":"https:\/\/turcon.es\/wp\/wp-content\/uploads\/2025\/03\/logo-verde.svg","width":813,"height":813,"caption":"Colectivo Ecologista Turcon"},"image":{"@id":"https:\/\/turcon.es\/wp\/#\/schema\/logo\/image\/"}},{"@type":"Person","@id":"https:\/\/turcon.es\/wp\/#\/schema\/person\/a1f3ba727ce031d9da17684affe85edd","name":"Laura Fernandez","image":{"@type":"ImageObject","inLanguage":"es","@id":"https:\/\/turcon.es\/wp\/#\/schema\/person\/image\/","url":"https:\/\/secure.gravatar.com\/avatar\/360749af9549af22e54582d50231ae56e854210ae2368797ba242f445a9852e8?s=96&d=mm&r=g","contentUrl":"https:\/\/secure.gravatar.com\/avatar\/360749af9549af22e54582d50231ae56e854210ae2368797ba242f445a9852e8?s=96&d=mm&r=g","caption":"Laura Fernandez"},"url":"https:\/\/turcon.es\/wp\/author\/admturcon\/"}]}},"_links":{"self":[{"href":"https:\/\/turcon.es\/wp\/wp-json\/wp\/v2\/posts\/14872","targetHints":{"allow":["GET"]}}],"collection":[{"href":"https:\/\/turcon.es\/wp\/wp-json\/wp\/v2\/posts"}],"about":[{"href":"https:\/\/turcon.es\/wp\/wp-json\/wp\/v2\/types\/post"}],"author":[{"embeddable":true,"href":"https:\/\/turcon.es\/wp\/wp-json\/wp\/v2\/users\/2"}],"replies":[{"embeddable":true,"href":"https:\/\/turcon.es\/wp\/wp-json\/wp\/v2\/comments?post=14872"}],"version-history":[{"count":0,"href":"https:\/\/turcon.es\/wp\/wp-json\/wp\/v2\/posts\/14872\/revisions"}],"wp:attachment":[{"href":"https:\/\/turcon.es\/wp\/wp-json\/wp\/v2\/media?parent=14872"}],"wp:term":[{"taxonomy":"category","embeddable":true,"href":"https:\/\/turcon.es\/wp\/wp-json\/wp\/v2\/categories?post=14872"},{"taxonomy":"post_tag","embeddable":true,"href":"https:\/\/turcon.es\/wp\/wp-json\/wp\/v2\/tags?post=14872"}],"curies":[{"name":"wp","href":"https:\/\/api.w.org\/{rel}","templated":true}]}}