{"id":14906,"date":"2018-06-16T09:39:13","date_gmt":"2018-06-16T09:39:13","guid":{"rendered":"https:\/\/turcon.wordpress.com\/?p=13574"},"modified":"2018-06-16T09:39:13","modified_gmt":"2018-06-16T09:39:13","slug":"los-planes-de-ampliacion-para-los-puertos-canarios-un-disparate","status":"publish","type":"post","link":"https:\/\/turcon.es\/wp\/los-planes-de-ampliacion-para-los-puertos-canarios-un-disparate\/","title":{"rendered":"LOS PLANES DE AMPLIACI\u00d3N PARA LOS PUERTOS CANARIOS: un disparate"},"content":{"rendered":"<p><span style=\"color:#800000;\"><strong>BEN MAGEC-ECOLOGISTAS EN ACCI\u00d2N CONSIDERA UN VERDADERO DISPARATE LOS PLANES DE AMPLIACI\u00d3N PARA LOS PUERTOS CANARIOS, ENTRE LOS QUE SE ENCUENTRA EL PTO. DE AGAETE<\/strong><\/span><\/p>\n<p><span style=\"color:#800000;\"><strong>EL PARTIDO DE LA \u00abTRANSICI\u00d3N ECOL\u00d3GICA\u00bb, EN CANARIAS, APUESTA DECIDIDAMENTE POR LA CONSTRUCCI\u00d3N DE MEGAINFRAESTRUCTURAS PORTUARIAS CON FINES TUR\u00cdSTICOS COMO MODELO DE DESARROLLO TERRITORIAL.<img decoding=\"async\" class=\"alignright size-medium wp-image-10745\" src=\"https:\/\/turcon.es\/wp\/wp-content\/uploads\/2014\/04\/ecologistas-en-accion.jpg?w=300\" alt=\"\" width=\"300\" height=\"75\" srcset=\"https:\/\/turcon.es\/wp\/wp-content\/uploads\/2014\/04\/ecologistas-en-accion.jpg 451w, https:\/\/turcon.es\/wp\/wp-content\/uploads\/2014\/04\/ecologistas-en-accion-300x75.jpg 300w\" sizes=\"(max-width: 300px) 100vw, 300px\" \/><\/strong><\/span><\/p>\n<p>Ben Magec- Ecologistas en Acci\u00f3n pone de manifiesto que el Grupo Parlamentario Socialista Canario, en una moci\u00f3n presentada en el Parlamento de Canarias el 24 de mayo de 2018, insta a Coalici\u00f3n Canaria a que \u00abse ponga las pilas\u00bb con el desarrollo del Plan de Puertos y el Plan de Empresa 2017-2020, del ente p\u00fablico empresarial Puertos Canarios.<\/p>\n<p>As\u00ed el PSOE a trav\u00e9s de catorce puntos, solicita que se aceleren las obras de ampliaci\u00f3n del Puerto de Playa Blanca, denunciadas por Ben Magec ante la Comisi\u00f3n Europea por incumplimiento de la legislaci\u00f3n de protecci\u00f3n ambiental europea, que se adjudiquen en 2018 las obras de ampliaci\u00f3n del Puerto de Corralejo,\u00a0 que se liciten las obras de ampliaci\u00f3n del Puerto de Agaete, dando as\u00ed la espalda al sentir de una parte importante de los vecinas y vecinos del municipio, que se impulse el proyecto del nuevo puerto de Fonsal\u00eda, que se amplie el puerto de Gran Tarajal, que se retranqueen los l\u00edmites de los espacios marinos protegidos de la Red Natura 2000 que \u00abestorban\u00bb para el desarrrollo de todas estas obras y, en definitiva, que se invierta m\u00e1s y m\u00e1s en este tipo de megainfraestructuras con el pretexto no avalado de facilitar y mejorar la movilidad interinsular de personas y mercanc\u00edas, pero en realidad, con la firme intenci\u00f3n de fomentar el crecimiento ilimitado del turismo de cruceros y el vinculado al sector na\u00fatico-recreativo.<br \/>\n<!--more--><br \/>\nNo en vano, en el mismo texto de la moci\u00f3n se reconoce la ausencia de justificaci\u00f3n y de evaluaci\u00f3n previa en las inversiones en nuevos puertos y sus ampliaciones, as\u00ed como la falta de control y fiscalizaci\u00f3n en las concesiones otorgadas para la gesti\u00f3n indirecta de determinados puertos. En el mismo sentido se pronuncia, el propio \u00e1nalisis DAFO del Plan de Empresa 2017-2020 de Puertos Canarios: Falta de eficiencia, puertos y actividades no rentables, deficiencias en la gesti\u00f3n del patrimonio, dependencia econ\u00f3mica de las grandes navieras, deficiencias en la implantaci\u00f3n de los planes de autoprotecci\u00f3n, etc.<\/p>\n<p>Por ello Ben Magec- Ecologistas en Acci\u00f3n considera que los planes del Gobierno de Canarias de ampliaci\u00f3n y creaci\u00f3n de los puertos canarios, apoyados decididamente por el Grupo Parlamentario Socialista Canario, no responden al inter\u00e9s general, ni persiguen tener unas infraestructuras portuarias eficientes, seguras y adecuadamente dimensionadas en funci\u00f3n de la demanda y necesidades reales de la poblaci\u00f3n canaria, todo ello en un marco de crecimiento acorde con los l\u00edmites biof\u00edsicos del archipi\u00e9lago y de los valores naturales marinos que posee.<\/p>\n<p>Para Ben Magec- Ecologistas en Acci\u00f3n gran parte de toda esta inversi\u00f3n p\u00fablica millonaria, persigue fomentar y favorecer, una vez m\u00e1s, el crecimiento ilimitado de una industria tur\u00edstica irresponsable, insolidaria, depredadora, que sustrae la capacidad de decidir sobre el destino de su territorio a las canarias y canarios.\u00a0 Industria tur\u00edstica, representada mayormente por grandes empresas locales, transnacionales y fondos de inversi\u00f3n que en \u00faltima instancia, corrompen las instituciones p\u00fablicas y pervierten los fines que ha de perseguir su actividad.<\/p>\n<p>La federaci\u00f3n quiere poner de relieve, en este sentido, la absoluta inmoralidad con la que act\u00faa el PSOE en el caso del Puerto de Agaete. As\u00ed, al mismo tiempo que defienden una consulta popular en este municipio para que los vecinos y vecinas elijan si quieren o no una nueva mega infraestructura portuaria, instan al Gobierno de Canarias (como puede verse en el punto 12 de la moci\u00f3n) a acelerar su licitaci\u00f3n.<\/p>\n","protected":false},"excerpt":{"rendered":"<p>BEN MAGEC-ECOLOGISTAS EN ACCI\u00d2N CONSIDERA UN VERDADERO DISPARATE LOS PLANES DE AMPLIACI\u00d3N PARA LOS PUERTOS CANARIOS, ENTRE LOS QUE SE ENCUENTRA EL PTO. DE AGAETE EL PARTIDO DE LA \u00abTRANSICI\u00d3N ECOL\u00d3GICA\u00bb, EN CANARIAS, APUESTA DECIDIDAMENTE POR LA CONSTRUCCI\u00d3N DE MEGAINFRAESTRUCTURAS PORTUARIAS CON FINES TUR\u00cdSTICOS COMO MODELO DE DESARROLLO TERRITORIAL. Ben Magec- Ecologistas en Acci\u00f3n pone [&hellip;]<\/p>\n","protected":false},"author":2,"featured_media":0,"comment_status":"open","ping_status":"open","sticky":false,"template":"","format":"standard","meta":{"footnotes":""},"categories":[6,8,17,18,22,37,38,39,40,41,43,65],"tags":[],"class_list":["post-14906","post","type-post","status-publish","format-standard","hentry","category-actividades-turcon","category-administracion-publica","category-cambio-climatico","category-canarias","category-concienciacion","category-espacios-naturales","category-fauna","category-fauna-y-flora","category-gobierno","category-gran-canaria","category-infraestructuras","category-urbanismo"],"yoast_head":"<!-- This site is optimized with the Yoast SEO plugin v26.3 - https:\/\/yoast.com\/wordpress\/plugins\/seo\/ -->\n<title>LOS PLANES DE AMPLIACI\u00d3N PARA LOS PUERTOS CANARIOS: un disparate - Colectivo Ecologista Turcon<\/title>\n<meta name=\"robots\" content=\"index, follow, max-snippet:-1, max-image-preview:large, max-video-preview:-1\" \/>\n<link rel=\"canonical\" href=\"https:\/\/turcon.es\/wp\/los-planes-de-ampliacion-para-los-puertos-canarios-un-disparate\/\" \/>\n<meta property=\"og:locale\" content=\"es_ES\" \/>\n<meta property=\"og:type\" content=\"article\" \/>\n<meta property=\"og:title\" content=\"LOS PLANES DE AMPLIACI\u00d3N PARA LOS PUERTOS CANARIOS: un disparate - Colectivo Ecologista Turcon\" \/>\n<meta property=\"og:description\" content=\"BEN MAGEC-ECOLOGISTAS EN ACCI\u00d2N CONSIDERA UN VERDADERO DISPARATE LOS PLANES DE AMPLIACI\u00d3N PARA LOS PUERTOS CANARIOS, ENTRE LOS QUE SE ENCUENTRA EL PTO. DE AGAETE EL PARTIDO DE LA \u00abTRANSICI\u00d3N ECOL\u00d3GICA\u00bb, EN CANARIAS, APUESTA DECIDIDAMENTE POR LA CONSTRUCCI\u00d3N DE MEGAINFRAESTRUCTURAS PORTUARIAS CON FINES TUR\u00cdSTICOS COMO MODELO DE DESARROLLO TERRITORIAL. Ben Magec- Ecologistas en Acci\u00f3n pone [&hellip;]\" \/>\n<meta property=\"og:url\" content=\"https:\/\/turcon.es\/wp\/los-planes-de-ampliacion-para-los-puertos-canarios-un-disparate\/\" \/>\n<meta property=\"og:site_name\" content=\"Colectivo Ecologista Turcon\" \/>\n<meta property=\"article:published_time\" content=\"2018-06-16T09:39:13+00:00\" \/>\n<meta property=\"og:image\" content=\"https:\/\/turcon.es\/wp\/wp-content\/uploads\/2014\/04\/ecologistas-en-accion.jpg\" \/>\n\t<meta property=\"og:image:width\" content=\"451\" \/>\n\t<meta property=\"og:image:height\" content=\"112\" \/>\n\t<meta property=\"og:image:type\" content=\"image\/jpeg\" \/>\n<meta name=\"author\" content=\"Laura Fernandez\" \/>\n<meta name=\"twitter:card\" content=\"summary_large_image\" \/>\n<meta name=\"twitter:label1\" content=\"Escrito por\" \/>\n\t<meta name=\"twitter:data1\" content=\"Laura Fernandez\" \/>\n\t<meta name=\"twitter:label2\" content=\"Tiempo de lectura\" \/>\n\t<meta name=\"twitter:data2\" content=\"3 minutos\" \/>\n<script type=\"application\/ld+json\" class=\"yoast-schema-graph\">{\"@context\":\"https:\/\/schema.org\",\"@graph\":[{\"@type\":\"Article\",\"@id\":\"https:\/\/turcon.es\/wp\/los-planes-de-ampliacion-para-los-puertos-canarios-un-disparate\/#article\",\"isPartOf\":{\"@id\":\"https:\/\/turcon.es\/wp\/los-planes-de-ampliacion-para-los-puertos-canarios-un-disparate\/\"},\"author\":{\"name\":\"Laura Fernandez\",\"@id\":\"https:\/\/turcon.es\/wp\/#\/schema\/person\/a1f3ba727ce031d9da17684affe85edd\"},\"headline\":\"LOS PLANES DE AMPLIACI\u00d3N PARA LOS PUERTOS CANARIOS: un disparate\",\"datePublished\":\"2018-06-16T09:39:13+00:00\",\"mainEntityOfPage\":{\"@id\":\"https:\/\/turcon.es\/wp\/los-planes-de-ampliacion-para-los-puertos-canarios-un-disparate\/\"},\"wordCount\":668,\"commentCount\":0,\"publisher\":{\"@id\":\"https:\/\/turcon.es\/wp\/#organization\"},\"image\":{\"@id\":\"https:\/\/turcon.es\/wp\/los-planes-de-ampliacion-para-los-puertos-canarios-un-disparate\/#primaryimage\"},\"thumbnailUrl\":\"https:\/\/turcon.es\/wp\/wp-content\/uploads\/2014\/04\/ecologistas-en-accion.jpg?w=300\",\"articleSection\":[\"#Actividades Turc\u00f3n#\",\"Administraci\u00f3n p\u00fablica\",\"Cambio clim\u00e1tico\",\"Canarias\",\"Concienciaci\u00f3n\",\"Espacios Naturales\",\"Fauna\",\"Fauna y flora\",\"Gobierno\",\"Gran Canaria\",\"Infraestructuras\",\"Urbanismo\"],\"inLanguage\":\"es\",\"potentialAction\":[{\"@type\":\"CommentAction\",\"name\":\"Comment\",\"target\":[\"https:\/\/turcon.es\/wp\/los-planes-de-ampliacion-para-los-puertos-canarios-un-disparate\/#respond\"]}]},{\"@type\":\"WebPage\",\"@id\":\"https:\/\/turcon.es\/wp\/los-planes-de-ampliacion-para-los-puertos-canarios-un-disparate\/\",\"url\":\"https:\/\/turcon.es\/wp\/los-planes-de-ampliacion-para-los-puertos-canarios-un-disparate\/\",\"name\":\"LOS PLANES DE AMPLIACI\u00d3N PARA LOS PUERTOS CANARIOS: un disparate - Colectivo Ecologista Turcon\",\"isPartOf\":{\"@id\":\"https:\/\/turcon.es\/wp\/#website\"},\"primaryImageOfPage\":{\"@id\":\"https:\/\/turcon.es\/wp\/los-planes-de-ampliacion-para-los-puertos-canarios-un-disparate\/#primaryimage\"},\"image\":{\"@id\":\"https:\/\/turcon.es\/wp\/los-planes-de-ampliacion-para-los-puertos-canarios-un-disparate\/#primaryimage\"},\"thumbnailUrl\":\"https:\/\/turcon.es\/wp\/wp-content\/uploads\/2014\/04\/ecologistas-en-accion.jpg?w=300\",\"datePublished\":\"2018-06-16T09:39:13+00:00\",\"breadcrumb\":{\"@id\":\"https:\/\/turcon.es\/wp\/los-planes-de-ampliacion-para-los-puertos-canarios-un-disparate\/#breadcrumb\"},\"inLanguage\":\"es\",\"potentialAction\":[{\"@type\":\"ReadAction\",\"target\":[\"https:\/\/turcon.es\/wp\/los-planes-de-ampliacion-para-los-puertos-canarios-un-disparate\/\"]}]},{\"@type\":\"ImageObject\",\"inLanguage\":\"es\",\"@id\":\"https:\/\/turcon.es\/wp\/los-planes-de-ampliacion-para-los-puertos-canarios-un-disparate\/#primaryimage\",\"url\":\"https:\/\/turcon.es\/wp\/wp-content\/uploads\/2014\/04\/ecologistas-en-accion.jpg?w=300\",\"contentUrl\":\"https:\/\/turcon.es\/wp\/wp-content\/uploads\/2014\/04\/ecologistas-en-accion.jpg?w=300\"},{\"@type\":\"BreadcrumbList\",\"@id\":\"https:\/\/turcon.es\/wp\/los-planes-de-ampliacion-para-los-puertos-canarios-un-disparate\/#breadcrumb\",\"itemListElement\":[{\"@type\":\"ListItem\",\"position\":1,\"name\":\"Portada\",\"item\":\"https:\/\/turcon.es\/wp\/\"},{\"@type\":\"ListItem\",\"position\":2,\"name\":\"LOS PLANES DE AMPLIACI\u00d3N PARA LOS PUERTOS CANARIOS: un disparate\"}]},{\"@type\":\"WebSite\",\"@id\":\"https:\/\/turcon.es\/wp\/#website\",\"url\":\"https:\/\/turcon.es\/wp\/\",\"name\":\"Colectivo Ecologista Turcon\",\"description\":\"\",\"publisher\":{\"@id\":\"https:\/\/turcon.es\/wp\/#organization\"},\"potentialAction\":[{\"@type\":\"SearchAction\",\"target\":{\"@type\":\"EntryPoint\",\"urlTemplate\":\"https:\/\/turcon.es\/wp\/?s={search_term_string}\"},\"query-input\":{\"@type\":\"PropertyValueSpecification\",\"valueRequired\":true,\"valueName\":\"search_term_string\"}}],\"inLanguage\":\"es\"},{\"@type\":\"Organization\",\"@id\":\"https:\/\/turcon.es\/wp\/#organization\",\"name\":\"Colectivo Ecologista Turcon\",\"url\":\"https:\/\/turcon.es\/wp\/\",\"logo\":{\"@type\":\"ImageObject\",\"inLanguage\":\"es\",\"@id\":\"https:\/\/turcon.es\/wp\/#\/schema\/logo\/image\/\",\"url\":\"https:\/\/turcon.es\/wp\/wp-content\/uploads\/2025\/03\/logo-verde.svg\",\"contentUrl\":\"https:\/\/turcon.es\/wp\/wp-content\/uploads\/2025\/03\/logo-verde.svg\",\"width\":813,\"height\":813,\"caption\":\"Colectivo Ecologista Turcon\"},\"image\":{\"@id\":\"https:\/\/turcon.es\/wp\/#\/schema\/logo\/image\/\"}},{\"@type\":\"Person\",\"@id\":\"https:\/\/turcon.es\/wp\/#\/schema\/person\/a1f3ba727ce031d9da17684affe85edd\",\"name\":\"Laura Fernandez\",\"image\":{\"@type\":\"ImageObject\",\"inLanguage\":\"es\",\"@id\":\"https:\/\/turcon.es\/wp\/#\/schema\/person\/image\/\",\"url\":\"https:\/\/secure.gravatar.com\/avatar\/360749af9549af22e54582d50231ae56e854210ae2368797ba242f445a9852e8?s=96&d=mm&r=g\",\"contentUrl\":\"https:\/\/secure.gravatar.com\/avatar\/360749af9549af22e54582d50231ae56e854210ae2368797ba242f445a9852e8?s=96&d=mm&r=g\",\"caption\":\"Laura Fernandez\"},\"url\":\"https:\/\/turcon.es\/wp\/author\/admturcon\/\"}]}<\/script>\n<!-- \/ Yoast SEO plugin. -->","yoast_head_json":{"title":"LOS PLANES DE AMPLIACI\u00d3N PARA LOS PUERTOS CANARIOS: un disparate - Colectivo Ecologista Turcon","robots":{"index":"index","follow":"follow","max-snippet":"max-snippet:-1","max-image-preview":"max-image-preview:large","max-video-preview":"max-video-preview:-1"},"canonical":"https:\/\/turcon.es\/wp\/los-planes-de-ampliacion-para-los-puertos-canarios-un-disparate\/","og_locale":"es_ES","og_type":"article","og_title":"LOS PLANES DE AMPLIACI\u00d3N PARA LOS PUERTOS CANARIOS: un disparate - Colectivo Ecologista Turcon","og_description":"BEN MAGEC-ECOLOGISTAS EN ACCI\u00d2N CONSIDERA UN VERDADERO DISPARATE LOS PLANES DE AMPLIACI\u00d3N PARA LOS PUERTOS CANARIOS, ENTRE LOS QUE SE ENCUENTRA EL PTO. DE AGAETE EL PARTIDO DE LA \u00abTRANSICI\u00d3N ECOL\u00d3GICA\u00bb, EN CANARIAS, APUESTA DECIDIDAMENTE POR LA CONSTRUCCI\u00d3N DE MEGAINFRAESTRUCTURAS PORTUARIAS CON FINES TUR\u00cdSTICOS COMO MODELO DE DESARROLLO TERRITORIAL. Ben Magec- Ecologistas en Acci\u00f3n pone [&hellip;]","og_url":"https:\/\/turcon.es\/wp\/los-planes-de-ampliacion-para-los-puertos-canarios-un-disparate\/","og_site_name":"Colectivo Ecologista Turcon","article_published_time":"2018-06-16T09:39:13+00:00","og_image":[{"width":451,"height":112,"url":"https:\/\/turcon.es\/wp\/wp-content\/uploads\/2014\/04\/ecologistas-en-accion.jpg","type":"image\/jpeg"}],"author":"Laura Fernandez","twitter_card":"summary_large_image","twitter_misc":{"Escrito por":"Laura Fernandez","Tiempo de lectura":"3 minutos"},"schema":{"@context":"https:\/\/schema.org","@graph":[{"@type":"Article","@id":"https:\/\/turcon.es\/wp\/los-planes-de-ampliacion-para-los-puertos-canarios-un-disparate\/#article","isPartOf":{"@id":"https:\/\/turcon.es\/wp\/los-planes-de-ampliacion-para-los-puertos-canarios-un-disparate\/"},"author":{"name":"Laura Fernandez","@id":"https:\/\/turcon.es\/wp\/#\/schema\/person\/a1f3ba727ce031d9da17684affe85edd"},"headline":"LOS PLANES DE AMPLIACI\u00d3N PARA LOS PUERTOS CANARIOS: un disparate","datePublished":"2018-06-16T09:39:13+00:00","mainEntityOfPage":{"@id":"https:\/\/turcon.es\/wp\/los-planes-de-ampliacion-para-los-puertos-canarios-un-disparate\/"},"wordCount":668,"commentCount":0,"publisher":{"@id":"https:\/\/turcon.es\/wp\/#organization"},"image":{"@id":"https:\/\/turcon.es\/wp\/los-planes-de-ampliacion-para-los-puertos-canarios-un-disparate\/#primaryimage"},"thumbnailUrl":"https:\/\/turcon.es\/wp\/wp-content\/uploads\/2014\/04\/ecologistas-en-accion.jpg?w=300","articleSection":["#Actividades Turc\u00f3n#","Administraci\u00f3n p\u00fablica","Cambio clim\u00e1tico","Canarias","Concienciaci\u00f3n","Espacios Naturales","Fauna","Fauna y flora","Gobierno","Gran Canaria","Infraestructuras","Urbanismo"],"inLanguage":"es","potentialAction":[{"@type":"CommentAction","name":"Comment","target":["https:\/\/turcon.es\/wp\/los-planes-de-ampliacion-para-los-puertos-canarios-un-disparate\/#respond"]}]},{"@type":"WebPage","@id":"https:\/\/turcon.es\/wp\/los-planes-de-ampliacion-para-los-puertos-canarios-un-disparate\/","url":"https:\/\/turcon.es\/wp\/los-planes-de-ampliacion-para-los-puertos-canarios-un-disparate\/","name":"LOS PLANES DE AMPLIACI\u00d3N PARA LOS PUERTOS CANARIOS: un disparate - Colectivo Ecologista Turcon","isPartOf":{"@id":"https:\/\/turcon.es\/wp\/#website"},"primaryImageOfPage":{"@id":"https:\/\/turcon.es\/wp\/los-planes-de-ampliacion-para-los-puertos-canarios-un-disparate\/#primaryimage"},"image":{"@id":"https:\/\/turcon.es\/wp\/los-planes-de-ampliacion-para-los-puertos-canarios-un-disparate\/#primaryimage"},"thumbnailUrl":"https:\/\/turcon.es\/wp\/wp-content\/uploads\/2014\/04\/ecologistas-en-accion.jpg?w=300","datePublished":"2018-06-16T09:39:13+00:00","breadcrumb":{"@id":"https:\/\/turcon.es\/wp\/los-planes-de-ampliacion-para-los-puertos-canarios-un-disparate\/#breadcrumb"},"inLanguage":"es","potentialAction":[{"@type":"ReadAction","target":["https:\/\/turcon.es\/wp\/los-planes-de-ampliacion-para-los-puertos-canarios-un-disparate\/"]}]},{"@type":"ImageObject","inLanguage":"es","@id":"https:\/\/turcon.es\/wp\/los-planes-de-ampliacion-para-los-puertos-canarios-un-disparate\/#primaryimage","url":"https:\/\/turcon.es\/wp\/wp-content\/uploads\/2014\/04\/ecologistas-en-accion.jpg?w=300","contentUrl":"https:\/\/turcon.es\/wp\/wp-content\/uploads\/2014\/04\/ecologistas-en-accion.jpg?w=300"},{"@type":"BreadcrumbList","@id":"https:\/\/turcon.es\/wp\/los-planes-de-ampliacion-para-los-puertos-canarios-un-disparate\/#breadcrumb","itemListElement":[{"@type":"ListItem","position":1,"name":"Portada","item":"https:\/\/turcon.es\/wp\/"},{"@type":"ListItem","position":2,"name":"LOS PLANES DE AMPLIACI\u00d3N PARA LOS PUERTOS CANARIOS: un disparate"}]},{"@type":"WebSite","@id":"https:\/\/turcon.es\/wp\/#website","url":"https:\/\/turcon.es\/wp\/","name":"Colectivo Ecologista Turcon","description":"","publisher":{"@id":"https:\/\/turcon.es\/wp\/#organization"},"potentialAction":[{"@type":"SearchAction","target":{"@type":"EntryPoint","urlTemplate":"https:\/\/turcon.es\/wp\/?s={search_term_string}"},"query-input":{"@type":"PropertyValueSpecification","valueRequired":true,"valueName":"search_term_string"}}],"inLanguage":"es"},{"@type":"Organization","@id":"https:\/\/turcon.es\/wp\/#organization","name":"Colectivo Ecologista Turcon","url":"https:\/\/turcon.es\/wp\/","logo":{"@type":"ImageObject","inLanguage":"es","@id":"https:\/\/turcon.es\/wp\/#\/schema\/logo\/image\/","url":"https:\/\/turcon.es\/wp\/wp-content\/uploads\/2025\/03\/logo-verde.svg","contentUrl":"https:\/\/turcon.es\/wp\/wp-content\/uploads\/2025\/03\/logo-verde.svg","width":813,"height":813,"caption":"Colectivo Ecologista Turcon"},"image":{"@id":"https:\/\/turcon.es\/wp\/#\/schema\/logo\/image\/"}},{"@type":"Person","@id":"https:\/\/turcon.es\/wp\/#\/schema\/person\/a1f3ba727ce031d9da17684affe85edd","name":"Laura Fernandez","image":{"@type":"ImageObject","inLanguage":"es","@id":"https:\/\/turcon.es\/wp\/#\/schema\/person\/image\/","url":"https:\/\/secure.gravatar.com\/avatar\/360749af9549af22e54582d50231ae56e854210ae2368797ba242f445a9852e8?s=96&d=mm&r=g","contentUrl":"https:\/\/secure.gravatar.com\/avatar\/360749af9549af22e54582d50231ae56e854210ae2368797ba242f445a9852e8?s=96&d=mm&r=g","caption":"Laura Fernandez"},"url":"https:\/\/turcon.es\/wp\/author\/admturcon\/"}]}},"_links":{"self":[{"href":"https:\/\/turcon.es\/wp\/wp-json\/wp\/v2\/posts\/14906","targetHints":{"allow":["GET"]}}],"collection":[{"href":"https:\/\/turcon.es\/wp\/wp-json\/wp\/v2\/posts"}],"about":[{"href":"https:\/\/turcon.es\/wp\/wp-json\/wp\/v2\/types\/post"}],"author":[{"embeddable":true,"href":"https:\/\/turcon.es\/wp\/wp-json\/wp\/v2\/users\/2"}],"replies":[{"embeddable":true,"href":"https:\/\/turcon.es\/wp\/wp-json\/wp\/v2\/comments?post=14906"}],"version-history":[{"count":0,"href":"https:\/\/turcon.es\/wp\/wp-json\/wp\/v2\/posts\/14906\/revisions"}],"wp:attachment":[{"href":"https:\/\/turcon.es\/wp\/wp-json\/wp\/v2\/media?parent=14906"}],"wp:term":[{"taxonomy":"category","embeddable":true,"href":"https:\/\/turcon.es\/wp\/wp-json\/wp\/v2\/categories?post=14906"},{"taxonomy":"post_tag","embeddable":true,"href":"https:\/\/turcon.es\/wp\/wp-json\/wp\/v2\/tags?post=14906"}],"curies":[{"name":"wp","href":"https:\/\/api.w.org\/{rel}","templated":true}]}}