{"id":14909,"date":"2018-06-25T12:11:00","date_gmt":"2018-06-25T12:11:00","guid":{"rendered":"https:\/\/turcon.wordpress.com\/?p=13597"},"modified":"2018-06-25T12:11:00","modified_gmt":"2018-06-25T12:11:00","slug":"el-colegio-liceo-frances-y-turcon-se-alian-para-limpiar-los-arenales-de-tufia","status":"publish","type":"post","link":"https:\/\/turcon.es\/wp\/el-colegio-liceo-frances-y-turcon-se-alian-para-limpiar-los-arenales-de-tufia\/","title":{"rendered":"El colegio Liceo franc\u00e9s y Turc\u00f3n se \u00abal\u00edan\u00bb para limpiar los arenales de Tufia"},"content":{"rendered":"<p>Un nuevo proyecto educativo y de concienciaci\u00f3n ambiental de Turc\u00f3n, encabezado por <strong>Jos\u00e9 Manuel Espi\u00f1o Meil\u00e1n<\/strong>, pone rumbo a la limpieza del entorno.<\/p>\n<p>Hoy ha tenido la sesi\u00f3n exterior. Despu\u00e9s de las charlas viene el contacto directo con los Espacios Naturales.<\/p>\n<p>Unos 60 escolares, 10 profesores y el mencionado ecologista, con bolsas y dem\u00e1s \u00fatiles de limpieza, han comenzado por los Arenales de Tufia.<\/p>\n<p><strong>El proyecto lleva por nombre \u00abACTIVISMO POR EL MEDIO AMBIENTE:\u00a0<\/strong><strong>CUANDO LOS PEQUE\u00d1OS RESIDUOS NO SE CONSIDERAN BASURA\u201d.<\/strong><\/p>\n<p>Los OBJETIVOS CIUDADANOS que persigue son:<\/p>\n<ul>\n<li>APELAR A LA CONCIENCIA CIUDADANA SOBRE LA IMPORTANCIA DE SER PART\u00cdCIPE Y PROTAGONISTA EN EL COMPROMISO Y RELACI\u00d3N CON EL MEDIO QUE NOS RODEA.<\/li>\n<li>IMPLICAR A LA MAYOR CANTIDAD DE POBLACI\u00d3N POSIBLE EN EL CUIDADO DE SU ENTORNO M\u00c1S INMEDIATO.<\/li>\n<li>CONSEGUIR UNA RED CIUDADANA DE DENUNCIA SOBRE LOS VERTIDOS ILEGALES QUE CADA D\u00cdA SUCEDEN EN NUESTRA ISLA.<\/li>\n<li>EXTENDER LOS OBJETIVOS DE ESTA CAMPA\u00d1A AL RESTO DE LAS ISLAS.<\/li>\n<\/ul>\n<p>Este es el primer colegio. Ha hay m\u00e1s planificados. Ma\u00f1ana limpiaran Playa Ojos de Garza.<\/p>\n<p>Galer\u00eda de fotos de la actividad de hoy.<\/p>\n<p>&nbsp;<\/p>\n<div id='gallery-1' class='gallery galleryid-14909 gallery-columns-3 gallery-size-thumbnail'><figure class='gallery-item'>\n\t\t\t<div class='gallery-icon landscape'>\n\t\t\t\t<a href='https:\/\/turcon.es\/wp\/img_5058-small-2\/'><img decoding=\"async\" width=\"150\" height=\"150\" src=\"https:\/\/turcon.es\/wp\/wp-content\/uploads\/2009\/06\/img_5058-small-1-150x150.jpg\" class=\"attachment-thumbnail size-thumbnail\" alt=\"\" \/><\/a>\n\t\t\t<\/div><\/figure><figure class='gallery-item'>\n\t\t\t<div class='gallery-icon landscape'>\n\t\t\t\t<a href='https:\/\/turcon.es\/wp\/img_5058-small-3\/'><img decoding=\"async\" width=\"150\" height=\"150\" src=\"https:\/\/turcon.es\/wp\/wp-content\/uploads\/2009\/06\/img_5058-small-2-150x150.jpg\" class=\"attachment-thumbnail size-thumbnail\" alt=\"\" \/><\/a>\n\t\t\t<\/div><\/figure><figure class='gallery-item'>\n\t\t\t<div class='gallery-icon landscape'>\n\t\t\t\t<a href='https:\/\/turcon.es\/wp\/img_5058-small-4\/'><img decoding=\"async\" width=\"150\" height=\"150\" src=\"https:\/\/turcon.es\/wp\/wp-content\/uploads\/2009\/06\/img_5058-small-3-150x150.jpg\" class=\"attachment-thumbnail size-thumbnail\" alt=\"\" \/><\/a>\n\t\t\t<\/div><\/figure><figure class='gallery-item'>\n\t\t\t<div class='gallery-icon portrait'>\n\t\t\t\t<a href='https:\/\/turcon.es\/wp\/elder1-2\/'><img loading=\"lazy\" decoding=\"async\" width=\"150\" height=\"150\" src=\"https:\/\/turcon.es\/wp\/wp-content\/uploads\/2009\/06\/elder1-150x150.jpg\" class=\"attachment-thumbnail size-thumbnail\" alt=\"\" \/><\/a>\n\t\t\t<\/div><\/figure><figure class='gallery-item'>\n\t\t\t<div class='gallery-icon portrait'>\n\t\t\t\t<a href='https:\/\/turcon.es\/wp\/elder1-3\/'><img loading=\"lazy\" decoding=\"async\" width=\"150\" height=\"150\" src=\"https:\/\/turcon.es\/wp\/wp-content\/uploads\/2009\/06\/elder1-1-150x150.jpg\" class=\"attachment-thumbnail size-thumbnail\" alt=\"\" \/><\/a>\n\t\t\t<\/div><\/figure><figure class='gallery-item'>\n\t\t\t<div class='gallery-icon landscape'>\n\t\t\t\t<a href='https:\/\/turcon.es\/wp\/dsc00423-3\/'><img loading=\"lazy\" decoding=\"async\" width=\"150\" height=\"150\" src=\"https:\/\/turcon.es\/wp\/wp-content\/uploads\/2009\/06\/dsc00423-2-150x150.jpg\" class=\"attachment-thumbnail size-thumbnail\" alt=\"\" \/><\/a>\n\t\t\t<\/div><\/figure><figure class='gallery-item'>\n\t\t\t<div class='gallery-icon landscape'>\n\t\t\t\t<a href='https:\/\/turcon.es\/wp\/dsc00423-4\/'><img loading=\"lazy\" decoding=\"async\" width=\"150\" height=\"150\" src=\"https:\/\/turcon.es\/wp\/wp-content\/uploads\/2009\/06\/dsc00423-3-150x150.jpg\" class=\"attachment-thumbnail size-thumbnail\" alt=\"\" \/><\/a>\n\t\t\t<\/div><\/figure><figure class='gallery-item'>\n\t\t\t<div class='gallery-icon landscape'>\n\t\t\t\t<a href='https:\/\/turcon.es\/wp\/ingesol-2\/'><img loading=\"lazy\" decoding=\"async\" width=\"150\" height=\"61\" src=\"https:\/\/turcon.es\/wp\/wp-content\/uploads\/2009\/06\/ingesol-1-150x61.jpg\" class=\"attachment-thumbnail size-thumbnail\" alt=\"\" \/><\/a>\n\t\t\t<\/div><\/figure><figure class='gallery-item'>\n\t\t\t<div class='gallery-icon portrait'>\n\t\t\t\t<a href='https:\/\/turcon.es\/wp\/cartel-jornadas-plantas-medicinales-3\/'><img loading=\"lazy\" decoding=\"async\" width=\"150\" height=\"150\" src=\"https:\/\/turcon.es\/wp\/wp-content\/uploads\/2009\/06\/cartel-jornadas-plantas-medicinales-2-150x150.jpg\" class=\"attachment-thumbnail size-thumbnail\" alt=\"\" \/><\/a>\n\t\t\t<\/div><\/figure>\n\t\t<\/div>\n\n","protected":false},"excerpt":{"rendered":"<p>Un nuevo proyecto educativo y de concienciaci\u00f3n ambiental de Turc\u00f3n, encabezado por Jos\u00e9 Manuel Espi\u00f1o Meil\u00e1n, pone rumbo a la limpieza del entorno. Hoy ha tenido la sesi\u00f3n exterior. Despu\u00e9s de las charlas viene el contacto directo con los Espacios Naturales. Unos 60 escolares, 10 profesores y el mencionado ecologista, con bolsas y dem\u00e1s \u00fatiles [&hellip;]<\/p>\n","protected":false},"author":2,"featured_media":0,"comment_status":"open","ping_status":"open","sticky":false,"template":"","format":"standard","meta":{"footnotes":""},"categories":[6,22,24,32,37,38,39,40,41,69,45,46,49,53,55,57,58,60],"tags":[],"class_list":["post-14909","post","type-post","status-publish","format-standard","hentry","category-actividades-turcon","category-concienciacion","category-consumismo","category-ejemplos-a-seguir","category-espacios-naturales","category-fauna","category-fauna-y-flora","category-gobierno","category-gran-canaria","category-movimiento-ciudadano","category-ninos","category-notas-de-prensa-de-turcon","category-patrimonio-historico","category-recomendamos-para-leer","category-recursos-naturales","category-senderismo","category-sociedad-y-derechos","category-telde-gran-canaria"],"yoast_head":"<!-- This site is optimized with the Yoast SEO plugin v26.3 - https:\/\/yoast.com\/wordpress\/plugins\/seo\/ -->\n<title>El colegio Liceo franc\u00e9s y Turc\u00f3n se &quot;al\u00edan&quot; para limpiar los arenales de Tufia - Colectivo Ecologista Turcon<\/title>\n<meta name=\"robots\" content=\"index, follow, max-snippet:-1, max-image-preview:large, max-video-preview:-1\" \/>\n<link rel=\"canonical\" href=\"https:\/\/turcon.es\/wp\/el-colegio-liceo-frances-y-turcon-se-alian-para-limpiar-los-arenales-de-tufia\/\" \/>\n<meta property=\"og:locale\" content=\"es_ES\" \/>\n<meta property=\"og:type\" content=\"article\" \/>\n<meta property=\"og:title\" content=\"El colegio Liceo franc\u00e9s y Turc\u00f3n se &quot;al\u00edan&quot; para limpiar los arenales de Tufia - Colectivo Ecologista Turcon\" \/>\n<meta property=\"og:description\" content=\"Un nuevo proyecto educativo y de concienciaci\u00f3n ambiental de Turc\u00f3n, encabezado por Jos\u00e9 Manuel Espi\u00f1o Meil\u00e1n, pone rumbo a la limpieza del entorno. Hoy ha tenido la sesi\u00f3n exterior. Despu\u00e9s de las charlas viene el contacto directo con los Espacios Naturales. Unos 60 escolares, 10 profesores y el mencionado ecologista, con bolsas y dem\u00e1s \u00fatiles [&hellip;]\" \/>\n<meta property=\"og:url\" content=\"https:\/\/turcon.es\/wp\/el-colegio-liceo-frances-y-turcon-se-alian-para-limpiar-los-arenales-de-tufia\/\" \/>\n<meta property=\"og:site_name\" content=\"Colectivo Ecologista Turcon\" \/>\n<meta property=\"article:published_time\" content=\"2018-06-25T12:11:00+00:00\" \/>\n<meta property=\"og:image\" content=\"https:\/\/turcon.es\/wp\/wp-content\/uploads\/2009\/06\/img_5058-small-1-150x150.jpg\" \/>\n<meta name=\"author\" content=\"Laura Fernandez\" \/>\n<meta name=\"twitter:card\" content=\"summary_large_image\" \/>\n<meta name=\"twitter:label1\" content=\"Escrito por\" \/>\n\t<meta name=\"twitter:data1\" content=\"Laura Fernandez\" \/>\n\t<meta name=\"twitter:label2\" content=\"Tiempo de lectura\" \/>\n\t<meta name=\"twitter:data2\" content=\"1 minuto\" \/>\n<script type=\"application\/ld+json\" class=\"yoast-schema-graph\">{\"@context\":\"https:\/\/schema.org\",\"@graph\":[{\"@type\":\"Article\",\"@id\":\"https:\/\/turcon.es\/wp\/el-colegio-liceo-frances-y-turcon-se-alian-para-limpiar-los-arenales-de-tufia\/#article\",\"isPartOf\":{\"@id\":\"https:\/\/turcon.es\/wp\/el-colegio-liceo-frances-y-turcon-se-alian-para-limpiar-los-arenales-de-tufia\/\"},\"author\":{\"name\":\"Laura Fernandez\",\"@id\":\"https:\/\/turcon.es\/wp\/#\/schema\/person\/a1f3ba727ce031d9da17684affe85edd\"},\"headline\":\"El colegio Liceo franc\u00e9s y Turc\u00f3n se \u00abal\u00edan\u00bb para limpiar los arenales de Tufia\",\"datePublished\":\"2018-06-25T12:11:00+00:00\",\"mainEntityOfPage\":{\"@id\":\"https:\/\/turcon.es\/wp\/el-colegio-liceo-frances-y-turcon-se-alian-para-limpiar-los-arenales-de-tufia\/\"},\"wordCount\":214,\"commentCount\":0,\"publisher\":{\"@id\":\"https:\/\/turcon.es\/wp\/#organization\"},\"articleSection\":[\"#Actividades Turc\u00f3n#\",\"Concienciaci\u00f3n\",\"Consumismo\",\"Ejemplos a seguir\",\"Espacios Naturales\",\"Fauna\",\"Fauna y flora\",\"Gobierno\",\"Gran Canaria\",\"Movimiento ciudadano\",\"Ni\u00f1os\",\"Notas de prensa de Turc\u00f3n\",\"Patrimonio hist\u00f3rico\",\"Recomendamos para leer\",\"Recursos naturales\",\"Senderismo\",\"Sociedad y derechos\",\"Telde (Gran Canaria)\"],\"inLanguage\":\"es\",\"potentialAction\":[{\"@type\":\"CommentAction\",\"name\":\"Comment\",\"target\":[\"https:\/\/turcon.es\/wp\/el-colegio-liceo-frances-y-turcon-se-alian-para-limpiar-los-arenales-de-tufia\/#respond\"]}]},{\"@type\":\"WebPage\",\"@id\":\"https:\/\/turcon.es\/wp\/el-colegio-liceo-frances-y-turcon-se-alian-para-limpiar-los-arenales-de-tufia\/\",\"url\":\"https:\/\/turcon.es\/wp\/el-colegio-liceo-frances-y-turcon-se-alian-para-limpiar-los-arenales-de-tufia\/\",\"name\":\"El colegio Liceo franc\u00e9s y Turc\u00f3n se \\\"al\u00edan\\\" para limpiar los arenales de Tufia - Colectivo Ecologista Turcon\",\"isPartOf\":{\"@id\":\"https:\/\/turcon.es\/wp\/#website\"},\"datePublished\":\"2018-06-25T12:11:00+00:00\",\"breadcrumb\":{\"@id\":\"https:\/\/turcon.es\/wp\/el-colegio-liceo-frances-y-turcon-se-alian-para-limpiar-los-arenales-de-tufia\/#breadcrumb\"},\"inLanguage\":\"es\",\"potentialAction\":[{\"@type\":\"ReadAction\",\"target\":[\"https:\/\/turcon.es\/wp\/el-colegio-liceo-frances-y-turcon-se-alian-para-limpiar-los-arenales-de-tufia\/\"]}]},{\"@type\":\"BreadcrumbList\",\"@id\":\"https:\/\/turcon.es\/wp\/el-colegio-liceo-frances-y-turcon-se-alian-para-limpiar-los-arenales-de-tufia\/#breadcrumb\",\"itemListElement\":[{\"@type\":\"ListItem\",\"position\":1,\"name\":\"Portada\",\"item\":\"https:\/\/turcon.es\/wp\/\"},{\"@type\":\"ListItem\",\"position\":2,\"name\":\"El colegio Liceo franc\u00e9s y Turc\u00f3n se \u00abal\u00edan\u00bb para limpiar los arenales de Tufia\"}]},{\"@type\":\"WebSite\",\"@id\":\"https:\/\/turcon.es\/wp\/#website\",\"url\":\"https:\/\/turcon.es\/wp\/\",\"name\":\"Colectivo Ecologista Turcon\",\"description\":\"\",\"publisher\":{\"@id\":\"https:\/\/turcon.es\/wp\/#organization\"},\"potentialAction\":[{\"@type\":\"SearchAction\",\"target\":{\"@type\":\"EntryPoint\",\"urlTemplate\":\"https:\/\/turcon.es\/wp\/?s={search_term_string}\"},\"query-input\":{\"@type\":\"PropertyValueSpecification\",\"valueRequired\":true,\"valueName\":\"search_term_string\"}}],\"inLanguage\":\"es\"},{\"@type\":\"Organization\",\"@id\":\"https:\/\/turcon.es\/wp\/#organization\",\"name\":\"Colectivo Ecologista Turcon\",\"url\":\"https:\/\/turcon.es\/wp\/\",\"logo\":{\"@type\":\"ImageObject\",\"inLanguage\":\"es\",\"@id\":\"https:\/\/turcon.es\/wp\/#\/schema\/logo\/image\/\",\"url\":\"https:\/\/turcon.es\/wp\/wp-content\/uploads\/2025\/03\/logo-verde.svg\",\"contentUrl\":\"https:\/\/turcon.es\/wp\/wp-content\/uploads\/2025\/03\/logo-verde.svg\",\"width\":813,\"height\":813,\"caption\":\"Colectivo Ecologista Turcon\"},\"image\":{\"@id\":\"https:\/\/turcon.es\/wp\/#\/schema\/logo\/image\/\"}},{\"@type\":\"Person\",\"@id\":\"https:\/\/turcon.es\/wp\/#\/schema\/person\/a1f3ba727ce031d9da17684affe85edd\",\"name\":\"Laura Fernandez\",\"image\":{\"@type\":\"ImageObject\",\"inLanguage\":\"es\",\"@id\":\"https:\/\/turcon.es\/wp\/#\/schema\/person\/image\/\",\"url\":\"https:\/\/secure.gravatar.com\/avatar\/360749af9549af22e54582d50231ae56e854210ae2368797ba242f445a9852e8?s=96&d=mm&r=g\",\"contentUrl\":\"https:\/\/secure.gravatar.com\/avatar\/360749af9549af22e54582d50231ae56e854210ae2368797ba242f445a9852e8?s=96&d=mm&r=g\",\"caption\":\"Laura Fernandez\"},\"url\":\"https:\/\/turcon.es\/wp\/author\/admturcon\/\"}]}<\/script>\n<!-- \/ Yoast SEO plugin. -->","yoast_head_json":{"title":"El colegio Liceo franc\u00e9s y Turc\u00f3n se \"al\u00edan\" para limpiar los arenales de Tufia - Colectivo Ecologista Turcon","robots":{"index":"index","follow":"follow","max-snippet":"max-snippet:-1","max-image-preview":"max-image-preview:large","max-video-preview":"max-video-preview:-1"},"canonical":"https:\/\/turcon.es\/wp\/el-colegio-liceo-frances-y-turcon-se-alian-para-limpiar-los-arenales-de-tufia\/","og_locale":"es_ES","og_type":"article","og_title":"El colegio Liceo franc\u00e9s y Turc\u00f3n se \"al\u00edan\" para limpiar los arenales de Tufia - Colectivo Ecologista Turcon","og_description":"Un nuevo proyecto educativo y de concienciaci\u00f3n ambiental de Turc\u00f3n, encabezado por Jos\u00e9 Manuel Espi\u00f1o Meil\u00e1n, pone rumbo a la limpieza del entorno. Hoy ha tenido la sesi\u00f3n exterior. Despu\u00e9s de las charlas viene el contacto directo con los Espacios Naturales. Unos 60 escolares, 10 profesores y el mencionado ecologista, con bolsas y dem\u00e1s \u00fatiles [&hellip;]","og_url":"https:\/\/turcon.es\/wp\/el-colegio-liceo-frances-y-turcon-se-alian-para-limpiar-los-arenales-de-tufia\/","og_site_name":"Colectivo Ecologista Turcon","article_published_time":"2018-06-25T12:11:00+00:00","og_image":[{"url":"https:\/\/turcon.es\/wp\/wp-content\/uploads\/2009\/06\/img_5058-small-1-150x150.jpg","type":"","width":"","height":""}],"author":"Laura Fernandez","twitter_card":"summary_large_image","twitter_misc":{"Escrito por":"Laura Fernandez","Tiempo de lectura":"1 minuto"},"schema":{"@context":"https:\/\/schema.org","@graph":[{"@type":"Article","@id":"https:\/\/turcon.es\/wp\/el-colegio-liceo-frances-y-turcon-se-alian-para-limpiar-los-arenales-de-tufia\/#article","isPartOf":{"@id":"https:\/\/turcon.es\/wp\/el-colegio-liceo-frances-y-turcon-se-alian-para-limpiar-los-arenales-de-tufia\/"},"author":{"name":"Laura Fernandez","@id":"https:\/\/turcon.es\/wp\/#\/schema\/person\/a1f3ba727ce031d9da17684affe85edd"},"headline":"El colegio Liceo franc\u00e9s y Turc\u00f3n se \u00abal\u00edan\u00bb para limpiar los arenales de Tufia","datePublished":"2018-06-25T12:11:00+00:00","mainEntityOfPage":{"@id":"https:\/\/turcon.es\/wp\/el-colegio-liceo-frances-y-turcon-se-alian-para-limpiar-los-arenales-de-tufia\/"},"wordCount":214,"commentCount":0,"publisher":{"@id":"https:\/\/turcon.es\/wp\/#organization"},"articleSection":["#Actividades Turc\u00f3n#","Concienciaci\u00f3n","Consumismo","Ejemplos a seguir","Espacios Naturales","Fauna","Fauna y flora","Gobierno","Gran Canaria","Movimiento ciudadano","Ni\u00f1os","Notas de prensa de Turc\u00f3n","Patrimonio hist\u00f3rico","Recomendamos para leer","Recursos naturales","Senderismo","Sociedad y derechos","Telde (Gran Canaria)"],"inLanguage":"es","potentialAction":[{"@type":"CommentAction","name":"Comment","target":["https:\/\/turcon.es\/wp\/el-colegio-liceo-frances-y-turcon-se-alian-para-limpiar-los-arenales-de-tufia\/#respond"]}]},{"@type":"WebPage","@id":"https:\/\/turcon.es\/wp\/el-colegio-liceo-frances-y-turcon-se-alian-para-limpiar-los-arenales-de-tufia\/","url":"https:\/\/turcon.es\/wp\/el-colegio-liceo-frances-y-turcon-se-alian-para-limpiar-los-arenales-de-tufia\/","name":"El colegio Liceo franc\u00e9s y Turc\u00f3n se \"al\u00edan\" para limpiar los arenales de Tufia - Colectivo Ecologista Turcon","isPartOf":{"@id":"https:\/\/turcon.es\/wp\/#website"},"datePublished":"2018-06-25T12:11:00+00:00","breadcrumb":{"@id":"https:\/\/turcon.es\/wp\/el-colegio-liceo-frances-y-turcon-se-alian-para-limpiar-los-arenales-de-tufia\/#breadcrumb"},"inLanguage":"es","potentialAction":[{"@type":"ReadAction","target":["https:\/\/turcon.es\/wp\/el-colegio-liceo-frances-y-turcon-se-alian-para-limpiar-los-arenales-de-tufia\/"]}]},{"@type":"BreadcrumbList","@id":"https:\/\/turcon.es\/wp\/el-colegio-liceo-frances-y-turcon-se-alian-para-limpiar-los-arenales-de-tufia\/#breadcrumb","itemListElement":[{"@type":"ListItem","position":1,"name":"Portada","item":"https:\/\/turcon.es\/wp\/"},{"@type":"ListItem","position":2,"name":"El colegio Liceo franc\u00e9s y Turc\u00f3n se \u00abal\u00edan\u00bb para limpiar los arenales de Tufia"}]},{"@type":"WebSite","@id":"https:\/\/turcon.es\/wp\/#website","url":"https:\/\/turcon.es\/wp\/","name":"Colectivo Ecologista Turcon","description":"","publisher":{"@id":"https:\/\/turcon.es\/wp\/#organization"},"potentialAction":[{"@type":"SearchAction","target":{"@type":"EntryPoint","urlTemplate":"https:\/\/turcon.es\/wp\/?s={search_term_string}"},"query-input":{"@type":"PropertyValueSpecification","valueRequired":true,"valueName":"search_term_string"}}],"inLanguage":"es"},{"@type":"Organization","@id":"https:\/\/turcon.es\/wp\/#organization","name":"Colectivo Ecologista Turcon","url":"https:\/\/turcon.es\/wp\/","logo":{"@type":"ImageObject","inLanguage":"es","@id":"https:\/\/turcon.es\/wp\/#\/schema\/logo\/image\/","url":"https:\/\/turcon.es\/wp\/wp-content\/uploads\/2025\/03\/logo-verde.svg","contentUrl":"https:\/\/turcon.es\/wp\/wp-content\/uploads\/2025\/03\/logo-verde.svg","width":813,"height":813,"caption":"Colectivo Ecologista Turcon"},"image":{"@id":"https:\/\/turcon.es\/wp\/#\/schema\/logo\/image\/"}},{"@type":"Person","@id":"https:\/\/turcon.es\/wp\/#\/schema\/person\/a1f3ba727ce031d9da17684affe85edd","name":"Laura Fernandez","image":{"@type":"ImageObject","inLanguage":"es","@id":"https:\/\/turcon.es\/wp\/#\/schema\/person\/image\/","url":"https:\/\/secure.gravatar.com\/avatar\/360749af9549af22e54582d50231ae56e854210ae2368797ba242f445a9852e8?s=96&d=mm&r=g","contentUrl":"https:\/\/secure.gravatar.com\/avatar\/360749af9549af22e54582d50231ae56e854210ae2368797ba242f445a9852e8?s=96&d=mm&r=g","caption":"Laura Fernandez"},"url":"https:\/\/turcon.es\/wp\/author\/admturcon\/"}]}},"_links":{"self":[{"href":"https:\/\/turcon.es\/wp\/wp-json\/wp\/v2\/posts\/14909","targetHints":{"allow":["GET"]}}],"collection":[{"href":"https:\/\/turcon.es\/wp\/wp-json\/wp\/v2\/posts"}],"about":[{"href":"https:\/\/turcon.es\/wp\/wp-json\/wp\/v2\/types\/post"}],"author":[{"embeddable":true,"href":"https:\/\/turcon.es\/wp\/wp-json\/wp\/v2\/users\/2"}],"replies":[{"embeddable":true,"href":"https:\/\/turcon.es\/wp\/wp-json\/wp\/v2\/comments?post=14909"}],"version-history":[{"count":0,"href":"https:\/\/turcon.es\/wp\/wp-json\/wp\/v2\/posts\/14909\/revisions"}],"wp:attachment":[{"href":"https:\/\/turcon.es\/wp\/wp-json\/wp\/v2\/media?parent=14909"}],"wp:term":[{"taxonomy":"category","embeddable":true,"href":"https:\/\/turcon.es\/wp\/wp-json\/wp\/v2\/categories?post=14909"},{"taxonomy":"post_tag","embeddable":true,"href":"https:\/\/turcon.es\/wp\/wp-json\/wp\/v2\/tags?post=14909"}],"curies":[{"name":"wp","href":"https:\/\/api.w.org\/{rel}","templated":true}]}}