{"id":14923,"date":"2018-08-18T12:29:25","date_gmt":"2018-08-18T12:29:25","guid":{"rendered":"https:\/\/turcon.wordpress.com\/?p=13685"},"modified":"2018-08-18T12:29:25","modified_gmt":"2018-08-18T12:29:25","slug":"turcon-pone-rumbo-a-escocia","status":"publish","type":"post","link":"https:\/\/turcon.es\/wp\/turcon-pone-rumbo-a-escocia\/","title":{"rendered":"Turc\u00f3n pone rumbo a Escocia"},"content":{"rendered":"<ul>\n<li><strong><span style=\"color:#800000;\">Despu\u00e9s de cambios y diversas opciones el Colectivo Turc\u00f3n-Ecologistas en Acci\u00f3n, finalmente ha iniciado su expedici\u00f3n en el d\u00eda de hoy.<\/span><\/strong><\/li>\n<li><strong><span style=\"color:#800000;\">Una peque\u00f1a secci\u00f3n de Turc\u00f3n viaja a Escocia en un viaje de puro trekking, utilizando para ello, gu\u00edas locales y cuatro localidades de alojamiento para afrontar las excursiones diarias.<\/span><\/strong><\/li>\n<\/ul>\n<p><strong><u>Escocia el pa\u00eds de las mil islas.<img fetchpriority=\"high\" decoding=\"async\" class=\"alignright wp-image-13111\" src=\"https:\/\/turcon.es\/wp\/wp-content\/uploads\/2018\/02\/logo2018.png?w=468\" alt=\"\" width=\"311\" height=\"228\" \/><\/u><\/strong><\/p>\n<p>Escocia tiene una superficie de 78.800 km2, de los cuales 11.200 son costa. Tiene 790 islas, m\u00e1s de 3.100 lagos y m\u00e1s de 1.000 castillos. As\u00ed que cuando te plantees qu\u00e9 ver en Escocia, te dar\u00e1s cuenta de que\u00a0el recorrido es importante y que aunque parezca muy sencillo, no lo es tanto.<\/p>\n<p><strong><u>Cabo Verde para otra ocasi\u00f3n.<\/u><\/strong><\/p>\n<p>Inicialmente era Cabo Verde el viaje elegido por Turc\u00f3n para desarrollar su actividad de verano. Sin embargo, problemas con la compa\u00f1\u00eda a\u00e9rea frustraron ese viaje. Se estudiaron varias opciones y, finalmente, el trekking en Escocia fue el seleccionado por la asociaci\u00f3n ecologistas para conocer su naturaleza, su biodiversidad, el paisaje, su cultura, etc.<\/p>\n","protected":false},"excerpt":{"rendered":"<p>Despu\u00e9s de cambios y diversas opciones el Colectivo Turc\u00f3n-Ecologistas en Acci\u00f3n, finalmente ha iniciado su expedici\u00f3n en el d\u00eda de hoy. Una peque\u00f1a secci\u00f3n de Turc\u00f3n viaja a Escocia en un viaje de puro trekking, utilizando para ello, gu\u00edas locales y cuatro localidades de alojamiento para afrontar las excursiones diarias. Escocia el pa\u00eds de las [&hellip;]<\/p>\n","protected":false},"author":2,"featured_media":0,"comment_status":"open","ping_status":"open","sticky":false,"template":"","format":"standard","meta":{"footnotes":""},"categories":[6,22,31,37,46,47,53,55,57],"tags":[],"class_list":["post-14923","post","type-post","status-publish","format-standard","hentry","category-actividades-turcon","category-concienciacion","category-educacion-y-cultura","category-espacios-naturales","category-notas-de-prensa-de-turcon","category-oceanos","category-recomendamos-para-leer","category-recursos-naturales","category-senderismo"],"yoast_head":"<!-- This site is optimized with the Yoast SEO plugin v26.3 - https:\/\/yoast.com\/wordpress\/plugins\/seo\/ -->\n<title>Turc\u00f3n pone rumbo a Escocia - Colectivo Ecologista Turcon<\/title>\n<meta name=\"robots\" content=\"index, follow, max-snippet:-1, max-image-preview:large, max-video-preview:-1\" \/>\n<link rel=\"canonical\" href=\"https:\/\/turcon.es\/wp\/turcon-pone-rumbo-a-escocia\/\" \/>\n<meta property=\"og:locale\" content=\"es_ES\" \/>\n<meta property=\"og:type\" content=\"article\" \/>\n<meta property=\"og:title\" content=\"Turc\u00f3n pone rumbo a Escocia - Colectivo Ecologista Turcon\" \/>\n<meta property=\"og:description\" content=\"Despu\u00e9s de cambios y diversas opciones el Colectivo Turc\u00f3n-Ecologistas en Acci\u00f3n, finalmente ha iniciado su expedici\u00f3n en el d\u00eda de hoy. Una peque\u00f1a secci\u00f3n de Turc\u00f3n viaja a Escocia en un viaje de puro trekking, utilizando para ello, gu\u00edas locales y cuatro localidades de alojamiento para afrontar las excursiones diarias. Escocia el pa\u00eds de las [&hellip;]\" \/>\n<meta property=\"og:url\" content=\"https:\/\/turcon.es\/wp\/turcon-pone-rumbo-a-escocia\/\" \/>\n<meta property=\"og:site_name\" content=\"Colectivo Ecologista Turcon\" \/>\n<meta property=\"article:published_time\" content=\"2018-08-18T12:29:25+00:00\" \/>\n<meta property=\"og:image\" content=\"https:\/\/turcon.es\/wp\/wp-content\/uploads\/2009\/02\/img_2647-small-4.jpg\" \/>\n\t<meta property=\"og:image:width\" content=\"640\" \/>\n\t<meta property=\"og:image:height\" content=\"480\" \/>\n\t<meta property=\"og:image:type\" content=\"image\/jpeg\" \/>\n<meta name=\"author\" content=\"Laura Fernandez\" \/>\n<meta name=\"twitter:card\" content=\"summary_large_image\" \/>\n<meta name=\"twitter:label1\" content=\"Escrito por\" \/>\n\t<meta name=\"twitter:data1\" content=\"Laura Fernandez\" \/>\n\t<meta name=\"twitter:label2\" content=\"Tiempo de lectura\" \/>\n\t<meta name=\"twitter:data2\" content=\"1 minuto\" \/>\n<script type=\"application\/ld+json\" class=\"yoast-schema-graph\">{\"@context\":\"https:\/\/schema.org\",\"@graph\":[{\"@type\":\"Article\",\"@id\":\"https:\/\/turcon.es\/wp\/turcon-pone-rumbo-a-escocia\/#article\",\"isPartOf\":{\"@id\":\"https:\/\/turcon.es\/wp\/turcon-pone-rumbo-a-escocia\/\"},\"author\":{\"name\":\"Laura Fernandez\",\"@id\":\"https:\/\/turcon.es\/wp\/#\/schema\/person\/a1f3ba727ce031d9da17684affe85edd\"},\"headline\":\"Turc\u00f3n pone rumbo a Escocia\",\"datePublished\":\"2018-08-18T12:29:25+00:00\",\"mainEntityOfPage\":{\"@id\":\"https:\/\/turcon.es\/wp\/turcon-pone-rumbo-a-escocia\/\"},\"wordCount\":187,\"commentCount\":0,\"publisher\":{\"@id\":\"https:\/\/turcon.es\/wp\/#organization\"},\"image\":{\"@id\":\"https:\/\/turcon.es\/wp\/turcon-pone-rumbo-a-escocia\/#primaryimage\"},\"thumbnailUrl\":\"https:\/\/turcon.es\/wp\/wp-content\/uploads\/2018\/02\/logo2018.png?w=468\",\"articleSection\":[\"#Actividades Turc\u00f3n#\",\"Concienciaci\u00f3n\",\"Educaci\u00f3n y cultura\",\"Espacios Naturales\",\"Notas de prensa de Turc\u00f3n\",\"Oc\u00e9anos\",\"Recomendamos para leer\",\"Recursos naturales\",\"Senderismo\"],\"inLanguage\":\"es\",\"potentialAction\":[{\"@type\":\"CommentAction\",\"name\":\"Comment\",\"target\":[\"https:\/\/turcon.es\/wp\/turcon-pone-rumbo-a-escocia\/#respond\"]}]},{\"@type\":\"WebPage\",\"@id\":\"https:\/\/turcon.es\/wp\/turcon-pone-rumbo-a-escocia\/\",\"url\":\"https:\/\/turcon.es\/wp\/turcon-pone-rumbo-a-escocia\/\",\"name\":\"Turc\u00f3n pone rumbo a Escocia - Colectivo Ecologista Turcon\",\"isPartOf\":{\"@id\":\"https:\/\/turcon.es\/wp\/#website\"},\"primaryImageOfPage\":{\"@id\":\"https:\/\/turcon.es\/wp\/turcon-pone-rumbo-a-escocia\/#primaryimage\"},\"image\":{\"@id\":\"https:\/\/turcon.es\/wp\/turcon-pone-rumbo-a-escocia\/#primaryimage\"},\"thumbnailUrl\":\"https:\/\/turcon.es\/wp\/wp-content\/uploads\/2018\/02\/logo2018.png?w=468\",\"datePublished\":\"2018-08-18T12:29:25+00:00\",\"breadcrumb\":{\"@id\":\"https:\/\/turcon.es\/wp\/turcon-pone-rumbo-a-escocia\/#breadcrumb\"},\"inLanguage\":\"es\",\"potentialAction\":[{\"@type\":\"ReadAction\",\"target\":[\"https:\/\/turcon.es\/wp\/turcon-pone-rumbo-a-escocia\/\"]}]},{\"@type\":\"ImageObject\",\"inLanguage\":\"es\",\"@id\":\"https:\/\/turcon.es\/wp\/turcon-pone-rumbo-a-escocia\/#primaryimage\",\"url\":\"https:\/\/turcon.es\/wp\/wp-content\/uploads\/2018\/02\/logo2018.png?w=468\",\"contentUrl\":\"https:\/\/turcon.es\/wp\/wp-content\/uploads\/2018\/02\/logo2018.png?w=468\"},{\"@type\":\"BreadcrumbList\",\"@id\":\"https:\/\/turcon.es\/wp\/turcon-pone-rumbo-a-escocia\/#breadcrumb\",\"itemListElement\":[{\"@type\":\"ListItem\",\"position\":1,\"name\":\"Portada\",\"item\":\"https:\/\/turcon.es\/wp\/\"},{\"@type\":\"ListItem\",\"position\":2,\"name\":\"Turc\u00f3n pone rumbo a Escocia\"}]},{\"@type\":\"WebSite\",\"@id\":\"https:\/\/turcon.es\/wp\/#website\",\"url\":\"https:\/\/turcon.es\/wp\/\",\"name\":\"Colectivo Ecologista Turcon\",\"description\":\"\",\"publisher\":{\"@id\":\"https:\/\/turcon.es\/wp\/#organization\"},\"potentialAction\":[{\"@type\":\"SearchAction\",\"target\":{\"@type\":\"EntryPoint\",\"urlTemplate\":\"https:\/\/turcon.es\/wp\/?s={search_term_string}\"},\"query-input\":{\"@type\":\"PropertyValueSpecification\",\"valueRequired\":true,\"valueName\":\"search_term_string\"}}],\"inLanguage\":\"es\"},{\"@type\":\"Organization\",\"@id\":\"https:\/\/turcon.es\/wp\/#organization\",\"name\":\"Colectivo Ecologista Turcon\",\"url\":\"https:\/\/turcon.es\/wp\/\",\"logo\":{\"@type\":\"ImageObject\",\"inLanguage\":\"es\",\"@id\":\"https:\/\/turcon.es\/wp\/#\/schema\/logo\/image\/\",\"url\":\"https:\/\/turcon.es\/wp\/wp-content\/uploads\/2025\/03\/logo-verde.svg\",\"contentUrl\":\"https:\/\/turcon.es\/wp\/wp-content\/uploads\/2025\/03\/logo-verde.svg\",\"width\":813,\"height\":813,\"caption\":\"Colectivo Ecologista Turcon\"},\"image\":{\"@id\":\"https:\/\/turcon.es\/wp\/#\/schema\/logo\/image\/\"}},{\"@type\":\"Person\",\"@id\":\"https:\/\/turcon.es\/wp\/#\/schema\/person\/a1f3ba727ce031d9da17684affe85edd\",\"name\":\"Laura Fernandez\",\"image\":{\"@type\":\"ImageObject\",\"inLanguage\":\"es\",\"@id\":\"https:\/\/turcon.es\/wp\/#\/schema\/person\/image\/\",\"url\":\"https:\/\/secure.gravatar.com\/avatar\/360749af9549af22e54582d50231ae56e854210ae2368797ba242f445a9852e8?s=96&d=mm&r=g\",\"contentUrl\":\"https:\/\/secure.gravatar.com\/avatar\/360749af9549af22e54582d50231ae56e854210ae2368797ba242f445a9852e8?s=96&d=mm&r=g\",\"caption\":\"Laura Fernandez\"},\"url\":\"https:\/\/turcon.es\/wp\/author\/admturcon\/\"}]}<\/script>\n<!-- \/ Yoast SEO plugin. -->","yoast_head_json":{"title":"Turc\u00f3n pone rumbo a Escocia - Colectivo Ecologista Turcon","robots":{"index":"index","follow":"follow","max-snippet":"max-snippet:-1","max-image-preview":"max-image-preview:large","max-video-preview":"max-video-preview:-1"},"canonical":"https:\/\/turcon.es\/wp\/turcon-pone-rumbo-a-escocia\/","og_locale":"es_ES","og_type":"article","og_title":"Turc\u00f3n pone rumbo a Escocia - Colectivo Ecologista Turcon","og_description":"Despu\u00e9s de cambios y diversas opciones el Colectivo Turc\u00f3n-Ecologistas en Acci\u00f3n, finalmente ha iniciado su expedici\u00f3n en el d\u00eda de hoy. Una peque\u00f1a secci\u00f3n de Turc\u00f3n viaja a Escocia en un viaje de puro trekking, utilizando para ello, gu\u00edas locales y cuatro localidades de alojamiento para afrontar las excursiones diarias. Escocia el pa\u00eds de las [&hellip;]","og_url":"https:\/\/turcon.es\/wp\/turcon-pone-rumbo-a-escocia\/","og_site_name":"Colectivo Ecologista Turcon","article_published_time":"2018-08-18T12:29:25+00:00","og_image":[{"width":640,"height":480,"url":"https:\/\/turcon.es\/wp\/wp-content\/uploads\/2009\/02\/img_2647-small-4.jpg","type":"image\/jpeg"}],"author":"Laura Fernandez","twitter_card":"summary_large_image","twitter_misc":{"Escrito por":"Laura Fernandez","Tiempo de lectura":"1 minuto"},"schema":{"@context":"https:\/\/schema.org","@graph":[{"@type":"Article","@id":"https:\/\/turcon.es\/wp\/turcon-pone-rumbo-a-escocia\/#article","isPartOf":{"@id":"https:\/\/turcon.es\/wp\/turcon-pone-rumbo-a-escocia\/"},"author":{"name":"Laura Fernandez","@id":"https:\/\/turcon.es\/wp\/#\/schema\/person\/a1f3ba727ce031d9da17684affe85edd"},"headline":"Turc\u00f3n pone rumbo a Escocia","datePublished":"2018-08-18T12:29:25+00:00","mainEntityOfPage":{"@id":"https:\/\/turcon.es\/wp\/turcon-pone-rumbo-a-escocia\/"},"wordCount":187,"commentCount":0,"publisher":{"@id":"https:\/\/turcon.es\/wp\/#organization"},"image":{"@id":"https:\/\/turcon.es\/wp\/turcon-pone-rumbo-a-escocia\/#primaryimage"},"thumbnailUrl":"https:\/\/turcon.es\/wp\/wp-content\/uploads\/2018\/02\/logo2018.png?w=468","articleSection":["#Actividades Turc\u00f3n#","Concienciaci\u00f3n","Educaci\u00f3n y cultura","Espacios Naturales","Notas de prensa de Turc\u00f3n","Oc\u00e9anos","Recomendamos para leer","Recursos naturales","Senderismo"],"inLanguage":"es","potentialAction":[{"@type":"CommentAction","name":"Comment","target":["https:\/\/turcon.es\/wp\/turcon-pone-rumbo-a-escocia\/#respond"]}]},{"@type":"WebPage","@id":"https:\/\/turcon.es\/wp\/turcon-pone-rumbo-a-escocia\/","url":"https:\/\/turcon.es\/wp\/turcon-pone-rumbo-a-escocia\/","name":"Turc\u00f3n pone rumbo a Escocia - Colectivo Ecologista Turcon","isPartOf":{"@id":"https:\/\/turcon.es\/wp\/#website"},"primaryImageOfPage":{"@id":"https:\/\/turcon.es\/wp\/turcon-pone-rumbo-a-escocia\/#primaryimage"},"image":{"@id":"https:\/\/turcon.es\/wp\/turcon-pone-rumbo-a-escocia\/#primaryimage"},"thumbnailUrl":"https:\/\/turcon.es\/wp\/wp-content\/uploads\/2018\/02\/logo2018.png?w=468","datePublished":"2018-08-18T12:29:25+00:00","breadcrumb":{"@id":"https:\/\/turcon.es\/wp\/turcon-pone-rumbo-a-escocia\/#breadcrumb"},"inLanguage":"es","potentialAction":[{"@type":"ReadAction","target":["https:\/\/turcon.es\/wp\/turcon-pone-rumbo-a-escocia\/"]}]},{"@type":"ImageObject","inLanguage":"es","@id":"https:\/\/turcon.es\/wp\/turcon-pone-rumbo-a-escocia\/#primaryimage","url":"https:\/\/turcon.es\/wp\/wp-content\/uploads\/2018\/02\/logo2018.png?w=468","contentUrl":"https:\/\/turcon.es\/wp\/wp-content\/uploads\/2018\/02\/logo2018.png?w=468"},{"@type":"BreadcrumbList","@id":"https:\/\/turcon.es\/wp\/turcon-pone-rumbo-a-escocia\/#breadcrumb","itemListElement":[{"@type":"ListItem","position":1,"name":"Portada","item":"https:\/\/turcon.es\/wp\/"},{"@type":"ListItem","position":2,"name":"Turc\u00f3n pone rumbo a Escocia"}]},{"@type":"WebSite","@id":"https:\/\/turcon.es\/wp\/#website","url":"https:\/\/turcon.es\/wp\/","name":"Colectivo Ecologista Turcon","description":"","publisher":{"@id":"https:\/\/turcon.es\/wp\/#organization"},"potentialAction":[{"@type":"SearchAction","target":{"@type":"EntryPoint","urlTemplate":"https:\/\/turcon.es\/wp\/?s={search_term_string}"},"query-input":{"@type":"PropertyValueSpecification","valueRequired":true,"valueName":"search_term_string"}}],"inLanguage":"es"},{"@type":"Organization","@id":"https:\/\/turcon.es\/wp\/#organization","name":"Colectivo Ecologista Turcon","url":"https:\/\/turcon.es\/wp\/","logo":{"@type":"ImageObject","inLanguage":"es","@id":"https:\/\/turcon.es\/wp\/#\/schema\/logo\/image\/","url":"https:\/\/turcon.es\/wp\/wp-content\/uploads\/2025\/03\/logo-verde.svg","contentUrl":"https:\/\/turcon.es\/wp\/wp-content\/uploads\/2025\/03\/logo-verde.svg","width":813,"height":813,"caption":"Colectivo Ecologista Turcon"},"image":{"@id":"https:\/\/turcon.es\/wp\/#\/schema\/logo\/image\/"}},{"@type":"Person","@id":"https:\/\/turcon.es\/wp\/#\/schema\/person\/a1f3ba727ce031d9da17684affe85edd","name":"Laura Fernandez","image":{"@type":"ImageObject","inLanguage":"es","@id":"https:\/\/turcon.es\/wp\/#\/schema\/person\/image\/","url":"https:\/\/secure.gravatar.com\/avatar\/360749af9549af22e54582d50231ae56e854210ae2368797ba242f445a9852e8?s=96&d=mm&r=g","contentUrl":"https:\/\/secure.gravatar.com\/avatar\/360749af9549af22e54582d50231ae56e854210ae2368797ba242f445a9852e8?s=96&d=mm&r=g","caption":"Laura Fernandez"},"url":"https:\/\/turcon.es\/wp\/author\/admturcon\/"}]}},"_links":{"self":[{"href":"https:\/\/turcon.es\/wp\/wp-json\/wp\/v2\/posts\/14923","targetHints":{"allow":["GET"]}}],"collection":[{"href":"https:\/\/turcon.es\/wp\/wp-json\/wp\/v2\/posts"}],"about":[{"href":"https:\/\/turcon.es\/wp\/wp-json\/wp\/v2\/types\/post"}],"author":[{"embeddable":true,"href":"https:\/\/turcon.es\/wp\/wp-json\/wp\/v2\/users\/2"}],"replies":[{"embeddable":true,"href":"https:\/\/turcon.es\/wp\/wp-json\/wp\/v2\/comments?post=14923"}],"version-history":[{"count":0,"href":"https:\/\/turcon.es\/wp\/wp-json\/wp\/v2\/posts\/14923\/revisions"}],"wp:attachment":[{"href":"https:\/\/turcon.es\/wp\/wp-json\/wp\/v2\/media?parent=14923"}],"wp:term":[{"taxonomy":"category","embeddable":true,"href":"https:\/\/turcon.es\/wp\/wp-json\/wp\/v2\/categories?post=14923"},{"taxonomy":"post_tag","embeddable":true,"href":"https:\/\/turcon.es\/wp\/wp-json\/wp\/v2\/tags?post=14923"}],"curies":[{"name":"wp","href":"https:\/\/api.w.org\/{rel}","templated":true}]}}