{"id":14929,"date":"2018-09-22T09:10:52","date_gmt":"2018-09-22T09:10:52","guid":{"rendered":"https:\/\/turcon.wordpress.com\/?p=13722"},"modified":"2018-09-22T09:10:52","modified_gmt":"2018-09-22T09:10:52","slug":"hoya-del-gamonal-proxima-ruta-de-senderismo","status":"publish","type":"post","link":"https:\/\/turcon.es\/wp\/hoya-del-gamonal-proxima-ruta-de-senderismo\/","title":{"rendered":"Hoya del Gamonal, pr\u00f3xima ruta de senderismo"},"content":{"rendered":"<p><img fetchpriority=\"high\" decoding=\"async\" class=\"alignright size-medium wp-image-13111\" src=\"https:\/\/turcon.es\/wp\/wp-content\/uploads\/2018\/02\/logo2018.png?w=300\" alt=\"\" width=\"300\" height=\"220\" \/><\/p>\n<h2><span style=\"color:#800000;\">Ser\u00e1 el s\u00e1bado, d\u00eda 29 de septiembre<strong>.<\/strong><\/span><\/h2>\n<p>Nivel: bajo.<\/p>\n<p>Recorrido: 7 km de longitud, aprox.<\/p>\n<p>Hora de salida de Telde: <strong>9:00 horas.<\/strong><\/p>\n<p>Hora de salida de LPGC: <strong>9:30 horas.<\/strong><\/p>\n<p>A partir del lunes, d\u00eda 24 de septiembre, Inscripciones en Casa de la Juventud de Telde (928-68.06.86) o email: turconsenderismo@gmail.com<\/p>\n<p><strong>M\u00e1s informaci\u00f3n:<\/strong><\/p>\n<p><span style=\"color:#800080;\"><b style=\"color:#800080;\">La Hoya del Gamonal y Camaretas, se encuentra situada al suroeste de San Mateo y al Norte del Casque central de Gran Canaria. Nuestra ruta quiere recorrer estos rec\u00f3ndi<\/b><b>tos<\/b><b style=\"color:#800080;\">\u00a0parajes ricos en manantiales de agua.<\/b><\/span><\/p>\n","protected":false},"excerpt":{"rendered":"<p>Ser\u00e1 el s\u00e1bado, d\u00eda 29 de septiembre. Nivel: bajo. Recorrido: 7 km de longitud, aprox. Hora de salida de Telde: 9:00 horas. Hora de salida de LPGC: 9:30 horas. A partir del lunes, d\u00eda 24 de septiembre, Inscripciones en Casa de la Juventud de Telde (928-68.06.86) o email: turconsenderismo@gmail.com M\u00e1s informaci\u00f3n: La Hoya del Gamonal [&hellip;]<\/p>\n","protected":false},"author":2,"featured_media":0,"comment_status":"open","ping_status":"open","sticky":false,"template":"","format":"standard","meta":{"footnotes":""},"categories":[6,37,41,69,45,46,53,54,55,57,58,60],"tags":[],"class_list":["post-14929","post","type-post","status-publish","format-standard","hentry","category-actividades-turcon","category-espacios-naturales","category-gran-canaria","category-movimiento-ciudadano","category-ninos","category-notas-de-prensa-de-turcon","category-recomendamos-para-leer","category-recomendamos-para-leer-ver-y-escuchar","category-recursos-naturales","category-senderismo","category-sociedad-y-derechos","category-telde-gran-canaria"],"yoast_head":"<!-- This site is optimized with the Yoast SEO plugin v26.3 - https:\/\/yoast.com\/wordpress\/plugins\/seo\/ -->\n<title>Hoya del Gamonal, pr\u00f3xima ruta de senderismo - Colectivo Ecologista Turcon<\/title>\n<meta name=\"robots\" content=\"index, follow, max-snippet:-1, max-image-preview:large, max-video-preview:-1\" \/>\n<link rel=\"canonical\" href=\"https:\/\/turcon.es\/wp\/hoya-del-gamonal-proxima-ruta-de-senderismo\/\" \/>\n<meta property=\"og:locale\" content=\"es_ES\" \/>\n<meta property=\"og:type\" content=\"article\" \/>\n<meta property=\"og:title\" content=\"Hoya del Gamonal, pr\u00f3xima ruta de senderismo - Colectivo Ecologista Turcon\" \/>\n<meta property=\"og:description\" content=\"Ser\u00e1 el s\u00e1bado, d\u00eda 29 de septiembre. Nivel: bajo. Recorrido: 7 km de longitud, aprox. Hora de salida de Telde: 9:00 horas. Hora de salida de LPGC: 9:30 horas. A partir del lunes, d\u00eda 24 de septiembre, Inscripciones en Casa de la Juventud de Telde (928-68.06.86) o email: turconsenderismo@gmail.com M\u00e1s informaci\u00f3n: La Hoya del Gamonal [&hellip;]\" \/>\n<meta property=\"og:url\" content=\"https:\/\/turcon.es\/wp\/hoya-del-gamonal-proxima-ruta-de-senderismo\/\" \/>\n<meta property=\"og:site_name\" content=\"Colectivo Ecologista Turcon\" \/>\n<meta property=\"article:published_time\" content=\"2018-09-22T09:10:52+00:00\" \/>\n<meta property=\"og:image\" content=\"https:\/\/turcon.es\/wp\/wp-content\/uploads\/2009\/02\/img_2647-small-4.jpg\" \/>\n\t<meta property=\"og:image:width\" content=\"640\" \/>\n\t<meta property=\"og:image:height\" content=\"480\" \/>\n\t<meta property=\"og:image:type\" content=\"image\/jpeg\" \/>\n<meta name=\"author\" content=\"Laura Fernandez\" \/>\n<meta name=\"twitter:card\" content=\"summary_large_image\" \/>\n<meta name=\"twitter:label1\" content=\"Escrito por\" \/>\n\t<meta name=\"twitter:data1\" content=\"Laura Fernandez\" \/>\n<script type=\"application\/ld+json\" class=\"yoast-schema-graph\">{\"@context\":\"https:\/\/schema.org\",\"@graph\":[{\"@type\":\"Article\",\"@id\":\"https:\/\/turcon.es\/wp\/hoya-del-gamonal-proxima-ruta-de-senderismo\/#article\",\"isPartOf\":{\"@id\":\"https:\/\/turcon.es\/wp\/hoya-del-gamonal-proxima-ruta-de-senderismo\/\"},\"author\":{\"name\":\"Laura Fernandez\",\"@id\":\"https:\/\/turcon.es\/wp\/#\/schema\/person\/a1f3ba727ce031d9da17684affe85edd\"},\"headline\":\"Hoya del Gamonal, pr\u00f3xima ruta de senderismo\",\"datePublished\":\"2018-09-22T09:10:52+00:00\",\"mainEntityOfPage\":{\"@id\":\"https:\/\/turcon.es\/wp\/hoya-del-gamonal-proxima-ruta-de-senderismo\/\"},\"wordCount\":98,\"commentCount\":0,\"publisher\":{\"@id\":\"https:\/\/turcon.es\/wp\/#organization\"},\"image\":{\"@id\":\"https:\/\/turcon.es\/wp\/hoya-del-gamonal-proxima-ruta-de-senderismo\/#primaryimage\"},\"thumbnailUrl\":\"https:\/\/turcon.es\/wp\/wp-content\/uploads\/2018\/02\/logo2018.png?w=300\",\"articleSection\":[\"#Actividades Turc\u00f3n#\",\"Espacios Naturales\",\"Gran Canaria\",\"Movimiento ciudadano\",\"Ni\u00f1os\",\"Notas de prensa de Turc\u00f3n\",\"Recomendamos para leer\",\"Recomendamos para leer, ver y escuchar...\",\"Recursos naturales\",\"Senderismo\",\"Sociedad y derechos\",\"Telde (Gran Canaria)\"],\"inLanguage\":\"es\",\"potentialAction\":[{\"@type\":\"CommentAction\",\"name\":\"Comment\",\"target\":[\"https:\/\/turcon.es\/wp\/hoya-del-gamonal-proxima-ruta-de-senderismo\/#respond\"]}]},{\"@type\":\"WebPage\",\"@id\":\"https:\/\/turcon.es\/wp\/hoya-del-gamonal-proxima-ruta-de-senderismo\/\",\"url\":\"https:\/\/turcon.es\/wp\/hoya-del-gamonal-proxima-ruta-de-senderismo\/\",\"name\":\"Hoya del Gamonal, pr\u00f3xima ruta de senderismo - Colectivo Ecologista Turcon\",\"isPartOf\":{\"@id\":\"https:\/\/turcon.es\/wp\/#website\"},\"primaryImageOfPage\":{\"@id\":\"https:\/\/turcon.es\/wp\/hoya-del-gamonal-proxima-ruta-de-senderismo\/#primaryimage\"},\"image\":{\"@id\":\"https:\/\/turcon.es\/wp\/hoya-del-gamonal-proxima-ruta-de-senderismo\/#primaryimage\"},\"thumbnailUrl\":\"https:\/\/turcon.es\/wp\/wp-content\/uploads\/2018\/02\/logo2018.png?w=300\",\"datePublished\":\"2018-09-22T09:10:52+00:00\",\"breadcrumb\":{\"@id\":\"https:\/\/turcon.es\/wp\/hoya-del-gamonal-proxima-ruta-de-senderismo\/#breadcrumb\"},\"inLanguage\":\"es\",\"potentialAction\":[{\"@type\":\"ReadAction\",\"target\":[\"https:\/\/turcon.es\/wp\/hoya-del-gamonal-proxima-ruta-de-senderismo\/\"]}]},{\"@type\":\"ImageObject\",\"inLanguage\":\"es\",\"@id\":\"https:\/\/turcon.es\/wp\/hoya-del-gamonal-proxima-ruta-de-senderismo\/#primaryimage\",\"url\":\"https:\/\/turcon.es\/wp\/wp-content\/uploads\/2018\/02\/logo2018.png?w=300\",\"contentUrl\":\"https:\/\/turcon.es\/wp\/wp-content\/uploads\/2018\/02\/logo2018.png?w=300\"},{\"@type\":\"BreadcrumbList\",\"@id\":\"https:\/\/turcon.es\/wp\/hoya-del-gamonal-proxima-ruta-de-senderismo\/#breadcrumb\",\"itemListElement\":[{\"@type\":\"ListItem\",\"position\":1,\"name\":\"Portada\",\"item\":\"https:\/\/turcon.es\/wp\/\"},{\"@type\":\"ListItem\",\"position\":2,\"name\":\"Hoya del Gamonal, pr\u00f3xima ruta de senderismo\"}]},{\"@type\":\"WebSite\",\"@id\":\"https:\/\/turcon.es\/wp\/#website\",\"url\":\"https:\/\/turcon.es\/wp\/\",\"name\":\"Colectivo Ecologista Turcon\",\"description\":\"\",\"publisher\":{\"@id\":\"https:\/\/turcon.es\/wp\/#organization\"},\"potentialAction\":[{\"@type\":\"SearchAction\",\"target\":{\"@type\":\"EntryPoint\",\"urlTemplate\":\"https:\/\/turcon.es\/wp\/?s={search_term_string}\"},\"query-input\":{\"@type\":\"PropertyValueSpecification\",\"valueRequired\":true,\"valueName\":\"search_term_string\"}}],\"inLanguage\":\"es\"},{\"@type\":\"Organization\",\"@id\":\"https:\/\/turcon.es\/wp\/#organization\",\"name\":\"Colectivo Ecologista Turcon\",\"url\":\"https:\/\/turcon.es\/wp\/\",\"logo\":{\"@type\":\"ImageObject\",\"inLanguage\":\"es\",\"@id\":\"https:\/\/turcon.es\/wp\/#\/schema\/logo\/image\/\",\"url\":\"https:\/\/turcon.es\/wp\/wp-content\/uploads\/2025\/03\/logo-verde.svg\",\"contentUrl\":\"https:\/\/turcon.es\/wp\/wp-content\/uploads\/2025\/03\/logo-verde.svg\",\"width\":813,\"height\":813,\"caption\":\"Colectivo Ecologista Turcon\"},\"image\":{\"@id\":\"https:\/\/turcon.es\/wp\/#\/schema\/logo\/image\/\"}},{\"@type\":\"Person\",\"@id\":\"https:\/\/turcon.es\/wp\/#\/schema\/person\/a1f3ba727ce031d9da17684affe85edd\",\"name\":\"Laura Fernandez\",\"image\":{\"@type\":\"ImageObject\",\"inLanguage\":\"es\",\"@id\":\"https:\/\/turcon.es\/wp\/#\/schema\/person\/image\/\",\"url\":\"https:\/\/secure.gravatar.com\/avatar\/360749af9549af22e54582d50231ae56e854210ae2368797ba242f445a9852e8?s=96&d=mm&r=g\",\"contentUrl\":\"https:\/\/secure.gravatar.com\/avatar\/360749af9549af22e54582d50231ae56e854210ae2368797ba242f445a9852e8?s=96&d=mm&r=g\",\"caption\":\"Laura Fernandez\"},\"url\":\"https:\/\/turcon.es\/wp\/author\/admturcon\/\"}]}<\/script>\n<!-- \/ Yoast SEO plugin. -->","yoast_head_json":{"title":"Hoya del Gamonal, pr\u00f3xima ruta de senderismo - Colectivo Ecologista Turcon","robots":{"index":"index","follow":"follow","max-snippet":"max-snippet:-1","max-image-preview":"max-image-preview:large","max-video-preview":"max-video-preview:-1"},"canonical":"https:\/\/turcon.es\/wp\/hoya-del-gamonal-proxima-ruta-de-senderismo\/","og_locale":"es_ES","og_type":"article","og_title":"Hoya del Gamonal, pr\u00f3xima ruta de senderismo - Colectivo Ecologista Turcon","og_description":"Ser\u00e1 el s\u00e1bado, d\u00eda 29 de septiembre. Nivel: bajo. Recorrido: 7 km de longitud, aprox. Hora de salida de Telde: 9:00 horas. Hora de salida de LPGC: 9:30 horas. A partir del lunes, d\u00eda 24 de septiembre, Inscripciones en Casa de la Juventud de Telde (928-68.06.86) o email: turconsenderismo@gmail.com M\u00e1s informaci\u00f3n: La Hoya del Gamonal [&hellip;]","og_url":"https:\/\/turcon.es\/wp\/hoya-del-gamonal-proxima-ruta-de-senderismo\/","og_site_name":"Colectivo Ecologista Turcon","article_published_time":"2018-09-22T09:10:52+00:00","og_image":[{"width":640,"height":480,"url":"https:\/\/turcon.es\/wp\/wp-content\/uploads\/2009\/02\/img_2647-small-4.jpg","type":"image\/jpeg"}],"author":"Laura Fernandez","twitter_card":"summary_large_image","twitter_misc":{"Escrito por":"Laura Fernandez"},"schema":{"@context":"https:\/\/schema.org","@graph":[{"@type":"Article","@id":"https:\/\/turcon.es\/wp\/hoya-del-gamonal-proxima-ruta-de-senderismo\/#article","isPartOf":{"@id":"https:\/\/turcon.es\/wp\/hoya-del-gamonal-proxima-ruta-de-senderismo\/"},"author":{"name":"Laura Fernandez","@id":"https:\/\/turcon.es\/wp\/#\/schema\/person\/a1f3ba727ce031d9da17684affe85edd"},"headline":"Hoya del Gamonal, pr\u00f3xima ruta de senderismo","datePublished":"2018-09-22T09:10:52+00:00","mainEntityOfPage":{"@id":"https:\/\/turcon.es\/wp\/hoya-del-gamonal-proxima-ruta-de-senderismo\/"},"wordCount":98,"commentCount":0,"publisher":{"@id":"https:\/\/turcon.es\/wp\/#organization"},"image":{"@id":"https:\/\/turcon.es\/wp\/hoya-del-gamonal-proxima-ruta-de-senderismo\/#primaryimage"},"thumbnailUrl":"https:\/\/turcon.es\/wp\/wp-content\/uploads\/2018\/02\/logo2018.png?w=300","articleSection":["#Actividades Turc\u00f3n#","Espacios Naturales","Gran Canaria","Movimiento ciudadano","Ni\u00f1os","Notas de prensa de Turc\u00f3n","Recomendamos para leer","Recomendamos para leer, ver y escuchar...","Recursos naturales","Senderismo","Sociedad y derechos","Telde (Gran Canaria)"],"inLanguage":"es","potentialAction":[{"@type":"CommentAction","name":"Comment","target":["https:\/\/turcon.es\/wp\/hoya-del-gamonal-proxima-ruta-de-senderismo\/#respond"]}]},{"@type":"WebPage","@id":"https:\/\/turcon.es\/wp\/hoya-del-gamonal-proxima-ruta-de-senderismo\/","url":"https:\/\/turcon.es\/wp\/hoya-del-gamonal-proxima-ruta-de-senderismo\/","name":"Hoya del Gamonal, pr\u00f3xima ruta de senderismo - Colectivo Ecologista Turcon","isPartOf":{"@id":"https:\/\/turcon.es\/wp\/#website"},"primaryImageOfPage":{"@id":"https:\/\/turcon.es\/wp\/hoya-del-gamonal-proxima-ruta-de-senderismo\/#primaryimage"},"image":{"@id":"https:\/\/turcon.es\/wp\/hoya-del-gamonal-proxima-ruta-de-senderismo\/#primaryimage"},"thumbnailUrl":"https:\/\/turcon.es\/wp\/wp-content\/uploads\/2018\/02\/logo2018.png?w=300","datePublished":"2018-09-22T09:10:52+00:00","breadcrumb":{"@id":"https:\/\/turcon.es\/wp\/hoya-del-gamonal-proxima-ruta-de-senderismo\/#breadcrumb"},"inLanguage":"es","potentialAction":[{"@type":"ReadAction","target":["https:\/\/turcon.es\/wp\/hoya-del-gamonal-proxima-ruta-de-senderismo\/"]}]},{"@type":"ImageObject","inLanguage":"es","@id":"https:\/\/turcon.es\/wp\/hoya-del-gamonal-proxima-ruta-de-senderismo\/#primaryimage","url":"https:\/\/turcon.es\/wp\/wp-content\/uploads\/2018\/02\/logo2018.png?w=300","contentUrl":"https:\/\/turcon.es\/wp\/wp-content\/uploads\/2018\/02\/logo2018.png?w=300"},{"@type":"BreadcrumbList","@id":"https:\/\/turcon.es\/wp\/hoya-del-gamonal-proxima-ruta-de-senderismo\/#breadcrumb","itemListElement":[{"@type":"ListItem","position":1,"name":"Portada","item":"https:\/\/turcon.es\/wp\/"},{"@type":"ListItem","position":2,"name":"Hoya del Gamonal, pr\u00f3xima ruta de senderismo"}]},{"@type":"WebSite","@id":"https:\/\/turcon.es\/wp\/#website","url":"https:\/\/turcon.es\/wp\/","name":"Colectivo Ecologista Turcon","description":"","publisher":{"@id":"https:\/\/turcon.es\/wp\/#organization"},"potentialAction":[{"@type":"SearchAction","target":{"@type":"EntryPoint","urlTemplate":"https:\/\/turcon.es\/wp\/?s={search_term_string}"},"query-input":{"@type":"PropertyValueSpecification","valueRequired":true,"valueName":"search_term_string"}}],"inLanguage":"es"},{"@type":"Organization","@id":"https:\/\/turcon.es\/wp\/#organization","name":"Colectivo Ecologista Turcon","url":"https:\/\/turcon.es\/wp\/","logo":{"@type":"ImageObject","inLanguage":"es","@id":"https:\/\/turcon.es\/wp\/#\/schema\/logo\/image\/","url":"https:\/\/turcon.es\/wp\/wp-content\/uploads\/2025\/03\/logo-verde.svg","contentUrl":"https:\/\/turcon.es\/wp\/wp-content\/uploads\/2025\/03\/logo-verde.svg","width":813,"height":813,"caption":"Colectivo Ecologista Turcon"},"image":{"@id":"https:\/\/turcon.es\/wp\/#\/schema\/logo\/image\/"}},{"@type":"Person","@id":"https:\/\/turcon.es\/wp\/#\/schema\/person\/a1f3ba727ce031d9da17684affe85edd","name":"Laura Fernandez","image":{"@type":"ImageObject","inLanguage":"es","@id":"https:\/\/turcon.es\/wp\/#\/schema\/person\/image\/","url":"https:\/\/secure.gravatar.com\/avatar\/360749af9549af22e54582d50231ae56e854210ae2368797ba242f445a9852e8?s=96&d=mm&r=g","contentUrl":"https:\/\/secure.gravatar.com\/avatar\/360749af9549af22e54582d50231ae56e854210ae2368797ba242f445a9852e8?s=96&d=mm&r=g","caption":"Laura Fernandez"},"url":"https:\/\/turcon.es\/wp\/author\/admturcon\/"}]}},"_links":{"self":[{"href":"https:\/\/turcon.es\/wp\/wp-json\/wp\/v2\/posts\/14929","targetHints":{"allow":["GET"]}}],"collection":[{"href":"https:\/\/turcon.es\/wp\/wp-json\/wp\/v2\/posts"}],"about":[{"href":"https:\/\/turcon.es\/wp\/wp-json\/wp\/v2\/types\/post"}],"author":[{"embeddable":true,"href":"https:\/\/turcon.es\/wp\/wp-json\/wp\/v2\/users\/2"}],"replies":[{"embeddable":true,"href":"https:\/\/turcon.es\/wp\/wp-json\/wp\/v2\/comments?post=14929"}],"version-history":[{"count":0,"href":"https:\/\/turcon.es\/wp\/wp-json\/wp\/v2\/posts\/14929\/revisions"}],"wp:attachment":[{"href":"https:\/\/turcon.es\/wp\/wp-json\/wp\/v2\/media?parent=14929"}],"wp:term":[{"taxonomy":"category","embeddable":true,"href":"https:\/\/turcon.es\/wp\/wp-json\/wp\/v2\/categories?post=14929"},{"taxonomy":"post_tag","embeddable":true,"href":"https:\/\/turcon.es\/wp\/wp-json\/wp\/v2\/tags?post=14929"}],"curies":[{"name":"wp","href":"https:\/\/api.w.org\/{rel}","templated":true}]}}