{"id":14960,"date":"2018-11-12T22:28:39","date_gmt":"2018-11-12T22:28:39","guid":{"rendered":"https:\/\/turcon.wordpress.com\/?p=13935"},"modified":"2018-11-12T22:28:39","modified_gmt":"2018-11-12T22:28:39","slug":"turcon-y-los-premios-voluntariado-universitario","status":"publish","type":"post","link":"https:\/\/turcon.es\/wp\/turcon-y-los-premios-voluntariado-universitario\/","title":{"rendered":"Turc\u00f3n y los premios voluntariado universitario"},"content":{"rendered":"<ul>\n<li><strong>Abierto el plazo para votar en Youtube<\/strong><\/li>\n<li>Todos\u00a0los v\u00eddeos est\u00e1n disponibles en el canal de\u00a0<u>Youtube<\/u>de los\u00a0Premios.<\/li>\n<li>Tu simple visualizaci\u00f3n de nuestro proyecto \u201cUna bolsa menos\u201d nos ayudar\u00e1 a conseguir el premio. M\u00edralo en: <a href=\"https:\/\/www.youtube.com\/watch?v=V7H7mavza9o&amp;t=3s\">https:\/\/www.youtube.com\/watch?v=V7H7mavza9o&amp;t=3s<\/a><\/li>\n<\/ul>\n<p>Desde la Fundaci\u00f3n Mutua Madrile\u00f1a nos comunica que,\u00a0<strong>desde hoy -12 de noviembre-\u00a0y hasta el pr\u00f3ximo\u00a0lunes,\u00a019 de noviembre a las\u00a010:00 horas,<\/strong>\u00a0se abre el plazo para votar por los v\u00eddeos de cada una de las candidaturas presentadas en la <strong><em>VI Edici\u00f3n de los Premios al Voluntariado Universitario, <\/em><\/strong>en los que participa un grupo de estudiantes de la ULPGC, con su proyecto \u201c1 bolsa menos\u201d.<\/p>\n<p><iframe title=\"1 Bolsa Menos\" width=\"800\" height=\"450\" src=\"https:\/\/www.youtube.com\/embed\/V7H7mavza9o?feature=oembed\" frameborder=\"0\" allow=\"accelerometer; autoplay; clipboard-write; encrypted-media; gyroscope; picture-in-picture; web-share\" referrerpolicy=\"strict-origin-when-cross-origin\" allowfullscreen><\/iframe><\/p>\n<p>Este proyecto ha sido tutorizado por el ColectivoTurc\u00f3n-EeA. Prestando el apoyo preciso al grupo de universitarias.<\/p>\n<p>Los cinco v\u00eddeos con m\u00e1s reproducciones recibir\u00e1n una\u00a0puntuaci\u00f3n adicional\u00a0en el proceso de valoraci\u00f3n. No obstante, el n\u00famero de visualizaciones no determinar\u00e1 la elecci\u00f3n de los proyectos ganadores,\u00a0simplemente ser\u00e1, como decimos, una puntuaci\u00f3n adicional.<\/p>\n<p><strong><u>Criterios de valoraci\u00f3n<\/u><\/strong><\/p>\n<p>Entre los primeros se valorar\u00e1 el n\u00famero de estudiantes implicados y las horas dedicadas al voluntariado, el n\u00famero de beneficiarios de la iniciativa, la antig\u00fcedad del proyecto\u2026 Entre los criterios cualitativos que se valorar\u00e1n figura, entre otros, el grado en que la iniciativa mejora las necesidades del colectivo beneficiario, el car\u00e1cter innovador del proyecto, las mejoras logradas desde el inicio y los objetivos previstos durante su desarrollo, etc\u00e9tera. Tras esta primera criba, el jurado de los Premios, compuesto por los miembros del Patronato de la Fundaci\u00f3n Mutua Madrile\u00f1a, elegir\u00e1 los 6 proyectos ganadores, que se dar\u00e1n a conocer entre finales de enero y principios de febrero de 2019.<\/p>\n<p><strong><u>De una playa canaria a Europa<\/u><\/strong><\/p>\n<p>\u201c1 Bolsa Menos\u201d nace en agosto de 2018 se trata de un proyecto que surge a ra\u00edz de una conversaci\u00f3n entre amigos y amigas sobre el estado de nuestra isla: Gran Canaria.\u00a0 Pero lo que fue definitivo para impulsarlo fue un video viral en Internet de una playa canaria en el que no se ve la marea porque todo es basura.<\/p>\n<p>La idea se materializa (y si se consigue la ayuda de la Fundaci\u00f3n Madrile\u00f1a) en ir todos los d\u00edas a una playa diferente, llenar una bolsa con los residuos que en ella se encuentran y a trav\u00e9s de Instagram contarlo.<!--more--><\/p>\n<p>Los objetivos que persigue este programa de voluntariado son dos, por un lado, limpiar los espacios naturales de basura y, por otro lado, recabar informaci\u00f3n acerca del estado de ese lugar concreto en el que el voluntario ha estado dedicando su tiempo. Este \u00faltimo objetivo se establece para que la informaci\u00f3n sirva para que se puedan detectar problemas o necesidades de un lugar concreto e implementar medidas adecuadas para su soluci\u00f3n.<\/p>\n<p><strong><u>Las inquietudes medioambientales de los\/las estudiantes.<\/u><\/strong><\/p>\n<p>Tres estudiantes encabezan el elenco organizativo de este proyecto de voluntariado que aspira a ser premiado por la Fundaci\u00f3n Mutua Madrile\u00f1a.<\/p>\n<p>Los participantes del programa participan en diferentes estudios acad\u00e9micos, as\u00ed de esta manera encabezan el proyecto una estudiante del \u00faltimo curso de la carrera de Turismo en la Universidad de Las Palmas de Gran Canaria. Una estudiante de \u00faltimo curso de la carrera de Derecho en la Universidad Esade (adscrita a la Univer. Ram\u00f3n Llull) y un egresado de los estudios de ADE de la ULPGC.<\/p>\n<p>Entre los lugares se encuentran, La Graciosa, Fuerteventura, Mallorca, C\u00e1diz, Cerde\u00f1a, Grecia. El proyecto 1 Bolsa Menos est\u00e1 documentado en la cuenta de Instagram @1bolsamenos que en menos de 20 d\u00edas alcanz\u00f3 un n\u00famero 1.000 seguidores. \u201cDesde el inicio del proyecto, se han limpiado 22 playas y recolectado 46 bolsas en aproximadamente 15 horas. Hay una correlaci\u00f3n directa entre el tiempo y la cantidad de residuos recolectados, cuanto menor es el tiempo empleado mayor es la cantidad de basura encontrada\u201d asevera una de las voluntarias del proyecto.<\/p>\n<p><strong><u>Tu apoyo es importante.<\/u><\/strong><\/p>\n<p>Tu simple visualizaci\u00f3n de nuestro proyecto \u201cUna bolsa menos\u201d nos ayudar\u00e1 a conseguir el premio. M\u00edralo en: <a href=\"https:\/\/www.youtube.com\/watch?v=V7H7mavza9o&amp;t=3s\">https:\/\/www.youtube.com\/watch?v=V7H7mavza9o&amp;t=3s<\/a><\/p>\n<p><strong>El Colectivo Turc\u00f3n-EeA y las universitarias del proyecto agradecen su difusi\u00f3n y enlace del video.<\/strong><\/p>\n","protected":false},"excerpt":{"rendered":"<p>Abierto el plazo para votar en Youtube Todos\u00a0los v\u00eddeos est\u00e1n disponibles en el canal de\u00a0Youtubede los\u00a0Premios. Tu simple visualizaci\u00f3n de nuestro proyecto \u201cUna bolsa menos\u201d nos ayudar\u00e1 a conseguir el premio. M\u00edralo en: https:\/\/www.youtube.com\/watch?v=V7H7mavza9o&amp;t=3s Desde la Fundaci\u00f3n Mutua Madrile\u00f1a nos comunica que,\u00a0desde hoy -12 de noviembre-\u00a0y hasta el pr\u00f3ximo\u00a0lunes,\u00a019 de noviembre a las\u00a010:00 horas,\u00a0se abre [&hellip;]<\/p>\n","protected":false},"author":2,"featured_media":0,"comment_status":"open","ping_status":"open","sticky":false,"template":"","format":"standard","meta":{"footnotes":""},"categories":[6,22,25,46,47],"tags":[1425,1674,1740],"class_list":["post-14960","post","type-post","status-publish","format-standard","hentry","category-actividades-turcon","category-concienciacion","category-contaminacion-y-toxicos","category-notas-de-prensa-de-turcon","category-oceanos","tag-reciclaje","tag-una-bolsa-menos","tag-voluntariado"],"yoast_head":"<!-- This site is optimized with the Yoast SEO plugin v26.3 - https:\/\/yoast.com\/wordpress\/plugins\/seo\/ -->\n<title>Turc\u00f3n y los premios voluntariado universitario - Colectivo Ecologista Turcon<\/title>\n<meta name=\"robots\" content=\"index, follow, max-snippet:-1, max-image-preview:large, max-video-preview:-1\" \/>\n<link rel=\"canonical\" href=\"https:\/\/turcon.es\/wp\/turcon-y-los-premios-voluntariado-universitario\/\" \/>\n<meta property=\"og:locale\" content=\"es_ES\" \/>\n<meta property=\"og:type\" content=\"article\" \/>\n<meta property=\"og:title\" content=\"Turc\u00f3n y los premios voluntariado universitario - Colectivo Ecologista Turcon\" \/>\n<meta property=\"og:description\" content=\"Abierto el plazo para votar en Youtube Todos\u00a0los v\u00eddeos est\u00e1n disponibles en el canal de\u00a0Youtubede los\u00a0Premios. Tu simple visualizaci\u00f3n de nuestro proyecto \u201cUna bolsa menos\u201d nos ayudar\u00e1 a conseguir el premio. M\u00edralo en: https:\/\/www.youtube.com\/watch?v=V7H7mavza9o&amp;t=3s Desde la Fundaci\u00f3n Mutua Madrile\u00f1a nos comunica que,\u00a0desde hoy -12 de noviembre-\u00a0y hasta el pr\u00f3ximo\u00a0lunes,\u00a019 de noviembre a las\u00a010:00 horas,\u00a0se abre [&hellip;]\" \/>\n<meta property=\"og:url\" content=\"https:\/\/turcon.es\/wp\/turcon-y-los-premios-voluntariado-universitario\/\" \/>\n<meta property=\"og:site_name\" content=\"Colectivo Ecologista Turcon\" \/>\n<meta property=\"article:published_time\" content=\"2018-11-12T22:28:39+00:00\" \/>\n<meta name=\"author\" content=\"Laura Fernandez\" \/>\n<meta name=\"twitter:card\" content=\"summary_large_image\" \/>\n<meta name=\"twitter:label1\" content=\"Escrito por\" \/>\n\t<meta name=\"twitter:data1\" content=\"Laura Fernandez\" \/>\n\t<meta name=\"twitter:label2\" content=\"Tiempo de lectura\" \/>\n\t<meta name=\"twitter:data2\" content=\"4 minutos\" \/>\n<script type=\"application\/ld+json\" class=\"yoast-schema-graph\">{\"@context\":\"https:\/\/schema.org\",\"@graph\":[{\"@type\":\"Article\",\"@id\":\"https:\/\/turcon.es\/wp\/turcon-y-los-premios-voluntariado-universitario\/#article\",\"isPartOf\":{\"@id\":\"https:\/\/turcon.es\/wp\/turcon-y-los-premios-voluntariado-universitario\/\"},\"author\":{\"name\":\"Laura Fernandez\",\"@id\":\"https:\/\/turcon.es\/wp\/#\/schema\/person\/a1f3ba727ce031d9da17684affe85edd\"},\"headline\":\"Turc\u00f3n y los premios voluntariado universitario\",\"datePublished\":\"2018-11-12T22:28:39+00:00\",\"mainEntityOfPage\":{\"@id\":\"https:\/\/turcon.es\/wp\/turcon-y-los-premios-voluntariado-universitario\/\"},\"wordCount\":739,\"commentCount\":0,\"publisher\":{\"@id\":\"https:\/\/turcon.es\/wp\/#organization\"},\"keywords\":[\"Reciclaje\",\"Una bolsa menos\",\"Voluntariado\"],\"articleSection\":[\"#Actividades Turc\u00f3n#\",\"Concienciaci\u00f3n\",\"Contaminaci\u00f3n y t\u00f3xicos\",\"Notas de prensa de Turc\u00f3n\",\"Oc\u00e9anos\"],\"inLanguage\":\"es\",\"potentialAction\":[{\"@type\":\"CommentAction\",\"name\":\"Comment\",\"target\":[\"https:\/\/turcon.es\/wp\/turcon-y-los-premios-voluntariado-universitario\/#respond\"]}]},{\"@type\":\"WebPage\",\"@id\":\"https:\/\/turcon.es\/wp\/turcon-y-los-premios-voluntariado-universitario\/\",\"url\":\"https:\/\/turcon.es\/wp\/turcon-y-los-premios-voluntariado-universitario\/\",\"name\":\"Turc\u00f3n y los premios voluntariado universitario - Colectivo Ecologista Turcon\",\"isPartOf\":{\"@id\":\"https:\/\/turcon.es\/wp\/#website\"},\"datePublished\":\"2018-11-12T22:28:39+00:00\",\"breadcrumb\":{\"@id\":\"https:\/\/turcon.es\/wp\/turcon-y-los-premios-voluntariado-universitario\/#breadcrumb\"},\"inLanguage\":\"es\",\"potentialAction\":[{\"@type\":\"ReadAction\",\"target\":[\"https:\/\/turcon.es\/wp\/turcon-y-los-premios-voluntariado-universitario\/\"]}]},{\"@type\":\"BreadcrumbList\",\"@id\":\"https:\/\/turcon.es\/wp\/turcon-y-los-premios-voluntariado-universitario\/#breadcrumb\",\"itemListElement\":[{\"@type\":\"ListItem\",\"position\":1,\"name\":\"Portada\",\"item\":\"https:\/\/turcon.es\/wp\/\"},{\"@type\":\"ListItem\",\"position\":2,\"name\":\"Turc\u00f3n y los premios voluntariado universitario\"}]},{\"@type\":\"WebSite\",\"@id\":\"https:\/\/turcon.es\/wp\/#website\",\"url\":\"https:\/\/turcon.es\/wp\/\",\"name\":\"Colectivo Ecologista Turcon\",\"description\":\"\",\"publisher\":{\"@id\":\"https:\/\/turcon.es\/wp\/#organization\"},\"potentialAction\":[{\"@type\":\"SearchAction\",\"target\":{\"@type\":\"EntryPoint\",\"urlTemplate\":\"https:\/\/turcon.es\/wp\/?s={search_term_string}\"},\"query-input\":{\"@type\":\"PropertyValueSpecification\",\"valueRequired\":true,\"valueName\":\"search_term_string\"}}],\"inLanguage\":\"es\"},{\"@type\":\"Organization\",\"@id\":\"https:\/\/turcon.es\/wp\/#organization\",\"name\":\"Colectivo Ecologista Turcon\",\"url\":\"https:\/\/turcon.es\/wp\/\",\"logo\":{\"@type\":\"ImageObject\",\"inLanguage\":\"es\",\"@id\":\"https:\/\/turcon.es\/wp\/#\/schema\/logo\/image\/\",\"url\":\"https:\/\/turcon.es\/wp\/wp-content\/uploads\/2025\/03\/logo-verde.svg\",\"contentUrl\":\"https:\/\/turcon.es\/wp\/wp-content\/uploads\/2025\/03\/logo-verde.svg\",\"width\":813,\"height\":813,\"caption\":\"Colectivo Ecologista Turcon\"},\"image\":{\"@id\":\"https:\/\/turcon.es\/wp\/#\/schema\/logo\/image\/\"}},{\"@type\":\"Person\",\"@id\":\"https:\/\/turcon.es\/wp\/#\/schema\/person\/a1f3ba727ce031d9da17684affe85edd\",\"name\":\"Laura Fernandez\",\"image\":{\"@type\":\"ImageObject\",\"inLanguage\":\"es\",\"@id\":\"https:\/\/turcon.es\/wp\/#\/schema\/person\/image\/\",\"url\":\"https:\/\/secure.gravatar.com\/avatar\/360749af9549af22e54582d50231ae56e854210ae2368797ba242f445a9852e8?s=96&d=mm&r=g\",\"contentUrl\":\"https:\/\/secure.gravatar.com\/avatar\/360749af9549af22e54582d50231ae56e854210ae2368797ba242f445a9852e8?s=96&d=mm&r=g\",\"caption\":\"Laura Fernandez\"},\"url\":\"https:\/\/turcon.es\/wp\/author\/admturcon\/\"}]}<\/script>\n<!-- \/ Yoast SEO plugin. -->","yoast_head_json":{"title":"Turc\u00f3n y los premios voluntariado universitario - Colectivo Ecologista Turcon","robots":{"index":"index","follow":"follow","max-snippet":"max-snippet:-1","max-image-preview":"max-image-preview:large","max-video-preview":"max-video-preview:-1"},"canonical":"https:\/\/turcon.es\/wp\/turcon-y-los-premios-voluntariado-universitario\/","og_locale":"es_ES","og_type":"article","og_title":"Turc\u00f3n y los premios voluntariado universitario - Colectivo Ecologista Turcon","og_description":"Abierto el plazo para votar en Youtube Todos\u00a0los v\u00eddeos est\u00e1n disponibles en el canal de\u00a0Youtubede los\u00a0Premios. Tu simple visualizaci\u00f3n de nuestro proyecto \u201cUna bolsa menos\u201d nos ayudar\u00e1 a conseguir el premio. M\u00edralo en: https:\/\/www.youtube.com\/watch?v=V7H7mavza9o&amp;t=3s Desde la Fundaci\u00f3n Mutua Madrile\u00f1a nos comunica que,\u00a0desde hoy -12 de noviembre-\u00a0y hasta el pr\u00f3ximo\u00a0lunes,\u00a019 de noviembre a las\u00a010:00 horas,\u00a0se abre [&hellip;]","og_url":"https:\/\/turcon.es\/wp\/turcon-y-los-premios-voluntariado-universitario\/","og_site_name":"Colectivo Ecologista Turcon","article_published_time":"2018-11-12T22:28:39+00:00","author":"Laura Fernandez","twitter_card":"summary_large_image","twitter_misc":{"Escrito por":"Laura Fernandez","Tiempo de lectura":"4 minutos"},"schema":{"@context":"https:\/\/schema.org","@graph":[{"@type":"Article","@id":"https:\/\/turcon.es\/wp\/turcon-y-los-premios-voluntariado-universitario\/#article","isPartOf":{"@id":"https:\/\/turcon.es\/wp\/turcon-y-los-premios-voluntariado-universitario\/"},"author":{"name":"Laura Fernandez","@id":"https:\/\/turcon.es\/wp\/#\/schema\/person\/a1f3ba727ce031d9da17684affe85edd"},"headline":"Turc\u00f3n y los premios voluntariado universitario","datePublished":"2018-11-12T22:28:39+00:00","mainEntityOfPage":{"@id":"https:\/\/turcon.es\/wp\/turcon-y-los-premios-voluntariado-universitario\/"},"wordCount":739,"commentCount":0,"publisher":{"@id":"https:\/\/turcon.es\/wp\/#organization"},"keywords":["Reciclaje","Una bolsa menos","Voluntariado"],"articleSection":["#Actividades Turc\u00f3n#","Concienciaci\u00f3n","Contaminaci\u00f3n y t\u00f3xicos","Notas de prensa de Turc\u00f3n","Oc\u00e9anos"],"inLanguage":"es","potentialAction":[{"@type":"CommentAction","name":"Comment","target":["https:\/\/turcon.es\/wp\/turcon-y-los-premios-voluntariado-universitario\/#respond"]}]},{"@type":"WebPage","@id":"https:\/\/turcon.es\/wp\/turcon-y-los-premios-voluntariado-universitario\/","url":"https:\/\/turcon.es\/wp\/turcon-y-los-premios-voluntariado-universitario\/","name":"Turc\u00f3n y los premios voluntariado universitario - Colectivo Ecologista Turcon","isPartOf":{"@id":"https:\/\/turcon.es\/wp\/#website"},"datePublished":"2018-11-12T22:28:39+00:00","breadcrumb":{"@id":"https:\/\/turcon.es\/wp\/turcon-y-los-premios-voluntariado-universitario\/#breadcrumb"},"inLanguage":"es","potentialAction":[{"@type":"ReadAction","target":["https:\/\/turcon.es\/wp\/turcon-y-los-premios-voluntariado-universitario\/"]}]},{"@type":"BreadcrumbList","@id":"https:\/\/turcon.es\/wp\/turcon-y-los-premios-voluntariado-universitario\/#breadcrumb","itemListElement":[{"@type":"ListItem","position":1,"name":"Portada","item":"https:\/\/turcon.es\/wp\/"},{"@type":"ListItem","position":2,"name":"Turc\u00f3n y los premios voluntariado universitario"}]},{"@type":"WebSite","@id":"https:\/\/turcon.es\/wp\/#website","url":"https:\/\/turcon.es\/wp\/","name":"Colectivo Ecologista Turcon","description":"","publisher":{"@id":"https:\/\/turcon.es\/wp\/#organization"},"potentialAction":[{"@type":"SearchAction","target":{"@type":"EntryPoint","urlTemplate":"https:\/\/turcon.es\/wp\/?s={search_term_string}"},"query-input":{"@type":"PropertyValueSpecification","valueRequired":true,"valueName":"search_term_string"}}],"inLanguage":"es"},{"@type":"Organization","@id":"https:\/\/turcon.es\/wp\/#organization","name":"Colectivo Ecologista Turcon","url":"https:\/\/turcon.es\/wp\/","logo":{"@type":"ImageObject","inLanguage":"es","@id":"https:\/\/turcon.es\/wp\/#\/schema\/logo\/image\/","url":"https:\/\/turcon.es\/wp\/wp-content\/uploads\/2025\/03\/logo-verde.svg","contentUrl":"https:\/\/turcon.es\/wp\/wp-content\/uploads\/2025\/03\/logo-verde.svg","width":813,"height":813,"caption":"Colectivo Ecologista Turcon"},"image":{"@id":"https:\/\/turcon.es\/wp\/#\/schema\/logo\/image\/"}},{"@type":"Person","@id":"https:\/\/turcon.es\/wp\/#\/schema\/person\/a1f3ba727ce031d9da17684affe85edd","name":"Laura Fernandez","image":{"@type":"ImageObject","inLanguage":"es","@id":"https:\/\/turcon.es\/wp\/#\/schema\/person\/image\/","url":"https:\/\/secure.gravatar.com\/avatar\/360749af9549af22e54582d50231ae56e854210ae2368797ba242f445a9852e8?s=96&d=mm&r=g","contentUrl":"https:\/\/secure.gravatar.com\/avatar\/360749af9549af22e54582d50231ae56e854210ae2368797ba242f445a9852e8?s=96&d=mm&r=g","caption":"Laura Fernandez"},"url":"https:\/\/turcon.es\/wp\/author\/admturcon\/"}]}},"_links":{"self":[{"href":"https:\/\/turcon.es\/wp\/wp-json\/wp\/v2\/posts\/14960","targetHints":{"allow":["GET"]}}],"collection":[{"href":"https:\/\/turcon.es\/wp\/wp-json\/wp\/v2\/posts"}],"about":[{"href":"https:\/\/turcon.es\/wp\/wp-json\/wp\/v2\/types\/post"}],"author":[{"embeddable":true,"href":"https:\/\/turcon.es\/wp\/wp-json\/wp\/v2\/users\/2"}],"replies":[{"embeddable":true,"href":"https:\/\/turcon.es\/wp\/wp-json\/wp\/v2\/comments?post=14960"}],"version-history":[{"count":0,"href":"https:\/\/turcon.es\/wp\/wp-json\/wp\/v2\/posts\/14960\/revisions"}],"wp:attachment":[{"href":"https:\/\/turcon.es\/wp\/wp-json\/wp\/v2\/media?parent=14960"}],"wp:term":[{"taxonomy":"category","embeddable":true,"href":"https:\/\/turcon.es\/wp\/wp-json\/wp\/v2\/categories?post=14960"},{"taxonomy":"post_tag","embeddable":true,"href":"https:\/\/turcon.es\/wp\/wp-json\/wp\/v2\/tags?post=14960"}],"curies":[{"name":"wp","href":"https:\/\/api.w.org\/{rel}","templated":true}]}}