{"id":14974,"date":"2018-12-11T10:48:31","date_gmt":"2018-12-11T10:48:31","guid":{"rendered":"https:\/\/turcon.wordpress.com\/?p=13999"},"modified":"2018-12-11T10:48:31","modified_gmt":"2018-12-11T10:48:31","slug":"dia-internacional-de-las-montanas","status":"publish","type":"post","link":"https:\/\/turcon.es\/wp\/dia-internacional-de-las-montanas\/","title":{"rendered":"D\u00eda internacional de las Monta\u00f1as"},"content":{"rendered":"<ul>\n<li>Las monta\u00f1as cubren el 22 por ciento de la superficie terrestre del planeta.<\/li>\n<li>Las monta\u00f1as aportan entre el 60 y el 80 por ciento de todos los recursos de agua dulce de la Tierra.<\/li>\n<li>Las monta\u00f1as albergan el 25 por ciento de la biodiversidad terrestre y el 28 por ciento de los bosques del planeta.<\/li>\n<li>Seis de los veinte cultivos alimentarios m\u00e1s importantes tienen su origen en las monta\u00f1as (patatas, ma\u00edz, cebada, sorgo,manzanas, tomates).<\/li>\n<li>Las monta\u00f1as atraen entre el 15 y el 20 por ciento del turismo mundial.<\/li>\n<\/ul>\n<p><img fetchpriority=\"high\" decoding=\"async\" class=\"aligncenter size-large wp-image-14000\" src=\"https:\/\/turcon.es\/wp\/wp-content\/uploads\/2018\/12\/48087588_2142897352426955_3863315652458577920_n.jpg?w=468\" alt=\"\" width=\"468\" height=\"652\" \/><\/p>\n<p><strong>Las monta\u00f1as est\u00e1n presentes en la Agenda 2030, sin embargo, a menudo nos olvidamos de ellas.<\/strong><\/p>\n<p>Teniendo en cuenta la funci\u00f3n fundamental que desempe\u00f1an en la suministraci\u00f3n de bienes y recursos del ecosistema esenciales para el planeta y su vulnerabilidad frente al cambio clim\u00e1tico, <strong>debemos intensificar los esfuerzos y aumentar la atenci\u00f3n sobre las monta\u00f1as.<\/strong><\/p>\n","protected":false},"excerpt":{"rendered":"<p>Las monta\u00f1as cubren el 22 por ciento de la superficie terrestre del planeta. Las monta\u00f1as aportan entre el 60 y el 80 por ciento de todos los recursos de agua dulce de la Tierra. Las monta\u00f1as albergan el 25 por ciento de la biodiversidad terrestre y el 28 por ciento de los bosques del planeta. [&hellip;]<\/p>\n","protected":false},"author":2,"featured_media":0,"comment_status":"open","ping_status":"open","sticky":false,"template":"","format":"standard","meta":{"footnotes":""},"categories":[6,9,10,11,17,18,22,31,32,37,38,39,41,69,45,46,49,53,57,58,65],"tags":[],"class_list":["post-14974","post","type-post","status-publish","format-standard","hentry","category-actividades-turcon","category-agricultura-y-ganaderia","category-agua","category-alimentacion","category-cambio-climatico","category-canarias","category-concienciacion","category-educacion-y-cultura","category-ejemplos-a-seguir","category-espacios-naturales","category-fauna","category-fauna-y-flora","category-gran-canaria","category-movimiento-ciudadano","category-ninos","category-notas-de-prensa-de-turcon","category-patrimonio-historico","category-recomendamos-para-leer","category-senderismo","category-sociedad-y-derechos","category-urbanismo"],"yoast_head":"<!-- This site is optimized with the Yoast SEO plugin v26.3 - https:\/\/yoast.com\/wordpress\/plugins\/seo\/ -->\n<title>D\u00eda internacional de las Monta\u00f1as - Colectivo Ecologista Turcon<\/title>\n<meta name=\"robots\" content=\"index, follow, max-snippet:-1, max-image-preview:large, max-video-preview:-1\" \/>\n<link rel=\"canonical\" href=\"https:\/\/turcon.es\/wp\/dia-internacional-de-las-montanas\/\" \/>\n<meta property=\"og:locale\" content=\"es_ES\" \/>\n<meta property=\"og:type\" content=\"article\" \/>\n<meta property=\"og:title\" content=\"D\u00eda internacional de las Monta\u00f1as - Colectivo Ecologista Turcon\" \/>\n<meta property=\"og:description\" content=\"Las monta\u00f1as cubren el 22 por ciento de la superficie terrestre del planeta. Las monta\u00f1as aportan entre el 60 y el 80 por ciento de todos los recursos de agua dulce de la Tierra. Las monta\u00f1as albergan el 25 por ciento de la biodiversidad terrestre y el 28 por ciento de los bosques del planeta. [&hellip;]\" \/>\n<meta property=\"og:url\" content=\"https:\/\/turcon.es\/wp\/dia-internacional-de-las-montanas\/\" \/>\n<meta property=\"og:site_name\" content=\"Colectivo Ecologista Turcon\" \/>\n<meta property=\"article:published_time\" content=\"2018-12-11T10:48:31+00:00\" \/>\n<meta property=\"og:image\" content=\"https:\/\/turcon.es\/wp\/wp-content\/uploads\/2009\/11\/foto-gira2-1-3.jpg\" \/>\n\t<meta property=\"og:image:width\" content=\"225\" \/>\n\t<meta property=\"og:image:height\" content=\"300\" \/>\n\t<meta property=\"og:image:type\" content=\"image\/jpeg\" \/>\n<meta name=\"author\" content=\"Laura Fernandez\" \/>\n<meta name=\"twitter:card\" content=\"summary_large_image\" \/>\n<meta name=\"twitter:label1\" content=\"Escrito por\" \/>\n\t<meta name=\"twitter:data1\" content=\"Laura Fernandez\" \/>\n\t<meta name=\"twitter:label2\" content=\"Tiempo de lectura\" \/>\n\t<meta name=\"twitter:data2\" content=\"1 minuto\" \/>\n<script type=\"application\/ld+json\" class=\"yoast-schema-graph\">{\"@context\":\"https:\/\/schema.org\",\"@graph\":[{\"@type\":\"Article\",\"@id\":\"https:\/\/turcon.es\/wp\/dia-internacional-de-las-montanas\/#article\",\"isPartOf\":{\"@id\":\"https:\/\/turcon.es\/wp\/dia-internacional-de-las-montanas\/\"},\"author\":{\"name\":\"Laura Fernandez\",\"@id\":\"https:\/\/turcon.es\/wp\/#\/schema\/person\/a1f3ba727ce031d9da17684affe85edd\"},\"headline\":\"D\u00eda internacional de las Monta\u00f1as\",\"datePublished\":\"2018-12-11T10:48:31+00:00\",\"mainEntityOfPage\":{\"@id\":\"https:\/\/turcon.es\/wp\/dia-internacional-de-las-montanas\/\"},\"wordCount\":158,\"commentCount\":0,\"publisher\":{\"@id\":\"https:\/\/turcon.es\/wp\/#organization\"},\"image\":{\"@id\":\"https:\/\/turcon.es\/wp\/dia-internacional-de-las-montanas\/#primaryimage\"},\"thumbnailUrl\":\"https:\/\/turcon.es\/wp\/wp-content\/uploads\/2018\/12\/48087588_2142897352426955_3863315652458577920_n.jpg?w=468\",\"articleSection\":[\"#Actividades Turc\u00f3n#\",\"Agricultura y ganader\u00eda\",\"Agua\",\"Alimentaci\u00f3n\",\"Cambio clim\u00e1tico\",\"Canarias\",\"Concienciaci\u00f3n\",\"Educaci\u00f3n y cultura\",\"Ejemplos a seguir\",\"Espacios Naturales\",\"Fauna\",\"Fauna y flora\",\"Gran Canaria\",\"Movimiento ciudadano\",\"Ni\u00f1os\",\"Notas de prensa de Turc\u00f3n\",\"Patrimonio hist\u00f3rico\",\"Recomendamos para leer\",\"Senderismo\",\"Sociedad y derechos\",\"Urbanismo\"],\"inLanguage\":\"es\",\"potentialAction\":[{\"@type\":\"CommentAction\",\"name\":\"Comment\",\"target\":[\"https:\/\/turcon.es\/wp\/dia-internacional-de-las-montanas\/#respond\"]}]},{\"@type\":\"WebPage\",\"@id\":\"https:\/\/turcon.es\/wp\/dia-internacional-de-las-montanas\/\",\"url\":\"https:\/\/turcon.es\/wp\/dia-internacional-de-las-montanas\/\",\"name\":\"D\u00eda internacional de las Monta\u00f1as - Colectivo Ecologista Turcon\",\"isPartOf\":{\"@id\":\"https:\/\/turcon.es\/wp\/#website\"},\"primaryImageOfPage\":{\"@id\":\"https:\/\/turcon.es\/wp\/dia-internacional-de-las-montanas\/#primaryimage\"},\"image\":{\"@id\":\"https:\/\/turcon.es\/wp\/dia-internacional-de-las-montanas\/#primaryimage\"},\"thumbnailUrl\":\"https:\/\/turcon.es\/wp\/wp-content\/uploads\/2018\/12\/48087588_2142897352426955_3863315652458577920_n.jpg?w=468\",\"datePublished\":\"2018-12-11T10:48:31+00:00\",\"breadcrumb\":{\"@id\":\"https:\/\/turcon.es\/wp\/dia-internacional-de-las-montanas\/#breadcrumb\"},\"inLanguage\":\"es\",\"potentialAction\":[{\"@type\":\"ReadAction\",\"target\":[\"https:\/\/turcon.es\/wp\/dia-internacional-de-las-montanas\/\"]}]},{\"@type\":\"ImageObject\",\"inLanguage\":\"es\",\"@id\":\"https:\/\/turcon.es\/wp\/dia-internacional-de-las-montanas\/#primaryimage\",\"url\":\"https:\/\/turcon.es\/wp\/wp-content\/uploads\/2018\/12\/48087588_2142897352426955_3863315652458577920_n.jpg?w=468\",\"contentUrl\":\"https:\/\/turcon.es\/wp\/wp-content\/uploads\/2018\/12\/48087588_2142897352426955_3863315652458577920_n.jpg?w=468\"},{\"@type\":\"BreadcrumbList\",\"@id\":\"https:\/\/turcon.es\/wp\/dia-internacional-de-las-montanas\/#breadcrumb\",\"itemListElement\":[{\"@type\":\"ListItem\",\"position\":1,\"name\":\"Portada\",\"item\":\"https:\/\/turcon.es\/wp\/\"},{\"@type\":\"ListItem\",\"position\":2,\"name\":\"D\u00eda internacional de las Monta\u00f1as\"}]},{\"@type\":\"WebSite\",\"@id\":\"https:\/\/turcon.es\/wp\/#website\",\"url\":\"https:\/\/turcon.es\/wp\/\",\"name\":\"Colectivo Ecologista Turcon\",\"description\":\"\",\"publisher\":{\"@id\":\"https:\/\/turcon.es\/wp\/#organization\"},\"potentialAction\":[{\"@type\":\"SearchAction\",\"target\":{\"@type\":\"EntryPoint\",\"urlTemplate\":\"https:\/\/turcon.es\/wp\/?s={search_term_string}\"},\"query-input\":{\"@type\":\"PropertyValueSpecification\",\"valueRequired\":true,\"valueName\":\"search_term_string\"}}],\"inLanguage\":\"es\"},{\"@type\":\"Organization\",\"@id\":\"https:\/\/turcon.es\/wp\/#organization\",\"name\":\"Colectivo Ecologista Turcon\",\"url\":\"https:\/\/turcon.es\/wp\/\",\"logo\":{\"@type\":\"ImageObject\",\"inLanguage\":\"es\",\"@id\":\"https:\/\/turcon.es\/wp\/#\/schema\/logo\/image\/\",\"url\":\"https:\/\/turcon.es\/wp\/wp-content\/uploads\/2025\/03\/logo-verde.svg\",\"contentUrl\":\"https:\/\/turcon.es\/wp\/wp-content\/uploads\/2025\/03\/logo-verde.svg\",\"width\":813,\"height\":813,\"caption\":\"Colectivo Ecologista Turcon\"},\"image\":{\"@id\":\"https:\/\/turcon.es\/wp\/#\/schema\/logo\/image\/\"}},{\"@type\":\"Person\",\"@id\":\"https:\/\/turcon.es\/wp\/#\/schema\/person\/a1f3ba727ce031d9da17684affe85edd\",\"name\":\"Laura Fernandez\",\"image\":{\"@type\":\"ImageObject\",\"inLanguage\":\"es\",\"@id\":\"https:\/\/turcon.es\/wp\/#\/schema\/person\/image\/\",\"url\":\"https:\/\/secure.gravatar.com\/avatar\/360749af9549af22e54582d50231ae56e854210ae2368797ba242f445a9852e8?s=96&d=mm&r=g\",\"contentUrl\":\"https:\/\/secure.gravatar.com\/avatar\/360749af9549af22e54582d50231ae56e854210ae2368797ba242f445a9852e8?s=96&d=mm&r=g\",\"caption\":\"Laura Fernandez\"},\"url\":\"https:\/\/turcon.es\/wp\/author\/admturcon\/\"}]}<\/script>\n<!-- \/ Yoast SEO plugin. -->","yoast_head_json":{"title":"D\u00eda internacional de las Monta\u00f1as - Colectivo Ecologista Turcon","robots":{"index":"index","follow":"follow","max-snippet":"max-snippet:-1","max-image-preview":"max-image-preview:large","max-video-preview":"max-video-preview:-1"},"canonical":"https:\/\/turcon.es\/wp\/dia-internacional-de-las-montanas\/","og_locale":"es_ES","og_type":"article","og_title":"D\u00eda internacional de las Monta\u00f1as - Colectivo Ecologista Turcon","og_description":"Las monta\u00f1as cubren el 22 por ciento de la superficie terrestre del planeta. Las monta\u00f1as aportan entre el 60 y el 80 por ciento de todos los recursos de agua dulce de la Tierra. Las monta\u00f1as albergan el 25 por ciento de la biodiversidad terrestre y el 28 por ciento de los bosques del planeta. [&hellip;]","og_url":"https:\/\/turcon.es\/wp\/dia-internacional-de-las-montanas\/","og_site_name":"Colectivo Ecologista Turcon","article_published_time":"2018-12-11T10:48:31+00:00","og_image":[{"width":225,"height":300,"url":"https:\/\/turcon.es\/wp\/wp-content\/uploads\/2009\/11\/foto-gira2-1-3.jpg","type":"image\/jpeg"}],"author":"Laura Fernandez","twitter_card":"summary_large_image","twitter_misc":{"Escrito por":"Laura Fernandez","Tiempo de lectura":"1 minuto"},"schema":{"@context":"https:\/\/schema.org","@graph":[{"@type":"Article","@id":"https:\/\/turcon.es\/wp\/dia-internacional-de-las-montanas\/#article","isPartOf":{"@id":"https:\/\/turcon.es\/wp\/dia-internacional-de-las-montanas\/"},"author":{"name":"Laura Fernandez","@id":"https:\/\/turcon.es\/wp\/#\/schema\/person\/a1f3ba727ce031d9da17684affe85edd"},"headline":"D\u00eda internacional de las Monta\u00f1as","datePublished":"2018-12-11T10:48:31+00:00","mainEntityOfPage":{"@id":"https:\/\/turcon.es\/wp\/dia-internacional-de-las-montanas\/"},"wordCount":158,"commentCount":0,"publisher":{"@id":"https:\/\/turcon.es\/wp\/#organization"},"image":{"@id":"https:\/\/turcon.es\/wp\/dia-internacional-de-las-montanas\/#primaryimage"},"thumbnailUrl":"https:\/\/turcon.es\/wp\/wp-content\/uploads\/2018\/12\/48087588_2142897352426955_3863315652458577920_n.jpg?w=468","articleSection":["#Actividades Turc\u00f3n#","Agricultura y ganader\u00eda","Agua","Alimentaci\u00f3n","Cambio clim\u00e1tico","Canarias","Concienciaci\u00f3n","Educaci\u00f3n y cultura","Ejemplos a seguir","Espacios Naturales","Fauna","Fauna y flora","Gran Canaria","Movimiento ciudadano","Ni\u00f1os","Notas de prensa de Turc\u00f3n","Patrimonio hist\u00f3rico","Recomendamos para leer","Senderismo","Sociedad y derechos","Urbanismo"],"inLanguage":"es","potentialAction":[{"@type":"CommentAction","name":"Comment","target":["https:\/\/turcon.es\/wp\/dia-internacional-de-las-montanas\/#respond"]}]},{"@type":"WebPage","@id":"https:\/\/turcon.es\/wp\/dia-internacional-de-las-montanas\/","url":"https:\/\/turcon.es\/wp\/dia-internacional-de-las-montanas\/","name":"D\u00eda internacional de las Monta\u00f1as - Colectivo Ecologista Turcon","isPartOf":{"@id":"https:\/\/turcon.es\/wp\/#website"},"primaryImageOfPage":{"@id":"https:\/\/turcon.es\/wp\/dia-internacional-de-las-montanas\/#primaryimage"},"image":{"@id":"https:\/\/turcon.es\/wp\/dia-internacional-de-las-montanas\/#primaryimage"},"thumbnailUrl":"https:\/\/turcon.es\/wp\/wp-content\/uploads\/2018\/12\/48087588_2142897352426955_3863315652458577920_n.jpg?w=468","datePublished":"2018-12-11T10:48:31+00:00","breadcrumb":{"@id":"https:\/\/turcon.es\/wp\/dia-internacional-de-las-montanas\/#breadcrumb"},"inLanguage":"es","potentialAction":[{"@type":"ReadAction","target":["https:\/\/turcon.es\/wp\/dia-internacional-de-las-montanas\/"]}]},{"@type":"ImageObject","inLanguage":"es","@id":"https:\/\/turcon.es\/wp\/dia-internacional-de-las-montanas\/#primaryimage","url":"https:\/\/turcon.es\/wp\/wp-content\/uploads\/2018\/12\/48087588_2142897352426955_3863315652458577920_n.jpg?w=468","contentUrl":"https:\/\/turcon.es\/wp\/wp-content\/uploads\/2018\/12\/48087588_2142897352426955_3863315652458577920_n.jpg?w=468"},{"@type":"BreadcrumbList","@id":"https:\/\/turcon.es\/wp\/dia-internacional-de-las-montanas\/#breadcrumb","itemListElement":[{"@type":"ListItem","position":1,"name":"Portada","item":"https:\/\/turcon.es\/wp\/"},{"@type":"ListItem","position":2,"name":"D\u00eda internacional de las Monta\u00f1as"}]},{"@type":"WebSite","@id":"https:\/\/turcon.es\/wp\/#website","url":"https:\/\/turcon.es\/wp\/","name":"Colectivo Ecologista Turcon","description":"","publisher":{"@id":"https:\/\/turcon.es\/wp\/#organization"},"potentialAction":[{"@type":"SearchAction","target":{"@type":"EntryPoint","urlTemplate":"https:\/\/turcon.es\/wp\/?s={search_term_string}"},"query-input":{"@type":"PropertyValueSpecification","valueRequired":true,"valueName":"search_term_string"}}],"inLanguage":"es"},{"@type":"Organization","@id":"https:\/\/turcon.es\/wp\/#organization","name":"Colectivo Ecologista Turcon","url":"https:\/\/turcon.es\/wp\/","logo":{"@type":"ImageObject","inLanguage":"es","@id":"https:\/\/turcon.es\/wp\/#\/schema\/logo\/image\/","url":"https:\/\/turcon.es\/wp\/wp-content\/uploads\/2025\/03\/logo-verde.svg","contentUrl":"https:\/\/turcon.es\/wp\/wp-content\/uploads\/2025\/03\/logo-verde.svg","width":813,"height":813,"caption":"Colectivo Ecologista Turcon"},"image":{"@id":"https:\/\/turcon.es\/wp\/#\/schema\/logo\/image\/"}},{"@type":"Person","@id":"https:\/\/turcon.es\/wp\/#\/schema\/person\/a1f3ba727ce031d9da17684affe85edd","name":"Laura Fernandez","image":{"@type":"ImageObject","inLanguage":"es","@id":"https:\/\/turcon.es\/wp\/#\/schema\/person\/image\/","url":"https:\/\/secure.gravatar.com\/avatar\/360749af9549af22e54582d50231ae56e854210ae2368797ba242f445a9852e8?s=96&d=mm&r=g","contentUrl":"https:\/\/secure.gravatar.com\/avatar\/360749af9549af22e54582d50231ae56e854210ae2368797ba242f445a9852e8?s=96&d=mm&r=g","caption":"Laura Fernandez"},"url":"https:\/\/turcon.es\/wp\/author\/admturcon\/"}]}},"_links":{"self":[{"href":"https:\/\/turcon.es\/wp\/wp-json\/wp\/v2\/posts\/14974","targetHints":{"allow":["GET"]}}],"collection":[{"href":"https:\/\/turcon.es\/wp\/wp-json\/wp\/v2\/posts"}],"about":[{"href":"https:\/\/turcon.es\/wp\/wp-json\/wp\/v2\/types\/post"}],"author":[{"embeddable":true,"href":"https:\/\/turcon.es\/wp\/wp-json\/wp\/v2\/users\/2"}],"replies":[{"embeddable":true,"href":"https:\/\/turcon.es\/wp\/wp-json\/wp\/v2\/comments?post=14974"}],"version-history":[{"count":0,"href":"https:\/\/turcon.es\/wp\/wp-json\/wp\/v2\/posts\/14974\/revisions"}],"wp:attachment":[{"href":"https:\/\/turcon.es\/wp\/wp-json\/wp\/v2\/media?parent=14974"}],"wp:term":[{"taxonomy":"category","embeddable":true,"href":"https:\/\/turcon.es\/wp\/wp-json\/wp\/v2\/categories?post=14974"},{"taxonomy":"post_tag","embeddable":true,"href":"https:\/\/turcon.es\/wp\/wp-json\/wp\/v2\/tags?post=14974"}],"curies":[{"name":"wp","href":"https:\/\/api.w.org\/{rel}","templated":true}]}}