{"id":14980,"date":"2018-12-17T09:35:03","date_gmt":"2018-12-17T09:35:03","guid":{"rendered":"https:\/\/turcon.wordpress.com\/?p=14015"},"modified":"2018-12-17T09:35:03","modified_gmt":"2018-12-17T09:35:03","slug":"concluye-el-ano-en-la-montana-con-la-ruta-de-el-vijete","status":"publish","type":"post","link":"https:\/\/turcon.es\/wp\/concluye-el-ano-en-la-montana-con-la-ruta-de-el-vijete\/","title":{"rendered":"Concluye el a\u00f1o en la monta\u00f1a con la ruta de El Vijete."},"content":{"rendered":"<p><strong>En el d\u00eda de ayer los excursionistas de Turc\u00f3n-EeA visitaron el paraje de Ingenio que llaman Cuevas del Capit\u00e1n y El Vijete. Unos rec\u00f3nditos lugares ahora te\u00f1idos de un verde intenso despu\u00e9s de las lluvias oto\u00f1ales.<\/strong><\/p>\n<p><span style=\"color:#ff0000;\"><strong>El itinerario recorri\u00f3 los siguientes puntos de inter\u00e9s:<\/strong><\/span><\/p>\n<p><strong>Top\u00f3nimos del recorrido:<\/strong> Caldera de los Marteles- Paso de la Caldera-Charco de la Rana-Barranco de Cueva Blanca-Cueva Blanca-Camino El Roquete (subida)-Llano de la Mesa (GC-130)-Lomo de los Conejos. Alto de la Hoya de la Perra-Era del Capit\u00e1n-Pico Moj\u00f3n (1.414 m.a.).El Moj\u00f3n-Ca\u00f1a de los Morillos-Cuevas del Capit\u00e1n- Casa del Vijete Barranquillo de la Aguililla-Barranco del Capit\u00e1n-Ca\u00f1ada de Vargas (l\u00e1grimas de virgen). Camacho-Lomo Caballo-La Abejerilla (GC-121)-camino a Pasadilla-Fuente Zardo-la Pasadilla (GC-120).<img fetchpriority=\"high\" decoding=\"async\" class=\"alignright wp-image-14016\" src=\"https:\/\/turcon.es\/wp\/wp-content\/uploads\/2018\/12\/P1340702.jpg?w=468\" alt=\"\" width=\"254\" height=\"339\" \/><\/p>\n<p>El recorrido de 9,5 km dur\u00f3 \u2013aproximadamente- unas 5:30 h. brutas incluyendo descansos, paradas interpretativa y dem\u00e1s.<\/p>\n<p><strong>M\u00e1s informaci\u00f3n:<\/strong><\/p>\n<p><strong><u>Vijete, Bijete, Vigete, Vejete :\u00a0 <\/u><\/strong>De todos\u00a0 los documentos hist\u00f3ricos consultados que hacen referencia a este paraje, el que aparece con m\u00e1s frecuencia es \u00abVijete\u00bb. Sin embargo, en los Protocolos Notariales y Repartimientos m\u00e1s antiguos correspondientes al siglo XVI aparece como \u00abVejete\u00bb. Ninguna de las acepciones aparece en el DRAE. Es un paraje situado en las laderas del barranco de la Sierra en la confluencia entre este barranco y el del Escaramujo. En este lugar existe un peque\u00f1o caser\u00edo de cuevas artificiales de habitaci\u00f3n. Tiene su acceso por un camino que se bifurca del que sube de La Pasadilla a Cazadores, por la solana del barranco, desde Los Parveles.<\/p>\n<p><strong><u>El capit\u00e1n\u00a0 (Miguel Arias)\u2026 REPOBLADORES DE LAS TIERRAS DE TELDE Y EL SE\u00d1OR\u00cdO DE AG\u00dcIMES <\/u><\/strong><\/p>\n<p>De D. F\u00e9lix Arias, Capit\u00e1n de Infanter\u00eda espa\u00f1ola en Borgo\u00f1a la Alta y Flandes, en tiempos del Condestable\u00a0 Juan Fern\u00e1ndez de Velasco, en 1596, resulta la l\u00ednea establecida en Canarias de D. Fernando Arias de Saavedra y D. Fernando Math\u00edas Arias y Saavedra, Se\u00f1or de las islas de Fuerteventura, Lanzarote, Lobos,Alegranza y regidor en 1674.<\/p>\n<p>Sebasti\u00e1n S\u00e1nchez Arias Maldonado hijo de Blas S\u00e1nchez y Leonor Su\u00e1rez, nacido en Ag\u00fcimes en 1565, cas\u00f3 en el mismo lugar con D\u00f1a. Sebastiana de Mireles, hija de Alonso L\u00f3pez Romero y Do\u00f1a Sebastiana de Mireles. Hijo de los citados Sebastiana y Sebasti\u00e1n fue <strong>Miguel Arias Maldonado<\/strong>, casado en Ag\u00fcimes el 21 de febrero de 1637 con Isabel Hidalgo.<\/p>\n<p><strong><u>Nuestras pr\u00f3ximas actividades:<\/u><\/strong><\/p>\n<ul>\n<li><strong>\u00a020 de enero de 2019, domingo: Las cuatro cabezas. Ruta nivel alto.<\/strong><\/li>\n<li><strong>\u00a002 de febrero de 2019, s\u00e1bado: Presa de Salvia India. Ruta nivel familiar.<\/strong><\/li>\n<li><strong>\u00a016 de febrero de 2019, s\u00e1bado: concentraci\u00f3n Picachos, 12:00 horas.<\/strong><\/li>\n<\/ul>\n<h3><span style=\"color:#ff0000;\"><strong>GALER\u00cdA DE FOTOS:<\/strong><\/span><\/h3>\n<div id='gallery-1' class='gallery galleryid-14980 gallery-columns-3 gallery-size-thumbnail'><figure class='gallery-item'>\n\t\t\t<div class='gallery-icon landscape'>\n\t\t\t\t<a href='https:\/\/turcon.es\/wp\/tindaya-2-3\/'><img decoding=\"async\" width=\"150\" height=\"150\" src=\"https:\/\/turcon.es\/wp\/wp-content\/uploads\/2009\/11\/tindaya-2-150x150.jpg\" class=\"attachment-thumbnail size-thumbnail\" alt=\"\" \/><\/a>\n\t\t\t<\/div><\/figure><figure class='gallery-item'>\n\t\t\t<div class='gallery-icon landscape'>\n\t\t\t\t<a href='https:\/\/turcon.es\/wp\/tindaya-2-4\/'><img decoding=\"async\" width=\"150\" height=\"150\" src=\"https:\/\/turcon.es\/wp\/wp-content\/uploads\/2009\/11\/tindaya-3-150x150.jpg\" class=\"attachment-thumbnail size-thumbnail\" alt=\"\" \/><\/a>\n\t\t\t<\/div><\/figure><figure class='gallery-item'>\n\t\t\t<div class='gallery-icon landscape'>\n\t\t\t\t<a href='https:\/\/turcon.es\/wp\/radio-verde-3\/'><img loading=\"lazy\" decoding=\"async\" width=\"150\" height=\"150\" src=\"https:\/\/turcon.es\/wp\/wp-content\/uploads\/2009\/12\/radio-verde-2-150x150.jpg\" class=\"attachment-thumbnail size-thumbnail\" alt=\"\" aria-describedby=\"gallery-1-14020\" \/><\/a>\n\t\t\t<\/div>\n\t\t\t\t<figcaption class='wp-caption-text gallery-caption' id='gallery-1-14020'>\n\t\t\t\tRadio verde en el D\u00eda Mundial de la Radio\n\t\t\t\t<\/figcaption><\/figure><figure class='gallery-item'>\n\t\t\t<div class='gallery-icon landscape'>\n\t\t\t\t<a href='https:\/\/turcon.es\/wp\/radio-verde-4\/'><img loading=\"lazy\" decoding=\"async\" width=\"150\" height=\"150\" src=\"https:\/\/turcon.es\/wp\/wp-content\/uploads\/2009\/12\/radio-verde-3-150x150.jpg\" class=\"attachment-thumbnail size-thumbnail\" alt=\"\" aria-describedby=\"gallery-1-14021\" \/><\/a>\n\t\t\t<\/div>\n\t\t\t\t<figcaption class='wp-caption-text gallery-caption' id='gallery-1-14021'>\n\t\t\t\tRadio verde en el D\u00eda Mundial de la Radio\n\t\t\t\t<\/figcaption><\/figure><figure class='gallery-item'>\n\t\t\t<div class='gallery-icon landscape'>\n\t\t\t\t<a href='https:\/\/turcon.es\/wp\/cabecera_blog2-3\/'><img loading=\"lazy\" decoding=\"async\" width=\"150\" height=\"92\" src=\"https:\/\/turcon.es\/wp\/wp-content\/uploads\/2009\/12\/cabecera_blog2-2-150x92.jpg\" class=\"attachment-thumbnail size-thumbnail\" alt=\"\" \/><\/a>\n\t\t\t<\/div><\/figure><figure class='gallery-item'>\n\t\t\t<div class='gallery-icon landscape'>\n\t\t\t\t<a href='https:\/\/turcon.es\/wp\/cabecera_blog2-3\/'><img loading=\"lazy\" decoding=\"async\" width=\"150\" height=\"92\" src=\"https:\/\/turcon.es\/wp\/wp-content\/uploads\/2009\/12\/cabecera_blog2-3-150x92.jpg\" class=\"attachment-thumbnail size-thumbnail\" alt=\"\" \/><\/a>\n\t\t\t<\/div><\/figure><figure class='gallery-item'>\n\t\t\t<div class='gallery-icon landscape'>\n\t\t\t\t<a href='https:\/\/turcon.es\/wp\/aeropuerto-de-gran-canaria-ya-con-dos-pistas-2-3\/'><img loading=\"lazy\" decoding=\"async\" width=\"150\" height=\"150\" src=\"https:\/\/turcon.es\/wp\/wp-content\/uploads\/2009\/12\/aeropuerto-de-gran-canaria-ya-con-dos-pistas-2-150x150.jpg\" class=\"attachment-thumbnail size-thumbnail\" alt=\"\" \/><\/a>\n\t\t\t<\/div><\/figure><figure class='gallery-item'>\n\t\t\t<div class='gallery-icon landscape'>\n\t\t\t\t<a href='https:\/\/turcon.es\/wp\/aeropuerto-de-gran-canaria-ya-con-dos-pistas-2-4\/'><img loading=\"lazy\" decoding=\"async\" width=\"150\" height=\"150\" src=\"https:\/\/turcon.es\/wp\/wp-content\/uploads\/2009\/12\/aeropuerto-de-gran-canaria-ya-con-dos-pistas-3-150x150.jpg\" class=\"attachment-thumbnail size-thumbnail\" alt=\"\" \/><\/a>\n\t\t\t<\/div><\/figure>\n\t\t<\/div>\n\n","protected":false},"excerpt":{"rendered":"<p>En el d\u00eda de ayer los excursionistas de Turc\u00f3n-EeA visitaron el paraje de Ingenio que llaman Cuevas del Capit\u00e1n y El Vijete. Unos rec\u00f3nditos lugares ahora te\u00f1idos de un verde intenso despu\u00e9s de las lluvias oto\u00f1ales. El itinerario recorri\u00f3 los siguientes puntos de inter\u00e9s: Top\u00f3nimos del recorrido: Caldera de los Marteles- Paso de la Caldera-Charco [&hellip;]<\/p>\n","protected":false},"author":2,"featured_media":0,"comment_status":"open","ping_status":"open","sticky":false,"template":"","format":"standard","meta":{"footnotes":""},"categories":[6,8,22,37,38,39,40,41,69,45,46,49,57,58,60],"tags":[],"class_list":["post-14980","post","type-post","status-publish","format-standard","hentry","category-actividades-turcon","category-administracion-publica","category-concienciacion","category-espacios-naturales","category-fauna","category-fauna-y-flora","category-gobierno","category-gran-canaria","category-movimiento-ciudadano","category-ninos","category-notas-de-prensa-de-turcon","category-patrimonio-historico","category-senderismo","category-sociedad-y-derechos","category-telde-gran-canaria"],"yoast_head":"<!-- This site is optimized with the Yoast SEO plugin v26.3 - https:\/\/yoast.com\/wordpress\/plugins\/seo\/ -->\n<title>Concluye el a\u00f1o en la monta\u00f1a con la ruta de El Vijete. - Colectivo Ecologista Turcon<\/title>\n<meta name=\"robots\" content=\"index, follow, max-snippet:-1, max-image-preview:large, max-video-preview:-1\" \/>\n<link rel=\"canonical\" href=\"https:\/\/turcon.es\/wp\/concluye-el-ano-en-la-montana-con-la-ruta-de-el-vijete\/\" \/>\n<meta property=\"og:locale\" content=\"es_ES\" \/>\n<meta property=\"og:type\" content=\"article\" \/>\n<meta property=\"og:title\" content=\"Concluye el a\u00f1o en la monta\u00f1a con la ruta de El Vijete. - Colectivo Ecologista Turcon\" \/>\n<meta property=\"og:description\" content=\"En el d\u00eda de ayer los excursionistas de Turc\u00f3n-EeA visitaron el paraje de Ingenio que llaman Cuevas del Capit\u00e1n y El Vijete. Unos rec\u00f3nditos lugares ahora te\u00f1idos de un verde intenso despu\u00e9s de las lluvias oto\u00f1ales. El itinerario recorri\u00f3 los siguientes puntos de inter\u00e9s: Top\u00f3nimos del recorrido: Caldera de los Marteles- Paso de la Caldera-Charco [&hellip;]\" \/>\n<meta property=\"og:url\" content=\"https:\/\/turcon.es\/wp\/concluye-el-ano-en-la-montana-con-la-ruta-de-el-vijete\/\" \/>\n<meta property=\"og:site_name\" content=\"Colectivo Ecologista Turcon\" \/>\n<meta property=\"article:published_time\" content=\"2018-12-17T09:35:03+00:00\" \/>\n<meta property=\"og:image\" content=\"https:\/\/turcon.es\/wp\/wp-content\/uploads\/2009\/11\/tindaya-2-150x150.jpg\" \/>\n<meta name=\"author\" content=\"Laura Fernandez\" \/>\n<meta name=\"twitter:card\" content=\"summary_large_image\" \/>\n<meta name=\"twitter:label1\" content=\"Escrito por\" \/>\n\t<meta name=\"twitter:data1\" content=\"Laura Fernandez\" \/>\n\t<meta name=\"twitter:label2\" content=\"Tiempo de lectura\" \/>\n\t<meta name=\"twitter:data2\" content=\"2 minutos\" \/>\n<script type=\"application\/ld+json\" class=\"yoast-schema-graph\">{\"@context\":\"https:\/\/schema.org\",\"@graph\":[{\"@type\":\"Article\",\"@id\":\"https:\/\/turcon.es\/wp\/concluye-el-ano-en-la-montana-con-la-ruta-de-el-vijete\/#article\",\"isPartOf\":{\"@id\":\"https:\/\/turcon.es\/wp\/concluye-el-ano-en-la-montana-con-la-ruta-de-el-vijete\/\"},\"author\":{\"name\":\"Laura Fernandez\",\"@id\":\"https:\/\/turcon.es\/wp\/#\/schema\/person\/a1f3ba727ce031d9da17684affe85edd\"},\"headline\":\"Concluye el a\u00f1o en la monta\u00f1a con la ruta de El Vijete.\",\"datePublished\":\"2018-12-17T09:35:03+00:00\",\"mainEntityOfPage\":{\"@id\":\"https:\/\/turcon.es\/wp\/concluye-el-ano-en-la-montana-con-la-ruta-de-el-vijete\/\"},\"wordCount\":471,\"commentCount\":0,\"publisher\":{\"@id\":\"https:\/\/turcon.es\/wp\/#organization\"},\"image\":{\"@id\":\"https:\/\/turcon.es\/wp\/concluye-el-ano-en-la-montana-con-la-ruta-de-el-vijete\/#primaryimage\"},\"thumbnailUrl\":\"https:\/\/turcon.es\/wp\/wp-content\/uploads\/2018\/12\/P1340702.jpg?w=468\",\"articleSection\":[\"#Actividades Turc\u00f3n#\",\"Administraci\u00f3n p\u00fablica\",\"Concienciaci\u00f3n\",\"Espacios Naturales\",\"Fauna\",\"Fauna y flora\",\"Gobierno\",\"Gran Canaria\",\"Movimiento ciudadano\",\"Ni\u00f1os\",\"Notas de prensa de Turc\u00f3n\",\"Patrimonio hist\u00f3rico\",\"Senderismo\",\"Sociedad y derechos\",\"Telde (Gran Canaria)\"],\"inLanguage\":\"es\",\"potentialAction\":[{\"@type\":\"CommentAction\",\"name\":\"Comment\",\"target\":[\"https:\/\/turcon.es\/wp\/concluye-el-ano-en-la-montana-con-la-ruta-de-el-vijete\/#respond\"]}]},{\"@type\":\"WebPage\",\"@id\":\"https:\/\/turcon.es\/wp\/concluye-el-ano-en-la-montana-con-la-ruta-de-el-vijete\/\",\"url\":\"https:\/\/turcon.es\/wp\/concluye-el-ano-en-la-montana-con-la-ruta-de-el-vijete\/\",\"name\":\"Concluye el a\u00f1o en la monta\u00f1a con la ruta de El Vijete. - Colectivo Ecologista Turcon\",\"isPartOf\":{\"@id\":\"https:\/\/turcon.es\/wp\/#website\"},\"primaryImageOfPage\":{\"@id\":\"https:\/\/turcon.es\/wp\/concluye-el-ano-en-la-montana-con-la-ruta-de-el-vijete\/#primaryimage\"},\"image\":{\"@id\":\"https:\/\/turcon.es\/wp\/concluye-el-ano-en-la-montana-con-la-ruta-de-el-vijete\/#primaryimage\"},\"thumbnailUrl\":\"https:\/\/turcon.es\/wp\/wp-content\/uploads\/2018\/12\/P1340702.jpg?w=468\",\"datePublished\":\"2018-12-17T09:35:03+00:00\",\"breadcrumb\":{\"@id\":\"https:\/\/turcon.es\/wp\/concluye-el-ano-en-la-montana-con-la-ruta-de-el-vijete\/#breadcrumb\"},\"inLanguage\":\"es\",\"potentialAction\":[{\"@type\":\"ReadAction\",\"target\":[\"https:\/\/turcon.es\/wp\/concluye-el-ano-en-la-montana-con-la-ruta-de-el-vijete\/\"]}]},{\"@type\":\"ImageObject\",\"inLanguage\":\"es\",\"@id\":\"https:\/\/turcon.es\/wp\/concluye-el-ano-en-la-montana-con-la-ruta-de-el-vijete\/#primaryimage\",\"url\":\"https:\/\/turcon.es\/wp\/wp-content\/uploads\/2018\/12\/P1340702.jpg?w=468\",\"contentUrl\":\"https:\/\/turcon.es\/wp\/wp-content\/uploads\/2018\/12\/P1340702.jpg?w=468\"},{\"@type\":\"BreadcrumbList\",\"@id\":\"https:\/\/turcon.es\/wp\/concluye-el-ano-en-la-montana-con-la-ruta-de-el-vijete\/#breadcrumb\",\"itemListElement\":[{\"@type\":\"ListItem\",\"position\":1,\"name\":\"Portada\",\"item\":\"https:\/\/turcon.es\/wp\/\"},{\"@type\":\"ListItem\",\"position\":2,\"name\":\"Concluye el a\u00f1o en la monta\u00f1a con la ruta de El Vijete.\"}]},{\"@type\":\"WebSite\",\"@id\":\"https:\/\/turcon.es\/wp\/#website\",\"url\":\"https:\/\/turcon.es\/wp\/\",\"name\":\"Colectivo Ecologista Turcon\",\"description\":\"\",\"publisher\":{\"@id\":\"https:\/\/turcon.es\/wp\/#organization\"},\"potentialAction\":[{\"@type\":\"SearchAction\",\"target\":{\"@type\":\"EntryPoint\",\"urlTemplate\":\"https:\/\/turcon.es\/wp\/?s={search_term_string}\"},\"query-input\":{\"@type\":\"PropertyValueSpecification\",\"valueRequired\":true,\"valueName\":\"search_term_string\"}}],\"inLanguage\":\"es\"},{\"@type\":\"Organization\",\"@id\":\"https:\/\/turcon.es\/wp\/#organization\",\"name\":\"Colectivo Ecologista Turcon\",\"url\":\"https:\/\/turcon.es\/wp\/\",\"logo\":{\"@type\":\"ImageObject\",\"inLanguage\":\"es\",\"@id\":\"https:\/\/turcon.es\/wp\/#\/schema\/logo\/image\/\",\"url\":\"https:\/\/turcon.es\/wp\/wp-content\/uploads\/2025\/03\/logo-verde.svg\",\"contentUrl\":\"https:\/\/turcon.es\/wp\/wp-content\/uploads\/2025\/03\/logo-verde.svg\",\"width\":813,\"height\":813,\"caption\":\"Colectivo Ecologista Turcon\"},\"image\":{\"@id\":\"https:\/\/turcon.es\/wp\/#\/schema\/logo\/image\/\"}},{\"@type\":\"Person\",\"@id\":\"https:\/\/turcon.es\/wp\/#\/schema\/person\/a1f3ba727ce031d9da17684affe85edd\",\"name\":\"Laura Fernandez\",\"image\":{\"@type\":\"ImageObject\",\"inLanguage\":\"es\",\"@id\":\"https:\/\/turcon.es\/wp\/#\/schema\/person\/image\/\",\"url\":\"https:\/\/secure.gravatar.com\/avatar\/360749af9549af22e54582d50231ae56e854210ae2368797ba242f445a9852e8?s=96&d=mm&r=g\",\"contentUrl\":\"https:\/\/secure.gravatar.com\/avatar\/360749af9549af22e54582d50231ae56e854210ae2368797ba242f445a9852e8?s=96&d=mm&r=g\",\"caption\":\"Laura Fernandez\"},\"url\":\"https:\/\/turcon.es\/wp\/author\/admturcon\/\"}]}<\/script>\n<!-- \/ Yoast SEO plugin. -->","yoast_head_json":{"title":"Concluye el a\u00f1o en la monta\u00f1a con la ruta de El Vijete. - Colectivo Ecologista Turcon","robots":{"index":"index","follow":"follow","max-snippet":"max-snippet:-1","max-image-preview":"max-image-preview:large","max-video-preview":"max-video-preview:-1"},"canonical":"https:\/\/turcon.es\/wp\/concluye-el-ano-en-la-montana-con-la-ruta-de-el-vijete\/","og_locale":"es_ES","og_type":"article","og_title":"Concluye el a\u00f1o en la monta\u00f1a con la ruta de El Vijete. - Colectivo Ecologista Turcon","og_description":"En el d\u00eda de ayer los excursionistas de Turc\u00f3n-EeA visitaron el paraje de Ingenio que llaman Cuevas del Capit\u00e1n y El Vijete. Unos rec\u00f3nditos lugares ahora te\u00f1idos de un verde intenso despu\u00e9s de las lluvias oto\u00f1ales. El itinerario recorri\u00f3 los siguientes puntos de inter\u00e9s: Top\u00f3nimos del recorrido: Caldera de los Marteles- Paso de la Caldera-Charco [&hellip;]","og_url":"https:\/\/turcon.es\/wp\/concluye-el-ano-en-la-montana-con-la-ruta-de-el-vijete\/","og_site_name":"Colectivo Ecologista Turcon","article_published_time":"2018-12-17T09:35:03+00:00","og_image":[{"url":"https:\/\/turcon.es\/wp\/wp-content\/uploads\/2009\/11\/tindaya-2-150x150.jpg","type":"","width":"","height":""}],"author":"Laura Fernandez","twitter_card":"summary_large_image","twitter_misc":{"Escrito por":"Laura Fernandez","Tiempo de lectura":"2 minutos"},"schema":{"@context":"https:\/\/schema.org","@graph":[{"@type":"Article","@id":"https:\/\/turcon.es\/wp\/concluye-el-ano-en-la-montana-con-la-ruta-de-el-vijete\/#article","isPartOf":{"@id":"https:\/\/turcon.es\/wp\/concluye-el-ano-en-la-montana-con-la-ruta-de-el-vijete\/"},"author":{"name":"Laura Fernandez","@id":"https:\/\/turcon.es\/wp\/#\/schema\/person\/a1f3ba727ce031d9da17684affe85edd"},"headline":"Concluye el a\u00f1o en la monta\u00f1a con la ruta de El Vijete.","datePublished":"2018-12-17T09:35:03+00:00","mainEntityOfPage":{"@id":"https:\/\/turcon.es\/wp\/concluye-el-ano-en-la-montana-con-la-ruta-de-el-vijete\/"},"wordCount":471,"commentCount":0,"publisher":{"@id":"https:\/\/turcon.es\/wp\/#organization"},"image":{"@id":"https:\/\/turcon.es\/wp\/concluye-el-ano-en-la-montana-con-la-ruta-de-el-vijete\/#primaryimage"},"thumbnailUrl":"https:\/\/turcon.es\/wp\/wp-content\/uploads\/2018\/12\/P1340702.jpg?w=468","articleSection":["#Actividades Turc\u00f3n#","Administraci\u00f3n p\u00fablica","Concienciaci\u00f3n","Espacios Naturales","Fauna","Fauna y flora","Gobierno","Gran Canaria","Movimiento ciudadano","Ni\u00f1os","Notas de prensa de Turc\u00f3n","Patrimonio hist\u00f3rico","Senderismo","Sociedad y derechos","Telde (Gran Canaria)"],"inLanguage":"es","potentialAction":[{"@type":"CommentAction","name":"Comment","target":["https:\/\/turcon.es\/wp\/concluye-el-ano-en-la-montana-con-la-ruta-de-el-vijete\/#respond"]}]},{"@type":"WebPage","@id":"https:\/\/turcon.es\/wp\/concluye-el-ano-en-la-montana-con-la-ruta-de-el-vijete\/","url":"https:\/\/turcon.es\/wp\/concluye-el-ano-en-la-montana-con-la-ruta-de-el-vijete\/","name":"Concluye el a\u00f1o en la monta\u00f1a con la ruta de El Vijete. - Colectivo Ecologista Turcon","isPartOf":{"@id":"https:\/\/turcon.es\/wp\/#website"},"primaryImageOfPage":{"@id":"https:\/\/turcon.es\/wp\/concluye-el-ano-en-la-montana-con-la-ruta-de-el-vijete\/#primaryimage"},"image":{"@id":"https:\/\/turcon.es\/wp\/concluye-el-ano-en-la-montana-con-la-ruta-de-el-vijete\/#primaryimage"},"thumbnailUrl":"https:\/\/turcon.es\/wp\/wp-content\/uploads\/2018\/12\/P1340702.jpg?w=468","datePublished":"2018-12-17T09:35:03+00:00","breadcrumb":{"@id":"https:\/\/turcon.es\/wp\/concluye-el-ano-en-la-montana-con-la-ruta-de-el-vijete\/#breadcrumb"},"inLanguage":"es","potentialAction":[{"@type":"ReadAction","target":["https:\/\/turcon.es\/wp\/concluye-el-ano-en-la-montana-con-la-ruta-de-el-vijete\/"]}]},{"@type":"ImageObject","inLanguage":"es","@id":"https:\/\/turcon.es\/wp\/concluye-el-ano-en-la-montana-con-la-ruta-de-el-vijete\/#primaryimage","url":"https:\/\/turcon.es\/wp\/wp-content\/uploads\/2018\/12\/P1340702.jpg?w=468","contentUrl":"https:\/\/turcon.es\/wp\/wp-content\/uploads\/2018\/12\/P1340702.jpg?w=468"},{"@type":"BreadcrumbList","@id":"https:\/\/turcon.es\/wp\/concluye-el-ano-en-la-montana-con-la-ruta-de-el-vijete\/#breadcrumb","itemListElement":[{"@type":"ListItem","position":1,"name":"Portada","item":"https:\/\/turcon.es\/wp\/"},{"@type":"ListItem","position":2,"name":"Concluye el a\u00f1o en la monta\u00f1a con la ruta de El Vijete."}]},{"@type":"WebSite","@id":"https:\/\/turcon.es\/wp\/#website","url":"https:\/\/turcon.es\/wp\/","name":"Colectivo Ecologista Turcon","description":"","publisher":{"@id":"https:\/\/turcon.es\/wp\/#organization"},"potentialAction":[{"@type":"SearchAction","target":{"@type":"EntryPoint","urlTemplate":"https:\/\/turcon.es\/wp\/?s={search_term_string}"},"query-input":{"@type":"PropertyValueSpecification","valueRequired":true,"valueName":"search_term_string"}}],"inLanguage":"es"},{"@type":"Organization","@id":"https:\/\/turcon.es\/wp\/#organization","name":"Colectivo Ecologista Turcon","url":"https:\/\/turcon.es\/wp\/","logo":{"@type":"ImageObject","inLanguage":"es","@id":"https:\/\/turcon.es\/wp\/#\/schema\/logo\/image\/","url":"https:\/\/turcon.es\/wp\/wp-content\/uploads\/2025\/03\/logo-verde.svg","contentUrl":"https:\/\/turcon.es\/wp\/wp-content\/uploads\/2025\/03\/logo-verde.svg","width":813,"height":813,"caption":"Colectivo Ecologista Turcon"},"image":{"@id":"https:\/\/turcon.es\/wp\/#\/schema\/logo\/image\/"}},{"@type":"Person","@id":"https:\/\/turcon.es\/wp\/#\/schema\/person\/a1f3ba727ce031d9da17684affe85edd","name":"Laura Fernandez","image":{"@type":"ImageObject","inLanguage":"es","@id":"https:\/\/turcon.es\/wp\/#\/schema\/person\/image\/","url":"https:\/\/secure.gravatar.com\/avatar\/360749af9549af22e54582d50231ae56e854210ae2368797ba242f445a9852e8?s=96&d=mm&r=g","contentUrl":"https:\/\/secure.gravatar.com\/avatar\/360749af9549af22e54582d50231ae56e854210ae2368797ba242f445a9852e8?s=96&d=mm&r=g","caption":"Laura Fernandez"},"url":"https:\/\/turcon.es\/wp\/author\/admturcon\/"}]}},"_links":{"self":[{"href":"https:\/\/turcon.es\/wp\/wp-json\/wp\/v2\/posts\/14980","targetHints":{"allow":["GET"]}}],"collection":[{"href":"https:\/\/turcon.es\/wp\/wp-json\/wp\/v2\/posts"}],"about":[{"href":"https:\/\/turcon.es\/wp\/wp-json\/wp\/v2\/types\/post"}],"author":[{"embeddable":true,"href":"https:\/\/turcon.es\/wp\/wp-json\/wp\/v2\/users\/2"}],"replies":[{"embeddable":true,"href":"https:\/\/turcon.es\/wp\/wp-json\/wp\/v2\/comments?post=14980"}],"version-history":[{"count":0,"href":"https:\/\/turcon.es\/wp\/wp-json\/wp\/v2\/posts\/14980\/revisions"}],"wp:attachment":[{"href":"https:\/\/turcon.es\/wp\/wp-json\/wp\/v2\/media?parent=14980"}],"wp:term":[{"taxonomy":"category","embeddable":true,"href":"https:\/\/turcon.es\/wp\/wp-json\/wp\/v2\/categories?post=14980"},{"taxonomy":"post_tag","embeddable":true,"href":"https:\/\/turcon.es\/wp\/wp-json\/wp\/v2\/tags?post=14980"}],"curies":[{"name":"wp","href":"https:\/\/api.w.org\/{rel}","templated":true}]}}