{"id":14982,"date":"2018-12-19T12:01:27","date_gmt":"2018-12-19T12:01:27","guid":{"rendered":"https:\/\/turcon.wordpress.com\/?p=14027"},"modified":"2018-12-19T12:01:27","modified_gmt":"2018-12-19T12:01:27","slug":"turcon-acude-al-defensor-del-pueblo-con-motivo-de-las-discrepancias-en-la-defensa-del-palmeral-de-maspalomas","status":"publish","type":"post","link":"https:\/\/turcon.es\/wp\/turcon-acude-al-defensor-del-pueblo-con-motivo-de-las-discrepancias-en-la-defensa-del-palmeral-de-maspalomas\/","title":{"rendered":"TURCON ACUDE AL DEFENSOR DEL PUEBLO CON MOTIVO DE LAS DISCREPANCIAS EN LA DEFENSA DEL PALMERAL DE MASPALOMAS"},"content":{"rendered":"<p><span style=\"color:#800000;\"><strong>Toda vez que, las administraciones canarias, no aclaran la situaci\u00f3n de la sentencia del Tribunal Supremo de 1978 o, por lo menos, muestran poco inter\u00e9s en recuperar la zona verde p\u00fablica, Turc\u00f3n ha remitido una serie de documentos a Madrid.<\/strong><\/span><\/p>\n<p>Siempre hab\u00edamos reclamado la apropiaci\u00f3n de suelo p\u00fablico. Estaba en una situaci\u00f3n de disfrute \u2013s\u00f3lo- de la clientela del hotel, por el vallado de la parcela.<\/p>\n<p>As\u00ed, las cosas uno de los documentos enviados a Madrid, es un art\u00edculo period\u00edstico de (<strong><u>Canarias Ahora<\/u><\/strong> de 27 de marzo de 2016), firmado por Ruym\u00e1n J. Jim\u00e9nez, titulado \u201c<strong>El d\u00eda en que el Supremo orden\u00f3 demoler el Hotel Oasis).<img fetchpriority=\"high\" decoding=\"async\" class=\"aligncenter size-large wp-image-14029\" src=\"https:\/\/turcon.es\/wp\/wp-content\/uploads\/2018\/12\/1.jpg?w=468\" alt=\"\" width=\"468\" height=\"300\" \/><\/strong><\/p>\n<p>La Sentencia del Tribunal Supremo lo que determinaba era el derribo parcial del Hotel al haberse construido 202 habitaciones sin base legal alguna, con autorizaci\u00f3n municipal en entredicho y ocupando suelo verde. Esta Sentencia es de 1978 y nunca se aplic\u00f3, es m\u00e1s con las argucias de las diferentes administraciones, que se posicionaron a favor de las empresas que regentaban en su momento el establecimiento, se tergivers\u00f3 todo y se traslad\u00f3 el problema a la ocupaci\u00f3n de espacio p\u00fablico del palmeral sin aclarar la total realidad. Para incidir un poco m\u00e1s, hemos de decir que despu\u00e9s de haber conseguido la autorizaci\u00f3n para la construcci\u00f3n de las 148 habitaciones iniciales y viendo de ser un negocio 100% pidieron la ampliaci\u00f3n a las 350 de las que ten\u00edan hasta el momento presente. Esta licencia \u00faltima est\u00e1 recurrida en los tribunales de justicia canarios.<\/p>\n<p>El problema se ha desvelado m\u00e1s complejo cuando el ayuntamiento de SBT autoriza la la ejecuci\u00f3n de 71 apartamentos separados del edificio principal del hotel y donde era o fue canchas de tenis e introduci\u00e9ndose en el palmeral (todo ello dentro de su parcela).<\/p>\n<p>Por lo que hicimos una acci\u00f3n directa de encadenamiento para hacer visible lo que ven\u00eda sucediendo y en esos momentos ignorando, la verdadera realidad. La empresa RIU HOTELES ha procedido a la construcci\u00f3n de 71 apartamentos en lo que consideramos que es, supuestamente, suelo verde que por serlo adquiere el car\u00e1cter de \u00abINEMBARGABLE, INEXTINGUIBLE e INAPROPIABLES\u00bb y que solo se puede cambiar su uso por un Bien Superior.<\/p>\n<p>Turc\u00f3n manifiesta que \u201cnos dirigimos a esta Instituci\u00f3n para que y a ser posible hagan visible este problema ecol\u00f3gico, ambiental y jur\u00eddico. Hemos de decirles que lo hemos denunciado en varias instancias, pero no han actuado.\u201d<\/p>\n<p>Nota: enlace al expediente<strong>: Obras en el Palmeral de Maspalomas<\/strong> <strong>https:\/\/photos.app.goo.gl\/cmLAI5kWRx1Nns673<\/strong> \u201c<\/p>\n<p>&nbsp;<\/p>\n<p>&nbsp;<\/p>\n","protected":false},"excerpt":{"rendered":"<p>Toda vez que, las administraciones canarias, no aclaran la situaci\u00f3n de la sentencia del Tribunal Supremo de 1978 o, por lo menos, muestran poco inter\u00e9s en recuperar la zona verde p\u00fablica, Turc\u00f3n ha remitido una serie de documentos a Madrid. Siempre hab\u00edamos reclamado la apropiaci\u00f3n de suelo p\u00fablico. Estaba en una situaci\u00f3n de disfrute \u2013s\u00f3lo- [&hellip;]<\/p>\n","protected":false},"author":2,"featured_media":0,"comment_status":"open","ping_status":"open","sticky":false,"template":"","format":"standard","meta":{"footnotes":""},"categories":[6,8,18,22,37,40,41,69,46,49,55,58,65],"tags":[],"class_list":["post-14982","post","type-post","status-publish","format-standard","hentry","category-actividades-turcon","category-administracion-publica","category-canarias","category-concienciacion","category-espacios-naturales","category-gobierno","category-gran-canaria","category-movimiento-ciudadano","category-notas-de-prensa-de-turcon","category-patrimonio-historico","category-recursos-naturales","category-sociedad-y-derechos","category-urbanismo"],"yoast_head":"<!-- This site is optimized with the Yoast SEO plugin v26.3 - https:\/\/yoast.com\/wordpress\/plugins\/seo\/ -->\n<title>TURCON ACUDE AL DEFENSOR DEL PUEBLO CON MOTIVO DE LAS DISCREPANCIAS EN LA DEFENSA DEL PALMERAL DE MASPALOMAS - Colectivo Ecologista Turcon<\/title>\n<meta name=\"robots\" content=\"index, follow, max-snippet:-1, max-image-preview:large, max-video-preview:-1\" \/>\n<link rel=\"canonical\" href=\"https:\/\/turcon.es\/wp\/turcon-acude-al-defensor-del-pueblo-con-motivo-de-las-discrepancias-en-la-defensa-del-palmeral-de-maspalomas\/\" \/>\n<meta property=\"og:locale\" content=\"es_ES\" \/>\n<meta property=\"og:type\" content=\"article\" \/>\n<meta property=\"og:title\" content=\"TURCON ACUDE AL DEFENSOR DEL PUEBLO CON MOTIVO DE LAS DISCREPANCIAS EN LA DEFENSA DEL PALMERAL DE MASPALOMAS - Colectivo Ecologista Turcon\" \/>\n<meta property=\"og:description\" content=\"Toda vez que, las administraciones canarias, no aclaran la situaci\u00f3n de la sentencia del Tribunal Supremo de 1978 o, por lo menos, muestran poco inter\u00e9s en recuperar la zona verde p\u00fablica, Turc\u00f3n ha remitido una serie de documentos a Madrid. Siempre hab\u00edamos reclamado la apropiaci\u00f3n de suelo p\u00fablico. Estaba en una situaci\u00f3n de disfrute \u2013s\u00f3lo- [&hellip;]\" \/>\n<meta property=\"og:url\" content=\"https:\/\/turcon.es\/wp\/turcon-acude-al-defensor-del-pueblo-con-motivo-de-las-discrepancias-en-la-defensa-del-palmeral-de-maspalomas\/\" \/>\n<meta property=\"og:site_name\" content=\"Colectivo Ecologista Turcon\" \/>\n<meta property=\"article:published_time\" content=\"2018-12-19T12:01:27+00:00\" \/>\n<meta property=\"og:image\" content=\"https:\/\/turcon.es\/wp\/wp-content\/uploads\/2009\/12\/tu-mensaje-en-copenhague-2.jpg\" \/>\n\t<meta property=\"og:image:width\" content=\"300\" \/>\n\t<meta property=\"og:image:height\" content=\"335\" \/>\n\t<meta property=\"og:image:type\" content=\"image\/jpeg\" \/>\n<meta name=\"author\" content=\"Laura Fernandez\" \/>\n<meta name=\"twitter:card\" content=\"summary_large_image\" \/>\n<meta name=\"twitter:label1\" content=\"Escrito por\" \/>\n\t<meta name=\"twitter:data1\" content=\"Laura Fernandez\" \/>\n\t<meta name=\"twitter:label2\" content=\"Tiempo de lectura\" \/>\n\t<meta name=\"twitter:data2\" content=\"2 minutos\" \/>\n<script type=\"application\/ld+json\" class=\"yoast-schema-graph\">{\"@context\":\"https:\/\/schema.org\",\"@graph\":[{\"@type\":\"Article\",\"@id\":\"https:\/\/turcon.es\/wp\/turcon-acude-al-defensor-del-pueblo-con-motivo-de-las-discrepancias-en-la-defensa-del-palmeral-de-maspalomas\/#article\",\"isPartOf\":{\"@id\":\"https:\/\/turcon.es\/wp\/turcon-acude-al-defensor-del-pueblo-con-motivo-de-las-discrepancias-en-la-defensa-del-palmeral-de-maspalomas\/\"},\"author\":{\"name\":\"Laura Fernandez\",\"@id\":\"https:\/\/turcon.es\/wp\/#\/schema\/person\/a1f3ba727ce031d9da17684affe85edd\"},\"headline\":\"TURCON ACUDE AL DEFENSOR DEL PUEBLO CON MOTIVO DE LAS DISCREPANCIAS EN LA DEFENSA DEL PALMERAL DE MASPALOMAS\",\"datePublished\":\"2018-12-19T12:01:27+00:00\",\"mainEntityOfPage\":{\"@id\":\"https:\/\/turcon.es\/wp\/turcon-acude-al-defensor-del-pueblo-con-motivo-de-las-discrepancias-en-la-defensa-del-palmeral-de-maspalomas\/\"},\"wordCount\":458,\"commentCount\":0,\"publisher\":{\"@id\":\"https:\/\/turcon.es\/wp\/#organization\"},\"image\":{\"@id\":\"https:\/\/turcon.es\/wp\/turcon-acude-al-defensor-del-pueblo-con-motivo-de-las-discrepancias-en-la-defensa-del-palmeral-de-maspalomas\/#primaryimage\"},\"thumbnailUrl\":\"https:\/\/turcon.es\/wp\/wp-content\/uploads\/2018\/12\/1.jpg?w=468\",\"articleSection\":[\"#Actividades Turc\u00f3n#\",\"Administraci\u00f3n p\u00fablica\",\"Canarias\",\"Concienciaci\u00f3n\",\"Espacios Naturales\",\"Gobierno\",\"Gran Canaria\",\"Movimiento ciudadano\",\"Notas de prensa de Turc\u00f3n\",\"Patrimonio hist\u00f3rico\",\"Recursos naturales\",\"Sociedad y derechos\",\"Urbanismo\"],\"inLanguage\":\"es\",\"potentialAction\":[{\"@type\":\"CommentAction\",\"name\":\"Comment\",\"target\":[\"https:\/\/turcon.es\/wp\/turcon-acude-al-defensor-del-pueblo-con-motivo-de-las-discrepancias-en-la-defensa-del-palmeral-de-maspalomas\/#respond\"]}]},{\"@type\":\"WebPage\",\"@id\":\"https:\/\/turcon.es\/wp\/turcon-acude-al-defensor-del-pueblo-con-motivo-de-las-discrepancias-en-la-defensa-del-palmeral-de-maspalomas\/\",\"url\":\"https:\/\/turcon.es\/wp\/turcon-acude-al-defensor-del-pueblo-con-motivo-de-las-discrepancias-en-la-defensa-del-palmeral-de-maspalomas\/\",\"name\":\"TURCON ACUDE AL DEFENSOR DEL PUEBLO CON MOTIVO DE LAS DISCREPANCIAS EN LA DEFENSA DEL PALMERAL DE MASPALOMAS - Colectivo Ecologista Turcon\",\"isPartOf\":{\"@id\":\"https:\/\/turcon.es\/wp\/#website\"},\"primaryImageOfPage\":{\"@id\":\"https:\/\/turcon.es\/wp\/turcon-acude-al-defensor-del-pueblo-con-motivo-de-las-discrepancias-en-la-defensa-del-palmeral-de-maspalomas\/#primaryimage\"},\"image\":{\"@id\":\"https:\/\/turcon.es\/wp\/turcon-acude-al-defensor-del-pueblo-con-motivo-de-las-discrepancias-en-la-defensa-del-palmeral-de-maspalomas\/#primaryimage\"},\"thumbnailUrl\":\"https:\/\/turcon.es\/wp\/wp-content\/uploads\/2018\/12\/1.jpg?w=468\",\"datePublished\":\"2018-12-19T12:01:27+00:00\",\"breadcrumb\":{\"@id\":\"https:\/\/turcon.es\/wp\/turcon-acude-al-defensor-del-pueblo-con-motivo-de-las-discrepancias-en-la-defensa-del-palmeral-de-maspalomas\/#breadcrumb\"},\"inLanguage\":\"es\",\"potentialAction\":[{\"@type\":\"ReadAction\",\"target\":[\"https:\/\/turcon.es\/wp\/turcon-acude-al-defensor-del-pueblo-con-motivo-de-las-discrepancias-en-la-defensa-del-palmeral-de-maspalomas\/\"]}]},{\"@type\":\"ImageObject\",\"inLanguage\":\"es\",\"@id\":\"https:\/\/turcon.es\/wp\/turcon-acude-al-defensor-del-pueblo-con-motivo-de-las-discrepancias-en-la-defensa-del-palmeral-de-maspalomas\/#primaryimage\",\"url\":\"https:\/\/turcon.es\/wp\/wp-content\/uploads\/2018\/12\/1.jpg?w=468\",\"contentUrl\":\"https:\/\/turcon.es\/wp\/wp-content\/uploads\/2018\/12\/1.jpg?w=468\"},{\"@type\":\"BreadcrumbList\",\"@id\":\"https:\/\/turcon.es\/wp\/turcon-acude-al-defensor-del-pueblo-con-motivo-de-las-discrepancias-en-la-defensa-del-palmeral-de-maspalomas\/#breadcrumb\",\"itemListElement\":[{\"@type\":\"ListItem\",\"position\":1,\"name\":\"Portada\",\"item\":\"https:\/\/turcon.es\/wp\/\"},{\"@type\":\"ListItem\",\"position\":2,\"name\":\"TURCON ACUDE AL DEFENSOR DEL PUEBLO CON MOTIVO DE LAS DISCREPANCIAS EN LA DEFENSA DEL PALMERAL DE MASPALOMAS\"}]},{\"@type\":\"WebSite\",\"@id\":\"https:\/\/turcon.es\/wp\/#website\",\"url\":\"https:\/\/turcon.es\/wp\/\",\"name\":\"Colectivo Ecologista Turcon\",\"description\":\"\",\"publisher\":{\"@id\":\"https:\/\/turcon.es\/wp\/#organization\"},\"potentialAction\":[{\"@type\":\"SearchAction\",\"target\":{\"@type\":\"EntryPoint\",\"urlTemplate\":\"https:\/\/turcon.es\/wp\/?s={search_term_string}\"},\"query-input\":{\"@type\":\"PropertyValueSpecification\",\"valueRequired\":true,\"valueName\":\"search_term_string\"}}],\"inLanguage\":\"es\"},{\"@type\":\"Organization\",\"@id\":\"https:\/\/turcon.es\/wp\/#organization\",\"name\":\"Colectivo Ecologista Turcon\",\"url\":\"https:\/\/turcon.es\/wp\/\",\"logo\":{\"@type\":\"ImageObject\",\"inLanguage\":\"es\",\"@id\":\"https:\/\/turcon.es\/wp\/#\/schema\/logo\/image\/\",\"url\":\"https:\/\/turcon.es\/wp\/wp-content\/uploads\/2025\/03\/logo-verde.svg\",\"contentUrl\":\"https:\/\/turcon.es\/wp\/wp-content\/uploads\/2025\/03\/logo-verde.svg\",\"width\":813,\"height\":813,\"caption\":\"Colectivo Ecologista Turcon\"},\"image\":{\"@id\":\"https:\/\/turcon.es\/wp\/#\/schema\/logo\/image\/\"}},{\"@type\":\"Person\",\"@id\":\"https:\/\/turcon.es\/wp\/#\/schema\/person\/a1f3ba727ce031d9da17684affe85edd\",\"name\":\"Laura Fernandez\",\"image\":{\"@type\":\"ImageObject\",\"inLanguage\":\"es\",\"@id\":\"https:\/\/turcon.es\/wp\/#\/schema\/person\/image\/\",\"url\":\"https:\/\/secure.gravatar.com\/avatar\/360749af9549af22e54582d50231ae56e854210ae2368797ba242f445a9852e8?s=96&d=mm&r=g\",\"contentUrl\":\"https:\/\/secure.gravatar.com\/avatar\/360749af9549af22e54582d50231ae56e854210ae2368797ba242f445a9852e8?s=96&d=mm&r=g\",\"caption\":\"Laura Fernandez\"},\"url\":\"https:\/\/turcon.es\/wp\/author\/admturcon\/\"}]}<\/script>\n<!-- \/ Yoast SEO plugin. -->","yoast_head_json":{"title":"TURCON ACUDE AL DEFENSOR DEL PUEBLO CON MOTIVO DE LAS DISCREPANCIAS EN LA DEFENSA DEL PALMERAL DE MASPALOMAS - Colectivo Ecologista Turcon","robots":{"index":"index","follow":"follow","max-snippet":"max-snippet:-1","max-image-preview":"max-image-preview:large","max-video-preview":"max-video-preview:-1"},"canonical":"https:\/\/turcon.es\/wp\/turcon-acude-al-defensor-del-pueblo-con-motivo-de-las-discrepancias-en-la-defensa-del-palmeral-de-maspalomas\/","og_locale":"es_ES","og_type":"article","og_title":"TURCON ACUDE AL DEFENSOR DEL PUEBLO CON MOTIVO DE LAS DISCREPANCIAS EN LA DEFENSA DEL PALMERAL DE MASPALOMAS - Colectivo Ecologista Turcon","og_description":"Toda vez que, las administraciones canarias, no aclaran la situaci\u00f3n de la sentencia del Tribunal Supremo de 1978 o, por lo menos, muestran poco inter\u00e9s en recuperar la zona verde p\u00fablica, Turc\u00f3n ha remitido una serie de documentos a Madrid. Siempre hab\u00edamos reclamado la apropiaci\u00f3n de suelo p\u00fablico. Estaba en una situaci\u00f3n de disfrute \u2013s\u00f3lo- [&hellip;]","og_url":"https:\/\/turcon.es\/wp\/turcon-acude-al-defensor-del-pueblo-con-motivo-de-las-discrepancias-en-la-defensa-del-palmeral-de-maspalomas\/","og_site_name":"Colectivo Ecologista Turcon","article_published_time":"2018-12-19T12:01:27+00:00","og_image":[{"width":300,"height":335,"url":"https:\/\/turcon.es\/wp\/wp-content\/uploads\/2009\/12\/tu-mensaje-en-copenhague-2.jpg","type":"image\/jpeg"}],"author":"Laura Fernandez","twitter_card":"summary_large_image","twitter_misc":{"Escrito por":"Laura Fernandez","Tiempo de lectura":"2 minutos"},"schema":{"@context":"https:\/\/schema.org","@graph":[{"@type":"Article","@id":"https:\/\/turcon.es\/wp\/turcon-acude-al-defensor-del-pueblo-con-motivo-de-las-discrepancias-en-la-defensa-del-palmeral-de-maspalomas\/#article","isPartOf":{"@id":"https:\/\/turcon.es\/wp\/turcon-acude-al-defensor-del-pueblo-con-motivo-de-las-discrepancias-en-la-defensa-del-palmeral-de-maspalomas\/"},"author":{"name":"Laura Fernandez","@id":"https:\/\/turcon.es\/wp\/#\/schema\/person\/a1f3ba727ce031d9da17684affe85edd"},"headline":"TURCON ACUDE AL DEFENSOR DEL PUEBLO CON MOTIVO DE LAS DISCREPANCIAS EN LA DEFENSA DEL PALMERAL DE MASPALOMAS","datePublished":"2018-12-19T12:01:27+00:00","mainEntityOfPage":{"@id":"https:\/\/turcon.es\/wp\/turcon-acude-al-defensor-del-pueblo-con-motivo-de-las-discrepancias-en-la-defensa-del-palmeral-de-maspalomas\/"},"wordCount":458,"commentCount":0,"publisher":{"@id":"https:\/\/turcon.es\/wp\/#organization"},"image":{"@id":"https:\/\/turcon.es\/wp\/turcon-acude-al-defensor-del-pueblo-con-motivo-de-las-discrepancias-en-la-defensa-del-palmeral-de-maspalomas\/#primaryimage"},"thumbnailUrl":"https:\/\/turcon.es\/wp\/wp-content\/uploads\/2018\/12\/1.jpg?w=468","articleSection":["#Actividades Turc\u00f3n#","Administraci\u00f3n p\u00fablica","Canarias","Concienciaci\u00f3n","Espacios Naturales","Gobierno","Gran Canaria","Movimiento ciudadano","Notas de prensa de Turc\u00f3n","Patrimonio hist\u00f3rico","Recursos naturales","Sociedad y derechos","Urbanismo"],"inLanguage":"es","potentialAction":[{"@type":"CommentAction","name":"Comment","target":["https:\/\/turcon.es\/wp\/turcon-acude-al-defensor-del-pueblo-con-motivo-de-las-discrepancias-en-la-defensa-del-palmeral-de-maspalomas\/#respond"]}]},{"@type":"WebPage","@id":"https:\/\/turcon.es\/wp\/turcon-acude-al-defensor-del-pueblo-con-motivo-de-las-discrepancias-en-la-defensa-del-palmeral-de-maspalomas\/","url":"https:\/\/turcon.es\/wp\/turcon-acude-al-defensor-del-pueblo-con-motivo-de-las-discrepancias-en-la-defensa-del-palmeral-de-maspalomas\/","name":"TURCON ACUDE AL DEFENSOR DEL PUEBLO CON MOTIVO DE LAS DISCREPANCIAS EN LA DEFENSA DEL PALMERAL DE MASPALOMAS - Colectivo Ecologista Turcon","isPartOf":{"@id":"https:\/\/turcon.es\/wp\/#website"},"primaryImageOfPage":{"@id":"https:\/\/turcon.es\/wp\/turcon-acude-al-defensor-del-pueblo-con-motivo-de-las-discrepancias-en-la-defensa-del-palmeral-de-maspalomas\/#primaryimage"},"image":{"@id":"https:\/\/turcon.es\/wp\/turcon-acude-al-defensor-del-pueblo-con-motivo-de-las-discrepancias-en-la-defensa-del-palmeral-de-maspalomas\/#primaryimage"},"thumbnailUrl":"https:\/\/turcon.es\/wp\/wp-content\/uploads\/2018\/12\/1.jpg?w=468","datePublished":"2018-12-19T12:01:27+00:00","breadcrumb":{"@id":"https:\/\/turcon.es\/wp\/turcon-acude-al-defensor-del-pueblo-con-motivo-de-las-discrepancias-en-la-defensa-del-palmeral-de-maspalomas\/#breadcrumb"},"inLanguage":"es","potentialAction":[{"@type":"ReadAction","target":["https:\/\/turcon.es\/wp\/turcon-acude-al-defensor-del-pueblo-con-motivo-de-las-discrepancias-en-la-defensa-del-palmeral-de-maspalomas\/"]}]},{"@type":"ImageObject","inLanguage":"es","@id":"https:\/\/turcon.es\/wp\/turcon-acude-al-defensor-del-pueblo-con-motivo-de-las-discrepancias-en-la-defensa-del-palmeral-de-maspalomas\/#primaryimage","url":"https:\/\/turcon.es\/wp\/wp-content\/uploads\/2018\/12\/1.jpg?w=468","contentUrl":"https:\/\/turcon.es\/wp\/wp-content\/uploads\/2018\/12\/1.jpg?w=468"},{"@type":"BreadcrumbList","@id":"https:\/\/turcon.es\/wp\/turcon-acude-al-defensor-del-pueblo-con-motivo-de-las-discrepancias-en-la-defensa-del-palmeral-de-maspalomas\/#breadcrumb","itemListElement":[{"@type":"ListItem","position":1,"name":"Portada","item":"https:\/\/turcon.es\/wp\/"},{"@type":"ListItem","position":2,"name":"TURCON ACUDE AL DEFENSOR DEL PUEBLO CON MOTIVO DE LAS DISCREPANCIAS EN LA DEFENSA DEL PALMERAL DE MASPALOMAS"}]},{"@type":"WebSite","@id":"https:\/\/turcon.es\/wp\/#website","url":"https:\/\/turcon.es\/wp\/","name":"Colectivo Ecologista Turcon","description":"","publisher":{"@id":"https:\/\/turcon.es\/wp\/#organization"},"potentialAction":[{"@type":"SearchAction","target":{"@type":"EntryPoint","urlTemplate":"https:\/\/turcon.es\/wp\/?s={search_term_string}"},"query-input":{"@type":"PropertyValueSpecification","valueRequired":true,"valueName":"search_term_string"}}],"inLanguage":"es"},{"@type":"Organization","@id":"https:\/\/turcon.es\/wp\/#organization","name":"Colectivo Ecologista Turcon","url":"https:\/\/turcon.es\/wp\/","logo":{"@type":"ImageObject","inLanguage":"es","@id":"https:\/\/turcon.es\/wp\/#\/schema\/logo\/image\/","url":"https:\/\/turcon.es\/wp\/wp-content\/uploads\/2025\/03\/logo-verde.svg","contentUrl":"https:\/\/turcon.es\/wp\/wp-content\/uploads\/2025\/03\/logo-verde.svg","width":813,"height":813,"caption":"Colectivo Ecologista Turcon"},"image":{"@id":"https:\/\/turcon.es\/wp\/#\/schema\/logo\/image\/"}},{"@type":"Person","@id":"https:\/\/turcon.es\/wp\/#\/schema\/person\/a1f3ba727ce031d9da17684affe85edd","name":"Laura Fernandez","image":{"@type":"ImageObject","inLanguage":"es","@id":"https:\/\/turcon.es\/wp\/#\/schema\/person\/image\/","url":"https:\/\/secure.gravatar.com\/avatar\/360749af9549af22e54582d50231ae56e854210ae2368797ba242f445a9852e8?s=96&d=mm&r=g","contentUrl":"https:\/\/secure.gravatar.com\/avatar\/360749af9549af22e54582d50231ae56e854210ae2368797ba242f445a9852e8?s=96&d=mm&r=g","caption":"Laura Fernandez"},"url":"https:\/\/turcon.es\/wp\/author\/admturcon\/"}]}},"_links":{"self":[{"href":"https:\/\/turcon.es\/wp\/wp-json\/wp\/v2\/posts\/14982","targetHints":{"allow":["GET"]}}],"collection":[{"href":"https:\/\/turcon.es\/wp\/wp-json\/wp\/v2\/posts"}],"about":[{"href":"https:\/\/turcon.es\/wp\/wp-json\/wp\/v2\/types\/post"}],"author":[{"embeddable":true,"href":"https:\/\/turcon.es\/wp\/wp-json\/wp\/v2\/users\/2"}],"replies":[{"embeddable":true,"href":"https:\/\/turcon.es\/wp\/wp-json\/wp\/v2\/comments?post=14982"}],"version-history":[{"count":0,"href":"https:\/\/turcon.es\/wp\/wp-json\/wp\/v2\/posts\/14982\/revisions"}],"wp:attachment":[{"href":"https:\/\/turcon.es\/wp\/wp-json\/wp\/v2\/media?parent=14982"}],"wp:term":[{"taxonomy":"category","embeddable":true,"href":"https:\/\/turcon.es\/wp\/wp-json\/wp\/v2\/categories?post=14982"},{"taxonomy":"post_tag","embeddable":true,"href":"https:\/\/turcon.es\/wp\/wp-json\/wp\/v2\/tags?post=14982"}],"curies":[{"name":"wp","href":"https:\/\/api.w.org\/{rel}","templated":true}]}}