{"id":15039,"date":"2019-03-11T07:46:30","date_gmt":"2019-03-11T07:46:30","guid":{"rendered":"https:\/\/turcon.wordpress.com\/?p=14225"},"modified":"2019-03-11T07:46:30","modified_gmt":"2019-03-11T07:46:30","slug":"a-la-sombra-de-gigantes-forestales-2","status":"publish","type":"post","link":"https:\/\/turcon.es\/wp\/a-la-sombra-de-gigantes-forestales-2\/","title":{"rendered":"A la sombra de gigantes forestales"},"content":{"rendered":"<p>La ruta se presentaba con buen tiempo. Una zona de mucha umbr\u00eda, donde las nubes cargadas de humedad penetran dejando los caminos muy resbaladizos. Sin embargo, el viento se tom\u00f3 un descanso y el sol ilumin\u00f3 los umbr\u00f3filos pinos canarios.<a href=\"https:\/\/turcon.es\/wp\/wp-content\/uploads\/2019\/03\/p1350564.jpg\"><img fetchpriority=\"high\" decoding=\"async\" class=\"alignright  wp-image-14226\" src=\"https:\/\/turcon.es\/wp\/wp-content\/uploads\/2019\/03\/p1350564.jpg?w=468\" alt=\"\" width=\"252\" height=\"336\" \/><\/a><\/p>\n<p>La ruta de Turc\u00f3n se desarroll\u00f3 con normalidad, aderezada con la presencia de numerosos ni\u00f1os y ni\u00f1as que con su alegr\u00eda y juegos acompa\u00f1aron en los 5,7 km de recorrido. Una ruta de nivel bajo, que ten\u00eda por objetivo llegar al Pino Muralla, quiz\u00e1s el pino m\u00e1s ancho de la Isla.<\/p>\n<p>El Pino Muralla junto a los otros centenarios podr\u00eda ser uno de los supervivientes del viejo bosque. Las dimensiones del pino asombraron a los caminantes y los ni\u00f1os y ni\u00f1as lo abrazaron para poder rodearlo completamente. 10 ni\u00f1os-as se necesitaron para poder alcanzar su per\u00edmetro, de casi 8 metros, con una longitud de pared de 3 metros, mientras que la altura de la b\u00f3veda se aproxima a los 20 metros. Son los datos de este espectacular ejemplar de pino canario.<\/p>\n<p><strong><u>Top\u00f3nimos del recorrido:<\/u><\/strong><\/p>\n<p>Mirador Pinos de G\u00e1ldar (1.546 m.a.), Hoya de Los Pinos, Las Paredillas, <strong>Pino Muralla, <\/strong>Pozo de Pav\u00f3n, Queser\u00edas de Pav\u00f3n, Cueva del Hoyo, Barranco Gusano, Barranco del Pinar.<\/p>\n<p><strong><u>Caldera de Pinos de G\u00e1ldar:<\/u><\/strong><\/p>\n<p>El fen\u00f3meno eruptivo de hace s\u00f3lo 2.700 a\u00f1os (muy poco tiempo en t\u00e9rminos geol\u00f3gicos) dio lugar a una caldera y a una importante acumulaci\u00f3n de picones negros, piroclastos que sepultaron una amplia superficie del pinar que exist\u00eda en la zona. La caldera, conocida como de los Pinos de G\u00e1ldar, recibi\u00f3 directamente el fitop\u00f3nimo forestal ante la presencia muy cercana de varios descendientes ancestrales de Pinus canariensis.<\/p>\n<p><strong>\u00a0<\/strong><strong><u>El Pino Muralla: ancho como ninguno<\/u><\/strong><\/p>\n<p>Podr\u00eda ser el m\u00e1s ancho de Gran Canaria. Despu\u00e9s de los incendios de Gran Canaria y la muerte de ejemplares de pinos singulares (Pilancones, Mulato, etc.), nos queda el Pino de Casandra (Presa Cuevas de Las Ni\u00f1as) y este Pino Muralla en el t\u00e9rmino municipal de Moya, que debe su nombre al estar situado junto a un murete de piedra seca.<\/p>\n<p><strong><u>Supervivientes del viejo bosque.<\/u><\/strong><\/p>\n<p>Nos dec\u00eda el ingeniero Guzm\u00e1n que \u201cresulta aventurado el c\u00e1lculo de la edad del \u00e1rbol, aunque como edad m\u00ednima seguramente nos quedaremos cortos con 350 a\u00f1os. Su cara norte, tanto en la corteza de la pared como en toda su extensi\u00f3n en altura, se encuentra acolchada por una completa colecci\u00f3n de musgos y l\u00edquenes\u201d, escribe Juan Guzm\u00e1n \u201c\u00c1rboles de Canarias\u201d, en PELLAGOFIO, 2017.<\/p>\n<p><strong><u>Nuestras pr\u00f3ximas actividades:<\/u><\/strong><\/p>\n<p><strong>\u00a0<\/strong>13 de abril de 2019, s\u00e1bado: Macizo de Amurga. Nivel extremo.<\/p>\n<p>18 de mayo de 2019, s\u00e1bado: Barranco de La Solana. Nivel alto.<\/p>\n<p>16 de junio de 2019, domingo: Los Olivos. Nivel bajo.<\/p>\n<p><strong>\u00a0<u>VIAJE A RUMAN\u00cdA:<\/u><\/strong><strong>\u00a0abierto el plazo de inscripci\u00f3n<\/strong><\/p>\n<h2><span style=\"color:#ff0000;\"><strong>GALER\u00cdA DE FOTOS DE LA RUTA:<\/strong><\/span><\/h2>\n\n","protected":false},"excerpt":{"rendered":"<p>La ruta se presentaba con buen tiempo. Una zona de mucha umbr\u00eda, donde las nubes cargadas de humedad penetran dejando los caminos muy resbaladizos. Sin embargo, el viento se tom\u00f3 un descanso y el sol ilumin\u00f3 los umbr\u00f3filos pinos canarios. La ruta de Turc\u00f3n se desarroll\u00f3 con normalidad, aderezada con la presencia de numerosos ni\u00f1os [&hellip;]<\/p>\n","protected":false},"author":2,"featured_media":0,"comment_status":"open","ping_status":"open","sticky":false,"template":"","format":"standard","meta":{"footnotes":""},"categories":[6,9,10,37,39,41,69,45,46,49,53,55,57,58],"tags":[],"class_list":["post-15039","post","type-post","status-publish","format-standard","hentry","category-actividades-turcon","category-agricultura-y-ganaderia","category-agua","category-espacios-naturales","category-fauna-y-flora","category-gran-canaria","category-movimiento-ciudadano","category-ninos","category-notas-de-prensa-de-turcon","category-patrimonio-historico","category-recomendamos-para-leer","category-recursos-naturales","category-senderismo","category-sociedad-y-derechos"],"yoast_head":"<!-- This site is optimized with the Yoast SEO plugin v26.3 - https:\/\/yoast.com\/wordpress\/plugins\/seo\/ -->\n<title>A la sombra de gigantes forestales - Colectivo Ecologista Turcon<\/title>\n<meta name=\"robots\" content=\"index, follow, max-snippet:-1, max-image-preview:large, max-video-preview:-1\" \/>\n<link rel=\"canonical\" href=\"https:\/\/turcon.es\/wp\/a-la-sombra-de-gigantes-forestales-2\/\" \/>\n<meta property=\"og:locale\" content=\"es_ES\" \/>\n<meta property=\"og:type\" content=\"article\" \/>\n<meta property=\"og:title\" content=\"A la sombra de gigantes forestales - Colectivo Ecologista Turcon\" \/>\n<meta property=\"og:description\" content=\"La ruta se presentaba con buen tiempo. Una zona de mucha umbr\u00eda, donde las nubes cargadas de humedad penetran dejando los caminos muy resbaladizos. Sin embargo, el viento se tom\u00f3 un descanso y el sol ilumin\u00f3 los umbr\u00f3filos pinos canarios. La ruta de Turc\u00f3n se desarroll\u00f3 con normalidad, aderezada con la presencia de numerosos ni\u00f1os [&hellip;]\" \/>\n<meta property=\"og:url\" content=\"https:\/\/turcon.es\/wp\/a-la-sombra-de-gigantes-forestales-2\/\" \/>\n<meta property=\"og:site_name\" content=\"Colectivo Ecologista Turcon\" \/>\n<meta property=\"article:published_time\" content=\"2019-03-11T07:46:30+00:00\" \/>\n<meta name=\"author\" content=\"Laura Fernandez\" \/>\n<meta name=\"twitter:card\" content=\"summary_large_image\" \/>\n<meta name=\"twitter:label1\" content=\"Escrito por\" \/>\n\t<meta name=\"twitter:data1\" content=\"Laura Fernandez\" \/>\n\t<meta name=\"twitter:label2\" content=\"Tiempo de lectura\" \/>\n\t<meta name=\"twitter:data2\" content=\"2 minutos\" \/>\n<script type=\"application\/ld+json\" class=\"yoast-schema-graph\">{\"@context\":\"https:\/\/schema.org\",\"@graph\":[{\"@type\":\"Article\",\"@id\":\"https:\/\/turcon.es\/wp\/a-la-sombra-de-gigantes-forestales-2\/#article\",\"isPartOf\":{\"@id\":\"https:\/\/turcon.es\/wp\/a-la-sombra-de-gigantes-forestales-2\/\"},\"author\":{\"name\":\"Laura Fernandez\",\"@id\":\"https:\/\/turcon.es\/wp\/#\/schema\/person\/a1f3ba727ce031d9da17684affe85edd\"},\"headline\":\"A la sombra de gigantes forestales\",\"datePublished\":\"2019-03-11T07:46:30+00:00\",\"mainEntityOfPage\":{\"@id\":\"https:\/\/turcon.es\/wp\/a-la-sombra-de-gigantes-forestales-2\/\"},\"wordCount\":502,\"commentCount\":0,\"publisher\":{\"@id\":\"https:\/\/turcon.es\/wp\/#organization\"},\"image\":{\"@id\":\"https:\/\/turcon.es\/wp\/a-la-sombra-de-gigantes-forestales-2\/#primaryimage\"},\"thumbnailUrl\":\"https:\/\/turcon.es\/wp\/wp-content\/uploads\/2019\/03\/p1350564.jpg?w=468\",\"articleSection\":[\"#Actividades Turc\u00f3n#\",\"Agricultura y ganader\u00eda\",\"Agua\",\"Espacios Naturales\",\"Fauna y flora\",\"Gran Canaria\",\"Movimiento ciudadano\",\"Ni\u00f1os\",\"Notas de prensa de Turc\u00f3n\",\"Patrimonio hist\u00f3rico\",\"Recomendamos para leer\",\"Recursos naturales\",\"Senderismo\",\"Sociedad y derechos\"],\"inLanguage\":\"es\",\"potentialAction\":[{\"@type\":\"CommentAction\",\"name\":\"Comment\",\"target\":[\"https:\/\/turcon.es\/wp\/a-la-sombra-de-gigantes-forestales-2\/#respond\"]}]},{\"@type\":\"WebPage\",\"@id\":\"https:\/\/turcon.es\/wp\/a-la-sombra-de-gigantes-forestales-2\/\",\"url\":\"https:\/\/turcon.es\/wp\/a-la-sombra-de-gigantes-forestales-2\/\",\"name\":\"A la sombra de gigantes forestales - Colectivo Ecologista Turcon\",\"isPartOf\":{\"@id\":\"https:\/\/turcon.es\/wp\/#website\"},\"primaryImageOfPage\":{\"@id\":\"https:\/\/turcon.es\/wp\/a-la-sombra-de-gigantes-forestales-2\/#primaryimage\"},\"image\":{\"@id\":\"https:\/\/turcon.es\/wp\/a-la-sombra-de-gigantes-forestales-2\/#primaryimage\"},\"thumbnailUrl\":\"https:\/\/turcon.es\/wp\/wp-content\/uploads\/2019\/03\/p1350564.jpg?w=468\",\"datePublished\":\"2019-03-11T07:46:30+00:00\",\"breadcrumb\":{\"@id\":\"https:\/\/turcon.es\/wp\/a-la-sombra-de-gigantes-forestales-2\/#breadcrumb\"},\"inLanguage\":\"es\",\"potentialAction\":[{\"@type\":\"ReadAction\",\"target\":[\"https:\/\/turcon.es\/wp\/a-la-sombra-de-gigantes-forestales-2\/\"]}]},{\"@type\":\"ImageObject\",\"inLanguage\":\"es\",\"@id\":\"https:\/\/turcon.es\/wp\/a-la-sombra-de-gigantes-forestales-2\/#primaryimage\",\"url\":\"https:\/\/turcon.es\/wp\/wp-content\/uploads\/2019\/03\/p1350564.jpg?w=468\",\"contentUrl\":\"https:\/\/turcon.es\/wp\/wp-content\/uploads\/2019\/03\/p1350564.jpg?w=468\"},{\"@type\":\"BreadcrumbList\",\"@id\":\"https:\/\/turcon.es\/wp\/a-la-sombra-de-gigantes-forestales-2\/#breadcrumb\",\"itemListElement\":[{\"@type\":\"ListItem\",\"position\":1,\"name\":\"Portada\",\"item\":\"https:\/\/turcon.es\/wp\/\"},{\"@type\":\"ListItem\",\"position\":2,\"name\":\"A la sombra de gigantes forestales\"}]},{\"@type\":\"WebSite\",\"@id\":\"https:\/\/turcon.es\/wp\/#website\",\"url\":\"https:\/\/turcon.es\/wp\/\",\"name\":\"Colectivo Ecologista Turcon\",\"description\":\"\",\"publisher\":{\"@id\":\"https:\/\/turcon.es\/wp\/#organization\"},\"potentialAction\":[{\"@type\":\"SearchAction\",\"target\":{\"@type\":\"EntryPoint\",\"urlTemplate\":\"https:\/\/turcon.es\/wp\/?s={search_term_string}\"},\"query-input\":{\"@type\":\"PropertyValueSpecification\",\"valueRequired\":true,\"valueName\":\"search_term_string\"}}],\"inLanguage\":\"es\"},{\"@type\":\"Organization\",\"@id\":\"https:\/\/turcon.es\/wp\/#organization\",\"name\":\"Colectivo Ecologista Turcon\",\"url\":\"https:\/\/turcon.es\/wp\/\",\"logo\":{\"@type\":\"ImageObject\",\"inLanguage\":\"es\",\"@id\":\"https:\/\/turcon.es\/wp\/#\/schema\/logo\/image\/\",\"url\":\"https:\/\/turcon.es\/wp\/wp-content\/uploads\/2025\/03\/logo-verde.svg\",\"contentUrl\":\"https:\/\/turcon.es\/wp\/wp-content\/uploads\/2025\/03\/logo-verde.svg\",\"width\":813,\"height\":813,\"caption\":\"Colectivo Ecologista Turcon\"},\"image\":{\"@id\":\"https:\/\/turcon.es\/wp\/#\/schema\/logo\/image\/\"}},{\"@type\":\"Person\",\"@id\":\"https:\/\/turcon.es\/wp\/#\/schema\/person\/a1f3ba727ce031d9da17684affe85edd\",\"name\":\"Laura Fernandez\",\"image\":{\"@type\":\"ImageObject\",\"inLanguage\":\"es\",\"@id\":\"https:\/\/turcon.es\/wp\/#\/schema\/person\/image\/\",\"url\":\"https:\/\/secure.gravatar.com\/avatar\/360749af9549af22e54582d50231ae56e854210ae2368797ba242f445a9852e8?s=96&d=mm&r=g\",\"contentUrl\":\"https:\/\/secure.gravatar.com\/avatar\/360749af9549af22e54582d50231ae56e854210ae2368797ba242f445a9852e8?s=96&d=mm&r=g\",\"caption\":\"Laura Fernandez\"},\"url\":\"https:\/\/turcon.es\/wp\/author\/admturcon\/\"}]}<\/script>\n<!-- \/ Yoast SEO plugin. -->","yoast_head_json":{"title":"A la sombra de gigantes forestales - Colectivo Ecologista Turcon","robots":{"index":"index","follow":"follow","max-snippet":"max-snippet:-1","max-image-preview":"max-image-preview:large","max-video-preview":"max-video-preview:-1"},"canonical":"https:\/\/turcon.es\/wp\/a-la-sombra-de-gigantes-forestales-2\/","og_locale":"es_ES","og_type":"article","og_title":"A la sombra de gigantes forestales - Colectivo Ecologista Turcon","og_description":"La ruta se presentaba con buen tiempo. Una zona de mucha umbr\u00eda, donde las nubes cargadas de humedad penetran dejando los caminos muy resbaladizos. Sin embargo, el viento se tom\u00f3 un descanso y el sol ilumin\u00f3 los umbr\u00f3filos pinos canarios. La ruta de Turc\u00f3n se desarroll\u00f3 con normalidad, aderezada con la presencia de numerosos ni\u00f1os [&hellip;]","og_url":"https:\/\/turcon.es\/wp\/a-la-sombra-de-gigantes-forestales-2\/","og_site_name":"Colectivo Ecologista Turcon","article_published_time":"2019-03-11T07:46:30+00:00","author":"Laura Fernandez","twitter_card":"summary_large_image","twitter_misc":{"Escrito por":"Laura Fernandez","Tiempo de lectura":"2 minutos"},"schema":{"@context":"https:\/\/schema.org","@graph":[{"@type":"Article","@id":"https:\/\/turcon.es\/wp\/a-la-sombra-de-gigantes-forestales-2\/#article","isPartOf":{"@id":"https:\/\/turcon.es\/wp\/a-la-sombra-de-gigantes-forestales-2\/"},"author":{"name":"Laura Fernandez","@id":"https:\/\/turcon.es\/wp\/#\/schema\/person\/a1f3ba727ce031d9da17684affe85edd"},"headline":"A la sombra de gigantes forestales","datePublished":"2019-03-11T07:46:30+00:00","mainEntityOfPage":{"@id":"https:\/\/turcon.es\/wp\/a-la-sombra-de-gigantes-forestales-2\/"},"wordCount":502,"commentCount":0,"publisher":{"@id":"https:\/\/turcon.es\/wp\/#organization"},"image":{"@id":"https:\/\/turcon.es\/wp\/a-la-sombra-de-gigantes-forestales-2\/#primaryimage"},"thumbnailUrl":"https:\/\/turcon.es\/wp\/wp-content\/uploads\/2019\/03\/p1350564.jpg?w=468","articleSection":["#Actividades Turc\u00f3n#","Agricultura y ganader\u00eda","Agua","Espacios Naturales","Fauna y flora","Gran Canaria","Movimiento ciudadano","Ni\u00f1os","Notas de prensa de Turc\u00f3n","Patrimonio hist\u00f3rico","Recomendamos para leer","Recursos naturales","Senderismo","Sociedad y derechos"],"inLanguage":"es","potentialAction":[{"@type":"CommentAction","name":"Comment","target":["https:\/\/turcon.es\/wp\/a-la-sombra-de-gigantes-forestales-2\/#respond"]}]},{"@type":"WebPage","@id":"https:\/\/turcon.es\/wp\/a-la-sombra-de-gigantes-forestales-2\/","url":"https:\/\/turcon.es\/wp\/a-la-sombra-de-gigantes-forestales-2\/","name":"A la sombra de gigantes forestales - Colectivo Ecologista Turcon","isPartOf":{"@id":"https:\/\/turcon.es\/wp\/#website"},"primaryImageOfPage":{"@id":"https:\/\/turcon.es\/wp\/a-la-sombra-de-gigantes-forestales-2\/#primaryimage"},"image":{"@id":"https:\/\/turcon.es\/wp\/a-la-sombra-de-gigantes-forestales-2\/#primaryimage"},"thumbnailUrl":"https:\/\/turcon.es\/wp\/wp-content\/uploads\/2019\/03\/p1350564.jpg?w=468","datePublished":"2019-03-11T07:46:30+00:00","breadcrumb":{"@id":"https:\/\/turcon.es\/wp\/a-la-sombra-de-gigantes-forestales-2\/#breadcrumb"},"inLanguage":"es","potentialAction":[{"@type":"ReadAction","target":["https:\/\/turcon.es\/wp\/a-la-sombra-de-gigantes-forestales-2\/"]}]},{"@type":"ImageObject","inLanguage":"es","@id":"https:\/\/turcon.es\/wp\/a-la-sombra-de-gigantes-forestales-2\/#primaryimage","url":"https:\/\/turcon.es\/wp\/wp-content\/uploads\/2019\/03\/p1350564.jpg?w=468","contentUrl":"https:\/\/turcon.es\/wp\/wp-content\/uploads\/2019\/03\/p1350564.jpg?w=468"},{"@type":"BreadcrumbList","@id":"https:\/\/turcon.es\/wp\/a-la-sombra-de-gigantes-forestales-2\/#breadcrumb","itemListElement":[{"@type":"ListItem","position":1,"name":"Portada","item":"https:\/\/turcon.es\/wp\/"},{"@type":"ListItem","position":2,"name":"A la sombra de gigantes forestales"}]},{"@type":"WebSite","@id":"https:\/\/turcon.es\/wp\/#website","url":"https:\/\/turcon.es\/wp\/","name":"Colectivo Ecologista Turcon","description":"","publisher":{"@id":"https:\/\/turcon.es\/wp\/#organization"},"potentialAction":[{"@type":"SearchAction","target":{"@type":"EntryPoint","urlTemplate":"https:\/\/turcon.es\/wp\/?s={search_term_string}"},"query-input":{"@type":"PropertyValueSpecification","valueRequired":true,"valueName":"search_term_string"}}],"inLanguage":"es"},{"@type":"Organization","@id":"https:\/\/turcon.es\/wp\/#organization","name":"Colectivo Ecologista Turcon","url":"https:\/\/turcon.es\/wp\/","logo":{"@type":"ImageObject","inLanguage":"es","@id":"https:\/\/turcon.es\/wp\/#\/schema\/logo\/image\/","url":"https:\/\/turcon.es\/wp\/wp-content\/uploads\/2025\/03\/logo-verde.svg","contentUrl":"https:\/\/turcon.es\/wp\/wp-content\/uploads\/2025\/03\/logo-verde.svg","width":813,"height":813,"caption":"Colectivo Ecologista Turcon"},"image":{"@id":"https:\/\/turcon.es\/wp\/#\/schema\/logo\/image\/"}},{"@type":"Person","@id":"https:\/\/turcon.es\/wp\/#\/schema\/person\/a1f3ba727ce031d9da17684affe85edd","name":"Laura Fernandez","image":{"@type":"ImageObject","inLanguage":"es","@id":"https:\/\/turcon.es\/wp\/#\/schema\/person\/image\/","url":"https:\/\/secure.gravatar.com\/avatar\/360749af9549af22e54582d50231ae56e854210ae2368797ba242f445a9852e8?s=96&d=mm&r=g","contentUrl":"https:\/\/secure.gravatar.com\/avatar\/360749af9549af22e54582d50231ae56e854210ae2368797ba242f445a9852e8?s=96&d=mm&r=g","caption":"Laura Fernandez"},"url":"https:\/\/turcon.es\/wp\/author\/admturcon\/"}]}},"_links":{"self":[{"href":"https:\/\/turcon.es\/wp\/wp-json\/wp\/v2\/posts\/15039","targetHints":{"allow":["GET"]}}],"collection":[{"href":"https:\/\/turcon.es\/wp\/wp-json\/wp\/v2\/posts"}],"about":[{"href":"https:\/\/turcon.es\/wp\/wp-json\/wp\/v2\/types\/post"}],"author":[{"embeddable":true,"href":"https:\/\/turcon.es\/wp\/wp-json\/wp\/v2\/users\/2"}],"replies":[{"embeddable":true,"href":"https:\/\/turcon.es\/wp\/wp-json\/wp\/v2\/comments?post=15039"}],"version-history":[{"count":0,"href":"https:\/\/turcon.es\/wp\/wp-json\/wp\/v2\/posts\/15039\/revisions"}],"wp:attachment":[{"href":"https:\/\/turcon.es\/wp\/wp-json\/wp\/v2\/media?parent=15039"}],"wp:term":[{"taxonomy":"category","embeddable":true,"href":"https:\/\/turcon.es\/wp\/wp-json\/wp\/v2\/categories?post=15039"},{"taxonomy":"post_tag","embeddable":true,"href":"https:\/\/turcon.es\/wp\/wp-json\/wp\/v2\/tags?post=15039"}],"curies":[{"name":"wp","href":"https:\/\/api.w.org\/{rel}","templated":true}]}}