{"id":15044,"date":"2019-03-28T17:33:49","date_gmt":"2019-03-28T17:33:49","guid":{"rendered":"https:\/\/turcon.wordpress.com\/?p=14245"},"modified":"2019-03-28T17:33:49","modified_gmt":"2019-03-28T17:33:49","slug":"debate-sobre-la-vivienda-vacacional-luces-y-sombras-conociendo-problematicas","status":"publish","type":"post","link":"https:\/\/turcon.es\/wp\/debate-sobre-la-vivienda-vacacional-luces-y-sombras-conociendo-problematicas\/","title":{"rendered":"Debate sobre la Vivienda Vacacional: luces y sombras. Conociendo problem\u00e1ticas."},"content":{"rendered":"<ul>\n<li>El Colectivo Turc\u00f3n-EeA organiza su III Eco-taller. <span style=\"color:#800000;\"><strong>Ser\u00e1 el viernes, d\u00eda 05 de abril, de 19 a 21 horas<\/strong><\/span>, en su sede social de San Gregorio, Telde.<\/li>\n<li>El debate ser\u00e1 sobre la vivienda vacacional: luces y sombras.<\/li>\n<li>Participaran en el mismo, expertos que conocen las dos variantes de un debate del sector inmobiliario de alquileres de pisos, viviendas, comunidades de propietarios, etc.<\/li>\n<\/ul>\n<p>El debate generado en la sociedad parece estar centrado en el derecho de los propietarios\/as a dedicar sus pisos a la actividad vacacional y al supuesto dinero que ingresan las ciudades gracias al turismo de vivienda vacacional.<\/p>\n<p><a href=\"https:\/\/turcon.es\/wp\/wp-content\/uploads\/2019\/03\/whatsapp-image-2019-03-21-at-10.19.40.jpeg\"><img fetchpriority=\"high\" decoding=\"async\" class=\" wp-image-14276 alignright\" src=\"https:\/\/turcon.es\/wp\/wp-content\/uploads\/2019\/03\/whatsapp-image-2019-03-21-at-10.19.40.jpeg\" alt=\"\" width=\"283\" height=\"398\" \/><\/a><\/p>\n<p>&nbsp;<\/p>\n<p><strong>La turistizaci\u00f3n de los n\u00facleos urbano propici\u00f3 una manifestaci\u00f3n el pasado mes en <\/strong><strong>la capital grancanaria.<\/strong><\/p>\n<p>En el nuevo borrador de Decreto, el Gobierno de Canaria<!--more--> reconoce que \u201cla admisibilidad del uso tur\u00edstico de las viviendas como uso compatible en todo el suelo del archipi\u00e9lago puede suponer una alteraci\u00f3n de los principios y fines referidos, con evidente impacto en el mercado inmobiliario de alquiler. La posibilidad de que el proceso de conversi\u00f3n de las viviendas en alojamientos tur\u00edsticos en alquiler provoque o pueda provocar impactos negativos en cuanto al acceso a la vivienda con la consiguiente expulsi\u00f3n del residente local, dado el encarecimiento de la vivienda, justifica una regulaci\u00f3n que favorezca, en su caso, la opci\u00f3n de salvaguardar el derecho de la poblaci\u00f3n local a una vivienda digna y a precios razonables, considerado el residente como consumidor demandante de vivienda en alquiler y, por tanto, merecedor de protecci\u00f3n. Siempre con los l\u00edmites que supone el mercado libre de viviendas, el planificador puede atender a esta realidad al tiempo de configurar el modelo adecuado a los respectivos territorios\u201d.<\/p>\n<p>El anterior Decreto 113\/2015, de 22 de mayo, por el que se aprueba el <strong><em>Reglamento de las viviendas vacacionales de la Comunidad Aut\u00f3noma de Canaria<\/em><\/strong>s, fue anulado por sentencia del Tribunal Supremo. La normativa que ha regulado hasta ahora la vivienda vacacional en Canarias imped\u00eda ofrecer ese tipo de alquileres en zonas catalogadas oficialmente como tur\u00edsticas, lo que en la pr\u00e1ctica vetaba esa actividad en buena parte de la comunidad aut\u00f3noma o, como denunciaban los afectados, por lo menos en algunos de los lugares m\u00e1s demandados por los clientes de este tipo de alojamiento.<\/p>\n<p>El Alto Tribunal fall\u00f3 que establecer esa prohibici\u00f3n contraviene la libertad de empresa que garantiza la Constituci\u00f3n Espa\u00f1ola y la libre prestaci\u00f3n de servicios que consagra la Directiva Europea relativa a Servicios de Mercado Interior de 2006.<\/p>\n<p>Es necesario, pues abrir el debate a otros aspectos relacionados con las viviendas, tanto en el suelo urbano no tur\u00edstico, como tur\u00edstico, donde estas modalidades de alquiler est\u00e1n expulsando a otras personas a la periferia.<\/p>\n<p>En definitiva, un debate con luces y sombras, donde te invitamos a conocer las m\u00faltiples aristas de una problem\u00e1tica.<\/p>\n<p><strong><u>Datos del III-Ecotaller.<\/u><\/strong><\/p>\n<h3><span style=\"color:#800000;\">Ser\u00e1 el viernes, 05 de abril, <strong>de 19 a 21 horas<\/strong>, en su local Social de Turc\u00f3n, calle Reyes Cat\u00f3licos, n\u00ba 9, bajo, Telde.<\/span><a href=\"https:\/\/turcon.es\/wp\/wp-content\/uploads\/2018\/02\/logo2018.png\"><img decoding=\"async\" class=\"alignright wp-image-13111\" src=\"https:\/\/turcon.es\/wp\/wp-content\/uploads\/2018\/02\/logo2018.png?w=468\" alt=\"\" width=\"248\" height=\"182\" \/><\/a><\/h3>\n<p>Estos eco-talleres cuentan con el apoyo del Cabildo de Gran Canaria, a trav\u00e9s de la Consejer\u00eda de Igualdad y Participaci\u00f3n Ciudadana y se desarrollan en Telde. Es una actividad formativa y divulgativa. La entrada y participaci\u00f3n es libre y gratuita.<\/p>\n<p>&nbsp;<\/p>\n","protected":false},"excerpt":{"rendered":"<p>El Colectivo Turc\u00f3n-EeA organiza su III Eco-taller. Ser\u00e1 el viernes, d\u00eda 05 de abril, de 19 a 21 horas, en su sede social de San Gregorio, Telde. El debate ser\u00e1 sobre la vivienda vacacional: luces y sombras. Participaran en el mismo, expertos que conocen las dos variantes de un debate del sector inmobiliario de alquileres [&hellip;]<\/p>\n","protected":false},"author":2,"featured_media":0,"comment_status":"open","ping_status":"open","sticky":false,"template":"","format":"standard","meta":{"footnotes":""},"categories":[6,8,18,24,40,41,43,69,46,53,58,60,65],"tags":[],"class_list":["post-15044","post","type-post","status-publish","format-standard","hentry","category-actividades-turcon","category-administracion-publica","category-canarias","category-consumismo","category-gobierno","category-gran-canaria","category-infraestructuras","category-movimiento-ciudadano","category-notas-de-prensa-de-turcon","category-recomendamos-para-leer","category-sociedad-y-derechos","category-telde-gran-canaria","category-urbanismo"],"yoast_head":"<!-- This site is optimized with the Yoast SEO plugin v26.3 - https:\/\/yoast.com\/wordpress\/plugins\/seo\/ -->\n<title>Debate sobre la Vivienda Vacacional: luces y sombras. Conociendo problem\u00e1ticas. - Colectivo Ecologista Turcon<\/title>\n<meta name=\"robots\" content=\"index, follow, max-snippet:-1, max-image-preview:large, max-video-preview:-1\" \/>\n<link rel=\"canonical\" href=\"https:\/\/turcon.es\/wp\/debate-sobre-la-vivienda-vacacional-luces-y-sombras-conociendo-problematicas\/\" \/>\n<meta property=\"og:locale\" content=\"es_ES\" \/>\n<meta property=\"og:type\" content=\"article\" \/>\n<meta property=\"og:title\" content=\"Debate sobre la Vivienda Vacacional: luces y sombras. Conociendo problem\u00e1ticas. - Colectivo Ecologista Turcon\" \/>\n<meta property=\"og:description\" content=\"El Colectivo Turc\u00f3n-EeA organiza su III Eco-taller. Ser\u00e1 el viernes, d\u00eda 05 de abril, de 19 a 21 horas, en su sede social de San Gregorio, Telde. El debate ser\u00e1 sobre la vivienda vacacional: luces y sombras. Participaran en el mismo, expertos que conocen las dos variantes de un debate del sector inmobiliario de alquileres [&hellip;]\" \/>\n<meta property=\"og:url\" content=\"https:\/\/turcon.es\/wp\/debate-sobre-la-vivienda-vacacional-luces-y-sombras-conociendo-problematicas\/\" \/>\n<meta property=\"og:site_name\" content=\"Colectivo Ecologista Turcon\" \/>\n<meta property=\"article:published_time\" content=\"2019-03-28T17:33:49+00:00\" \/>\n<meta name=\"author\" content=\"Laura Fernandez\" \/>\n<meta name=\"twitter:card\" content=\"summary_large_image\" \/>\n<meta name=\"twitter:label1\" content=\"Escrito por\" \/>\n\t<meta name=\"twitter:data1\" content=\"Laura Fernandez\" \/>\n\t<meta name=\"twitter:label2\" content=\"Tiempo de lectura\" \/>\n\t<meta name=\"twitter:data2\" content=\"3 minutos\" \/>\n<script type=\"application\/ld+json\" class=\"yoast-schema-graph\">{\"@context\":\"https:\/\/schema.org\",\"@graph\":[{\"@type\":\"Article\",\"@id\":\"https:\/\/turcon.es\/wp\/debate-sobre-la-vivienda-vacacional-luces-y-sombras-conociendo-problematicas\/#article\",\"isPartOf\":{\"@id\":\"https:\/\/turcon.es\/wp\/debate-sobre-la-vivienda-vacacional-luces-y-sombras-conociendo-problematicas\/\"},\"author\":{\"name\":\"Laura Fernandez\",\"@id\":\"https:\/\/turcon.es\/wp\/#\/schema\/person\/a1f3ba727ce031d9da17684affe85edd\"},\"headline\":\"Debate sobre la Vivienda Vacacional: luces y sombras. Conociendo problem\u00e1ticas.\",\"datePublished\":\"2019-03-28T17:33:49+00:00\",\"mainEntityOfPage\":{\"@id\":\"https:\/\/turcon.es\/wp\/debate-sobre-la-vivienda-vacacional-luces-y-sombras-conociendo-problematicas\/\"},\"wordCount\":570,\"commentCount\":1,\"publisher\":{\"@id\":\"https:\/\/turcon.es\/wp\/#organization\"},\"image\":{\"@id\":\"https:\/\/turcon.es\/wp\/debate-sobre-la-vivienda-vacacional-luces-y-sombras-conociendo-problematicas\/#primaryimage\"},\"thumbnailUrl\":\"https:\/\/turcon.es\/wp\/wp-content\/uploads\/2019\/03\/whatsapp-image-2019-03-21-at-10.19.40.jpeg\",\"articleSection\":[\"#Actividades Turc\u00f3n#\",\"Administraci\u00f3n p\u00fablica\",\"Canarias\",\"Consumismo\",\"Gobierno\",\"Gran Canaria\",\"Infraestructuras\",\"Movimiento ciudadano\",\"Notas de prensa de Turc\u00f3n\",\"Recomendamos para leer\",\"Sociedad y derechos\",\"Telde (Gran Canaria)\",\"Urbanismo\"],\"inLanguage\":\"es\",\"potentialAction\":[{\"@type\":\"CommentAction\",\"name\":\"Comment\",\"target\":[\"https:\/\/turcon.es\/wp\/debate-sobre-la-vivienda-vacacional-luces-y-sombras-conociendo-problematicas\/#respond\"]}]},{\"@type\":\"WebPage\",\"@id\":\"https:\/\/turcon.es\/wp\/debate-sobre-la-vivienda-vacacional-luces-y-sombras-conociendo-problematicas\/\",\"url\":\"https:\/\/turcon.es\/wp\/debate-sobre-la-vivienda-vacacional-luces-y-sombras-conociendo-problematicas\/\",\"name\":\"Debate sobre la Vivienda Vacacional: luces y sombras. Conociendo problem\u00e1ticas. - Colectivo Ecologista Turcon\",\"isPartOf\":{\"@id\":\"https:\/\/turcon.es\/wp\/#website\"},\"primaryImageOfPage\":{\"@id\":\"https:\/\/turcon.es\/wp\/debate-sobre-la-vivienda-vacacional-luces-y-sombras-conociendo-problematicas\/#primaryimage\"},\"image\":{\"@id\":\"https:\/\/turcon.es\/wp\/debate-sobre-la-vivienda-vacacional-luces-y-sombras-conociendo-problematicas\/#primaryimage\"},\"thumbnailUrl\":\"https:\/\/turcon.es\/wp\/wp-content\/uploads\/2019\/03\/whatsapp-image-2019-03-21-at-10.19.40.jpeg\",\"datePublished\":\"2019-03-28T17:33:49+00:00\",\"breadcrumb\":{\"@id\":\"https:\/\/turcon.es\/wp\/debate-sobre-la-vivienda-vacacional-luces-y-sombras-conociendo-problematicas\/#breadcrumb\"},\"inLanguage\":\"es\",\"potentialAction\":[{\"@type\":\"ReadAction\",\"target\":[\"https:\/\/turcon.es\/wp\/debate-sobre-la-vivienda-vacacional-luces-y-sombras-conociendo-problematicas\/\"]}]},{\"@type\":\"ImageObject\",\"inLanguage\":\"es\",\"@id\":\"https:\/\/turcon.es\/wp\/debate-sobre-la-vivienda-vacacional-luces-y-sombras-conociendo-problematicas\/#primaryimage\",\"url\":\"https:\/\/turcon.es\/wp\/wp-content\/uploads\/2019\/03\/whatsapp-image-2019-03-21-at-10.19.40.jpeg\",\"contentUrl\":\"https:\/\/turcon.es\/wp\/wp-content\/uploads\/2019\/03\/whatsapp-image-2019-03-21-at-10.19.40.jpeg\"},{\"@type\":\"BreadcrumbList\",\"@id\":\"https:\/\/turcon.es\/wp\/debate-sobre-la-vivienda-vacacional-luces-y-sombras-conociendo-problematicas\/#breadcrumb\",\"itemListElement\":[{\"@type\":\"ListItem\",\"position\":1,\"name\":\"Portada\",\"item\":\"https:\/\/turcon.es\/wp\/\"},{\"@type\":\"ListItem\",\"position\":2,\"name\":\"Debate sobre la Vivienda Vacacional: luces y sombras. Conociendo problem\u00e1ticas.\"}]},{\"@type\":\"WebSite\",\"@id\":\"https:\/\/turcon.es\/wp\/#website\",\"url\":\"https:\/\/turcon.es\/wp\/\",\"name\":\"Colectivo Ecologista Turcon\",\"description\":\"\",\"publisher\":{\"@id\":\"https:\/\/turcon.es\/wp\/#organization\"},\"potentialAction\":[{\"@type\":\"SearchAction\",\"target\":{\"@type\":\"EntryPoint\",\"urlTemplate\":\"https:\/\/turcon.es\/wp\/?s={search_term_string}\"},\"query-input\":{\"@type\":\"PropertyValueSpecification\",\"valueRequired\":true,\"valueName\":\"search_term_string\"}}],\"inLanguage\":\"es\"},{\"@type\":\"Organization\",\"@id\":\"https:\/\/turcon.es\/wp\/#organization\",\"name\":\"Colectivo Ecologista Turcon\",\"url\":\"https:\/\/turcon.es\/wp\/\",\"logo\":{\"@type\":\"ImageObject\",\"inLanguage\":\"es\",\"@id\":\"https:\/\/turcon.es\/wp\/#\/schema\/logo\/image\/\",\"url\":\"https:\/\/turcon.es\/wp\/wp-content\/uploads\/2025\/03\/logo-verde.svg\",\"contentUrl\":\"https:\/\/turcon.es\/wp\/wp-content\/uploads\/2025\/03\/logo-verde.svg\",\"width\":813,\"height\":813,\"caption\":\"Colectivo Ecologista Turcon\"},\"image\":{\"@id\":\"https:\/\/turcon.es\/wp\/#\/schema\/logo\/image\/\"}},{\"@type\":\"Person\",\"@id\":\"https:\/\/turcon.es\/wp\/#\/schema\/person\/a1f3ba727ce031d9da17684affe85edd\",\"name\":\"Laura Fernandez\",\"image\":{\"@type\":\"ImageObject\",\"inLanguage\":\"es\",\"@id\":\"https:\/\/turcon.es\/wp\/#\/schema\/person\/image\/\",\"url\":\"https:\/\/secure.gravatar.com\/avatar\/360749af9549af22e54582d50231ae56e854210ae2368797ba242f445a9852e8?s=96&d=mm&r=g\",\"contentUrl\":\"https:\/\/secure.gravatar.com\/avatar\/360749af9549af22e54582d50231ae56e854210ae2368797ba242f445a9852e8?s=96&d=mm&r=g\",\"caption\":\"Laura Fernandez\"},\"url\":\"https:\/\/turcon.es\/wp\/author\/admturcon\/\"}]}<\/script>\n<!-- \/ Yoast SEO plugin. -->","yoast_head_json":{"title":"Debate sobre la Vivienda Vacacional: luces y sombras. Conociendo problem\u00e1ticas. - Colectivo Ecologista Turcon","robots":{"index":"index","follow":"follow","max-snippet":"max-snippet:-1","max-image-preview":"max-image-preview:large","max-video-preview":"max-video-preview:-1"},"canonical":"https:\/\/turcon.es\/wp\/debate-sobre-la-vivienda-vacacional-luces-y-sombras-conociendo-problematicas\/","og_locale":"es_ES","og_type":"article","og_title":"Debate sobre la Vivienda Vacacional: luces y sombras. Conociendo problem\u00e1ticas. - Colectivo Ecologista Turcon","og_description":"El Colectivo Turc\u00f3n-EeA organiza su III Eco-taller. Ser\u00e1 el viernes, d\u00eda 05 de abril, de 19 a 21 horas, en su sede social de San Gregorio, Telde. El debate ser\u00e1 sobre la vivienda vacacional: luces y sombras. Participaran en el mismo, expertos que conocen las dos variantes de un debate del sector inmobiliario de alquileres [&hellip;]","og_url":"https:\/\/turcon.es\/wp\/debate-sobre-la-vivienda-vacacional-luces-y-sombras-conociendo-problematicas\/","og_site_name":"Colectivo Ecologista Turcon","article_published_time":"2019-03-28T17:33:49+00:00","author":"Laura Fernandez","twitter_card":"summary_large_image","twitter_misc":{"Escrito por":"Laura Fernandez","Tiempo de lectura":"3 minutos"},"schema":{"@context":"https:\/\/schema.org","@graph":[{"@type":"Article","@id":"https:\/\/turcon.es\/wp\/debate-sobre-la-vivienda-vacacional-luces-y-sombras-conociendo-problematicas\/#article","isPartOf":{"@id":"https:\/\/turcon.es\/wp\/debate-sobre-la-vivienda-vacacional-luces-y-sombras-conociendo-problematicas\/"},"author":{"name":"Laura Fernandez","@id":"https:\/\/turcon.es\/wp\/#\/schema\/person\/a1f3ba727ce031d9da17684affe85edd"},"headline":"Debate sobre la Vivienda Vacacional: luces y sombras. Conociendo problem\u00e1ticas.","datePublished":"2019-03-28T17:33:49+00:00","mainEntityOfPage":{"@id":"https:\/\/turcon.es\/wp\/debate-sobre-la-vivienda-vacacional-luces-y-sombras-conociendo-problematicas\/"},"wordCount":570,"commentCount":1,"publisher":{"@id":"https:\/\/turcon.es\/wp\/#organization"},"image":{"@id":"https:\/\/turcon.es\/wp\/debate-sobre-la-vivienda-vacacional-luces-y-sombras-conociendo-problematicas\/#primaryimage"},"thumbnailUrl":"https:\/\/turcon.es\/wp\/wp-content\/uploads\/2019\/03\/whatsapp-image-2019-03-21-at-10.19.40.jpeg","articleSection":["#Actividades Turc\u00f3n#","Administraci\u00f3n p\u00fablica","Canarias","Consumismo","Gobierno","Gran Canaria","Infraestructuras","Movimiento ciudadano","Notas de prensa de Turc\u00f3n","Recomendamos para leer","Sociedad y derechos","Telde (Gran Canaria)","Urbanismo"],"inLanguage":"es","potentialAction":[{"@type":"CommentAction","name":"Comment","target":["https:\/\/turcon.es\/wp\/debate-sobre-la-vivienda-vacacional-luces-y-sombras-conociendo-problematicas\/#respond"]}]},{"@type":"WebPage","@id":"https:\/\/turcon.es\/wp\/debate-sobre-la-vivienda-vacacional-luces-y-sombras-conociendo-problematicas\/","url":"https:\/\/turcon.es\/wp\/debate-sobre-la-vivienda-vacacional-luces-y-sombras-conociendo-problematicas\/","name":"Debate sobre la Vivienda Vacacional: luces y sombras. Conociendo problem\u00e1ticas. - Colectivo Ecologista Turcon","isPartOf":{"@id":"https:\/\/turcon.es\/wp\/#website"},"primaryImageOfPage":{"@id":"https:\/\/turcon.es\/wp\/debate-sobre-la-vivienda-vacacional-luces-y-sombras-conociendo-problematicas\/#primaryimage"},"image":{"@id":"https:\/\/turcon.es\/wp\/debate-sobre-la-vivienda-vacacional-luces-y-sombras-conociendo-problematicas\/#primaryimage"},"thumbnailUrl":"https:\/\/turcon.es\/wp\/wp-content\/uploads\/2019\/03\/whatsapp-image-2019-03-21-at-10.19.40.jpeg","datePublished":"2019-03-28T17:33:49+00:00","breadcrumb":{"@id":"https:\/\/turcon.es\/wp\/debate-sobre-la-vivienda-vacacional-luces-y-sombras-conociendo-problematicas\/#breadcrumb"},"inLanguage":"es","potentialAction":[{"@type":"ReadAction","target":["https:\/\/turcon.es\/wp\/debate-sobre-la-vivienda-vacacional-luces-y-sombras-conociendo-problematicas\/"]}]},{"@type":"ImageObject","inLanguage":"es","@id":"https:\/\/turcon.es\/wp\/debate-sobre-la-vivienda-vacacional-luces-y-sombras-conociendo-problematicas\/#primaryimage","url":"https:\/\/turcon.es\/wp\/wp-content\/uploads\/2019\/03\/whatsapp-image-2019-03-21-at-10.19.40.jpeg","contentUrl":"https:\/\/turcon.es\/wp\/wp-content\/uploads\/2019\/03\/whatsapp-image-2019-03-21-at-10.19.40.jpeg"},{"@type":"BreadcrumbList","@id":"https:\/\/turcon.es\/wp\/debate-sobre-la-vivienda-vacacional-luces-y-sombras-conociendo-problematicas\/#breadcrumb","itemListElement":[{"@type":"ListItem","position":1,"name":"Portada","item":"https:\/\/turcon.es\/wp\/"},{"@type":"ListItem","position":2,"name":"Debate sobre la Vivienda Vacacional: luces y sombras. Conociendo problem\u00e1ticas."}]},{"@type":"WebSite","@id":"https:\/\/turcon.es\/wp\/#website","url":"https:\/\/turcon.es\/wp\/","name":"Colectivo Ecologista Turcon","description":"","publisher":{"@id":"https:\/\/turcon.es\/wp\/#organization"},"potentialAction":[{"@type":"SearchAction","target":{"@type":"EntryPoint","urlTemplate":"https:\/\/turcon.es\/wp\/?s={search_term_string}"},"query-input":{"@type":"PropertyValueSpecification","valueRequired":true,"valueName":"search_term_string"}}],"inLanguage":"es"},{"@type":"Organization","@id":"https:\/\/turcon.es\/wp\/#organization","name":"Colectivo Ecologista Turcon","url":"https:\/\/turcon.es\/wp\/","logo":{"@type":"ImageObject","inLanguage":"es","@id":"https:\/\/turcon.es\/wp\/#\/schema\/logo\/image\/","url":"https:\/\/turcon.es\/wp\/wp-content\/uploads\/2025\/03\/logo-verde.svg","contentUrl":"https:\/\/turcon.es\/wp\/wp-content\/uploads\/2025\/03\/logo-verde.svg","width":813,"height":813,"caption":"Colectivo Ecologista Turcon"},"image":{"@id":"https:\/\/turcon.es\/wp\/#\/schema\/logo\/image\/"}},{"@type":"Person","@id":"https:\/\/turcon.es\/wp\/#\/schema\/person\/a1f3ba727ce031d9da17684affe85edd","name":"Laura Fernandez","image":{"@type":"ImageObject","inLanguage":"es","@id":"https:\/\/turcon.es\/wp\/#\/schema\/person\/image\/","url":"https:\/\/secure.gravatar.com\/avatar\/360749af9549af22e54582d50231ae56e854210ae2368797ba242f445a9852e8?s=96&d=mm&r=g","contentUrl":"https:\/\/secure.gravatar.com\/avatar\/360749af9549af22e54582d50231ae56e854210ae2368797ba242f445a9852e8?s=96&d=mm&r=g","caption":"Laura Fernandez"},"url":"https:\/\/turcon.es\/wp\/author\/admturcon\/"}]}},"_links":{"self":[{"href":"https:\/\/turcon.es\/wp\/wp-json\/wp\/v2\/posts\/15044","targetHints":{"allow":["GET"]}}],"collection":[{"href":"https:\/\/turcon.es\/wp\/wp-json\/wp\/v2\/posts"}],"about":[{"href":"https:\/\/turcon.es\/wp\/wp-json\/wp\/v2\/types\/post"}],"author":[{"embeddable":true,"href":"https:\/\/turcon.es\/wp\/wp-json\/wp\/v2\/users\/2"}],"replies":[{"embeddable":true,"href":"https:\/\/turcon.es\/wp\/wp-json\/wp\/v2\/comments?post=15044"}],"version-history":[{"count":0,"href":"https:\/\/turcon.es\/wp\/wp-json\/wp\/v2\/posts\/15044\/revisions"}],"wp:attachment":[{"href":"https:\/\/turcon.es\/wp\/wp-json\/wp\/v2\/media?parent=15044"}],"wp:term":[{"taxonomy":"category","embeddable":true,"href":"https:\/\/turcon.es\/wp\/wp-json\/wp\/v2\/categories?post=15044"},{"taxonomy":"post_tag","embeddable":true,"href":"https:\/\/turcon.es\/wp\/wp-json\/wp\/v2\/tags?post=15044"}],"curies":[{"name":"wp","href":"https:\/\/api.w.org\/{rel}","templated":true}]}}