{"id":15062,"date":"2019-05-12T10:16:24","date_gmt":"2019-05-12T10:16:24","guid":{"rendered":"https:\/\/turcon.wordpress.com\/?p=14313"},"modified":"2019-05-12T10:16:24","modified_gmt":"2019-05-12T10:16:24","slug":"barrancos-al-golpito-vuelve-ruta-el-sabado-18-de-mayo","status":"publish","type":"post","link":"https:\/\/turcon.es\/wp\/barrancos-al-golpito-vuelve-ruta-el-sabado-18-de-mayo\/","title":{"rendered":"Barrancos al golpito vuelve. Ruta el s\u00e1bado 18 de mayo"},"content":{"rendered":"<h2><span style=\"color:#800000;\"><strong>Visitaremos la zona del Barranco de La Solana (Telde).<\/strong><\/span><\/h2>\n<p>El pr\u00f3ximo d\u00eda 18 de mayo, s\u00e1bado, el Colectivo Turc\u00f3n-EeA realizar\u00e1 su salida a pie, dentro de su programa anual de \u00abbarrancos al golpito\u00bb.<\/p>\n<p>Datos t\u00e9cnicos de la actividad.<a href=\"https:\/\/turcon.es\/wp\/wp-content\/uploads\/2019\/02\/p1350241.jpg\"><img decoding=\"async\" class=\"alignright size-thumbnail wp-image-14133\" src=\"https:\/\/turcon.es\/wp\/wp-content\/uploads\/2019\/02\/p1350241.jpg?w=150\" alt=\"\" width=\"150\" height=\"113\" \/><\/a><\/p>\n<p>Km. 6<\/p>\n<p>Dificultad: alto (3 botas)<\/p>\n<p><strong><span style=\"color:#ff0000;\">Horarios:<\/span><\/strong><\/p>\n<p>8h. desde LPGC (zona de tierra en Circo de la Feria)<\/p>\n<p>8:30h. Parque Franchyr Roca de Telde.<\/p>\n<p>&nbsp;<\/p>\n<p><span style=\"color:#ff0000;\"><strong>M\u00e1s informaci\u00f3n:<\/strong><\/span><\/p>\n<p>Este proyecto de rutas tem\u00e1ticas que consiste en ascender barrancos, redescubriendo parajes, abruptos caminos y rec\u00f3nditos barrancos. El barranco de la Solana en Telde, tiene fama de ricas naranjas. Con nosotros reconocer\u00e1s otros muchos activos y valores.<\/p>\n<p>M\u00e1s informaci\u00f3n e Inscripci\u00f3n: turconsenderismo@gmail.com<\/p>\n<p><a href=\"https:\/\/turcon.es\/wp\/wp-content\/uploads\/2018\/11\/whatsapp-image-2018-11-24-at-11-34-40.jpeg\"><img decoding=\"async\" class=\"size-thumbnail wp-image-13964 aligncenter\" src=\"https:\/\/turcon.es\/wp\/wp-content\/uploads\/2018\/11\/whatsapp-image-2018-11-24-at-11-34-40.jpeg?w=150\" alt=\"\" width=\"150\" height=\"113\" \/><\/a><\/p>\n<p>&nbsp;<\/p>\n","protected":false},"excerpt":{"rendered":"<p>Visitaremos la zona del Barranco de La Solana (Telde). El pr\u00f3ximo d\u00eda 18 de mayo, s\u00e1bado, el Colectivo Turc\u00f3n-EeA realizar\u00e1 su salida a pie, dentro de su programa anual de \u00abbarrancos al golpito\u00bb. Datos t\u00e9cnicos de la actividad. Km. 6 Dificultad: alto (3 botas) Horarios: 8h. desde LPGC (zona de tierra en Circo de la [&hellip;]<\/p>\n","protected":false},"author":2,"featured_media":0,"comment_status":"open","ping_status":"open","sticky":false,"template":"","format":"standard","meta":{"footnotes":""},"categories":[6,18,22,37,41,69,45,46,49,57,58,60],"tags":[],"class_list":["post-15062","post","type-post","status-publish","format-standard","hentry","category-actividades-turcon","category-canarias","category-concienciacion","category-espacios-naturales","category-gran-canaria","category-movimiento-ciudadano","category-ninos","category-notas-de-prensa-de-turcon","category-patrimonio-historico","category-senderismo","category-sociedad-y-derechos","category-telde-gran-canaria"],"yoast_head":"<!-- This site is optimized with the Yoast SEO plugin v26.3 - https:\/\/yoast.com\/wordpress\/plugins\/seo\/ -->\n<title>Barrancos al golpito vuelve. Ruta el s\u00e1bado 18 de mayo - Colectivo Ecologista Turcon<\/title>\n<meta name=\"robots\" content=\"index, follow, max-snippet:-1, max-image-preview:large, max-video-preview:-1\" \/>\n<link rel=\"canonical\" href=\"https:\/\/turcon.es\/wp\/barrancos-al-golpito-vuelve-ruta-el-sabado-18-de-mayo\/\" \/>\n<meta property=\"og:locale\" content=\"es_ES\" \/>\n<meta property=\"og:type\" content=\"article\" \/>\n<meta property=\"og:title\" content=\"Barrancos al golpito vuelve. Ruta el s\u00e1bado 18 de mayo - Colectivo Ecologista Turcon\" \/>\n<meta property=\"og:description\" content=\"Visitaremos la zona del Barranco de La Solana (Telde). El pr\u00f3ximo d\u00eda 18 de mayo, s\u00e1bado, el Colectivo Turc\u00f3n-EeA realizar\u00e1 su salida a pie, dentro de su programa anual de \u00abbarrancos al golpito\u00bb. Datos t\u00e9cnicos de la actividad. Km. 6 Dificultad: alto (3 botas) Horarios: 8h. desde LPGC (zona de tierra en Circo de la [&hellip;]\" \/>\n<meta property=\"og:url\" content=\"https:\/\/turcon.es\/wp\/barrancos-al-golpito-vuelve-ruta-el-sabado-18-de-mayo\/\" \/>\n<meta property=\"og:site_name\" content=\"Colectivo Ecologista Turcon\" \/>\n<meta property=\"article:published_time\" content=\"2019-05-12T10:16:24+00:00\" \/>\n<meta name=\"author\" content=\"Laura Fernandez\" \/>\n<meta name=\"twitter:card\" content=\"summary_large_image\" \/>\n<meta name=\"twitter:label1\" content=\"Escrito por\" \/>\n\t<meta name=\"twitter:data1\" content=\"Laura Fernandez\" \/>\n\t<meta name=\"twitter:label2\" content=\"Tiempo de lectura\" \/>\n\t<meta name=\"twitter:data2\" content=\"1 minuto\" \/>\n<script type=\"application\/ld+json\" class=\"yoast-schema-graph\">{\"@context\":\"https:\/\/schema.org\",\"@graph\":[{\"@type\":\"Article\",\"@id\":\"https:\/\/turcon.es\/wp\/barrancos-al-golpito-vuelve-ruta-el-sabado-18-de-mayo\/#article\",\"isPartOf\":{\"@id\":\"https:\/\/turcon.es\/wp\/barrancos-al-golpito-vuelve-ruta-el-sabado-18-de-mayo\/\"},\"author\":{\"name\":\"Laura Fernandez\",\"@id\":\"https:\/\/turcon.es\/wp\/#\/schema\/person\/a1f3ba727ce031d9da17684affe85edd\"},\"headline\":\"Barrancos al golpito vuelve. Ruta el s\u00e1bado 18 de mayo\",\"datePublished\":\"2019-05-12T10:16:24+00:00\",\"mainEntityOfPage\":{\"@id\":\"https:\/\/turcon.es\/wp\/barrancos-al-golpito-vuelve-ruta-el-sabado-18-de-mayo\/\"},\"wordCount\":130,\"commentCount\":0,\"publisher\":{\"@id\":\"https:\/\/turcon.es\/wp\/#organization\"},\"image\":{\"@id\":\"https:\/\/turcon.es\/wp\/barrancos-al-golpito-vuelve-ruta-el-sabado-18-de-mayo\/#primaryimage\"},\"thumbnailUrl\":\"https:\/\/turcon.es\/wp\/wp-content\/uploads\/2019\/02\/p1350241.jpg?w=150\",\"articleSection\":[\"#Actividades Turc\u00f3n#\",\"Canarias\",\"Concienciaci\u00f3n\",\"Espacios Naturales\",\"Gran Canaria\",\"Movimiento ciudadano\",\"Ni\u00f1os\",\"Notas de prensa de Turc\u00f3n\",\"Patrimonio hist\u00f3rico\",\"Senderismo\",\"Sociedad y derechos\",\"Telde (Gran Canaria)\"],\"inLanguage\":\"es\",\"potentialAction\":[{\"@type\":\"CommentAction\",\"name\":\"Comment\",\"target\":[\"https:\/\/turcon.es\/wp\/barrancos-al-golpito-vuelve-ruta-el-sabado-18-de-mayo\/#respond\"]}]},{\"@type\":\"WebPage\",\"@id\":\"https:\/\/turcon.es\/wp\/barrancos-al-golpito-vuelve-ruta-el-sabado-18-de-mayo\/\",\"url\":\"https:\/\/turcon.es\/wp\/barrancos-al-golpito-vuelve-ruta-el-sabado-18-de-mayo\/\",\"name\":\"Barrancos al golpito vuelve. Ruta el s\u00e1bado 18 de mayo - Colectivo Ecologista Turcon\",\"isPartOf\":{\"@id\":\"https:\/\/turcon.es\/wp\/#website\"},\"primaryImageOfPage\":{\"@id\":\"https:\/\/turcon.es\/wp\/barrancos-al-golpito-vuelve-ruta-el-sabado-18-de-mayo\/#primaryimage\"},\"image\":{\"@id\":\"https:\/\/turcon.es\/wp\/barrancos-al-golpito-vuelve-ruta-el-sabado-18-de-mayo\/#primaryimage\"},\"thumbnailUrl\":\"https:\/\/turcon.es\/wp\/wp-content\/uploads\/2019\/02\/p1350241.jpg?w=150\",\"datePublished\":\"2019-05-12T10:16:24+00:00\",\"breadcrumb\":{\"@id\":\"https:\/\/turcon.es\/wp\/barrancos-al-golpito-vuelve-ruta-el-sabado-18-de-mayo\/#breadcrumb\"},\"inLanguage\":\"es\",\"potentialAction\":[{\"@type\":\"ReadAction\",\"target\":[\"https:\/\/turcon.es\/wp\/barrancos-al-golpito-vuelve-ruta-el-sabado-18-de-mayo\/\"]}]},{\"@type\":\"ImageObject\",\"inLanguage\":\"es\",\"@id\":\"https:\/\/turcon.es\/wp\/barrancos-al-golpito-vuelve-ruta-el-sabado-18-de-mayo\/#primaryimage\",\"url\":\"https:\/\/turcon.es\/wp\/wp-content\/uploads\/2019\/02\/p1350241.jpg?w=150\",\"contentUrl\":\"https:\/\/turcon.es\/wp\/wp-content\/uploads\/2019\/02\/p1350241.jpg?w=150\"},{\"@type\":\"BreadcrumbList\",\"@id\":\"https:\/\/turcon.es\/wp\/barrancos-al-golpito-vuelve-ruta-el-sabado-18-de-mayo\/#breadcrumb\",\"itemListElement\":[{\"@type\":\"ListItem\",\"position\":1,\"name\":\"Portada\",\"item\":\"https:\/\/turcon.es\/wp\/\"},{\"@type\":\"ListItem\",\"position\":2,\"name\":\"Barrancos al golpito vuelve. Ruta el s\u00e1bado 18 de mayo\"}]},{\"@type\":\"WebSite\",\"@id\":\"https:\/\/turcon.es\/wp\/#website\",\"url\":\"https:\/\/turcon.es\/wp\/\",\"name\":\"Colectivo Ecologista Turcon\",\"description\":\"\",\"publisher\":{\"@id\":\"https:\/\/turcon.es\/wp\/#organization\"},\"potentialAction\":[{\"@type\":\"SearchAction\",\"target\":{\"@type\":\"EntryPoint\",\"urlTemplate\":\"https:\/\/turcon.es\/wp\/?s={search_term_string}\"},\"query-input\":{\"@type\":\"PropertyValueSpecification\",\"valueRequired\":true,\"valueName\":\"search_term_string\"}}],\"inLanguage\":\"es\"},{\"@type\":\"Organization\",\"@id\":\"https:\/\/turcon.es\/wp\/#organization\",\"name\":\"Colectivo Ecologista Turcon\",\"url\":\"https:\/\/turcon.es\/wp\/\",\"logo\":{\"@type\":\"ImageObject\",\"inLanguage\":\"es\",\"@id\":\"https:\/\/turcon.es\/wp\/#\/schema\/logo\/image\/\",\"url\":\"https:\/\/turcon.es\/wp\/wp-content\/uploads\/2025\/03\/logo-verde.svg\",\"contentUrl\":\"https:\/\/turcon.es\/wp\/wp-content\/uploads\/2025\/03\/logo-verde.svg\",\"width\":813,\"height\":813,\"caption\":\"Colectivo Ecologista Turcon\"},\"image\":{\"@id\":\"https:\/\/turcon.es\/wp\/#\/schema\/logo\/image\/\"}},{\"@type\":\"Person\",\"@id\":\"https:\/\/turcon.es\/wp\/#\/schema\/person\/a1f3ba727ce031d9da17684affe85edd\",\"name\":\"Laura Fernandez\",\"image\":{\"@type\":\"ImageObject\",\"inLanguage\":\"es\",\"@id\":\"https:\/\/turcon.es\/wp\/#\/schema\/person\/image\/\",\"url\":\"https:\/\/secure.gravatar.com\/avatar\/360749af9549af22e54582d50231ae56e854210ae2368797ba242f445a9852e8?s=96&d=mm&r=g\",\"contentUrl\":\"https:\/\/secure.gravatar.com\/avatar\/360749af9549af22e54582d50231ae56e854210ae2368797ba242f445a9852e8?s=96&d=mm&r=g\",\"caption\":\"Laura Fernandez\"},\"url\":\"https:\/\/turcon.es\/wp\/author\/admturcon\/\"}]}<\/script>\n<!-- \/ Yoast SEO plugin. -->","yoast_head_json":{"title":"Barrancos al golpito vuelve. Ruta el s\u00e1bado 18 de mayo - Colectivo Ecologista Turcon","robots":{"index":"index","follow":"follow","max-snippet":"max-snippet:-1","max-image-preview":"max-image-preview:large","max-video-preview":"max-video-preview:-1"},"canonical":"https:\/\/turcon.es\/wp\/barrancos-al-golpito-vuelve-ruta-el-sabado-18-de-mayo\/","og_locale":"es_ES","og_type":"article","og_title":"Barrancos al golpito vuelve. Ruta el s\u00e1bado 18 de mayo - Colectivo Ecologista Turcon","og_description":"Visitaremos la zona del Barranco de La Solana (Telde). El pr\u00f3ximo d\u00eda 18 de mayo, s\u00e1bado, el Colectivo Turc\u00f3n-EeA realizar\u00e1 su salida a pie, dentro de su programa anual de \u00abbarrancos al golpito\u00bb. Datos t\u00e9cnicos de la actividad. Km. 6 Dificultad: alto (3 botas) Horarios: 8h. desde LPGC (zona de tierra en Circo de la [&hellip;]","og_url":"https:\/\/turcon.es\/wp\/barrancos-al-golpito-vuelve-ruta-el-sabado-18-de-mayo\/","og_site_name":"Colectivo Ecologista Turcon","article_published_time":"2019-05-12T10:16:24+00:00","author":"Laura Fernandez","twitter_card":"summary_large_image","twitter_misc":{"Escrito por":"Laura Fernandez","Tiempo de lectura":"1 minuto"},"schema":{"@context":"https:\/\/schema.org","@graph":[{"@type":"Article","@id":"https:\/\/turcon.es\/wp\/barrancos-al-golpito-vuelve-ruta-el-sabado-18-de-mayo\/#article","isPartOf":{"@id":"https:\/\/turcon.es\/wp\/barrancos-al-golpito-vuelve-ruta-el-sabado-18-de-mayo\/"},"author":{"name":"Laura Fernandez","@id":"https:\/\/turcon.es\/wp\/#\/schema\/person\/a1f3ba727ce031d9da17684affe85edd"},"headline":"Barrancos al golpito vuelve. Ruta el s\u00e1bado 18 de mayo","datePublished":"2019-05-12T10:16:24+00:00","mainEntityOfPage":{"@id":"https:\/\/turcon.es\/wp\/barrancos-al-golpito-vuelve-ruta-el-sabado-18-de-mayo\/"},"wordCount":130,"commentCount":0,"publisher":{"@id":"https:\/\/turcon.es\/wp\/#organization"},"image":{"@id":"https:\/\/turcon.es\/wp\/barrancos-al-golpito-vuelve-ruta-el-sabado-18-de-mayo\/#primaryimage"},"thumbnailUrl":"https:\/\/turcon.es\/wp\/wp-content\/uploads\/2019\/02\/p1350241.jpg?w=150","articleSection":["#Actividades Turc\u00f3n#","Canarias","Concienciaci\u00f3n","Espacios Naturales","Gran Canaria","Movimiento ciudadano","Ni\u00f1os","Notas de prensa de Turc\u00f3n","Patrimonio hist\u00f3rico","Senderismo","Sociedad y derechos","Telde (Gran Canaria)"],"inLanguage":"es","potentialAction":[{"@type":"CommentAction","name":"Comment","target":["https:\/\/turcon.es\/wp\/barrancos-al-golpito-vuelve-ruta-el-sabado-18-de-mayo\/#respond"]}]},{"@type":"WebPage","@id":"https:\/\/turcon.es\/wp\/barrancos-al-golpito-vuelve-ruta-el-sabado-18-de-mayo\/","url":"https:\/\/turcon.es\/wp\/barrancos-al-golpito-vuelve-ruta-el-sabado-18-de-mayo\/","name":"Barrancos al golpito vuelve. Ruta el s\u00e1bado 18 de mayo - Colectivo Ecologista Turcon","isPartOf":{"@id":"https:\/\/turcon.es\/wp\/#website"},"primaryImageOfPage":{"@id":"https:\/\/turcon.es\/wp\/barrancos-al-golpito-vuelve-ruta-el-sabado-18-de-mayo\/#primaryimage"},"image":{"@id":"https:\/\/turcon.es\/wp\/barrancos-al-golpito-vuelve-ruta-el-sabado-18-de-mayo\/#primaryimage"},"thumbnailUrl":"https:\/\/turcon.es\/wp\/wp-content\/uploads\/2019\/02\/p1350241.jpg?w=150","datePublished":"2019-05-12T10:16:24+00:00","breadcrumb":{"@id":"https:\/\/turcon.es\/wp\/barrancos-al-golpito-vuelve-ruta-el-sabado-18-de-mayo\/#breadcrumb"},"inLanguage":"es","potentialAction":[{"@type":"ReadAction","target":["https:\/\/turcon.es\/wp\/barrancos-al-golpito-vuelve-ruta-el-sabado-18-de-mayo\/"]}]},{"@type":"ImageObject","inLanguage":"es","@id":"https:\/\/turcon.es\/wp\/barrancos-al-golpito-vuelve-ruta-el-sabado-18-de-mayo\/#primaryimage","url":"https:\/\/turcon.es\/wp\/wp-content\/uploads\/2019\/02\/p1350241.jpg?w=150","contentUrl":"https:\/\/turcon.es\/wp\/wp-content\/uploads\/2019\/02\/p1350241.jpg?w=150"},{"@type":"BreadcrumbList","@id":"https:\/\/turcon.es\/wp\/barrancos-al-golpito-vuelve-ruta-el-sabado-18-de-mayo\/#breadcrumb","itemListElement":[{"@type":"ListItem","position":1,"name":"Portada","item":"https:\/\/turcon.es\/wp\/"},{"@type":"ListItem","position":2,"name":"Barrancos al golpito vuelve. Ruta el s\u00e1bado 18 de mayo"}]},{"@type":"WebSite","@id":"https:\/\/turcon.es\/wp\/#website","url":"https:\/\/turcon.es\/wp\/","name":"Colectivo Ecologista Turcon","description":"","publisher":{"@id":"https:\/\/turcon.es\/wp\/#organization"},"potentialAction":[{"@type":"SearchAction","target":{"@type":"EntryPoint","urlTemplate":"https:\/\/turcon.es\/wp\/?s={search_term_string}"},"query-input":{"@type":"PropertyValueSpecification","valueRequired":true,"valueName":"search_term_string"}}],"inLanguage":"es"},{"@type":"Organization","@id":"https:\/\/turcon.es\/wp\/#organization","name":"Colectivo Ecologista Turcon","url":"https:\/\/turcon.es\/wp\/","logo":{"@type":"ImageObject","inLanguage":"es","@id":"https:\/\/turcon.es\/wp\/#\/schema\/logo\/image\/","url":"https:\/\/turcon.es\/wp\/wp-content\/uploads\/2025\/03\/logo-verde.svg","contentUrl":"https:\/\/turcon.es\/wp\/wp-content\/uploads\/2025\/03\/logo-verde.svg","width":813,"height":813,"caption":"Colectivo Ecologista Turcon"},"image":{"@id":"https:\/\/turcon.es\/wp\/#\/schema\/logo\/image\/"}},{"@type":"Person","@id":"https:\/\/turcon.es\/wp\/#\/schema\/person\/a1f3ba727ce031d9da17684affe85edd","name":"Laura Fernandez","image":{"@type":"ImageObject","inLanguage":"es","@id":"https:\/\/turcon.es\/wp\/#\/schema\/person\/image\/","url":"https:\/\/secure.gravatar.com\/avatar\/360749af9549af22e54582d50231ae56e854210ae2368797ba242f445a9852e8?s=96&d=mm&r=g","contentUrl":"https:\/\/secure.gravatar.com\/avatar\/360749af9549af22e54582d50231ae56e854210ae2368797ba242f445a9852e8?s=96&d=mm&r=g","caption":"Laura Fernandez"},"url":"https:\/\/turcon.es\/wp\/author\/admturcon\/"}]}},"_links":{"self":[{"href":"https:\/\/turcon.es\/wp\/wp-json\/wp\/v2\/posts\/15062","targetHints":{"allow":["GET"]}}],"collection":[{"href":"https:\/\/turcon.es\/wp\/wp-json\/wp\/v2\/posts"}],"about":[{"href":"https:\/\/turcon.es\/wp\/wp-json\/wp\/v2\/types\/post"}],"author":[{"embeddable":true,"href":"https:\/\/turcon.es\/wp\/wp-json\/wp\/v2\/users\/2"}],"replies":[{"embeddable":true,"href":"https:\/\/turcon.es\/wp\/wp-json\/wp\/v2\/comments?post=15062"}],"version-history":[{"count":0,"href":"https:\/\/turcon.es\/wp\/wp-json\/wp\/v2\/posts\/15062\/revisions"}],"wp:attachment":[{"href":"https:\/\/turcon.es\/wp\/wp-json\/wp\/v2\/media?parent=15062"}],"wp:term":[{"taxonomy":"category","embeddable":true,"href":"https:\/\/turcon.es\/wp\/wp-json\/wp\/v2\/categories?post=15062"},{"taxonomy":"post_tag","embeddable":true,"href":"https:\/\/turcon.es\/wp\/wp-json\/wp\/v2\/tags?post=15062"}],"curies":[{"name":"wp","href":"https:\/\/api.w.org\/{rel}","templated":true}]}}