{"id":15068,"date":"2019-05-21T07:12:05","date_gmt":"2019-05-21T07:12:05","guid":{"rendered":"https:\/\/turcon.wordpress.com\/?p=14337"},"modified":"2019-05-21T07:12:05","modified_gmt":"2019-05-21T07:12:05","slug":"el-proyecto-1-bolsa-menos-paso-por-playa-del-hombre","status":"publish","type":"post","link":"https:\/\/turcon.es\/wp\/el-proyecto-1-bolsa-menos-paso-por-playa-del-hombre\/","title":{"rendered":"El proyecto \u00ab1 bolsa menos\u00bb pas\u00f3 por Playa del Hombre."},"content":{"rendered":"<p><strong>La siguiente limpieza ser\u00e1 el s\u00e1bado d\u00eda 25 de mayo en la playa de Bocabarranco.<\/strong><\/p>\n<p><strong>Teresa, Andrea y Pablo siguen sumando voluntades, estos tres j\u00f3venes universitarios siguen invit\u00e1ndonos a usar menos pl\u00e1stico, a no abandonarlo en la naturaleza y a seguir limpiando. Se apoyan en las redes sociales y sus <em>Kedadas<\/em> van a cumplir un a\u00f1o de trabajo voluntario.<\/strong><\/p>\n<p><a href=\"https:\/\/turcon.es\/wp\/wp-content\/uploads\/2019\/05\/whatsapp-image-2019-05-19-at-07.46.51.jpeg\"><img decoding=\"async\" class=\"aligncenter size-thumbnail wp-image-14339\" src=\"https:\/\/turcon.es\/wp\/wp-content\/uploads\/2019\/05\/whatsapp-image-2019-05-19-at-07.46.51.jpeg?w=150\" alt=\"\" width=\"150\" height=\"113\" \/><\/a><\/p>\n<h2><span style=\"color:#800000;\"><strong>ACERCA DE 1 BOLSA MENOS<\/strong><\/span><\/h2>\n<p>Nace en agosto 2018. Todo comenz\u00f3 con una conversaci\u00f3n en verano, entre unos amigos sobre el estado de la isla, Gran Canaria. C\u00f3mo todo debate acab\u00f3 cambiando de tema sin llegar a ninguna conclusi\u00f3n concreta o ni siquiera alguna soluci\u00f3n. Por aquel entonces circulaba por las redes un v\u00eddeo sobre una playa en la que no se ve\u00eda la costa de la cantidad de basura que hab\u00eda. Fue entonces cuando me empec\u00e9 a plantear como podr\u00eda mejorar las cosas y se me ocurri\u00f3 hacer un experimento, ir todos los d\u00edas a una playa diferente y ver cu\u00e1nto tardaba en llenar una bolsa con la basura que en la misma se encontraba. De este modo, surgi\u00f3 1 Bolsa Menos la cuenta de Instagram donde decid\u00ed ir documentando el experimento. Todos los d\u00edas intentaba plantear una reflexi\u00f3n acerca del estado de las playas. Lo que m\u00e1s me llam\u00f3 la atenci\u00f3n es que cuando amigos o familiares me acompa\u00f1aban todos coincid\u00edan con la misma frase: \u201cno vamos a llenar la bolsa\u201d. Sin embargo, la misma siempre acababa llena.<\/p>\n<h2><span style=\"color:#800000;\"><strong>PASO A PASO<\/strong><\/span><\/h2>\n<p>Desde el inicio del proyecto, se han limpiado 22 playas y recolectado 46 bolsas en aproximadamente 15 horas. Hay una correlaci\u00f3n directa entre el tiempo y la cantidad de residuos recolectados, cuanto menor es el tiempo empleado mayor es la cantidad de basura encontrada en el sentido que se tarda muy poco en tiempo en llenar una bolsa tama\u00f1o supermercado. Asimismo, los datos evidencian que con dedicarle un poco de nuestro tiempo se pueden lograr grandes objetivos, 46 bolsas son muchas. Cuentan con el apoyo del Colectivo Turc\u00f3n-Ecologistas en Acci\u00f3n.<\/p>\n<p>M\u00e1s informaci\u00f3n:<\/p>\n<p>en su web: <a href=\"https:\/\/1bolsamenos.wixsite.com\/1bolsamenos\">https:\/\/1bolsamenos.wixsite.com\/1bolsamenos<\/a>.<\/p>\n<p>https:\/\/www.instagram.com\/1bolsamenos\/?hl=es<\/p>\n<h2><span style=\"color:#0000ff;\"><strong><span style=\"color:#ff0000;\">Pr\u00f3ximo evento: s\u00e1bado 25 de mayo, playa de Bocabarranco (Telde).<\/span><a href=\"https:\/\/turcon.es\/wp\/wp-content\/uploads\/2019\/05\/a.jpg\"><img decoding=\"async\" class=\"alignright size-thumbnail wp-image-14340\" src=\"https:\/\/turcon.es\/wp\/wp-content\/uploads\/2019\/05\/a.jpg?w=83\" alt=\"\" width=\"83\" height=\"150\" \/><\/a><\/strong><\/span><\/h2>\n<p>&nbsp;<\/p>\n<p>&nbsp;<\/p>\n","protected":false},"excerpt":{"rendered":"<p>La siguiente limpieza ser\u00e1 el s\u00e1bado d\u00eda 25 de mayo en la playa de Bocabarranco. Teresa, Andrea y Pablo siguen sumando voluntades, estos tres j\u00f3venes universitarios siguen invit\u00e1ndonos a usar menos pl\u00e1stico, a no abandonarlo en la naturaleza y a seguir limpiando. Se apoyan en las redes sociales y sus Kedadas van a cumplir un [&hellip;]<\/p>\n","protected":false},"author":2,"featured_media":0,"comment_status":"open","ping_status":"open","sticky":false,"template":"","format":"standard","meta":{"footnotes":""},"categories":[6,8,17,18,22,25,37,41,69,45,46,47,52,55,58,60,65],"tags":[],"class_list":["post-15068","post","type-post","status-publish","format-standard","hentry","category-actividades-turcon","category-administracion-publica","category-cambio-climatico","category-canarias","category-concienciacion","category-contaminacion-y-toxicos","category-espacios-naturales","category-gran-canaria","category-movimiento-ciudadano","category-ninos","category-notas-de-prensa-de-turcon","category-oceanos","category-reciclaje","category-recursos-naturales","category-sociedad-y-derechos","category-telde-gran-canaria","category-urbanismo"],"yoast_head":"<!-- This site is optimized with the Yoast SEO plugin v26.3 - https:\/\/yoast.com\/wordpress\/plugins\/seo\/ -->\n<title>El proyecto &quot;1 bolsa menos&quot; pas\u00f3 por Playa del Hombre. - Colectivo Ecologista Turcon<\/title>\n<meta name=\"robots\" content=\"index, follow, max-snippet:-1, max-image-preview:large, max-video-preview:-1\" \/>\n<link rel=\"canonical\" href=\"https:\/\/turcon.es\/wp\/el-proyecto-1-bolsa-menos-paso-por-playa-del-hombre\/\" \/>\n<meta property=\"og:locale\" content=\"es_ES\" \/>\n<meta property=\"og:type\" content=\"article\" \/>\n<meta property=\"og:title\" content=\"El proyecto &quot;1 bolsa menos&quot; pas\u00f3 por Playa del Hombre. - Colectivo Ecologista Turcon\" \/>\n<meta property=\"og:description\" content=\"La siguiente limpieza ser\u00e1 el s\u00e1bado d\u00eda 25 de mayo en la playa de Bocabarranco. Teresa, Andrea y Pablo siguen sumando voluntades, estos tres j\u00f3venes universitarios siguen invit\u00e1ndonos a usar menos pl\u00e1stico, a no abandonarlo en la naturaleza y a seguir limpiando. Se apoyan en las redes sociales y sus Kedadas van a cumplir un [&hellip;]\" \/>\n<meta property=\"og:url\" content=\"https:\/\/turcon.es\/wp\/el-proyecto-1-bolsa-menos-paso-por-playa-del-hombre\/\" \/>\n<meta property=\"og:site_name\" content=\"Colectivo Ecologista Turcon\" \/>\n<meta property=\"article:published_time\" content=\"2019-05-21T07:12:05+00:00\" \/>\n<meta name=\"author\" content=\"Laura Fernandez\" \/>\n<meta name=\"twitter:card\" content=\"summary_large_image\" \/>\n<meta name=\"twitter:label1\" content=\"Escrito por\" \/>\n\t<meta name=\"twitter:data1\" content=\"Laura Fernandez\" \/>\n\t<meta name=\"twitter:label2\" content=\"Tiempo de lectura\" \/>\n\t<meta name=\"twitter:data2\" content=\"2 minutos\" \/>\n<script type=\"application\/ld+json\" class=\"yoast-schema-graph\">{\"@context\":\"https:\/\/schema.org\",\"@graph\":[{\"@type\":\"Article\",\"@id\":\"https:\/\/turcon.es\/wp\/el-proyecto-1-bolsa-menos-paso-por-playa-del-hombre\/#article\",\"isPartOf\":{\"@id\":\"https:\/\/turcon.es\/wp\/el-proyecto-1-bolsa-menos-paso-por-playa-del-hombre\/\"},\"author\":{\"name\":\"Laura Fernandez\",\"@id\":\"https:\/\/turcon.es\/wp\/#\/schema\/person\/a1f3ba727ce031d9da17684affe85edd\"},\"headline\":\"El proyecto \u00ab1 bolsa menos\u00bb pas\u00f3 por Playa del Hombre.\",\"datePublished\":\"2019-05-21T07:12:05+00:00\",\"mainEntityOfPage\":{\"@id\":\"https:\/\/turcon.es\/wp\/el-proyecto-1-bolsa-menos-paso-por-playa-del-hombre\/\"},\"wordCount\":391,\"commentCount\":0,\"publisher\":{\"@id\":\"https:\/\/turcon.es\/wp\/#organization\"},\"image\":{\"@id\":\"https:\/\/turcon.es\/wp\/el-proyecto-1-bolsa-menos-paso-por-playa-del-hombre\/#primaryimage\"},\"thumbnailUrl\":\"https:\/\/turcon.es\/wp\/wp-content\/uploads\/2019\/05\/whatsapp-image-2019-05-19-at-07.46.51.jpeg?w=150\",\"articleSection\":[\"#Actividades Turc\u00f3n#\",\"Administraci\u00f3n p\u00fablica\",\"Cambio clim\u00e1tico\",\"Canarias\",\"Concienciaci\u00f3n\",\"Contaminaci\u00f3n y t\u00f3xicos\",\"Espacios Naturales\",\"Gran Canaria\",\"Movimiento ciudadano\",\"Ni\u00f1os\",\"Notas de prensa de Turc\u00f3n\",\"Oc\u00e9anos\",\"Reciclaje\",\"Recursos naturales\",\"Sociedad y derechos\",\"Telde (Gran Canaria)\",\"Urbanismo\"],\"inLanguage\":\"es\",\"potentialAction\":[{\"@type\":\"CommentAction\",\"name\":\"Comment\",\"target\":[\"https:\/\/turcon.es\/wp\/el-proyecto-1-bolsa-menos-paso-por-playa-del-hombre\/#respond\"]}]},{\"@type\":\"WebPage\",\"@id\":\"https:\/\/turcon.es\/wp\/el-proyecto-1-bolsa-menos-paso-por-playa-del-hombre\/\",\"url\":\"https:\/\/turcon.es\/wp\/el-proyecto-1-bolsa-menos-paso-por-playa-del-hombre\/\",\"name\":\"El proyecto \\\"1 bolsa menos\\\" pas\u00f3 por Playa del Hombre. - Colectivo Ecologista Turcon\",\"isPartOf\":{\"@id\":\"https:\/\/turcon.es\/wp\/#website\"},\"primaryImageOfPage\":{\"@id\":\"https:\/\/turcon.es\/wp\/el-proyecto-1-bolsa-menos-paso-por-playa-del-hombre\/#primaryimage\"},\"image\":{\"@id\":\"https:\/\/turcon.es\/wp\/el-proyecto-1-bolsa-menos-paso-por-playa-del-hombre\/#primaryimage\"},\"thumbnailUrl\":\"https:\/\/turcon.es\/wp\/wp-content\/uploads\/2019\/05\/whatsapp-image-2019-05-19-at-07.46.51.jpeg?w=150\",\"datePublished\":\"2019-05-21T07:12:05+00:00\",\"breadcrumb\":{\"@id\":\"https:\/\/turcon.es\/wp\/el-proyecto-1-bolsa-menos-paso-por-playa-del-hombre\/#breadcrumb\"},\"inLanguage\":\"es\",\"potentialAction\":[{\"@type\":\"ReadAction\",\"target\":[\"https:\/\/turcon.es\/wp\/el-proyecto-1-bolsa-menos-paso-por-playa-del-hombre\/\"]}]},{\"@type\":\"ImageObject\",\"inLanguage\":\"es\",\"@id\":\"https:\/\/turcon.es\/wp\/el-proyecto-1-bolsa-menos-paso-por-playa-del-hombre\/#primaryimage\",\"url\":\"https:\/\/turcon.es\/wp\/wp-content\/uploads\/2019\/05\/whatsapp-image-2019-05-19-at-07.46.51.jpeg?w=150\",\"contentUrl\":\"https:\/\/turcon.es\/wp\/wp-content\/uploads\/2019\/05\/whatsapp-image-2019-05-19-at-07.46.51.jpeg?w=150\"},{\"@type\":\"BreadcrumbList\",\"@id\":\"https:\/\/turcon.es\/wp\/el-proyecto-1-bolsa-menos-paso-por-playa-del-hombre\/#breadcrumb\",\"itemListElement\":[{\"@type\":\"ListItem\",\"position\":1,\"name\":\"Portada\",\"item\":\"https:\/\/turcon.es\/wp\/\"},{\"@type\":\"ListItem\",\"position\":2,\"name\":\"El proyecto \u00ab1 bolsa menos\u00bb pas\u00f3 por Playa del Hombre.\"}]},{\"@type\":\"WebSite\",\"@id\":\"https:\/\/turcon.es\/wp\/#website\",\"url\":\"https:\/\/turcon.es\/wp\/\",\"name\":\"Colectivo Ecologista Turcon\",\"description\":\"\",\"publisher\":{\"@id\":\"https:\/\/turcon.es\/wp\/#organization\"},\"potentialAction\":[{\"@type\":\"SearchAction\",\"target\":{\"@type\":\"EntryPoint\",\"urlTemplate\":\"https:\/\/turcon.es\/wp\/?s={search_term_string}\"},\"query-input\":{\"@type\":\"PropertyValueSpecification\",\"valueRequired\":true,\"valueName\":\"search_term_string\"}}],\"inLanguage\":\"es\"},{\"@type\":\"Organization\",\"@id\":\"https:\/\/turcon.es\/wp\/#organization\",\"name\":\"Colectivo Ecologista Turcon\",\"url\":\"https:\/\/turcon.es\/wp\/\",\"logo\":{\"@type\":\"ImageObject\",\"inLanguage\":\"es\",\"@id\":\"https:\/\/turcon.es\/wp\/#\/schema\/logo\/image\/\",\"url\":\"https:\/\/turcon.es\/wp\/wp-content\/uploads\/2025\/03\/logo-verde.svg\",\"contentUrl\":\"https:\/\/turcon.es\/wp\/wp-content\/uploads\/2025\/03\/logo-verde.svg\",\"width\":813,\"height\":813,\"caption\":\"Colectivo Ecologista Turcon\"},\"image\":{\"@id\":\"https:\/\/turcon.es\/wp\/#\/schema\/logo\/image\/\"}},{\"@type\":\"Person\",\"@id\":\"https:\/\/turcon.es\/wp\/#\/schema\/person\/a1f3ba727ce031d9da17684affe85edd\",\"name\":\"Laura Fernandez\",\"image\":{\"@type\":\"ImageObject\",\"inLanguage\":\"es\",\"@id\":\"https:\/\/turcon.es\/wp\/#\/schema\/person\/image\/\",\"url\":\"https:\/\/secure.gravatar.com\/avatar\/360749af9549af22e54582d50231ae56e854210ae2368797ba242f445a9852e8?s=96&d=mm&r=g\",\"contentUrl\":\"https:\/\/secure.gravatar.com\/avatar\/360749af9549af22e54582d50231ae56e854210ae2368797ba242f445a9852e8?s=96&d=mm&r=g\",\"caption\":\"Laura Fernandez\"},\"url\":\"https:\/\/turcon.es\/wp\/author\/admturcon\/\"}]}<\/script>\n<!-- \/ Yoast SEO plugin. -->","yoast_head_json":{"title":"El proyecto \"1 bolsa menos\" pas\u00f3 por Playa del Hombre. - Colectivo Ecologista Turcon","robots":{"index":"index","follow":"follow","max-snippet":"max-snippet:-1","max-image-preview":"max-image-preview:large","max-video-preview":"max-video-preview:-1"},"canonical":"https:\/\/turcon.es\/wp\/el-proyecto-1-bolsa-menos-paso-por-playa-del-hombre\/","og_locale":"es_ES","og_type":"article","og_title":"El proyecto \"1 bolsa menos\" pas\u00f3 por Playa del Hombre. - Colectivo Ecologista Turcon","og_description":"La siguiente limpieza ser\u00e1 el s\u00e1bado d\u00eda 25 de mayo en la playa de Bocabarranco. Teresa, Andrea y Pablo siguen sumando voluntades, estos tres j\u00f3venes universitarios siguen invit\u00e1ndonos a usar menos pl\u00e1stico, a no abandonarlo en la naturaleza y a seguir limpiando. Se apoyan en las redes sociales y sus Kedadas van a cumplir un [&hellip;]","og_url":"https:\/\/turcon.es\/wp\/el-proyecto-1-bolsa-menos-paso-por-playa-del-hombre\/","og_site_name":"Colectivo Ecologista Turcon","article_published_time":"2019-05-21T07:12:05+00:00","author":"Laura Fernandez","twitter_card":"summary_large_image","twitter_misc":{"Escrito por":"Laura Fernandez","Tiempo de lectura":"2 minutos"},"schema":{"@context":"https:\/\/schema.org","@graph":[{"@type":"Article","@id":"https:\/\/turcon.es\/wp\/el-proyecto-1-bolsa-menos-paso-por-playa-del-hombre\/#article","isPartOf":{"@id":"https:\/\/turcon.es\/wp\/el-proyecto-1-bolsa-menos-paso-por-playa-del-hombre\/"},"author":{"name":"Laura Fernandez","@id":"https:\/\/turcon.es\/wp\/#\/schema\/person\/a1f3ba727ce031d9da17684affe85edd"},"headline":"El proyecto \u00ab1 bolsa menos\u00bb pas\u00f3 por Playa del Hombre.","datePublished":"2019-05-21T07:12:05+00:00","mainEntityOfPage":{"@id":"https:\/\/turcon.es\/wp\/el-proyecto-1-bolsa-menos-paso-por-playa-del-hombre\/"},"wordCount":391,"commentCount":0,"publisher":{"@id":"https:\/\/turcon.es\/wp\/#organization"},"image":{"@id":"https:\/\/turcon.es\/wp\/el-proyecto-1-bolsa-menos-paso-por-playa-del-hombre\/#primaryimage"},"thumbnailUrl":"https:\/\/turcon.es\/wp\/wp-content\/uploads\/2019\/05\/whatsapp-image-2019-05-19-at-07.46.51.jpeg?w=150","articleSection":["#Actividades Turc\u00f3n#","Administraci\u00f3n p\u00fablica","Cambio clim\u00e1tico","Canarias","Concienciaci\u00f3n","Contaminaci\u00f3n y t\u00f3xicos","Espacios Naturales","Gran Canaria","Movimiento ciudadano","Ni\u00f1os","Notas de prensa de Turc\u00f3n","Oc\u00e9anos","Reciclaje","Recursos naturales","Sociedad y derechos","Telde (Gran Canaria)","Urbanismo"],"inLanguage":"es","potentialAction":[{"@type":"CommentAction","name":"Comment","target":["https:\/\/turcon.es\/wp\/el-proyecto-1-bolsa-menos-paso-por-playa-del-hombre\/#respond"]}]},{"@type":"WebPage","@id":"https:\/\/turcon.es\/wp\/el-proyecto-1-bolsa-menos-paso-por-playa-del-hombre\/","url":"https:\/\/turcon.es\/wp\/el-proyecto-1-bolsa-menos-paso-por-playa-del-hombre\/","name":"El proyecto \"1 bolsa menos\" pas\u00f3 por Playa del Hombre. - Colectivo Ecologista Turcon","isPartOf":{"@id":"https:\/\/turcon.es\/wp\/#website"},"primaryImageOfPage":{"@id":"https:\/\/turcon.es\/wp\/el-proyecto-1-bolsa-menos-paso-por-playa-del-hombre\/#primaryimage"},"image":{"@id":"https:\/\/turcon.es\/wp\/el-proyecto-1-bolsa-menos-paso-por-playa-del-hombre\/#primaryimage"},"thumbnailUrl":"https:\/\/turcon.es\/wp\/wp-content\/uploads\/2019\/05\/whatsapp-image-2019-05-19-at-07.46.51.jpeg?w=150","datePublished":"2019-05-21T07:12:05+00:00","breadcrumb":{"@id":"https:\/\/turcon.es\/wp\/el-proyecto-1-bolsa-menos-paso-por-playa-del-hombre\/#breadcrumb"},"inLanguage":"es","potentialAction":[{"@type":"ReadAction","target":["https:\/\/turcon.es\/wp\/el-proyecto-1-bolsa-menos-paso-por-playa-del-hombre\/"]}]},{"@type":"ImageObject","inLanguage":"es","@id":"https:\/\/turcon.es\/wp\/el-proyecto-1-bolsa-menos-paso-por-playa-del-hombre\/#primaryimage","url":"https:\/\/turcon.es\/wp\/wp-content\/uploads\/2019\/05\/whatsapp-image-2019-05-19-at-07.46.51.jpeg?w=150","contentUrl":"https:\/\/turcon.es\/wp\/wp-content\/uploads\/2019\/05\/whatsapp-image-2019-05-19-at-07.46.51.jpeg?w=150"},{"@type":"BreadcrumbList","@id":"https:\/\/turcon.es\/wp\/el-proyecto-1-bolsa-menos-paso-por-playa-del-hombre\/#breadcrumb","itemListElement":[{"@type":"ListItem","position":1,"name":"Portada","item":"https:\/\/turcon.es\/wp\/"},{"@type":"ListItem","position":2,"name":"El proyecto \u00ab1 bolsa menos\u00bb pas\u00f3 por Playa del Hombre."}]},{"@type":"WebSite","@id":"https:\/\/turcon.es\/wp\/#website","url":"https:\/\/turcon.es\/wp\/","name":"Colectivo Ecologista Turcon","description":"","publisher":{"@id":"https:\/\/turcon.es\/wp\/#organization"},"potentialAction":[{"@type":"SearchAction","target":{"@type":"EntryPoint","urlTemplate":"https:\/\/turcon.es\/wp\/?s={search_term_string}"},"query-input":{"@type":"PropertyValueSpecification","valueRequired":true,"valueName":"search_term_string"}}],"inLanguage":"es"},{"@type":"Organization","@id":"https:\/\/turcon.es\/wp\/#organization","name":"Colectivo Ecologista Turcon","url":"https:\/\/turcon.es\/wp\/","logo":{"@type":"ImageObject","inLanguage":"es","@id":"https:\/\/turcon.es\/wp\/#\/schema\/logo\/image\/","url":"https:\/\/turcon.es\/wp\/wp-content\/uploads\/2025\/03\/logo-verde.svg","contentUrl":"https:\/\/turcon.es\/wp\/wp-content\/uploads\/2025\/03\/logo-verde.svg","width":813,"height":813,"caption":"Colectivo Ecologista Turcon"},"image":{"@id":"https:\/\/turcon.es\/wp\/#\/schema\/logo\/image\/"}},{"@type":"Person","@id":"https:\/\/turcon.es\/wp\/#\/schema\/person\/a1f3ba727ce031d9da17684affe85edd","name":"Laura Fernandez","image":{"@type":"ImageObject","inLanguage":"es","@id":"https:\/\/turcon.es\/wp\/#\/schema\/person\/image\/","url":"https:\/\/secure.gravatar.com\/avatar\/360749af9549af22e54582d50231ae56e854210ae2368797ba242f445a9852e8?s=96&d=mm&r=g","contentUrl":"https:\/\/secure.gravatar.com\/avatar\/360749af9549af22e54582d50231ae56e854210ae2368797ba242f445a9852e8?s=96&d=mm&r=g","caption":"Laura Fernandez"},"url":"https:\/\/turcon.es\/wp\/author\/admturcon\/"}]}},"_links":{"self":[{"href":"https:\/\/turcon.es\/wp\/wp-json\/wp\/v2\/posts\/15068","targetHints":{"allow":["GET"]}}],"collection":[{"href":"https:\/\/turcon.es\/wp\/wp-json\/wp\/v2\/posts"}],"about":[{"href":"https:\/\/turcon.es\/wp\/wp-json\/wp\/v2\/types\/post"}],"author":[{"embeddable":true,"href":"https:\/\/turcon.es\/wp\/wp-json\/wp\/v2\/users\/2"}],"replies":[{"embeddable":true,"href":"https:\/\/turcon.es\/wp\/wp-json\/wp\/v2\/comments?post=15068"}],"version-history":[{"count":0,"href":"https:\/\/turcon.es\/wp\/wp-json\/wp\/v2\/posts\/15068\/revisions"}],"wp:attachment":[{"href":"https:\/\/turcon.es\/wp\/wp-json\/wp\/v2\/media?parent=15068"}],"wp:term":[{"taxonomy":"category","embeddable":true,"href":"https:\/\/turcon.es\/wp\/wp-json\/wp\/v2\/categories?post=15068"},{"taxonomy":"post_tag","embeddable":true,"href":"https:\/\/turcon.es\/wp\/wp-json\/wp\/v2\/tags?post=15068"}],"curies":[{"name":"wp","href":"https:\/\/api.w.org\/{rel}","templated":true}]}}