{"id":15076,"date":"2019-09-29T09:07:35","date_gmt":"2019-09-29T08:07:35","guid":{"rendered":"http:\/\/turcon.es\/components\/com_wordpress\/wp\/?option=com_wordpress&amp;p=14412"},"modified":"2019-09-29T09:07:35","modified_gmt":"2019-09-29T08:07:35","slug":"recuperando-viejos-caminos","status":"publish","type":"post","link":"https:\/\/turcon.es\/wp\/recuperando-viejos-caminos\/","title":{"rendered":"Recuperando viejos caminos"},"content":{"rendered":"\n<p><strong>La ruta realizada ayer por el Colectivo Turc\u00f3n-EeA, entre los municipios de la Villa de Santa Br\u00edgida y Valsequillo, tuvo varios alicientes. Entre ellos recuperar viejos caminos, quiz\u00e1s pocos conocidos, como el del Lomo del Pe\u00f1\u00f3n de la Negra-Cruz de Nonito, un trazado abierto para disfrute de todos los senderistas.<\/strong><\/p>\n\n\n\n<p>Los datos t\u00e9cnicos de la ruta fueron los siguientes:\nrecorrido 10,5 km. Pendiente m\u00e1xima 47%. Desniveles 506-921-573. Cinco horas de\nduraci\u00f3n brutas.<\/p>\n\n\n\n<p><strong>El recorrido y su toponim\u00eda:\u00a0<\/strong> Villa de Santa Br\u00edgida Camino de La Grama-Canal de agua-Cruz del Gamonal- Los Barrancos-Camino del Acebuche-Lomo de Cho Ortiz (El Monta\u00f1\u00f3n)-Las Mesas-Ca\u00f1ada del Tanque Medina (bifurcaci\u00f3n camino de la orilla)-Lomo del Pe\u00f1\u00f3n de la Negra-Cruz de Nonito-Lomitos de Correa-Canal de agua-La Almagrera-Los Jaguarzos-Piscina municipal.<strong> <\/strong><\/p>\n\n\n\n<div class=\"wp-block-image\"><figure class=\"aligncenter is-resized\"><img fetchpriority=\"high\" decoding=\"async\" src=\"http:\/\/turcon.es\/components\/com_wordpress\/wp\/wp-content\/uploads\/2019\/09\/P1360084-624x468.jpg\" alt=\"\" width=\"312\" height=\"234\" \/><\/figure><\/div>\n\n\n\n<p><strong>CRUZ DE NONITO:<\/strong><\/p>\n\n\n\n<p>En el alto del Lomito de Correa muy cerca de la Cueva de Puercos,\n<strong>Jos\u00e9 Antonio Mayor, <\/strong>pastor, coloc\u00f3 una cruz met\u00e1lica blanca tras una\nafecci\u00f3n\/operaci\u00f3n que super\u00f3, como promesa personal.<\/p>\n\n\n\n<p>Cada festividad de mayo sube con su familia a enramar la\ncruz.<\/p>\n\n\n\n<p>Puede tener al menos 10 a\u00f1os de antig\u00fcedad. Datos recabados\nel d\u00eda 23 de agosto de 2018.<\/p>\n\n\n\n<p><strong>RESCATANDO VIEJOS\nCAMINOS: <\/strong>Camino y caser\u00edo \u201cEL ACEBUCHE.\u201d <\/p>\n\n\n\n<p>Un lugar remoto, entre la Villa de Santa Br\u00edgida y Valsequillo,\nen el lugar conocido como los barrancos,&nbsp;\nexiste un&nbsp; viejo camino que une el\nLomo del Monta\u00f1\u00f3n con los barranquillos. <\/p>\n\n\n\n<p>Su nombre viene dado por la existencia de un viejo acebuche\/\nOlivo, cuyo nombre cient\u00edfico es&nbsp; <em>Olea<\/em> <em>cerasiformis<\/em>,\nsi bien popularmente tambi\u00e9n se lo conoce como \u201cOlivo macho\u201d u \u201cOlivo\nsilvestre\u201d de Canarias, quiz\u00e1s por su semejanza con este \u00faltimo. <\/p>\n\n\n\n<p>Lo cierto es que no resulta f\u00e1cil diferenciarlos. Si usted\nquiere aprender a distinguirlos, debe saber que las hojas y los frutos del\nacebuche son m\u00e1s peque\u00f1os. La madera del acebuche tiene <\/p>\n\n\n\n<p>buena reputaci\u00f3n, tal como refleja el dicho transmitido por la sabidur\u00eda popular, seg\u00fan el cual \u201ccon el acebuche no hay palo que luche\u201d. En el pasado se usaba para le\u00f1a, aperos y ejes, as\u00ed como para el juego del palo. El acebuche es una de las principales especies vegetales que componen el bosque term\u00f3filo.<\/p>\n\n\n\n<div class=\"wp-block-image\"><figure class=\"aligncenter is-resized\"><img decoding=\"async\" src=\"http:\/\/turcon.es\/components\/com_wordpress\/wp\/wp-content\/uploads\/2019\/09\/P1350992-1024x768.jpg\" alt=\"\" class=\"wp-image-14416\" width=\"256\" height=\"192\" \/><\/figure><\/div>\n\n\n\n<div class=\"wp-block-image\"><figure class=\"aligncenter is-resized\"><img decoding=\"async\" src=\"http:\/\/turcon.es\/components\/com_wordpress\/wp\/wp-content\/uploads\/2019\/09\/losacebuches-1024x830.jpg\" alt=\"\" class=\"wp-image-14415\" width=\"256\" height=\"208\" \/><\/figure><\/div>\n\n\n\n<p><strong>Nuestras pr\u00f3ximas actividades:<\/strong><\/p>\n\n\n\n<p><strong>&nbsp;19 de octubre,\ns\u00e1bado: Barranco Garc\u00eda Ru\u00edz. Nivel alto.<\/strong><\/p>\n\n\n\n<p><strong>&nbsp;10 de noviembre,\ndomingo: Las Magnolias. Nivel bajo.<\/strong><\/p>\n\n\n\n<p><strong>\u00a030 de noviembre, s\u00e1bado: Gurbia. Nivel alto.<\/strong><\/p>\n\n\n\n<div class=\"wp-block-image\"><figure class=\"aligncenter is-resized\"><img loading=\"lazy\" decoding=\"async\" src=\"http:\/\/turcon.es\/components\/com_wordpress\/wp\/wp-content\/uploads\/2019\/09\/P1360081-1024x768.jpg\" alt=\"\" class=\"wp-image-14417\" width=\"256\" height=\"192\" \/><\/figure><\/div>\n","protected":false},"excerpt":{"rendered":"<p>La ruta realizada ayer por el Colectivo Turc\u00f3n-EeA, entre los municipios de la Villa de Santa Br\u00edgida y Valsequillo, tuvo varios alicientes. Entre ellos recuperar viejos caminos, quiz\u00e1s pocos conocidos, como el del Lomo del Pe\u00f1\u00f3n de la Negra-Cruz de Nonito, un trazado abierto para disfrute de todos los senderistas. Los datos t\u00e9cnicos de la [&hellip;]<\/p>\n","protected":false},"author":2,"featured_media":0,"comment_status":"open","ping_status":"open","sticky":false,"template":"","format":"standard","meta":{"footnotes":""},"categories":[6,9,10,22,31,37,41,46,49,55,57],"tags":[],"class_list":["post-15076","post","type-post","status-publish","format-standard","hentry","category-actividades-turcon","category-agricultura-y-ganaderia","category-agua","category-concienciacion","category-educacion-y-cultura","category-espacios-naturales","category-gran-canaria","category-notas-de-prensa-de-turcon","category-patrimonio-historico","category-recursos-naturales","category-senderismo"],"yoast_head":"<!-- This site is optimized with the Yoast SEO plugin v26.3 - https:\/\/yoast.com\/wordpress\/plugins\/seo\/ -->\n<title>Recuperando viejos caminos - Colectivo Ecologista Turcon<\/title>\n<meta name=\"robots\" content=\"index, follow, max-snippet:-1, max-image-preview:large, max-video-preview:-1\" \/>\n<link rel=\"canonical\" href=\"https:\/\/turcon.es\/wp\/recuperando-viejos-caminos\/\" \/>\n<meta property=\"og:locale\" content=\"es_ES\" \/>\n<meta property=\"og:type\" content=\"article\" \/>\n<meta property=\"og:title\" content=\"Recuperando viejos caminos - Colectivo Ecologista Turcon\" \/>\n<meta property=\"og:description\" content=\"La ruta realizada ayer por el Colectivo Turc\u00f3n-EeA, entre los municipios de la Villa de Santa Br\u00edgida y Valsequillo, tuvo varios alicientes. Entre ellos recuperar viejos caminos, quiz\u00e1s pocos conocidos, como el del Lomo del Pe\u00f1\u00f3n de la Negra-Cruz de Nonito, un trazado abierto para disfrute de todos los senderistas. Los datos t\u00e9cnicos de la [&hellip;]\" \/>\n<meta property=\"og:url\" content=\"https:\/\/turcon.es\/wp\/recuperando-viejos-caminos\/\" \/>\n<meta property=\"og:site_name\" content=\"Colectivo Ecologista Turcon\" \/>\n<meta property=\"article:published_time\" content=\"2019-09-29T08:07:35+00:00\" \/>\n<meta property=\"og:image\" content=\"http:\/\/turcon.es\/components\/com_wordpress\/wp\/wp-content\/uploads\/2019\/09\/P1360084-624x468.jpg\" \/>\n<meta name=\"author\" content=\"Laura Fernandez\" \/>\n<meta name=\"twitter:card\" content=\"summary_large_image\" \/>\n<meta name=\"twitter:label1\" content=\"Escrito por\" \/>\n\t<meta name=\"twitter:data1\" content=\"Laura Fernandez\" \/>\n\t<meta name=\"twitter:label2\" content=\"Tiempo de lectura\" \/>\n\t<meta name=\"twitter:data2\" content=\"2 minutos\" \/>\n<script type=\"application\/ld+json\" class=\"yoast-schema-graph\">{\"@context\":\"https:\/\/schema.org\",\"@graph\":[{\"@type\":\"Article\",\"@id\":\"https:\/\/turcon.es\/wp\/recuperando-viejos-caminos\/#article\",\"isPartOf\":{\"@id\":\"https:\/\/turcon.es\/wp\/recuperando-viejos-caminos\/\"},\"author\":{\"name\":\"Laura Fernandez\",\"@id\":\"https:\/\/turcon.es\/wp\/#\/schema\/person\/a1f3ba727ce031d9da17684affe85edd\"},\"headline\":\"Recuperando viejos caminos\",\"datePublished\":\"2019-09-29T08:07:35+00:00\",\"mainEntityOfPage\":{\"@id\":\"https:\/\/turcon.es\/wp\/recuperando-viejos-caminos\/\"},\"wordCount\":418,\"commentCount\":0,\"publisher\":{\"@id\":\"https:\/\/turcon.es\/wp\/#organization\"},\"image\":{\"@id\":\"https:\/\/turcon.es\/wp\/recuperando-viejos-caminos\/#primaryimage\"},\"thumbnailUrl\":\"http:\/\/turcon.es\/components\/com_wordpress\/wp\/wp-content\/uploads\/2019\/09\/P1360084-624x468.jpg\",\"articleSection\":[\"#Actividades Turc\u00f3n#\",\"Agricultura y ganader\u00eda\",\"Agua\",\"Concienciaci\u00f3n\",\"Educaci\u00f3n y cultura\",\"Espacios Naturales\",\"Gran Canaria\",\"Notas de prensa de Turc\u00f3n\",\"Patrimonio hist\u00f3rico\",\"Recursos naturales\",\"Senderismo\"],\"inLanguage\":\"es\",\"potentialAction\":[{\"@type\":\"CommentAction\",\"name\":\"Comment\",\"target\":[\"https:\/\/turcon.es\/wp\/recuperando-viejos-caminos\/#respond\"]}]},{\"@type\":\"WebPage\",\"@id\":\"https:\/\/turcon.es\/wp\/recuperando-viejos-caminos\/\",\"url\":\"https:\/\/turcon.es\/wp\/recuperando-viejos-caminos\/\",\"name\":\"Recuperando viejos caminos - Colectivo Ecologista Turcon\",\"isPartOf\":{\"@id\":\"https:\/\/turcon.es\/wp\/#website\"},\"primaryImageOfPage\":{\"@id\":\"https:\/\/turcon.es\/wp\/recuperando-viejos-caminos\/#primaryimage\"},\"image\":{\"@id\":\"https:\/\/turcon.es\/wp\/recuperando-viejos-caminos\/#primaryimage\"},\"thumbnailUrl\":\"http:\/\/turcon.es\/components\/com_wordpress\/wp\/wp-content\/uploads\/2019\/09\/P1360084-624x468.jpg\",\"datePublished\":\"2019-09-29T08:07:35+00:00\",\"breadcrumb\":{\"@id\":\"https:\/\/turcon.es\/wp\/recuperando-viejos-caminos\/#breadcrumb\"},\"inLanguage\":\"es\",\"potentialAction\":[{\"@type\":\"ReadAction\",\"target\":[\"https:\/\/turcon.es\/wp\/recuperando-viejos-caminos\/\"]}]},{\"@type\":\"ImageObject\",\"inLanguage\":\"es\",\"@id\":\"https:\/\/turcon.es\/wp\/recuperando-viejos-caminos\/#primaryimage\",\"url\":\"http:\/\/turcon.es\/components\/com_wordpress\/wp\/wp-content\/uploads\/2019\/09\/P1360084-624x468.jpg\",\"contentUrl\":\"http:\/\/turcon.es\/components\/com_wordpress\/wp\/wp-content\/uploads\/2019\/09\/P1360084-624x468.jpg\"},{\"@type\":\"BreadcrumbList\",\"@id\":\"https:\/\/turcon.es\/wp\/recuperando-viejos-caminos\/#breadcrumb\",\"itemListElement\":[{\"@type\":\"ListItem\",\"position\":1,\"name\":\"Portada\",\"item\":\"https:\/\/turcon.es\/wp\/\"},{\"@type\":\"ListItem\",\"position\":2,\"name\":\"Recuperando viejos caminos\"}]},{\"@type\":\"WebSite\",\"@id\":\"https:\/\/turcon.es\/wp\/#website\",\"url\":\"https:\/\/turcon.es\/wp\/\",\"name\":\"Colectivo Ecologista Turcon\",\"description\":\"\",\"publisher\":{\"@id\":\"https:\/\/turcon.es\/wp\/#organization\"},\"potentialAction\":[{\"@type\":\"SearchAction\",\"target\":{\"@type\":\"EntryPoint\",\"urlTemplate\":\"https:\/\/turcon.es\/wp\/?s={search_term_string}\"},\"query-input\":{\"@type\":\"PropertyValueSpecification\",\"valueRequired\":true,\"valueName\":\"search_term_string\"}}],\"inLanguage\":\"es\"},{\"@type\":\"Organization\",\"@id\":\"https:\/\/turcon.es\/wp\/#organization\",\"name\":\"Colectivo Ecologista Turcon\",\"url\":\"https:\/\/turcon.es\/wp\/\",\"logo\":{\"@type\":\"ImageObject\",\"inLanguage\":\"es\",\"@id\":\"https:\/\/turcon.es\/wp\/#\/schema\/logo\/image\/\",\"url\":\"https:\/\/turcon.es\/wp\/wp-content\/uploads\/2025\/03\/logo-verde.svg\",\"contentUrl\":\"https:\/\/turcon.es\/wp\/wp-content\/uploads\/2025\/03\/logo-verde.svg\",\"width\":813,\"height\":813,\"caption\":\"Colectivo Ecologista Turcon\"},\"image\":{\"@id\":\"https:\/\/turcon.es\/wp\/#\/schema\/logo\/image\/\"}},{\"@type\":\"Person\",\"@id\":\"https:\/\/turcon.es\/wp\/#\/schema\/person\/a1f3ba727ce031d9da17684affe85edd\",\"name\":\"Laura Fernandez\",\"image\":{\"@type\":\"ImageObject\",\"inLanguage\":\"es\",\"@id\":\"https:\/\/turcon.es\/wp\/#\/schema\/person\/image\/\",\"url\":\"https:\/\/secure.gravatar.com\/avatar\/360749af9549af22e54582d50231ae56e854210ae2368797ba242f445a9852e8?s=96&d=mm&r=g\",\"contentUrl\":\"https:\/\/secure.gravatar.com\/avatar\/360749af9549af22e54582d50231ae56e854210ae2368797ba242f445a9852e8?s=96&d=mm&r=g\",\"caption\":\"Laura Fernandez\"},\"url\":\"https:\/\/turcon.es\/wp\/author\/admturcon\/\"}]}<\/script>\n<!-- \/ Yoast SEO plugin. -->","yoast_head_json":{"title":"Recuperando viejos caminos - Colectivo Ecologista Turcon","robots":{"index":"index","follow":"follow","max-snippet":"max-snippet:-1","max-image-preview":"max-image-preview:large","max-video-preview":"max-video-preview:-1"},"canonical":"https:\/\/turcon.es\/wp\/recuperando-viejos-caminos\/","og_locale":"es_ES","og_type":"article","og_title":"Recuperando viejos caminos - Colectivo Ecologista Turcon","og_description":"La ruta realizada ayer por el Colectivo Turc\u00f3n-EeA, entre los municipios de la Villa de Santa Br\u00edgida y Valsequillo, tuvo varios alicientes. Entre ellos recuperar viejos caminos, quiz\u00e1s pocos conocidos, como el del Lomo del Pe\u00f1\u00f3n de la Negra-Cruz de Nonito, un trazado abierto para disfrute de todos los senderistas. Los datos t\u00e9cnicos de la [&hellip;]","og_url":"https:\/\/turcon.es\/wp\/recuperando-viejos-caminos\/","og_site_name":"Colectivo Ecologista Turcon","article_published_time":"2019-09-29T08:07:35+00:00","og_image":[{"url":"http:\/\/turcon.es\/components\/com_wordpress\/wp\/wp-content\/uploads\/2019\/09\/P1360084-624x468.jpg","type":"","width":"","height":""}],"author":"Laura Fernandez","twitter_card":"summary_large_image","twitter_misc":{"Escrito por":"Laura Fernandez","Tiempo de lectura":"2 minutos"},"schema":{"@context":"https:\/\/schema.org","@graph":[{"@type":"Article","@id":"https:\/\/turcon.es\/wp\/recuperando-viejos-caminos\/#article","isPartOf":{"@id":"https:\/\/turcon.es\/wp\/recuperando-viejos-caminos\/"},"author":{"name":"Laura Fernandez","@id":"https:\/\/turcon.es\/wp\/#\/schema\/person\/a1f3ba727ce031d9da17684affe85edd"},"headline":"Recuperando viejos caminos","datePublished":"2019-09-29T08:07:35+00:00","mainEntityOfPage":{"@id":"https:\/\/turcon.es\/wp\/recuperando-viejos-caminos\/"},"wordCount":418,"commentCount":0,"publisher":{"@id":"https:\/\/turcon.es\/wp\/#organization"},"image":{"@id":"https:\/\/turcon.es\/wp\/recuperando-viejos-caminos\/#primaryimage"},"thumbnailUrl":"http:\/\/turcon.es\/components\/com_wordpress\/wp\/wp-content\/uploads\/2019\/09\/P1360084-624x468.jpg","articleSection":["#Actividades Turc\u00f3n#","Agricultura y ganader\u00eda","Agua","Concienciaci\u00f3n","Educaci\u00f3n y cultura","Espacios Naturales","Gran Canaria","Notas de prensa de Turc\u00f3n","Patrimonio hist\u00f3rico","Recursos naturales","Senderismo"],"inLanguage":"es","potentialAction":[{"@type":"CommentAction","name":"Comment","target":["https:\/\/turcon.es\/wp\/recuperando-viejos-caminos\/#respond"]}]},{"@type":"WebPage","@id":"https:\/\/turcon.es\/wp\/recuperando-viejos-caminos\/","url":"https:\/\/turcon.es\/wp\/recuperando-viejos-caminos\/","name":"Recuperando viejos caminos - Colectivo Ecologista Turcon","isPartOf":{"@id":"https:\/\/turcon.es\/wp\/#website"},"primaryImageOfPage":{"@id":"https:\/\/turcon.es\/wp\/recuperando-viejos-caminos\/#primaryimage"},"image":{"@id":"https:\/\/turcon.es\/wp\/recuperando-viejos-caminos\/#primaryimage"},"thumbnailUrl":"http:\/\/turcon.es\/components\/com_wordpress\/wp\/wp-content\/uploads\/2019\/09\/P1360084-624x468.jpg","datePublished":"2019-09-29T08:07:35+00:00","breadcrumb":{"@id":"https:\/\/turcon.es\/wp\/recuperando-viejos-caminos\/#breadcrumb"},"inLanguage":"es","potentialAction":[{"@type":"ReadAction","target":["https:\/\/turcon.es\/wp\/recuperando-viejos-caminos\/"]}]},{"@type":"ImageObject","inLanguage":"es","@id":"https:\/\/turcon.es\/wp\/recuperando-viejos-caminos\/#primaryimage","url":"http:\/\/turcon.es\/components\/com_wordpress\/wp\/wp-content\/uploads\/2019\/09\/P1360084-624x468.jpg","contentUrl":"http:\/\/turcon.es\/components\/com_wordpress\/wp\/wp-content\/uploads\/2019\/09\/P1360084-624x468.jpg"},{"@type":"BreadcrumbList","@id":"https:\/\/turcon.es\/wp\/recuperando-viejos-caminos\/#breadcrumb","itemListElement":[{"@type":"ListItem","position":1,"name":"Portada","item":"https:\/\/turcon.es\/wp\/"},{"@type":"ListItem","position":2,"name":"Recuperando viejos caminos"}]},{"@type":"WebSite","@id":"https:\/\/turcon.es\/wp\/#website","url":"https:\/\/turcon.es\/wp\/","name":"Colectivo Ecologista Turcon","description":"","publisher":{"@id":"https:\/\/turcon.es\/wp\/#organization"},"potentialAction":[{"@type":"SearchAction","target":{"@type":"EntryPoint","urlTemplate":"https:\/\/turcon.es\/wp\/?s={search_term_string}"},"query-input":{"@type":"PropertyValueSpecification","valueRequired":true,"valueName":"search_term_string"}}],"inLanguage":"es"},{"@type":"Organization","@id":"https:\/\/turcon.es\/wp\/#organization","name":"Colectivo Ecologista Turcon","url":"https:\/\/turcon.es\/wp\/","logo":{"@type":"ImageObject","inLanguage":"es","@id":"https:\/\/turcon.es\/wp\/#\/schema\/logo\/image\/","url":"https:\/\/turcon.es\/wp\/wp-content\/uploads\/2025\/03\/logo-verde.svg","contentUrl":"https:\/\/turcon.es\/wp\/wp-content\/uploads\/2025\/03\/logo-verde.svg","width":813,"height":813,"caption":"Colectivo Ecologista Turcon"},"image":{"@id":"https:\/\/turcon.es\/wp\/#\/schema\/logo\/image\/"}},{"@type":"Person","@id":"https:\/\/turcon.es\/wp\/#\/schema\/person\/a1f3ba727ce031d9da17684affe85edd","name":"Laura Fernandez","image":{"@type":"ImageObject","inLanguage":"es","@id":"https:\/\/turcon.es\/wp\/#\/schema\/person\/image\/","url":"https:\/\/secure.gravatar.com\/avatar\/360749af9549af22e54582d50231ae56e854210ae2368797ba242f445a9852e8?s=96&d=mm&r=g","contentUrl":"https:\/\/secure.gravatar.com\/avatar\/360749af9549af22e54582d50231ae56e854210ae2368797ba242f445a9852e8?s=96&d=mm&r=g","caption":"Laura Fernandez"},"url":"https:\/\/turcon.es\/wp\/author\/admturcon\/"}]}},"_links":{"self":[{"href":"https:\/\/turcon.es\/wp\/wp-json\/wp\/v2\/posts\/15076","targetHints":{"allow":["GET"]}}],"collection":[{"href":"https:\/\/turcon.es\/wp\/wp-json\/wp\/v2\/posts"}],"about":[{"href":"https:\/\/turcon.es\/wp\/wp-json\/wp\/v2\/types\/post"}],"author":[{"embeddable":true,"href":"https:\/\/turcon.es\/wp\/wp-json\/wp\/v2\/users\/2"}],"replies":[{"embeddable":true,"href":"https:\/\/turcon.es\/wp\/wp-json\/wp\/v2\/comments?post=15076"}],"version-history":[{"count":0,"href":"https:\/\/turcon.es\/wp\/wp-json\/wp\/v2\/posts\/15076\/revisions"}],"wp:attachment":[{"href":"https:\/\/turcon.es\/wp\/wp-json\/wp\/v2\/media?parent=15076"}],"wp:term":[{"taxonomy":"category","embeddable":true,"href":"https:\/\/turcon.es\/wp\/wp-json\/wp\/v2\/categories?post=15076"},{"taxonomy":"post_tag","embeddable":true,"href":"https:\/\/turcon.es\/wp\/wp-json\/wp\/v2\/tags?post=15076"}],"curies":[{"name":"wp","href":"https:\/\/api.w.org\/{rel}","templated":true}]}}