{"id":15080,"date":"2019-10-12T05:02:10","date_gmt":"2019-10-12T04:02:10","guid":{"rendered":"http:\/\/turcon.es\/components\/com_wordpress\/wp\/?option=com_wordpress&amp;p=14424"},"modified":"2019-10-12T05:02:10","modified_gmt":"2019-10-12T04:02:10","slug":"rechazo-a-la-tangencial-de-telde-2","status":"publish","type":"post","link":"https:\/\/turcon.es\/wp\/rechazo-a-la-tangencial-de-telde-2\/","title":{"rendered":"Rechazo a la tangencial de Telde"},"content":{"rendered":"\n<p><strong>Rechazan\nla tangencial de Telde y denuncian la hipocres\u00eda del Cabildo de Gran Canaria y\ndel Gobierno de Canarias con respecto a sus pol\u00edticas de adaptaci\u00f3n a la\nemergencia clim\u00e1tica<\/strong><\/p>\n\n\n\n<p>La Federaci\u00f3n Ben Magec \u2013 Ecologistas en Acci\u00f3n manifiesta su repulsa al acuerdo del Cabildo de Gran Canaria y el Gobierno de Canarias de impulsar nuevas autov\u00edas como la Tangencial de Telde, desechando otro tipo de alternativas m\u00e1s sostenibles, \u00fatiles y econ\u00f3micas.<\/p>\n\n\n\n<div class=\"wp-block-image\"><figure class=\"aligncenter is-resized\"><img fetchpriority=\"high\" decoding=\"async\" src=\"https:\/\/www.teldeactualidad.com\/userfiles\/politica\/2019\/10\/24343\/protestatangencialtelde%202%20Medium.jpg\" alt=\"Resultado de imagen de tangencial telde\" width=\"267\" height=\"200\" \/><\/figure><\/div>\n\n\n\n<p>El Cabildo de Gran\nCanaria y el Gobierno de Canarias entran en clara contradicci\u00f3n con sus sendos\nplanteamientos te\u00f3ricos de \u201cEco-isla\u201d de \u201cEmergencia Clim\u00e1tica\u201d cuando\npromueven una nueva autopista de seis carriles que va a tener un impacto muy negativo\nno solo en emisiones de carbono sino tambi\u00e9n sobre el territorio, el patrimonio\nnatural y cultural, las actividades econ\u00f3micas de base agraria y la calidad de\nvida de los vecinos y vecinas directamente afectados por la imposici\u00f3n de dicha\ninfraestructura en su entorno vital.<\/p>\n\n\n\n<p>Ambas instituciones\ndemuestran as\u00ed que siguen apostando por un modelo de movilidad continuista\nalejado de criterios de sostenibilidad, modelo que prioriza el uso del veh\u00edculo\nprivado, individualista y excluyente, frente a la adopci\u00f3n de alternativas m\u00e1s\nadaptadas a las condiciones insulares y a las demandas que claman los\nMovimientos por El Clima en todo el mundo.<\/p>\n\n\n\n<p>La portavoz de la federaci\u00f3n,\nNoelia S\u00e1nchez, se pregunta c\u00f3mo es posible que los representantes p\u00fablicos de\ndiferentes instituciones aparezcan en las manifestaciones por el clima un d\u00eda y\nal d\u00eda siguiente est\u00e9n desechando las verdaderas medidas de adaptaci\u00f3n a la\nemergencia clim\u00e1tica como la que supondr\u00eda el carril Bus\/VAO para proponer m\u00e1s\nde lo mismo: m\u00e1s destrucci\u00f3n del territorio, m\u00e1s despilfarro, m\u00e1s emisiones y m\u00e1s\napoyo a los lobbys de la construcci\u00f3n y la automoci\u00f3n. \u201cCon estas acciones nos\nenfrentamos a un estado de hipocres\u00eda pol\u00edtica que raya lo insoportable\u201d,\nsubraya la portavoz.<\/p>\n\n\n\n<p>La federaci\u00f3n denuncia c\u00f3mo\ndesde las autoridades pol\u00edticas nos terminan acostumbrando de forma\nirresponsable al doble lenguaje. Ya en 1999 cuando se present\u00f3 el Plan Director\nde infraestructuras de Canarias, el Parlamento canario aprob\u00f3 una moci\u00f3n que dec\u00eda:\n\u201c\u2026<strong><em>Pocas veces se justifican, en un territorio fr\u00e1gil y peque\u00f1o\ncomo el insular, grandes y costosas obras, que suelen tener un impacto\ndesastroso sobre el medio<\/em><\/strong><em>. Muchas veces, en opini\u00f3n del Parlamento, <strong>se\npueden lograr los mismos objetivos con una mayor eficiencia operativa de las\nalternativas preexistentes\u201d<\/strong><\/em><\/p>\n\n\n\n<p>Desde la federaci\u00f3n\necologista temen que la Declaraci\u00f3n de Emergencia Clim\u00e1tica del Gobierno de\nCanarias se convierta en otro papel mojado m\u00e1s, de la misma manera que la idea\nde \u201cEco-isla\u201d que pregona el Cabildo de Gran Canaria desde hace cuatro a\u00f1os y\nque est\u00e1 suponiendo en la pr\u00e1ctica un mero eslogan propagand\u00edstico.<\/p>\n\n\n\n<p>Ambas instituciones tiene\nen sus manos desmentir estas sospechas desechando infraestructuras como la Tangencial\nde Telde y poniendo en pr\u00e1ctica las medidas estipuladas como el BUS-VAO,\nacompa\u00f1adas de otras medidas que mejoren la frecuencia y eficiencia de la\nguagua, la accesibilidad local y que pacifiquen el tr\u00e1fico en la GC-1.<\/p>\n\n\n\n<p>\u201cEsta infraestructura viaria no es de inter\u00e9s\np\u00fablico. No es necesaria. Nadie la ha pedido\u201d, afirma la portavoz. Adem\u00e1s, viene\ngenerando desde hace a\u00f1os un rechazo profundo de los vecinos de los barrios\nafectados y de habitantes de toda la isla. Seg\u00fan Noelia S\u00e1nchez \u201cSe trata de un despilfarro de dinero\np\u00fablico que podr\u00eda ahorrarse si se invierte en favorecer&nbsp; a la guagua y que podr\u00eda destinarse a otras\nnecesidades sociales como la sanidad, la educaci\u00f3n, los servicios sociales y la\npromoci\u00f3n de la econom\u00eda realmente productiva\u201d.<\/p>\n","protected":false},"excerpt":{"rendered":"<p>Rechazan la tangencial de Telde y denuncian la hipocres\u00eda del Cabildo de Gran Canaria y del Gobierno de Canarias con respecto a sus pol\u00edticas de adaptaci\u00f3n a la emergencia clim\u00e1tica La Federaci\u00f3n Ben Magec \u2013 Ecologistas en Acci\u00f3n manifiesta su repulsa al acuerdo del Cabildo de Gran Canaria y el Gobierno de Canarias de impulsar [&hellip;]<\/p>\n","protected":false},"author":2,"featured_media":0,"comment_status":"open","ping_status":"open","sticky":false,"template":"","format":"standard","meta":{"footnotes":""},"categories":[6,8,9,17,19,41,43,69,46,49,53,58,60,63,65],"tags":[],"class_list":["post-15080","post","type-post","status-publish","format-standard","hentry","category-actividades-turcon","category-administracion-publica","category-agricultura-y-ganaderia","category-cambio-climatico","category-carreteras","category-gran-canaria","category-infraestructuras","category-movimiento-ciudadano","category-notas-de-prensa-de-turcon","category-patrimonio-historico","category-recomendamos-para-leer","category-sociedad-y-derechos","category-telde-gran-canaria","category-transporte","category-urbanismo"],"yoast_head":"<!-- This site is optimized with the Yoast SEO plugin v26.3 - https:\/\/yoast.com\/wordpress\/plugins\/seo\/ -->\n<title>Rechazo a la tangencial de Telde - Colectivo Ecologista Turcon<\/title>\n<meta name=\"robots\" content=\"index, follow, max-snippet:-1, max-image-preview:large, max-video-preview:-1\" \/>\n<link rel=\"canonical\" href=\"https:\/\/turcon.es\/wp\/rechazo-a-la-tangencial-de-telde-2\/\" \/>\n<meta property=\"og:locale\" content=\"es_ES\" \/>\n<meta property=\"og:type\" content=\"article\" \/>\n<meta property=\"og:title\" content=\"Rechazo a la tangencial de Telde - Colectivo Ecologista Turcon\" \/>\n<meta property=\"og:description\" content=\"Rechazan la tangencial de Telde y denuncian la hipocres\u00eda del Cabildo de Gran Canaria y del Gobierno de Canarias con respecto a sus pol\u00edticas de adaptaci\u00f3n a la emergencia clim\u00e1tica La Federaci\u00f3n Ben Magec \u2013 Ecologistas en Acci\u00f3n manifiesta su repulsa al acuerdo del Cabildo de Gran Canaria y el Gobierno de Canarias de impulsar [&hellip;]\" \/>\n<meta property=\"og:url\" content=\"https:\/\/turcon.es\/wp\/rechazo-a-la-tangencial-de-telde-2\/\" \/>\n<meta property=\"og:site_name\" content=\"Colectivo Ecologista Turcon\" \/>\n<meta property=\"article:published_time\" content=\"2019-10-12T04:02:10+00:00\" \/>\n<meta property=\"og:image\" content=\"https:\/\/www.teldeactualidad.com\/userfiles\/politica\/2019\/10\/24343\/protestatangencialtelde%202%20Medium.jpg\" \/>\n<meta name=\"author\" content=\"Laura Fernandez\" \/>\n<meta name=\"twitter:card\" content=\"summary_large_image\" \/>\n<meta name=\"twitter:label1\" content=\"Escrito por\" \/>\n\t<meta name=\"twitter:data1\" content=\"Laura Fernandez\" \/>\n\t<meta name=\"twitter:label2\" content=\"Tiempo de lectura\" \/>\n\t<meta name=\"twitter:data2\" content=\"3 minutos\" \/>\n<script type=\"application\/ld+json\" class=\"yoast-schema-graph\">{\"@context\":\"https:\/\/schema.org\",\"@graph\":[{\"@type\":\"Article\",\"@id\":\"https:\/\/turcon.es\/wp\/rechazo-a-la-tangencial-de-telde-2\/#article\",\"isPartOf\":{\"@id\":\"https:\/\/turcon.es\/wp\/rechazo-a-la-tangencial-de-telde-2\/\"},\"author\":{\"name\":\"Laura Fernandez\",\"@id\":\"https:\/\/turcon.es\/wp\/#\/schema\/person\/a1f3ba727ce031d9da17684affe85edd\"},\"headline\":\"Rechazo a la tangencial de Telde\",\"datePublished\":\"2019-10-12T04:02:10+00:00\",\"mainEntityOfPage\":{\"@id\":\"https:\/\/turcon.es\/wp\/rechazo-a-la-tangencial-de-telde-2\/\"},\"wordCount\":655,\"commentCount\":0,\"publisher\":{\"@id\":\"https:\/\/turcon.es\/wp\/#organization\"},\"image\":{\"@id\":\"https:\/\/turcon.es\/wp\/rechazo-a-la-tangencial-de-telde-2\/#primaryimage\"},\"thumbnailUrl\":\"https:\/\/www.teldeactualidad.com\/userfiles\/politica\/2019\/10\/24343\/protestatangencialtelde%202%20Medium.jpg\",\"articleSection\":[\"#Actividades Turc\u00f3n#\",\"Administraci\u00f3n p\u00fablica\",\"Agricultura y ganader\u00eda\",\"Cambio clim\u00e1tico\",\"Carreteras\",\"Gran Canaria\",\"Infraestructuras\",\"Movimiento ciudadano\",\"Notas de prensa de Turc\u00f3n\",\"Patrimonio hist\u00f3rico\",\"Recomendamos para leer\",\"Sociedad y derechos\",\"Telde (Gran Canaria)\",\"Transporte\",\"Urbanismo\"],\"inLanguage\":\"es\",\"potentialAction\":[{\"@type\":\"CommentAction\",\"name\":\"Comment\",\"target\":[\"https:\/\/turcon.es\/wp\/rechazo-a-la-tangencial-de-telde-2\/#respond\"]}]},{\"@type\":\"WebPage\",\"@id\":\"https:\/\/turcon.es\/wp\/rechazo-a-la-tangencial-de-telde-2\/\",\"url\":\"https:\/\/turcon.es\/wp\/rechazo-a-la-tangencial-de-telde-2\/\",\"name\":\"Rechazo a la tangencial de Telde - Colectivo Ecologista Turcon\",\"isPartOf\":{\"@id\":\"https:\/\/turcon.es\/wp\/#website\"},\"primaryImageOfPage\":{\"@id\":\"https:\/\/turcon.es\/wp\/rechazo-a-la-tangencial-de-telde-2\/#primaryimage\"},\"image\":{\"@id\":\"https:\/\/turcon.es\/wp\/rechazo-a-la-tangencial-de-telde-2\/#primaryimage\"},\"thumbnailUrl\":\"https:\/\/www.teldeactualidad.com\/userfiles\/politica\/2019\/10\/24343\/protestatangencialtelde%202%20Medium.jpg\",\"datePublished\":\"2019-10-12T04:02:10+00:00\",\"breadcrumb\":{\"@id\":\"https:\/\/turcon.es\/wp\/rechazo-a-la-tangencial-de-telde-2\/#breadcrumb\"},\"inLanguage\":\"es\",\"potentialAction\":[{\"@type\":\"ReadAction\",\"target\":[\"https:\/\/turcon.es\/wp\/rechazo-a-la-tangencial-de-telde-2\/\"]}]},{\"@type\":\"ImageObject\",\"inLanguage\":\"es\",\"@id\":\"https:\/\/turcon.es\/wp\/rechazo-a-la-tangencial-de-telde-2\/#primaryimage\",\"url\":\"https:\/\/www.teldeactualidad.com\/userfiles\/politica\/2019\/10\/24343\/protestatangencialtelde%202%20Medium.jpg\",\"contentUrl\":\"https:\/\/www.teldeactualidad.com\/userfiles\/politica\/2019\/10\/24343\/protestatangencialtelde%202%20Medium.jpg\"},{\"@type\":\"BreadcrumbList\",\"@id\":\"https:\/\/turcon.es\/wp\/rechazo-a-la-tangencial-de-telde-2\/#breadcrumb\",\"itemListElement\":[{\"@type\":\"ListItem\",\"position\":1,\"name\":\"Portada\",\"item\":\"https:\/\/turcon.es\/wp\/\"},{\"@type\":\"ListItem\",\"position\":2,\"name\":\"Rechazo a la tangencial de Telde\"}]},{\"@type\":\"WebSite\",\"@id\":\"https:\/\/turcon.es\/wp\/#website\",\"url\":\"https:\/\/turcon.es\/wp\/\",\"name\":\"Colectivo Ecologista Turcon\",\"description\":\"\",\"publisher\":{\"@id\":\"https:\/\/turcon.es\/wp\/#organization\"},\"potentialAction\":[{\"@type\":\"SearchAction\",\"target\":{\"@type\":\"EntryPoint\",\"urlTemplate\":\"https:\/\/turcon.es\/wp\/?s={search_term_string}\"},\"query-input\":{\"@type\":\"PropertyValueSpecification\",\"valueRequired\":true,\"valueName\":\"search_term_string\"}}],\"inLanguage\":\"es\"},{\"@type\":\"Organization\",\"@id\":\"https:\/\/turcon.es\/wp\/#organization\",\"name\":\"Colectivo Ecologista Turcon\",\"url\":\"https:\/\/turcon.es\/wp\/\",\"logo\":{\"@type\":\"ImageObject\",\"inLanguage\":\"es\",\"@id\":\"https:\/\/turcon.es\/wp\/#\/schema\/logo\/image\/\",\"url\":\"https:\/\/turcon.es\/wp\/wp-content\/uploads\/2025\/03\/logo-verde.svg\",\"contentUrl\":\"https:\/\/turcon.es\/wp\/wp-content\/uploads\/2025\/03\/logo-verde.svg\",\"width\":813,\"height\":813,\"caption\":\"Colectivo Ecologista Turcon\"},\"image\":{\"@id\":\"https:\/\/turcon.es\/wp\/#\/schema\/logo\/image\/\"}},{\"@type\":\"Person\",\"@id\":\"https:\/\/turcon.es\/wp\/#\/schema\/person\/a1f3ba727ce031d9da17684affe85edd\",\"name\":\"Laura Fernandez\",\"image\":{\"@type\":\"ImageObject\",\"inLanguage\":\"es\",\"@id\":\"https:\/\/turcon.es\/wp\/#\/schema\/person\/image\/\",\"url\":\"https:\/\/secure.gravatar.com\/avatar\/360749af9549af22e54582d50231ae56e854210ae2368797ba242f445a9852e8?s=96&d=mm&r=g\",\"contentUrl\":\"https:\/\/secure.gravatar.com\/avatar\/360749af9549af22e54582d50231ae56e854210ae2368797ba242f445a9852e8?s=96&d=mm&r=g\",\"caption\":\"Laura Fernandez\"},\"url\":\"https:\/\/turcon.es\/wp\/author\/admturcon\/\"}]}<\/script>\n<!-- \/ Yoast SEO plugin. -->","yoast_head_json":{"title":"Rechazo a la tangencial de Telde - Colectivo Ecologista Turcon","robots":{"index":"index","follow":"follow","max-snippet":"max-snippet:-1","max-image-preview":"max-image-preview:large","max-video-preview":"max-video-preview:-1"},"canonical":"https:\/\/turcon.es\/wp\/rechazo-a-la-tangencial-de-telde-2\/","og_locale":"es_ES","og_type":"article","og_title":"Rechazo a la tangencial de Telde - Colectivo Ecologista Turcon","og_description":"Rechazan la tangencial de Telde y denuncian la hipocres\u00eda del Cabildo de Gran Canaria y del Gobierno de Canarias con respecto a sus pol\u00edticas de adaptaci\u00f3n a la emergencia clim\u00e1tica La Federaci\u00f3n Ben Magec \u2013 Ecologistas en Acci\u00f3n manifiesta su repulsa al acuerdo del Cabildo de Gran Canaria y el Gobierno de Canarias de impulsar [&hellip;]","og_url":"https:\/\/turcon.es\/wp\/rechazo-a-la-tangencial-de-telde-2\/","og_site_name":"Colectivo Ecologista Turcon","article_published_time":"2019-10-12T04:02:10+00:00","og_image":[{"url":"https:\/\/www.teldeactualidad.com\/userfiles\/politica\/2019\/10\/24343\/protestatangencialtelde%202%20Medium.jpg","type":"","width":"","height":""}],"author":"Laura Fernandez","twitter_card":"summary_large_image","twitter_misc":{"Escrito por":"Laura Fernandez","Tiempo de lectura":"3 minutos"},"schema":{"@context":"https:\/\/schema.org","@graph":[{"@type":"Article","@id":"https:\/\/turcon.es\/wp\/rechazo-a-la-tangencial-de-telde-2\/#article","isPartOf":{"@id":"https:\/\/turcon.es\/wp\/rechazo-a-la-tangencial-de-telde-2\/"},"author":{"name":"Laura Fernandez","@id":"https:\/\/turcon.es\/wp\/#\/schema\/person\/a1f3ba727ce031d9da17684affe85edd"},"headline":"Rechazo a la tangencial de Telde","datePublished":"2019-10-12T04:02:10+00:00","mainEntityOfPage":{"@id":"https:\/\/turcon.es\/wp\/rechazo-a-la-tangencial-de-telde-2\/"},"wordCount":655,"commentCount":0,"publisher":{"@id":"https:\/\/turcon.es\/wp\/#organization"},"image":{"@id":"https:\/\/turcon.es\/wp\/rechazo-a-la-tangencial-de-telde-2\/#primaryimage"},"thumbnailUrl":"https:\/\/www.teldeactualidad.com\/userfiles\/politica\/2019\/10\/24343\/protestatangencialtelde%202%20Medium.jpg","articleSection":["#Actividades Turc\u00f3n#","Administraci\u00f3n p\u00fablica","Agricultura y ganader\u00eda","Cambio clim\u00e1tico","Carreteras","Gran Canaria","Infraestructuras","Movimiento ciudadano","Notas de prensa de Turc\u00f3n","Patrimonio hist\u00f3rico","Recomendamos para leer","Sociedad y derechos","Telde (Gran Canaria)","Transporte","Urbanismo"],"inLanguage":"es","potentialAction":[{"@type":"CommentAction","name":"Comment","target":["https:\/\/turcon.es\/wp\/rechazo-a-la-tangencial-de-telde-2\/#respond"]}]},{"@type":"WebPage","@id":"https:\/\/turcon.es\/wp\/rechazo-a-la-tangencial-de-telde-2\/","url":"https:\/\/turcon.es\/wp\/rechazo-a-la-tangencial-de-telde-2\/","name":"Rechazo a la tangencial de Telde - Colectivo Ecologista Turcon","isPartOf":{"@id":"https:\/\/turcon.es\/wp\/#website"},"primaryImageOfPage":{"@id":"https:\/\/turcon.es\/wp\/rechazo-a-la-tangencial-de-telde-2\/#primaryimage"},"image":{"@id":"https:\/\/turcon.es\/wp\/rechazo-a-la-tangencial-de-telde-2\/#primaryimage"},"thumbnailUrl":"https:\/\/www.teldeactualidad.com\/userfiles\/politica\/2019\/10\/24343\/protestatangencialtelde%202%20Medium.jpg","datePublished":"2019-10-12T04:02:10+00:00","breadcrumb":{"@id":"https:\/\/turcon.es\/wp\/rechazo-a-la-tangencial-de-telde-2\/#breadcrumb"},"inLanguage":"es","potentialAction":[{"@type":"ReadAction","target":["https:\/\/turcon.es\/wp\/rechazo-a-la-tangencial-de-telde-2\/"]}]},{"@type":"ImageObject","inLanguage":"es","@id":"https:\/\/turcon.es\/wp\/rechazo-a-la-tangencial-de-telde-2\/#primaryimage","url":"https:\/\/www.teldeactualidad.com\/userfiles\/politica\/2019\/10\/24343\/protestatangencialtelde%202%20Medium.jpg","contentUrl":"https:\/\/www.teldeactualidad.com\/userfiles\/politica\/2019\/10\/24343\/protestatangencialtelde%202%20Medium.jpg"},{"@type":"BreadcrumbList","@id":"https:\/\/turcon.es\/wp\/rechazo-a-la-tangencial-de-telde-2\/#breadcrumb","itemListElement":[{"@type":"ListItem","position":1,"name":"Portada","item":"https:\/\/turcon.es\/wp\/"},{"@type":"ListItem","position":2,"name":"Rechazo a la tangencial de Telde"}]},{"@type":"WebSite","@id":"https:\/\/turcon.es\/wp\/#website","url":"https:\/\/turcon.es\/wp\/","name":"Colectivo Ecologista Turcon","description":"","publisher":{"@id":"https:\/\/turcon.es\/wp\/#organization"},"potentialAction":[{"@type":"SearchAction","target":{"@type":"EntryPoint","urlTemplate":"https:\/\/turcon.es\/wp\/?s={search_term_string}"},"query-input":{"@type":"PropertyValueSpecification","valueRequired":true,"valueName":"search_term_string"}}],"inLanguage":"es"},{"@type":"Organization","@id":"https:\/\/turcon.es\/wp\/#organization","name":"Colectivo Ecologista Turcon","url":"https:\/\/turcon.es\/wp\/","logo":{"@type":"ImageObject","inLanguage":"es","@id":"https:\/\/turcon.es\/wp\/#\/schema\/logo\/image\/","url":"https:\/\/turcon.es\/wp\/wp-content\/uploads\/2025\/03\/logo-verde.svg","contentUrl":"https:\/\/turcon.es\/wp\/wp-content\/uploads\/2025\/03\/logo-verde.svg","width":813,"height":813,"caption":"Colectivo Ecologista Turcon"},"image":{"@id":"https:\/\/turcon.es\/wp\/#\/schema\/logo\/image\/"}},{"@type":"Person","@id":"https:\/\/turcon.es\/wp\/#\/schema\/person\/a1f3ba727ce031d9da17684affe85edd","name":"Laura Fernandez","image":{"@type":"ImageObject","inLanguage":"es","@id":"https:\/\/turcon.es\/wp\/#\/schema\/person\/image\/","url":"https:\/\/secure.gravatar.com\/avatar\/360749af9549af22e54582d50231ae56e854210ae2368797ba242f445a9852e8?s=96&d=mm&r=g","contentUrl":"https:\/\/secure.gravatar.com\/avatar\/360749af9549af22e54582d50231ae56e854210ae2368797ba242f445a9852e8?s=96&d=mm&r=g","caption":"Laura Fernandez"},"url":"https:\/\/turcon.es\/wp\/author\/admturcon\/"}]}},"_links":{"self":[{"href":"https:\/\/turcon.es\/wp\/wp-json\/wp\/v2\/posts\/15080","targetHints":{"allow":["GET"]}}],"collection":[{"href":"https:\/\/turcon.es\/wp\/wp-json\/wp\/v2\/posts"}],"about":[{"href":"https:\/\/turcon.es\/wp\/wp-json\/wp\/v2\/types\/post"}],"author":[{"embeddable":true,"href":"https:\/\/turcon.es\/wp\/wp-json\/wp\/v2\/users\/2"}],"replies":[{"embeddable":true,"href":"https:\/\/turcon.es\/wp\/wp-json\/wp\/v2\/comments?post=15080"}],"version-history":[{"count":0,"href":"https:\/\/turcon.es\/wp\/wp-json\/wp\/v2\/posts\/15080\/revisions"}],"wp:attachment":[{"href":"https:\/\/turcon.es\/wp\/wp-json\/wp\/v2\/media?parent=15080"}],"wp:term":[{"taxonomy":"category","embeddable":true,"href":"https:\/\/turcon.es\/wp\/wp-json\/wp\/v2\/categories?post=15080"},{"taxonomy":"post_tag","embeddable":true,"href":"https:\/\/turcon.es\/wp\/wp-json\/wp\/v2\/tags?post=15080"}],"curies":[{"name":"wp","href":"https:\/\/api.w.org\/{rel}","templated":true}]}}